{"id":132660,"date":"2022-06-19T15:19:12","date_gmt":"2022-06-19T13:19:12","guid":{"rendered":"https:\/\/likemetkovic.hr\/?p=132660"},"modified":"2022-06-19T15:24:22","modified_gmt":"2022-06-19T13:24:22","slug":"najava-matija-cvek-marko-kutlic-prvi-put-u-metkovicu","status":"publish","type":"post","link":"https:\/\/likemetkovic.hr\/portal\/najava-matija-cvek-marko-kutlic-prvi-put-u-metkovicu\/","title":{"rendered":"NAJAVA! Matija Cvek &#038; Marko Kutli\u0107 prvi put u Metkovi\u0107u"},"content":{"rendered":"<p>U petak, 8. srpnja s po\u010detkom u 21 sat <strong>Matija Cvek &amp; Marko Kutli\u0107<\/strong> \u0107e odr\u017eati svoj prvi koncert u Metkovi\u0107u, na Ljetnoj sceni GKS-a.<\/p>\n<p>Ulaznica je 80 kuna i mo\u017ee se kupiti preko sustava <strong><a href=\"https:\/\/www.eventim.hr\/hr\/ulaznice\/marko-kutlic-i-matija-cvek-metkovic-gradsko-kulturno-srediste-586269\/event.html?ca=1\" target=\"_blank\" rel=\"noopener\">eventim.hr<\/a><\/strong>.<\/p>\n<div class=\"youtube-embed\" data-video_id=\"G4ElhAhZmqs\"><iframe title=\"Matija Cvek &amp; Marko Kutli\u0107 - Zaplesala je s ljetom (Official video)\" width=\"696\" height=\"392\" src=\"https:\/\/www.youtube.com\/embed\/G4ElhAhZmqs?feature=oembed&#038;enablejsapi=1\" frameborder=\"0\" allow=\"accelerometer; autoplay; clipboard-write; encrypted-media; gyroscope; picture-in-picture\" allowfullscreen><\/iframe><\/div>\n","protected":false},"excerpt":{"rendered":"<p>U petak, 8. srpnja s po\u010detkom u 21 sat Matija Cvek &amp; Marko Kutli\u0107 \u0107e odr\u017eati svoj prvi koncert u Metkovi\u0107u, na Ljetnoj sceni GKS-a. Ulaznica je 80 kuna i mo\u017ee se kupiti preko sustava eventim.hr.<\/p>\n","protected":false},"author":7,"featured_media":132661,"comment_status":"open","ping_status":"open","sticky":false,"template":"","format":"standard","meta":{"footnotes":""},"categories":[296,11],"tags":[10826,10825],"class_list":{"0":"post-132660","1":"post","2":"type-post","3":"status-publish","4":"format-standard","5":"has-post-thumbnail","7":"category-ab","8":"category-metkovic-dolina","9":"tag-marko-kutlic","10":"tag-matija-cvek"},"yoast_head":"<!-- This site is optimized with the Yoast SEO plugin v25.2 - https:\/\/yoast.com\/wordpress\/plugins\/seo\/ -->\n<title>NAJAVA! Matija Cvek &amp; Marko Kutli\u0107 prvi put u Metkovi\u0107u - likemetkovic.hr<\/title>\n<meta name=\"robots\" content=\"index, follow, max-snippet:-1, max-image-preview:large, max-video-preview:-1\" \/>\n<link rel=\"canonical\" href=\"https:\/\/likemetkovic.hr\/najava-matija-cvek-marko-kutlic-prvi-put-u-metkovicu\/\" \/>\n<meta property=\"og:locale\" content=\"hr_HR\" \/>\n<meta property=\"og:type\" content=\"article\" \/>\n<meta property=\"og:title\" content=\"NAJAVA! Matija Cvek &amp; Marko Kutli\u0107 prvi put u Metkovi\u0107u - likemetkovic.hr\" \/>\n<meta property=\"og:description\" content=\"U petak, 8. srpnja s po\u010detkom u 21 sat Matija Cvek &amp; Marko Kutli\u0107 \u0107e odr\u017eati svoj prvi koncert u Metkovi\u0107u, na Ljetnoj sceni GKS-a. Ulaznica je 80 kuna i mo\u017ee se kupiti preko sustava eventim.hr.\" \/>\n<meta property=\"og:url\" content=\"https:\/\/likemetkovic.hr\/najava-matija-cvek-marko-kutlic-prvi-put-u-metkovicu\/\" \/>\n<meta property=\"og:site_name\" content=\"likemetkovic.hr\" \/>\n<meta property=\"article:publisher\" content=\"https:\/\/www.facebook.com\/likemetkovic.hr\/\" \/>\n<meta property=\"article:published_time\" content=\"2022-06-19T13:19:12+00:00\" \/>\n<meta property=\"article:modified_time\" content=\"2022-06-19T13:24:22+00:00\" \/>\n<meta property=\"og:image\" content=\"https:\/\/likemetkovic.hr\/wp-content\/uploads\/2022\/06\/matija-cvek-marko-kutlic.jpg\" \/>\n\t<meta property=\"og:image:width\" content=\"960\" \/>\n\t<meta property=\"og:image:height\" content=\"503\" \/>\n\t<meta property=\"og:image:type\" content=\"image\/jpeg\" \/>\n<meta name=\"author\" content=\"LIKEmetkovic.hr\" \/>\n<meta name=\"twitter:card\" content=\"summary_large_image\" \/>\n<meta name=\"twitter:label1\" content=\"Napisao\/la\" \/>\n\t<meta name=\"twitter:data1\" content=\"LIKEmetkovic.hr\" \/>\n\t<meta name=\"twitter:label2\" content=\"Procijenjeno vrijeme \u010ditanja\" \/>\n\t<meta name=\"twitter:data2\" content=\"1 minuta\" \/>\n<script type=\"application\/ld+json\" class=\"yoast-schema-graph\">{\"@context\":\"https:\/\/schema.org\",\"@graph\":[{\"@type\":\"WebPage\",\"@id\":\"https:\/\/likemetkovic.hr\/najava-matija-cvek-marko-kutlic-prvi-put-u-metkovicu\/\",\"url\":\"https:\/\/likemetkovic.hr\/najava-matija-cvek-marko-kutlic-prvi-put-u-metkovicu\/\",\"name\":\"NAJAVA! Matija Cvek & Marko Kutli\u0107 prvi put u Metkovi\u0107u - likemetkovic.hr\",\"isPartOf\":{\"@id\":\"https:\/\/likemetkovic.hr\/#website\"},\"primaryImageOfPage\":{\"@id\":\"https:\/\/likemetkovic.hr\/najava-matija-cvek-marko-kutlic-prvi-put-u-metkovicu\/#primaryimage\"},\"image\":{\"@id\":\"https:\/\/likemetkovic.hr\/najava-matija-cvek-marko-kutlic-prvi-put-u-metkovicu\/#primaryimage\"},\"thumbnailUrl\":\"https:\/\/likemetkovic.hr\/portal\/wp-content\/uploads\/2022\/06\/matija-cvek-marko-kutlic.jpg\",\"datePublished\":\"2022-06-19T13:19:12+00:00\",\"dateModified\":\"2022-06-19T13:24:22+00:00\",\"author\":{\"@id\":\"https:\/\/likemetkovic.hr\/#\/schema\/person\/a42711f3385a0e2be6f7e0443bfb28f0\"},\"breadcrumb\":{\"@id\":\"https:\/\/likemetkovic.hr\/najava-matija-cvek-marko-kutlic-prvi-put-u-metkovicu\/#breadcrumb\"},\"inLanguage\":\"hr\",\"potentialAction\":[{\"@type\":\"ReadAction\",\"target\":[\"https:\/\/likemetkovic.hr\/najava-matija-cvek-marko-kutlic-prvi-put-u-metkovicu\/\"]}]},{\"@type\":\"ImageObject\",\"inLanguage\":\"hr\",\"@id\":\"https:\/\/likemetkovic.hr\/najava-matija-cvek-marko-kutlic-prvi-put-u-metkovicu\/#primaryimage\",\"url\":\"https:\/\/likemetkovic.hr\/portal\/wp-content\/uploads\/2022\/06\/matija-cvek-marko-kutlic.jpg\",\"contentUrl\":\"https:\/\/likemetkovic.hr\/portal\/wp-content\/uploads\/2022\/06\/matija-cvek-marko-kutlic.jpg\",\"width\":960,\"height\":503},{\"@type\":\"BreadcrumbList\",\"@id\":\"https:\/\/likemetkovic.hr\/najava-matija-cvek-marko-kutlic-prvi-put-u-metkovicu\/#breadcrumb\",\"itemListElement\":[{\"@type\":\"ListItem\",\"position\":1,\"name\":\"Po\u010detna stranica\",\"item\":\"https:\/\/likemetkovic.hr\/portal\/\"},{\"@type\":\"ListItem\",\"position\":2,\"name\":\"NAJAVA! Matija Cvek &#038; Marko Kutli\u0107 prvi put u Metkovi\u0107u\"}]},{\"@type\":\"WebSite\",\"@id\":\"https:\/\/likemetkovic.hr\/#website\",\"url\":\"https:\/\/likemetkovic.hr\/\",\"name\":\"likemetkovic.hr\",\"description\":\"Misli pozitivno... \u010ditaj LIKE\",\"potentialAction\":[{\"@type\":\"SearchAction\",\"target\":{\"@type\":\"EntryPoint\",\"urlTemplate\":\"https:\/\/likemetkovic.hr\/?s={search_term_string}\"},\"query-input\":{\"@type\":\"PropertyValueSpecification\",\"valueRequired\":true,\"valueName\":\"search_term_string\"}}],\"inLanguage\":\"hr\"},{\"@type\":\"Person\",\"@id\":\"https:\/\/likemetkovic.hr\/#\/schema\/person\/a42711f3385a0e2be6f7e0443bfb28f0\",\"name\":\"LIKEmetkovic.hr\",\"sameAs\":[\"http:\/\/likemetkovic.hr\"],\"url\":\"https:\/\/likemetkovic.hr\/portal\/author\/likemetkovic-hr\/\"}]}<\/script>\n<!-- \/ Yoast SEO plugin. -->","yoast_head_json":{"title":"NAJAVA! Matija Cvek & Marko Kutli\u0107 prvi put u Metkovi\u0107u - likemetkovic.hr","robots":{"index":"index","follow":"follow","max-snippet":"max-snippet:-1","max-image-preview":"max-image-preview:large","max-video-preview":"max-video-preview:-1"},"canonical":"https:\/\/likemetkovic.hr\/najava-matija-cvek-marko-kutlic-prvi-put-u-metkovicu\/","og_locale":"hr_HR","og_type":"article","og_title":"NAJAVA! Matija Cvek & Marko Kutli\u0107 prvi put u Metkovi\u0107u - likemetkovic.hr","og_description":"U petak, 8. srpnja s po\u010detkom u 21 sat Matija Cvek &amp; Marko Kutli\u0107 \u0107e odr\u017eati svoj prvi koncert u Metkovi\u0107u, na Ljetnoj sceni GKS-a. Ulaznica je 80 kuna i mo\u017ee se kupiti preko sustava eventim.hr.","og_url":"https:\/\/likemetkovic.hr\/najava-matija-cvek-marko-kutlic-prvi-put-u-metkovicu\/","og_site_name":"likemetkovic.hr","article_publisher":"https:\/\/www.facebook.com\/likemetkovic.hr\/","article_published_time":"2022-06-19T13:19:12+00:00","article_modified_time":"2022-06-19T13:24:22+00:00","og_image":[{"width":960,"height":503,"url":"https:\/\/likemetkovic.hr\/wp-content\/uploads\/2022\/06\/matija-cvek-marko-kutlic.jpg","type":"image\/jpeg"}],"author":"LIKEmetkovic.hr","twitter_card":"summary_large_image","twitter_misc":{"Napisao\/la":"LIKEmetkovic.hr","Procijenjeno vrijeme \u010ditanja":"1 minuta"},"schema":{"@context":"https:\/\/schema.org","@graph":[{"@type":"WebPage","@id":"https:\/\/likemetkovic.hr\/najava-matija-cvek-marko-kutlic-prvi-put-u-metkovicu\/","url":"https:\/\/likemetkovic.hr\/najava-matija-cvek-marko-kutlic-prvi-put-u-metkovicu\/","name":"NAJAVA! Matija Cvek & Marko Kutli\u0107 prvi put u Metkovi\u0107u - likemetkovic.hr","isPartOf":{"@id":"https:\/\/likemetkovic.hr\/#website"},"primaryImageOfPage":{"@id":"https:\/\/likemetkovic.hr\/najava-matija-cvek-marko-kutlic-prvi-put-u-metkovicu\/#primaryimage"},"image":{"@id":"https:\/\/likemetkovic.hr\/najava-matija-cvek-marko-kutlic-prvi-put-u-metkovicu\/#primaryimage"},"thumbnailUrl":"https:\/\/likemetkovic.hr\/portal\/wp-content\/uploads\/2022\/06\/matija-cvek-marko-kutlic.jpg","datePublished":"2022-06-19T13:19:12+00:00","dateModified":"2022-06-19T13:24:22+00:00","author":{"@id":"https:\/\/likemetkovic.hr\/#\/schema\/person\/a42711f3385a0e2be6f7e0443bfb28f0"},"breadcrumb":{"@id":"https:\/\/likemetkovic.hr\/najava-matija-cvek-marko-kutlic-prvi-put-u-metkovicu\/#breadcrumb"},"inLanguage":"hr","potentialAction":[{"@type":"ReadAction","target":["https:\/\/likemetkovic.hr\/najava-matija-cvek-marko-kutlic-prvi-put-u-metkovicu\/"]}]},{"@type":"ImageObject","inLanguage":"hr","@id":"https:\/\/likemetkovic.hr\/najava-matija-cvek-marko-kutlic-prvi-put-u-metkovicu\/#primaryimage","url":"https:\/\/likemetkovic.hr\/portal\/wp-content\/uploads\/2022\/06\/matija-cvek-marko-kutlic.jpg","contentUrl":"https:\/\/likemetkovic.hr\/portal\/wp-content\/uploads\/2022\/06\/matija-cvek-marko-kutlic.jpg","width":960,"height":503},{"@type":"BreadcrumbList","@id":"https:\/\/likemetkovic.hr\/najava-matija-cvek-marko-kutlic-prvi-put-u-metkovicu\/#breadcrumb","itemListElement":[{"@type":"ListItem","position":1,"name":"Po\u010detna stranica","item":"https:\/\/likemetkovic.hr\/portal\/"},{"@type":"ListItem","position":2,"name":"NAJAVA! Matija Cvek &#038; Marko Kutli\u0107 prvi put u Metkovi\u0107u"}]},{"@type":"WebSite","@id":"https:\/\/likemetkovic.hr\/#website","url":"https:\/\/likemetkovic.hr\/","name":"likemetkovic.hr","description":"Misli pozitivno... \u010ditaj LIKE","potentialAction":[{"@type":"SearchAction","target":{"@type":"EntryPoint","urlTemplate":"https:\/\/likemetkovic.hr\/?s={search_term_string}"},"query-input":{"@type":"PropertyValueSpecification","valueRequired":true,"valueName":"search_term_string"}}],"inLanguage":"hr"},{"@type":"Person","@id":"https:\/\/likemetkovic.hr\/#\/schema\/person\/a42711f3385a0e2be6f7e0443bfb28f0","name":"LIKEmetkovic.hr","sameAs":["http:\/\/likemetkovic.hr"],"url":"https:\/\/likemetkovic.hr\/portal\/author\/likemetkovic-hr\/"}]}},"_links":{"self":[{"href":"https:\/\/likemetkovic.hr\/portal\/wp-json\/wp\/v2\/posts\/132660","targetHints":{"allow":["GET"]}}],"collection":[{"href":"https:\/\/likemetkovic.hr\/portal\/wp-json\/wp\/v2\/posts"}],"about":[{"href":"https:\/\/likemetkovic.hr\/portal\/wp-json\/wp\/v2\/types\/post"}],"author":[{"embeddable":true,"href":"https:\/\/likemetkovic.hr\/portal\/wp-json\/wp\/v2\/users\/7"}],"replies":[{"embeddable":true,"href":"https:\/\/likemetkovic.hr\/portal\/wp-json\/wp\/v2\/comments?post=132660"}],"version-history":[{"count":3,"href":"https:\/\/likemetkovic.hr\/portal\/wp-json\/wp\/v2\/posts\/132660\/revisions"}],"predecessor-version":[{"id":132664,"href":"https:\/\/likemetkovic.hr\/portal\/wp-json\/wp\/v2\/posts\/132660\/revisions\/132664"}],"wp:featuredmedia":[{"embeddable":true,"href":"https:\/\/likemetkovic.hr\/portal\/wp-json\/wp\/v2\/media\/132661"}],"wp:attachment":[{"href":"https:\/\/likemetkovic.hr\/portal\/wp-json\/wp\/v2\/media?parent=132660"}],"wp:term":[{"taxonomy":"category","embeddable":true,"href":"https:\/\/likemetkovic.hr\/portal\/wp-json\/wp\/v2\/categories?post=132660"},{"taxonomy":"post_tag","embeddable":true,"href":"https:\/\/likemetkovic.hr\/portal\/wp-json\/wp\/v2\/tags?post=132660"}],"curies":[{"name":"wp","href":"https:\/\/api.w.org\/{rel}","templated":true}]}}