{"id":132737,"date":"2022-06-21T15:25:47","date_gmt":"2022-06-21T13:25:47","guid":{"rendered":"https:\/\/likemetkovic.hr\/?p=132737"},"modified":"2022-06-21T15:28:26","modified_gmt":"2022-06-21T13:28:26","slug":"evo-tko-su-ovogodisnji-dobitnici-nagrada-i-priznanja-grada-metkovica","status":"publish","type":"post","link":"https:\/\/likemetkovic.hr\/portal\/evo-tko-su-ovogodisnji-dobitnici-nagrada-i-priznanja-grada-metkovica\/","title":{"rendered":"Evo tko su ovogodi\u0161nji dobitnici nagrada i priznanja Grada Metkovi\u0107a"},"content":{"rendered":"<p>Gradsko vije\u0107e je na dana\u0161njoj sjednici donijelo odluku o ovogodi\u0161njim dobitnicima javnih priznanja Grada Metkovi\u0107a koja se dodjeljuju povodom Dana Grada i blagdana sv. Ilije.<\/p>\n<p>Ovogodi\u0161nji laureati su:<\/p>\n<ul>\n<li>Zdenka Dra\u017eenovi\u0107, posmrtno \u2013 Nagrada Grada Metkovi\u0107a za \u017eivotno djelo<\/li>\n<li>Tomislav Veraja \u2013 Nagrada Grada Metkovi\u0107a za \u017eivotno djelo<\/li>\n<li>Markica Vuica \u2013 Nagrada Grada Metkovi\u0107a \u2018Sv. Ilija\u2019 u podru\u010dju ekologije i turizma<\/li>\n<li>Gorki Dumani\u0107 \u2013 Nagrada Grada Metkovi\u0107a \u2018Narona\u2019 u podru\u010dju kulture<\/li>\n<li>Dubravka \u0160e\u0161elj \u2013 Nagrada Grada Metkovi\u0107a \u2018Narona\u2019 u podru\u010dju kulture<\/li>\n<li>\u017deljko Medi\u0107 \u2013 Nagrada Grada Metkovi\u0107a \u2018Narona\u2019 u podru\u010dju obrazovanja<\/li>\n<li>\u017denski rukometni klub Metkovi\u0107 \u2013 Nagrada Grada Metkovi\u0107a \u2018\u017ddral\u2019 u podru\u010dju sporta<\/li>\n<\/ul>\n","protected":false},"excerpt":{"rendered":"<p>Gradsko vije\u0107e je na dana\u0161njoj sjednici donijelo odluku o ovogodi\u0161njim dobitnicima javnih priznanja Grada Metkovi\u0107a koja se dodjeljuju povodom Dana Grada i blagdana sv. Ilije. Ovogodi\u0161nji laureati su: Zdenka Dra\u017eenovi\u0107, posmrtno \u2013 Nagrada Grada Metkovi\u0107a za \u017eivotno djelo Tomislav Veraja \u2013 Nagrada Grada Metkovi\u0107a za \u017eivotno djelo Markica Vuica \u2013 Nagrada Grada Metkovi\u0107a \u2018Sv. Ilija\u2019 [&hellip;]<\/p>\n","protected":false},"author":7,"featured_media":120313,"comment_status":"open","ping_status":"open","sticky":false,"template":"","format":"standard","meta":{"footnotes":""},"categories":[283,11],"tags":[10648,10831],"class_list":{"0":"post-132737","1":"post","2":"type-post","3":"status-publish","4":"format-standard","5":"has-post-thumbnail","7":"category-a","8":"category-metkovic-dolina","9":"tag-laureati","10":"tag-nagrada-grada"},"yoast_head":"<!-- This site is optimized with the Yoast SEO plugin v25.2 - https:\/\/yoast.com\/wordpress\/plugins\/seo\/ -->\n<title>Evo tko su ovogodi\u0161nji dobitnici nagrada i priznanja Grada Metkovi\u0107a - likemetkovic.hr<\/title>\n<meta name=\"robots\" content=\"index, follow, max-snippet:-1, max-image-preview:large, max-video-preview:-1\" \/>\n<link rel=\"canonical\" href=\"https:\/\/likemetkovic.hr\/evo-tko-su-ovogodisnji-dobitnici-nagrada-i-priznanja-grada-metkovica\/\" \/>\n<meta property=\"og:locale\" content=\"hr_HR\" \/>\n<meta property=\"og:type\" content=\"article\" \/>\n<meta property=\"og:title\" content=\"Evo tko su ovogodi\u0161nji dobitnici nagrada i priznanja Grada Metkovi\u0107a - likemetkovic.hr\" \/>\n<meta property=\"og:description\" content=\"Gradsko vije\u0107e je na dana\u0161njoj sjednici donijelo odluku o ovogodi\u0161njim dobitnicima javnih priznanja Grada Metkovi\u0107a koja se dodjeljuju povodom Dana Grada i blagdana sv. Ilije. Ovogodi\u0161nji laureati su: Zdenka Dra\u017eenovi\u0107, posmrtno \u2013 Nagrada Grada Metkovi\u0107a za \u017eivotno djelo Tomislav Veraja \u2013 Nagrada Grada Metkovi\u0107a za \u017eivotno djelo Markica Vuica \u2013 Nagrada Grada Metkovi\u0107a \u2018Sv. Ilija\u2019 [&hellip;]\" \/>\n<meta property=\"og:url\" content=\"https:\/\/likemetkovic.hr\/evo-tko-su-ovogodisnji-dobitnici-nagrada-i-priznanja-grada-metkovica\/\" \/>\n<meta property=\"og:site_name\" content=\"likemetkovic.hr\" \/>\n<meta property=\"article:publisher\" content=\"https:\/\/www.facebook.com\/likemetkovic.hr\/\" \/>\n<meta property=\"article:published_time\" content=\"2022-06-21T13:25:47+00:00\" \/>\n<meta property=\"article:modified_time\" content=\"2022-06-21T13:28:26+00:00\" \/>\n<meta property=\"og:image\" content=\"https:\/\/likemetkovic.hr\/wp-content\/uploads\/2021\/07\/nagrada-grada-metkovica.jpg\" \/>\n\t<meta property=\"og:image:width\" content=\"800\" \/>\n\t<meta property=\"og:image:height\" content=\"533\" \/>\n\t<meta property=\"og:image:type\" content=\"image\/jpeg\" \/>\n<meta name=\"author\" content=\"LIKEmetkovic.hr\" \/>\n<meta name=\"twitter:card\" content=\"summary_large_image\" \/>\n<meta name=\"twitter:label1\" content=\"Napisao\/la\" \/>\n\t<meta name=\"twitter:data1\" content=\"LIKEmetkovic.hr\" \/>\n\t<meta name=\"twitter:label2\" content=\"Procijenjeno vrijeme \u010ditanja\" \/>\n\t<meta name=\"twitter:data2\" content=\"1 minuta\" \/>\n<script type=\"application\/ld+json\" class=\"yoast-schema-graph\">{\"@context\":\"https:\/\/schema.org\",\"@graph\":[{\"@type\":\"WebPage\",\"@id\":\"https:\/\/likemetkovic.hr\/evo-tko-su-ovogodisnji-dobitnici-nagrada-i-priznanja-grada-metkovica\/\",\"url\":\"https:\/\/likemetkovic.hr\/evo-tko-su-ovogodisnji-dobitnici-nagrada-i-priznanja-grada-metkovica\/\",\"name\":\"Evo tko su ovogodi\u0161nji dobitnici nagrada i priznanja Grada Metkovi\u0107a - likemetkovic.hr\",\"isPartOf\":{\"@id\":\"https:\/\/likemetkovic.hr\/#website\"},\"primaryImageOfPage\":{\"@id\":\"https:\/\/likemetkovic.hr\/evo-tko-su-ovogodisnji-dobitnici-nagrada-i-priznanja-grada-metkovica\/#primaryimage\"},\"image\":{\"@id\":\"https:\/\/likemetkovic.hr\/evo-tko-su-ovogodisnji-dobitnici-nagrada-i-priznanja-grada-metkovica\/#primaryimage\"},\"thumbnailUrl\":\"https:\/\/likemetkovic.hr\/portal\/wp-content\/uploads\/2021\/07\/nagrada-grada-metkovica.jpg\",\"datePublished\":\"2022-06-21T13:25:47+00:00\",\"dateModified\":\"2022-06-21T13:28:26+00:00\",\"author\":{\"@id\":\"https:\/\/likemetkovic.hr\/#\/schema\/person\/a42711f3385a0e2be6f7e0443bfb28f0\"},\"breadcrumb\":{\"@id\":\"https:\/\/likemetkovic.hr\/evo-tko-su-ovogodisnji-dobitnici-nagrada-i-priznanja-grada-metkovica\/#breadcrumb\"},\"inLanguage\":\"hr\",\"potentialAction\":[{\"@type\":\"ReadAction\",\"target\":[\"https:\/\/likemetkovic.hr\/evo-tko-su-ovogodisnji-dobitnici-nagrada-i-priznanja-grada-metkovica\/\"]}]},{\"@type\":\"ImageObject\",\"inLanguage\":\"hr\",\"@id\":\"https:\/\/likemetkovic.hr\/evo-tko-su-ovogodisnji-dobitnici-nagrada-i-priznanja-grada-metkovica\/#primaryimage\",\"url\":\"https:\/\/likemetkovic.hr\/portal\/wp-content\/uploads\/2021\/07\/nagrada-grada-metkovica.jpg\",\"contentUrl\":\"https:\/\/likemetkovic.hr\/portal\/wp-content\/uploads\/2021\/07\/nagrada-grada-metkovica.jpg\",\"width\":800,\"height\":533},{\"@type\":\"BreadcrumbList\",\"@id\":\"https:\/\/likemetkovic.hr\/evo-tko-su-ovogodisnji-dobitnici-nagrada-i-priznanja-grada-metkovica\/#breadcrumb\",\"itemListElement\":[{\"@type\":\"ListItem\",\"position\":1,\"name\":\"Po\u010detna stranica\",\"item\":\"https:\/\/likemetkovic.hr\/portal\/\"},{\"@type\":\"ListItem\",\"position\":2,\"name\":\"Evo tko su ovogodi\u0161nji dobitnici nagrada i priznanja Grada Metkovi\u0107a\"}]},{\"@type\":\"WebSite\",\"@id\":\"https:\/\/likemetkovic.hr\/#website\",\"url\":\"https:\/\/likemetkovic.hr\/\",\"name\":\"likemetkovic.hr\",\"description\":\"Misli pozitivno... \u010ditaj LIKE\",\"potentialAction\":[{\"@type\":\"SearchAction\",\"target\":{\"@type\":\"EntryPoint\",\"urlTemplate\":\"https:\/\/likemetkovic.hr\/?s={search_term_string}\"},\"query-input\":{\"@type\":\"PropertyValueSpecification\",\"valueRequired\":true,\"valueName\":\"search_term_string\"}}],\"inLanguage\":\"hr\"},{\"@type\":\"Person\",\"@id\":\"https:\/\/likemetkovic.hr\/#\/schema\/person\/a42711f3385a0e2be6f7e0443bfb28f0\",\"name\":\"LIKEmetkovic.hr\",\"sameAs\":[\"http:\/\/likemetkovic.hr\"],\"url\":\"https:\/\/likemetkovic.hr\/portal\/author\/likemetkovic-hr\/\"}]}<\/script>\n<!-- \/ Yoast SEO plugin. -->","yoast_head_json":{"title":"Evo tko su ovogodi\u0161nji dobitnici nagrada i priznanja Grada Metkovi\u0107a - likemetkovic.hr","robots":{"index":"index","follow":"follow","max-snippet":"max-snippet:-1","max-image-preview":"max-image-preview:large","max-video-preview":"max-video-preview:-1"},"canonical":"https:\/\/likemetkovic.hr\/evo-tko-su-ovogodisnji-dobitnici-nagrada-i-priznanja-grada-metkovica\/","og_locale":"hr_HR","og_type":"article","og_title":"Evo tko su ovogodi\u0161nji dobitnici nagrada i priznanja Grada Metkovi\u0107a - likemetkovic.hr","og_description":"Gradsko vije\u0107e je na dana\u0161njoj sjednici donijelo odluku o ovogodi\u0161njim dobitnicima javnih priznanja Grada Metkovi\u0107a koja se dodjeljuju povodom Dana Grada i blagdana sv. Ilije. Ovogodi\u0161nji laureati su: Zdenka Dra\u017eenovi\u0107, posmrtno \u2013 Nagrada Grada Metkovi\u0107a za \u017eivotno djelo Tomislav Veraja \u2013 Nagrada Grada Metkovi\u0107a za \u017eivotno djelo Markica Vuica \u2013 Nagrada Grada Metkovi\u0107a \u2018Sv. Ilija\u2019 [&hellip;]","og_url":"https:\/\/likemetkovic.hr\/evo-tko-su-ovogodisnji-dobitnici-nagrada-i-priznanja-grada-metkovica\/","og_site_name":"likemetkovic.hr","article_publisher":"https:\/\/www.facebook.com\/likemetkovic.hr\/","article_published_time":"2022-06-21T13:25:47+00:00","article_modified_time":"2022-06-21T13:28:26+00:00","og_image":[{"width":800,"height":533,"url":"https:\/\/likemetkovic.hr\/wp-content\/uploads\/2021\/07\/nagrada-grada-metkovica.jpg","type":"image\/jpeg"}],"author":"LIKEmetkovic.hr","twitter_card":"summary_large_image","twitter_misc":{"Napisao\/la":"LIKEmetkovic.hr","Procijenjeno vrijeme \u010ditanja":"1 minuta"},"schema":{"@context":"https:\/\/schema.org","@graph":[{"@type":"WebPage","@id":"https:\/\/likemetkovic.hr\/evo-tko-su-ovogodisnji-dobitnici-nagrada-i-priznanja-grada-metkovica\/","url":"https:\/\/likemetkovic.hr\/evo-tko-su-ovogodisnji-dobitnici-nagrada-i-priznanja-grada-metkovica\/","name":"Evo tko su ovogodi\u0161nji dobitnici nagrada i priznanja Grada Metkovi\u0107a - likemetkovic.hr","isPartOf":{"@id":"https:\/\/likemetkovic.hr\/#website"},"primaryImageOfPage":{"@id":"https:\/\/likemetkovic.hr\/evo-tko-su-ovogodisnji-dobitnici-nagrada-i-priznanja-grada-metkovica\/#primaryimage"},"image":{"@id":"https:\/\/likemetkovic.hr\/evo-tko-su-ovogodisnji-dobitnici-nagrada-i-priznanja-grada-metkovica\/#primaryimage"},"thumbnailUrl":"https:\/\/likemetkovic.hr\/portal\/wp-content\/uploads\/2021\/07\/nagrada-grada-metkovica.jpg","datePublished":"2022-06-21T13:25:47+00:00","dateModified":"2022-06-21T13:28:26+00:00","author":{"@id":"https:\/\/likemetkovic.hr\/#\/schema\/person\/a42711f3385a0e2be6f7e0443bfb28f0"},"breadcrumb":{"@id":"https:\/\/likemetkovic.hr\/evo-tko-su-ovogodisnji-dobitnici-nagrada-i-priznanja-grada-metkovica\/#breadcrumb"},"inLanguage":"hr","potentialAction":[{"@type":"ReadAction","target":["https:\/\/likemetkovic.hr\/evo-tko-su-ovogodisnji-dobitnici-nagrada-i-priznanja-grada-metkovica\/"]}]},{"@type":"ImageObject","inLanguage":"hr","@id":"https:\/\/likemetkovic.hr\/evo-tko-su-ovogodisnji-dobitnici-nagrada-i-priznanja-grada-metkovica\/#primaryimage","url":"https:\/\/likemetkovic.hr\/portal\/wp-content\/uploads\/2021\/07\/nagrada-grada-metkovica.jpg","contentUrl":"https:\/\/likemetkovic.hr\/portal\/wp-content\/uploads\/2021\/07\/nagrada-grada-metkovica.jpg","width":800,"height":533},{"@type":"BreadcrumbList","@id":"https:\/\/likemetkovic.hr\/evo-tko-su-ovogodisnji-dobitnici-nagrada-i-priznanja-grada-metkovica\/#breadcrumb","itemListElement":[{"@type":"ListItem","position":1,"name":"Po\u010detna stranica","item":"https:\/\/likemetkovic.hr\/portal\/"},{"@type":"ListItem","position":2,"name":"Evo tko su ovogodi\u0161nji dobitnici nagrada i priznanja Grada Metkovi\u0107a"}]},{"@type":"WebSite","@id":"https:\/\/likemetkovic.hr\/#website","url":"https:\/\/likemetkovic.hr\/","name":"likemetkovic.hr","description":"Misli pozitivno... \u010ditaj LIKE","potentialAction":[{"@type":"SearchAction","target":{"@type":"EntryPoint","urlTemplate":"https:\/\/likemetkovic.hr\/?s={search_term_string}"},"query-input":{"@type":"PropertyValueSpecification","valueRequired":true,"valueName":"search_term_string"}}],"inLanguage":"hr"},{"@type":"Person","@id":"https:\/\/likemetkovic.hr\/#\/schema\/person\/a42711f3385a0e2be6f7e0443bfb28f0","name":"LIKEmetkovic.hr","sameAs":["http:\/\/likemetkovic.hr"],"url":"https:\/\/likemetkovic.hr\/portal\/author\/likemetkovic-hr\/"}]}},"_links":{"self":[{"href":"https:\/\/likemetkovic.hr\/portal\/wp-json\/wp\/v2\/posts\/132737","targetHints":{"allow":["GET"]}}],"collection":[{"href":"https:\/\/likemetkovic.hr\/portal\/wp-json\/wp\/v2\/posts"}],"about":[{"href":"https:\/\/likemetkovic.hr\/portal\/wp-json\/wp\/v2\/types\/post"}],"author":[{"embeddable":true,"href":"https:\/\/likemetkovic.hr\/portal\/wp-json\/wp\/v2\/users\/7"}],"replies":[{"embeddable":true,"href":"https:\/\/likemetkovic.hr\/portal\/wp-json\/wp\/v2\/comments?post=132737"}],"version-history":[{"count":5,"href":"https:\/\/likemetkovic.hr\/portal\/wp-json\/wp\/v2\/posts\/132737\/revisions"}],"predecessor-version":[{"id":132742,"href":"https:\/\/likemetkovic.hr\/portal\/wp-json\/wp\/v2\/posts\/132737\/revisions\/132742"}],"wp:featuredmedia":[{"embeddable":true,"href":"https:\/\/likemetkovic.hr\/portal\/wp-json\/wp\/v2\/media\/120313"}],"wp:attachment":[{"href":"https:\/\/likemetkovic.hr\/portal\/wp-json\/wp\/v2\/media?parent=132737"}],"wp:term":[{"taxonomy":"category","embeddable":true,"href":"https:\/\/likemetkovic.hr\/portal\/wp-json\/wp\/v2\/categories?post=132737"},{"taxonomy":"post_tag","embeddable":true,"href":"https:\/\/likemetkovic.hr\/portal\/wp-json\/wp\/v2\/tags?post=132737"}],"curies":[{"name":"wp","href":"https:\/\/api.w.org\/{rel}","templated":true}]}}