{"id":132746,"date":"2022-06-21T16:35:25","date_gmt":"2022-06-21T14:35:25","guid":{"rendered":"https:\/\/likemetkovic.hr\/?p=132746"},"modified":"2022-06-21T19:29:51","modified_gmt":"2022-06-21T17:29:51","slug":"u-cetvrtak-bi-ispod-peljeskog-mosta-trebao-proci-prvi-kruzer","status":"publish","type":"post","link":"https:\/\/likemetkovic.hr\/portal\/u-cetvrtak-bi-ispod-peljeskog-mosta-trebao-proci-prvi-kruzer\/","title":{"rendered":"U \u010detvrtak bi ispod Pelje\u0161kog mosta trebao pro\u0107i prvi kruzer"},"content":{"rendered":"<p>U \u010detvrtak, prema najavi, ispod Pelje\u0161kog mosta trebao bit pro\u0107i prvi kruzer. Rije\u010d je o brodu na kru\u017enom putovanju koji se zove <em>Bolette<\/em> i \u010diji je dolazak u plo\u010danski akvatorij, gdje \u0107e biti obavljene carinske i druge formalnosti, najavljen u \u010detvrtak u 5 i 30 sati, javlja\u00a0<a href=\"https:\/\/dubrovacki.slobodnadalmacija.hr\/dubrovnik\/vijesti\/hrvatska-i-svijet\/prvi-kruzer-prolazi-ispod-peljeskog-mosta-zapovjednik-mu-je-dubrovacki-kapetan-jozo-glavic-koji-je-provukao-brod-kroz-korintski-kanal-1202508\" target=\"_blank\" rel=\"noopener\">Dubrova\u010dki vjesnik<\/a>.<\/p>\n<p>Nakon toga, brod \u0107e se usidriti ispred Neuma, a putnici \u0107e mo\u0107i obilaziti najbli\u017ea turisti\u010dka odredi\u0161ta poput Me\u0111ugorja ili Mostara, ali na foto safari u Dolinu Neretve, to\u010dnije skupina engleskih turista dolazi u Bad\u017eulu i na jezero Kuti. Odlazak iz Neuma mora biti tijekom dana.<\/p>\n<p>MB Bolette, koji se sada nalazi u Dubrovniku i \u010diji je kapetan, kako doznajemo, Dubrov\u010danin Jozo Glavi\u0107, duga\u010dak je ne\u0161to vi\u0161e od 237 metara, a \u0161irok je 32,5 metara. Ima 12 paluba, mo\u017ee ploviti brzinom od 25 \u010dvorova i primiti 1 380 putnika. Bruto tona\u017ea broda je preko 62 tisu\u0107e BRT, a gaz 8,1 metara.<\/p>\n<p>Air Draft ili visina od vode do najvi\u0161e to\u010dke na brodu je 48,1 metara, a dopu\u0161tena visina ispod Pelje\u0161kog mosta je 55 metara.<\/p>\n","protected":false},"excerpt":{"rendered":"<p>U \u010detvrtak, prema najavi, ispod Pelje\u0161kog mosta trebao bit pro\u0107i prvi kruzer. Rije\u010d je o brodu na kru\u017enom putovanju koji se zove Bolette i \u010diji je dolazak u plo\u010danski akvatorij, gdje \u0107e biti obavljene carinske i druge formalnosti, najavljen u \u010detvrtak u 5 i 30 sati, javlja\u00a0Dubrova\u010dki vjesnik. Nakon toga, brod \u0107e se usidriti ispred [&hellip;]<\/p>\n","protected":false},"author":7,"featured_media":132747,"comment_status":"open","ping_status":"open","sticky":false,"template":"","format":"standard","meta":{"footnotes":""},"categories":[296,11],"tags":[6199,872],"class_list":{"0":"post-132746","1":"post","2":"type-post","3":"status-publish","4":"format-standard","5":"has-post-thumbnail","7":"category-ab","8":"category-metkovic-dolina","9":"tag-kruzer","10":"tag-peljeski-most"},"yoast_head":"<!-- This site is optimized with the Yoast SEO plugin v25.2 - https:\/\/yoast.com\/wordpress\/plugins\/seo\/ -->\n<title>U \u010detvrtak bi ispod Pelje\u0161kog mosta trebao pro\u0107i prvi kruzer - likemetkovic.hr<\/title>\n<meta name=\"robots\" content=\"index, follow, max-snippet:-1, max-image-preview:large, max-video-preview:-1\" \/>\n<link rel=\"canonical\" href=\"https:\/\/likemetkovic.hr\/u-cetvrtak-bi-ispod-peljeskog-mosta-trebao-proci-prvi-kruzer\/\" \/>\n<meta property=\"og:locale\" content=\"hr_HR\" \/>\n<meta property=\"og:type\" content=\"article\" \/>\n<meta property=\"og:title\" content=\"U \u010detvrtak bi ispod Pelje\u0161kog mosta trebao pro\u0107i prvi kruzer - likemetkovic.hr\" \/>\n<meta property=\"og:description\" content=\"U \u010detvrtak, prema najavi, ispod Pelje\u0161kog mosta trebao bit pro\u0107i prvi kruzer. Rije\u010d je o brodu na kru\u017enom putovanju koji se zove Bolette i \u010diji je dolazak u plo\u010danski akvatorij, gdje \u0107e biti obavljene carinske i druge formalnosti, najavljen u \u010detvrtak u 5 i 30 sati, javlja\u00a0Dubrova\u010dki vjesnik. Nakon toga, brod \u0107e se usidriti ispred [&hellip;]\" \/>\n<meta property=\"og:url\" content=\"https:\/\/likemetkovic.hr\/u-cetvrtak-bi-ispod-peljeskog-mosta-trebao-proci-prvi-kruzer\/\" \/>\n<meta property=\"og:site_name\" content=\"likemetkovic.hr\" \/>\n<meta property=\"article:publisher\" content=\"https:\/\/www.facebook.com\/likemetkovic.hr\/\" \/>\n<meta property=\"article:published_time\" content=\"2022-06-21T14:35:25+00:00\" \/>\n<meta property=\"article:modified_time\" content=\"2022-06-21T17:29:51+00:00\" \/>\n<meta property=\"og:image\" content=\"https:\/\/likemetkovic.hr\/wp-content\/uploads\/2022\/06\/brod2-1.jpg\" \/>\n\t<meta property=\"og:image:width\" content=\"1000\" \/>\n\t<meta property=\"og:image:height\" content=\"508\" \/>\n\t<meta property=\"og:image:type\" content=\"image\/jpeg\" \/>\n<meta name=\"author\" content=\"LIKEmetkovic.hr\" \/>\n<meta name=\"twitter:card\" content=\"summary_large_image\" \/>\n<meta name=\"twitter:label1\" content=\"Napisao\/la\" \/>\n\t<meta name=\"twitter:data1\" content=\"LIKEmetkovic.hr\" \/>\n\t<meta name=\"twitter:label2\" content=\"Procijenjeno vrijeme \u010ditanja\" \/>\n\t<meta name=\"twitter:data2\" content=\"1 minuta\" \/>\n<script type=\"application\/ld+json\" class=\"yoast-schema-graph\">{\"@context\":\"https:\/\/schema.org\",\"@graph\":[{\"@type\":\"WebPage\",\"@id\":\"https:\/\/likemetkovic.hr\/u-cetvrtak-bi-ispod-peljeskog-mosta-trebao-proci-prvi-kruzer\/\",\"url\":\"https:\/\/likemetkovic.hr\/u-cetvrtak-bi-ispod-peljeskog-mosta-trebao-proci-prvi-kruzer\/\",\"name\":\"U \u010detvrtak bi ispod Pelje\u0161kog mosta trebao pro\u0107i prvi kruzer - likemetkovic.hr\",\"isPartOf\":{\"@id\":\"https:\/\/likemetkovic.hr\/#website\"},\"primaryImageOfPage\":{\"@id\":\"https:\/\/likemetkovic.hr\/u-cetvrtak-bi-ispod-peljeskog-mosta-trebao-proci-prvi-kruzer\/#primaryimage\"},\"image\":{\"@id\":\"https:\/\/likemetkovic.hr\/u-cetvrtak-bi-ispod-peljeskog-mosta-trebao-proci-prvi-kruzer\/#primaryimage\"},\"thumbnailUrl\":\"https:\/\/likemetkovic.hr\/portal\/wp-content\/uploads\/2022\/06\/brod2-1.jpg\",\"datePublished\":\"2022-06-21T14:35:25+00:00\",\"dateModified\":\"2022-06-21T17:29:51+00:00\",\"author\":{\"@id\":\"https:\/\/likemetkovic.hr\/#\/schema\/person\/a42711f3385a0e2be6f7e0443bfb28f0\"},\"breadcrumb\":{\"@id\":\"https:\/\/likemetkovic.hr\/u-cetvrtak-bi-ispod-peljeskog-mosta-trebao-proci-prvi-kruzer\/#breadcrumb\"},\"inLanguage\":\"hr\",\"potentialAction\":[{\"@type\":\"ReadAction\",\"target\":[\"https:\/\/likemetkovic.hr\/u-cetvrtak-bi-ispod-peljeskog-mosta-trebao-proci-prvi-kruzer\/\"]}]},{\"@type\":\"ImageObject\",\"inLanguage\":\"hr\",\"@id\":\"https:\/\/likemetkovic.hr\/u-cetvrtak-bi-ispod-peljeskog-mosta-trebao-proci-prvi-kruzer\/#primaryimage\",\"url\":\"https:\/\/likemetkovic.hr\/portal\/wp-content\/uploads\/2022\/06\/brod2-1.jpg\",\"contentUrl\":\"https:\/\/likemetkovic.hr\/portal\/wp-content\/uploads\/2022\/06\/brod2-1.jpg\",\"width\":1000,\"height\":508},{\"@type\":\"BreadcrumbList\",\"@id\":\"https:\/\/likemetkovic.hr\/u-cetvrtak-bi-ispod-peljeskog-mosta-trebao-proci-prvi-kruzer\/#breadcrumb\",\"itemListElement\":[{\"@type\":\"ListItem\",\"position\":1,\"name\":\"Po\u010detna stranica\",\"item\":\"https:\/\/likemetkovic.hr\/portal\/\"},{\"@type\":\"ListItem\",\"position\":2,\"name\":\"U \u010detvrtak bi ispod Pelje\u0161kog mosta trebao pro\u0107i prvi kruzer\"}]},{\"@type\":\"WebSite\",\"@id\":\"https:\/\/likemetkovic.hr\/#website\",\"url\":\"https:\/\/likemetkovic.hr\/\",\"name\":\"likemetkovic.hr\",\"description\":\"Misli pozitivno... \u010ditaj LIKE\",\"potentialAction\":[{\"@type\":\"SearchAction\",\"target\":{\"@type\":\"EntryPoint\",\"urlTemplate\":\"https:\/\/likemetkovic.hr\/?s={search_term_string}\"},\"query-input\":{\"@type\":\"PropertyValueSpecification\",\"valueRequired\":true,\"valueName\":\"search_term_string\"}}],\"inLanguage\":\"hr\"},{\"@type\":\"Person\",\"@id\":\"https:\/\/likemetkovic.hr\/#\/schema\/person\/a42711f3385a0e2be6f7e0443bfb28f0\",\"name\":\"LIKEmetkovic.hr\",\"sameAs\":[\"http:\/\/likemetkovic.hr\"],\"url\":\"https:\/\/likemetkovic.hr\/portal\/author\/likemetkovic-hr\/\"}]}<\/script>\n<!-- \/ Yoast SEO plugin. -->","yoast_head_json":{"title":"U \u010detvrtak bi ispod Pelje\u0161kog mosta trebao pro\u0107i prvi kruzer - likemetkovic.hr","robots":{"index":"index","follow":"follow","max-snippet":"max-snippet:-1","max-image-preview":"max-image-preview:large","max-video-preview":"max-video-preview:-1"},"canonical":"https:\/\/likemetkovic.hr\/u-cetvrtak-bi-ispod-peljeskog-mosta-trebao-proci-prvi-kruzer\/","og_locale":"hr_HR","og_type":"article","og_title":"U \u010detvrtak bi ispod Pelje\u0161kog mosta trebao pro\u0107i prvi kruzer - likemetkovic.hr","og_description":"U \u010detvrtak, prema najavi, ispod Pelje\u0161kog mosta trebao bit pro\u0107i prvi kruzer. Rije\u010d je o brodu na kru\u017enom putovanju koji se zove Bolette i \u010diji je dolazak u plo\u010danski akvatorij, gdje \u0107e biti obavljene carinske i druge formalnosti, najavljen u \u010detvrtak u 5 i 30 sati, javlja\u00a0Dubrova\u010dki vjesnik. Nakon toga, brod \u0107e se usidriti ispred [&hellip;]","og_url":"https:\/\/likemetkovic.hr\/u-cetvrtak-bi-ispod-peljeskog-mosta-trebao-proci-prvi-kruzer\/","og_site_name":"likemetkovic.hr","article_publisher":"https:\/\/www.facebook.com\/likemetkovic.hr\/","article_published_time":"2022-06-21T14:35:25+00:00","article_modified_time":"2022-06-21T17:29:51+00:00","og_image":[{"width":1000,"height":508,"url":"https:\/\/likemetkovic.hr\/wp-content\/uploads\/2022\/06\/brod2-1.jpg","type":"image\/jpeg"}],"author":"LIKEmetkovic.hr","twitter_card":"summary_large_image","twitter_misc":{"Napisao\/la":"LIKEmetkovic.hr","Procijenjeno vrijeme \u010ditanja":"1 minuta"},"schema":{"@context":"https:\/\/schema.org","@graph":[{"@type":"WebPage","@id":"https:\/\/likemetkovic.hr\/u-cetvrtak-bi-ispod-peljeskog-mosta-trebao-proci-prvi-kruzer\/","url":"https:\/\/likemetkovic.hr\/u-cetvrtak-bi-ispod-peljeskog-mosta-trebao-proci-prvi-kruzer\/","name":"U \u010detvrtak bi ispod Pelje\u0161kog mosta trebao pro\u0107i prvi kruzer - likemetkovic.hr","isPartOf":{"@id":"https:\/\/likemetkovic.hr\/#website"},"primaryImageOfPage":{"@id":"https:\/\/likemetkovic.hr\/u-cetvrtak-bi-ispod-peljeskog-mosta-trebao-proci-prvi-kruzer\/#primaryimage"},"image":{"@id":"https:\/\/likemetkovic.hr\/u-cetvrtak-bi-ispod-peljeskog-mosta-trebao-proci-prvi-kruzer\/#primaryimage"},"thumbnailUrl":"https:\/\/likemetkovic.hr\/portal\/wp-content\/uploads\/2022\/06\/brod2-1.jpg","datePublished":"2022-06-21T14:35:25+00:00","dateModified":"2022-06-21T17:29:51+00:00","author":{"@id":"https:\/\/likemetkovic.hr\/#\/schema\/person\/a42711f3385a0e2be6f7e0443bfb28f0"},"breadcrumb":{"@id":"https:\/\/likemetkovic.hr\/u-cetvrtak-bi-ispod-peljeskog-mosta-trebao-proci-prvi-kruzer\/#breadcrumb"},"inLanguage":"hr","potentialAction":[{"@type":"ReadAction","target":["https:\/\/likemetkovic.hr\/u-cetvrtak-bi-ispod-peljeskog-mosta-trebao-proci-prvi-kruzer\/"]}]},{"@type":"ImageObject","inLanguage":"hr","@id":"https:\/\/likemetkovic.hr\/u-cetvrtak-bi-ispod-peljeskog-mosta-trebao-proci-prvi-kruzer\/#primaryimage","url":"https:\/\/likemetkovic.hr\/portal\/wp-content\/uploads\/2022\/06\/brod2-1.jpg","contentUrl":"https:\/\/likemetkovic.hr\/portal\/wp-content\/uploads\/2022\/06\/brod2-1.jpg","width":1000,"height":508},{"@type":"BreadcrumbList","@id":"https:\/\/likemetkovic.hr\/u-cetvrtak-bi-ispod-peljeskog-mosta-trebao-proci-prvi-kruzer\/#breadcrumb","itemListElement":[{"@type":"ListItem","position":1,"name":"Po\u010detna stranica","item":"https:\/\/likemetkovic.hr\/portal\/"},{"@type":"ListItem","position":2,"name":"U \u010detvrtak bi ispod Pelje\u0161kog mosta trebao pro\u0107i prvi kruzer"}]},{"@type":"WebSite","@id":"https:\/\/likemetkovic.hr\/#website","url":"https:\/\/likemetkovic.hr\/","name":"likemetkovic.hr","description":"Misli pozitivno... \u010ditaj LIKE","potentialAction":[{"@type":"SearchAction","target":{"@type":"EntryPoint","urlTemplate":"https:\/\/likemetkovic.hr\/?s={search_term_string}"},"query-input":{"@type":"PropertyValueSpecification","valueRequired":true,"valueName":"search_term_string"}}],"inLanguage":"hr"},{"@type":"Person","@id":"https:\/\/likemetkovic.hr\/#\/schema\/person\/a42711f3385a0e2be6f7e0443bfb28f0","name":"LIKEmetkovic.hr","sameAs":["http:\/\/likemetkovic.hr"],"url":"https:\/\/likemetkovic.hr\/portal\/author\/likemetkovic-hr\/"}]}},"_links":{"self":[{"href":"https:\/\/likemetkovic.hr\/portal\/wp-json\/wp\/v2\/posts\/132746","targetHints":{"allow":["GET"]}}],"collection":[{"href":"https:\/\/likemetkovic.hr\/portal\/wp-json\/wp\/v2\/posts"}],"about":[{"href":"https:\/\/likemetkovic.hr\/portal\/wp-json\/wp\/v2\/types\/post"}],"author":[{"embeddable":true,"href":"https:\/\/likemetkovic.hr\/portal\/wp-json\/wp\/v2\/users\/7"}],"replies":[{"embeddable":true,"href":"https:\/\/likemetkovic.hr\/portal\/wp-json\/wp\/v2\/comments?post=132746"}],"version-history":[{"count":4,"href":"https:\/\/likemetkovic.hr\/portal\/wp-json\/wp\/v2\/posts\/132746\/revisions"}],"predecessor-version":[{"id":132752,"href":"https:\/\/likemetkovic.hr\/portal\/wp-json\/wp\/v2\/posts\/132746\/revisions\/132752"}],"wp:featuredmedia":[{"embeddable":true,"href":"https:\/\/likemetkovic.hr\/portal\/wp-json\/wp\/v2\/media\/132747"}],"wp:attachment":[{"href":"https:\/\/likemetkovic.hr\/portal\/wp-json\/wp\/v2\/media?parent=132746"}],"wp:term":[{"taxonomy":"category","embeddable":true,"href":"https:\/\/likemetkovic.hr\/portal\/wp-json\/wp\/v2\/categories?post=132746"},{"taxonomy":"post_tag","embeddable":true,"href":"https:\/\/likemetkovic.hr\/portal\/wp-json\/wp\/v2\/tags?post=132746"}],"curies":[{"name":"wp","href":"https:\/\/api.w.org\/{rel}","templated":true}]}}