{"id":132753,"date":"2022-06-21T20:35:25","date_gmt":"2022-06-21T18:35:25","guid":{"rendered":"https:\/\/likemetkovic.hr\/?p=132753"},"modified":"2022-06-24T17:33:52","modified_gmt":"2022-06-24T15:33:52","slug":"program-pred-nama-je-jos-jedno-metkovsko-ljeto","status":"publish","type":"post","link":"https:\/\/likemetkovic.hr\/portal\/program-pred-nama-je-jos-jedno-metkovsko-ljeto\/","title":{"rendered":"PROGRAM | Pred nama je jo\u0161 jedno &#8216;Metkovsko ljeto&#8217;"},"content":{"rendered":"<p data-uw-styling-context=\"true\">Danas, obilje\u017eavanjem <em>Svjetskoga dana glazbe<\/em> zapo\u010dinje program ovogodi\u0161nje manifestacije <strong><em>Metkovsko ljeto<\/em><\/strong> koja \u0107e trajati do 19. kolovoza.<\/p>\n<p data-uw-styling-context=\"true\">Koncerti, izlo\u017ebe, predstave, sportska doga\u0111anja, filmovi odr\u017eavat \u0107e se na vi\u0161e lokacija u gradu&#8230;<\/p>\n<p><strong>PROGRAM:\u00a0<\/strong><\/p>\n<ul>\n<li>utorak, 21. lipnja \u2013tijekom cijeloga dana na razli\u010ditim lokacijama<\/li>\n<\/ul>\n<p><em>obilje\u017eavanje Svjetskoga dana glazbe<\/em><\/p>\n<ul>\n<li>od utorka, 21. lipnja do 1. srpnja, igrali\u0161te ONK Metkovi\u0107a, svaku ve\u010der od 19 sati<\/li>\n<\/ul>\n<p><em>\u00a0Malonogometni turnir \u2018ONK Metkovi\u0107 4v4\u2019<\/em><\/p>\n<ul>\n<li>petak, 24. lipnja, Gradska knji\u017enica Metkovi\u0107, 19 sati<\/li>\n<\/ul>\n<p><em>promocija knjige autora Zorana \u017dmiri\u0107a<\/em><\/p>\n<ul>\n<li>subota, 25. lipnja, Ljetna scena GKS-a Metkovi\u0107, 21 sat<\/li>\n<\/ul>\n<p><em>\u00a0Dje\u010dji Glas Neretve<\/em><\/p>\n<ul>\n<li>srijeda, 29. lipnja, Galerija GKS-a Metkovi\u0107, 20 sati<\/li>\n<\/ul>\n<p><em>izlo\u017eba slika Ede Unkovi\u0107a \u2018Bonace i cime i jo\u0161 pone\u0161to\u2019<\/em><\/p>\n<ul>\n<li>petak, 1. srpnja, Sportska ulica, od 20 sati<\/li>\n<\/ul>\n<p><em>\u2018Metkovska cipolijada\u2019<\/em><\/p>\n<ul>\n<li>petak, 1. srpnja, Galerija GKS-a Metkovi\u0107, 21 sat<\/li>\n<\/ul>\n<p><em>koncert pijanistice Martine Filjak<\/em><\/p>\n<ul>\n<li>petak, 1. srpnja, igrali\u0161te ONK Metkovi\u0107a, od 19 sati<\/li>\n<\/ul>\n<p><em>Finale Malonogometnoga turnira \u2018ONK Metkovi\u0107 4v4\u2019 \/ Branko Medak<\/em><\/p>\n<ul>\n<li>petak, 1. srpnja \u2013 ponedjeljak, 18. srpnja, igrali\u0161te \u2018Ora\u0161ina\u2019<\/li>\n<\/ul>\n<p><em>Memorijalni malonogometni turnir Eugen Erjauc<\/em><\/p>\n<ul>\n<li>subota, 2. srpnja, Ljetna scena GKS-a Metkovi\u0107, 21 sat<\/li>\n<\/ul>\n<p><em>koncert \u2018Urban &amp; 4\u2019<\/em><\/p>\n<ul>\n<li>ponedjeljak, 4. srpnja, Galerija GKS-a Metkovi\u0107, 21 sat<\/li>\n<\/ul>\n<p><em>\u2018Zagreba\u010dki solisti\u2019, koncert<\/em><\/p>\n<ul>\n<li>utorak, 5. srpnja, plato ispred crkve sv. Nikole, 20:45<\/li>\n<\/ul>\n<p><em>predstava za djecu<\/em><\/p>\n<ul>\n<li>\u010detvrtak, 7. srpnja, Ljetna scena GKS-a, 21 sat<\/li>\n<\/ul>\n<p><em>predstava \u2018Drug lovac\u2019, Metkovsko amatersko kazali\u0161te<\/em><\/p>\n<ul>\n<li>petak, 8. srpnja, Ljetna scena GKS-a Metkovi\u0107, 21 sat<\/li>\n<\/ul>\n<p><em>Matija Cvek i Marko Kutli\u0107, koncert<\/em><\/p>\n<ul>\n<li>subota, 9. srpnja, Ljetna scena GKS-a Metkovi\u0107, 21 sat<\/li>\n<\/ul>\n<p><em>Amira Medunjanin, koncert<\/em><\/p>\n<ul>\n<li>utorak, 12. srpnja, Skale II, 21 sat<\/li>\n<\/ul>\n<p><em>Skriveni uli\u010dni film<\/em><\/p>\n<ul>\n<li>srijeda, 13. srpnja, Galerija GKS-a, od 8 do 12 sati<\/li>\n<\/ul>\n<p><em>Male tehni\u010dke radionice (I.-IV. razreda)<\/em><\/p>\n<ul>\n<li>srijeda, 13. srpnja, Gradski park, 20:45<\/li>\n<\/ul>\n<p><em>predstava za djecu<\/em><\/p>\n<ul>\n<li>\u010detvrtak, 14. srpnja, Galerija GKS-a Metkovi\u0107, od 8 do 12 sati<\/li>\n<\/ul>\n<p><em>Male tehni\u010dke radionice (V.-VIII. razreda)<\/em><\/p>\n<ul>\n<li>\u010detvrtak, 14. srpnja, Skale II, 19 sati<\/li>\n<\/ul>\n<p><em>otvorenje izlo\u017ebe skupnih umjetnika Neretve<\/em><\/p>\n<ul>\n<li>petak, 15. srpnja, Terasa Ljetne scene GKS-a, od 21 sat<\/li>\n<\/ul>\n<p><em>Delta Swamp Music DJs<\/em><\/p>\n<ul>\n<li>petak, 15. srpnja, ko\u0161arka\u0161ko igrali\u0161te<\/li>\n<\/ul>\n<p><em>Streetball turnir<\/em><\/p>\n<ul>\n<li>subota, 16. srpnja, Mala riva, 8 sati<\/li>\n<\/ul>\n<p><em>VII. Neretva Open, utrka osmeraca<\/em><\/p>\n<ul>\n<li>subota, 16. srpnja, ko\u0161arka\u0161ko igrali\u0161te<\/li>\n<\/ul>\n<p><em>Finale Streetball turnira<\/em><\/p>\n<ul>\n<li>nedjelja, 17. srpnja, ispod Lu\u010dkoga mosta, 17 sati<\/li>\n<\/ul>\n<p><em>Skokovi u Neretvu<\/em><\/p>\n<ul>\n<li>nedjelja, 17. srpnja, Ljetna scena GKS-a, 21 sat<\/li>\n<\/ul>\n<p><em>\u2018SpliCka scena\u2019, stand-up komedija<\/em><\/p>\n<ul>\n<li>ponedjeljak, 18. srpnja, igrali\u0161te Ora\u0161ina<\/li>\n<\/ul>\n<p><em>Finale Memorijalnoga malonogometnoga turnira \u2018Eugen Erjauc\u2019<\/em><\/p>\n<ul>\n<li>ponedjeljak, 18. srpnja, Trg dr. Franje Tu\u0111mana, 21 sat<\/li>\n<\/ul>\n<p><em>Grupa Dalmatino, koncert uo\u010di Dana Grada<\/em><\/p>\n<ul>\n<li>utorak, 19. srpnja, Galerija GKS-a, 18:45<\/li>\n<\/ul>\n<p><em>otvorenje izlo\u017ebe slika Josip Trostmann<\/em><\/p>\n<ul>\n<li>petak, 22. srpnja, Terasa Ljetne scene GKS-a, 21 sat<\/li>\n<\/ul>\n<p><em>Kvartet Tuba XL, koncert<\/em><\/p>\n<ul>\n<li>subota, 23. srpnja, Ljetna scena GKS-a, 21 sat<\/li>\n<\/ul>\n<p><em>predstava \u2018Predsjednici&amp;CA\u2019<\/em><\/p>\n<ul>\n<li>nedjelja, 24. srpnja, Gradski park<\/li>\n<\/ul>\n<p><em>Dani otvorenih vrata Outdoor aktivnosti \u2013 Biciklisti\u010dki klub Relaks<\/em><\/p>\n<ul>\n<li>ponedjeljak, 25. srpnja, Galerija GKS-a, 21 sat<\/li>\n<\/ul>\n<p><em>predstavljanje knjige Dragutina Rucnera<\/em><\/p>\n<ul>\n<li>utorak, 26. srpnja, Gradski park, 20:45<\/li>\n<\/ul>\n<p><em>predstava za djecu \u2018Av avavantura\u2019<\/em><\/p>\n<ul>\n<li>srijeda, 27. srpnja, Skale II, 21 sat<\/li>\n<\/ul>\n<p><em>Skriveni uli\u010dni film<\/em><\/p>\n<ul>\n<li>\u010detvrtak, 28. srpnja, Gradski park, 21 sat<\/li>\n<\/ul>\n<p><em>Vid Veljak i Brass percussion septet, koncert<\/em><\/p>\n<ul>\n<li>petak, 29. srpnja, Vid<\/li>\n<\/ul>\n<p><em>Rimska no\u0107 u Naroni<\/em><\/p>\n<ul>\n<li>utorak, 2. kolovoza, Terasa Ljetne scene GKS-a, 21 sat<\/li>\n<\/ul>\n<p><em>Splitski gitaristi\u010dki kvartet, koncert<\/em><\/p>\n<ul>\n<li>\u010detvrtak, 4. kolovoza, Lu\u010dki most<\/li>\n<\/ul>\n<p><em>bakljada i vatromet uo\u010di Dana pobjede i domovinske zahvalnosti te Dana hrvatskih branitelja<\/em><\/p>\n<ul>\n<li>\u010detvrtak, 4. kolovoza, Vid, 20 sati<\/li>\n<\/ul>\n<p><em>predstava za djecu<\/em><\/p>\n<ul>\n<li>\u010detvrtak, 4. kolovoza, Gradski park, 21 sat<\/li>\n<\/ul>\n<p><em>\u2018Dobre vibracije\u2019, koncert<\/em><\/p>\n<ul>\n<li>petak, 5. kolovoza, Vid<\/li>\n<\/ul>\n<p><em>izlo\u017eba i bakljada povodom Dana pobjede i obljetnice VRO Oluje te blagdane Gospe Snje\u017ene<\/em><\/p>\n<ul>\n<li>subota, 6. kolovoza, Gradski park, 21 sat<\/li>\n<\/ul>\n<p><em>koncert Sje\u0107anje na Olivera, KUD Metkovi\u0107<\/em><\/p>\n<ul>\n<li>ponedjeljak, 8. kolovoza, Gradski park, 21 sat<\/li>\n<\/ul>\n<p><em>Bend 058, koncert<\/em><\/p>\n<ul>\n<li>utorak, 9. kolovoza, Galerija GKS-a, 20 sati<\/li>\n<\/ul>\n<p><em>otvorenje izlo\u017ebe Jure Talaji\u0107a<\/em><\/p>\n<ul>\n<li>\u010detvrtak, 11. kolovoza \u2013 subota, 13. kolovoza, Gradski park, TrgkraljaTomislava<\/li>\n<\/ul>\n<p><em>Dani Neretvanske kne\u017eevine<\/em><\/p>\n<ul>\n<li>\u010detvrtak, 11. kolovoza, start ispod Lu\u010dkoga mosta<\/li>\n<\/ul>\n<p><em>Maraton la\u0111arica<\/em><\/p>\n<ul>\n<li>petak, 12. kolovoza, Gradski park, od 17 sati<\/li>\n<\/ul>\n<p><em>Festival tradicija \u2013 \u0110akovo u Neretvi<\/em><\/p>\n<ul>\n<li>petak, 12. kolovoza, Mala riva<\/li>\n<\/ul>\n<p><em>predstava, Uprizorenje prvoga spomena Metkovi\u0107a u pisanim dokumentima, MAK<\/em><\/p>\n<ul>\n<li>subota, 13. kolovoza, ispod Lu\u010dkoga mosta, 17 sati<\/li>\n<\/ul>\n<p><em>start Maratona la\u0111a<\/em><\/p>\n<ul>\n<li>subota, 13. kolovoza, u ve\u010dernjim satima<\/li>\n<\/ul>\n<p><em>Jerkova\u010dka fe\u0161ta<\/em><\/p>\n<ul>\n<li>utorak, 16. kolovoza, Terasa AM Narona Vid, 20:30<\/li>\n<\/ul>\n<p><em>Tereza Gabri\u0107, koncert \u00a0<\/em><\/p>\n<ul>\n<li>petak, 19. kolovoza, Ljetna scena GKS-a, 20:30<\/li>\n<\/ul>\n<p><em>predstava \u2018\u010cudo\u2019<\/em><\/p>\n<ul>\n<li>nedjelja, 28. kolovoza, Gradski park<\/li>\n<\/ul>\n<p><em>Jedinstvena biciklijada za \u017eene \u2018Primavera\u2019, BK Relaks<\/em><\/p>\n","protected":false},"excerpt":{"rendered":"<p>Danas, obilje\u017eavanjem Svjetskoga dana glazbe zapo\u010dinje program ovogodi\u0161nje manifestacije Metkovsko ljeto koja \u0107e trajati do 19. kolovoza. Koncerti, izlo\u017ebe, predstave, sportska doga\u0111anja, filmovi odr\u017eavat \u0107e se na vi\u0161e lokacija u gradu&#8230; PROGRAM:\u00a0 utorak, 21. lipnja \u2013tijekom cijeloga dana na razli\u010ditim lokacijama obilje\u017eavanje Svjetskoga dana glazbe od utorka, 21. lipnja do 1. srpnja, igrali\u0161te ONK Metkovi\u0107a, [&hellip;]<\/p>\n","protected":false},"author":9,"featured_media":132754,"comment_status":"open","ping_status":"open","sticky":false,"template":"","format":"standard","meta":{"footnotes":""},"categories":[283,11],"tags":[10765],"class_list":{"0":"post-132753","1":"post","2":"type-post","3":"status-publish","4":"format-standard","5":"has-post-thumbnail","7":"category-a","8":"category-metkovic-dolina","9":"tag-metkovsko-ljeto-2022"},"yoast_head":"<!-- This site is optimized with the Yoast SEO plugin v25.2 - https:\/\/yoast.com\/wordpress\/plugins\/seo\/ -->\n<title>PROGRAM | Pred nama je jo\u0161 jedno &#039;Metkovsko ljeto&#039; - likemetkovic.hr<\/title>\n<meta name=\"robots\" content=\"index, follow, max-snippet:-1, max-image-preview:large, max-video-preview:-1\" \/>\n<link rel=\"canonical\" href=\"https:\/\/likemetkovic.hr\/program-pred-nama-je-jos-jedno-metkovsko-ljeto\/\" \/>\n<meta property=\"og:locale\" content=\"hr_HR\" \/>\n<meta property=\"og:type\" content=\"article\" \/>\n<meta property=\"og:title\" content=\"PROGRAM | Pred nama je jo\u0161 jedno &#039;Metkovsko ljeto&#039; - likemetkovic.hr\" \/>\n<meta property=\"og:description\" content=\"Danas, obilje\u017eavanjem Svjetskoga dana glazbe zapo\u010dinje program ovogodi\u0161nje manifestacije Metkovsko ljeto koja \u0107e trajati do 19. kolovoza. Koncerti, izlo\u017ebe, predstave, sportska doga\u0111anja, filmovi odr\u017eavat \u0107e se na vi\u0161e lokacija u gradu&#8230; PROGRAM:\u00a0 utorak, 21. lipnja \u2013tijekom cijeloga dana na razli\u010ditim lokacijama obilje\u017eavanje Svjetskoga dana glazbe od utorka, 21. lipnja do 1. srpnja, igrali\u0161te ONK Metkovi\u0107a, [&hellip;]\" \/>\n<meta property=\"og:url\" content=\"https:\/\/likemetkovic.hr\/program-pred-nama-je-jos-jedno-metkovsko-ljeto\/\" \/>\n<meta property=\"og:site_name\" content=\"likemetkovic.hr\" \/>\n<meta property=\"article:publisher\" content=\"https:\/\/www.facebook.com\/likemetkovic.hr\/\" \/>\n<meta property=\"article:published_time\" content=\"2022-06-21T18:35:25+00:00\" \/>\n<meta property=\"article:modified_time\" content=\"2022-06-24T15:33:52+00:00\" \/>\n<meta property=\"og:image\" content=\"https:\/\/likemetkovic.hr\/wp-content\/uploads\/2022\/06\/metkovsko-ljeto-most-gks.jpg\" \/>\n\t<meta property=\"og:image:width\" content=\"800\" \/>\n\t<meta property=\"og:image:height\" content=\"534\" \/>\n\t<meta property=\"og:image:type\" content=\"image\/jpeg\" \/>\n<meta name=\"author\" content=\"K. J.\" \/>\n<meta name=\"twitter:card\" content=\"summary_large_image\" \/>\n<meta name=\"twitter:label1\" content=\"Napisao\/la\" \/>\n\t<meta name=\"twitter:data1\" content=\"K. J.\" \/>\n\t<meta name=\"twitter:label2\" content=\"Procijenjeno vrijeme \u010ditanja\" \/>\n\t<meta name=\"twitter:data2\" content=\"4 minute\" \/>\n<script type=\"application\/ld+json\" class=\"yoast-schema-graph\">{\"@context\":\"https:\/\/schema.org\",\"@graph\":[{\"@type\":\"WebPage\",\"@id\":\"https:\/\/likemetkovic.hr\/program-pred-nama-je-jos-jedno-metkovsko-ljeto\/\",\"url\":\"https:\/\/likemetkovic.hr\/program-pred-nama-je-jos-jedno-metkovsko-ljeto\/\",\"name\":\"PROGRAM | Pred nama je jo\u0161 jedno 'Metkovsko ljeto' - likemetkovic.hr\",\"isPartOf\":{\"@id\":\"https:\/\/likemetkovic.hr\/#website\"},\"primaryImageOfPage\":{\"@id\":\"https:\/\/likemetkovic.hr\/program-pred-nama-je-jos-jedno-metkovsko-ljeto\/#primaryimage\"},\"image\":{\"@id\":\"https:\/\/likemetkovic.hr\/program-pred-nama-je-jos-jedno-metkovsko-ljeto\/#primaryimage\"},\"thumbnailUrl\":\"https:\/\/likemetkovic.hr\/portal\/wp-content\/uploads\/2022\/06\/metkovsko-ljeto-most-gks.jpg\",\"datePublished\":\"2022-06-21T18:35:25+00:00\",\"dateModified\":\"2022-06-24T15:33:52+00:00\",\"author\":{\"@id\":\"https:\/\/likemetkovic.hr\/#\/schema\/person\/0a8b4ebfdfe1ff01192dccda40c5da0c\"},\"breadcrumb\":{\"@id\":\"https:\/\/likemetkovic.hr\/program-pred-nama-je-jos-jedno-metkovsko-ljeto\/#breadcrumb\"},\"inLanguage\":\"hr\",\"potentialAction\":[{\"@type\":\"ReadAction\",\"target\":[\"https:\/\/likemetkovic.hr\/program-pred-nama-je-jos-jedno-metkovsko-ljeto\/\"]}]},{\"@type\":\"ImageObject\",\"inLanguage\":\"hr\",\"@id\":\"https:\/\/likemetkovic.hr\/program-pred-nama-je-jos-jedno-metkovsko-ljeto\/#primaryimage\",\"url\":\"https:\/\/likemetkovic.hr\/portal\/wp-content\/uploads\/2022\/06\/metkovsko-ljeto-most-gks.jpg\",\"contentUrl\":\"https:\/\/likemetkovic.hr\/portal\/wp-content\/uploads\/2022\/06\/metkovsko-ljeto-most-gks.jpg\",\"width\":800,\"height\":534},{\"@type\":\"BreadcrumbList\",\"@id\":\"https:\/\/likemetkovic.hr\/program-pred-nama-je-jos-jedno-metkovsko-ljeto\/#breadcrumb\",\"itemListElement\":[{\"@type\":\"ListItem\",\"position\":1,\"name\":\"Po\u010detna stranica\",\"item\":\"https:\/\/likemetkovic.hr\/portal\/\"},{\"@type\":\"ListItem\",\"position\":2,\"name\":\"PROGRAM | Pred nama je jo\u0161 jedno &#8216;Metkovsko ljeto&#8217;\"}]},{\"@type\":\"WebSite\",\"@id\":\"https:\/\/likemetkovic.hr\/#website\",\"url\":\"https:\/\/likemetkovic.hr\/\",\"name\":\"likemetkovic.hr\",\"description\":\"Misli pozitivno... \u010ditaj LIKE\",\"potentialAction\":[{\"@type\":\"SearchAction\",\"target\":{\"@type\":\"EntryPoint\",\"urlTemplate\":\"https:\/\/likemetkovic.hr\/?s={search_term_string}\"},\"query-input\":{\"@type\":\"PropertyValueSpecification\",\"valueRequired\":true,\"valueName\":\"search_term_string\"}}],\"inLanguage\":\"hr\"},{\"@type\":\"Person\",\"@id\":\"https:\/\/likemetkovic.hr\/#\/schema\/person\/0a8b4ebfdfe1ff01192dccda40c5da0c\",\"name\":\"K. J.\",\"url\":\"https:\/\/likemetkovic.hr\/portal\/author\/likemetkovic\/\"}]}<\/script>\n<!-- \/ Yoast SEO plugin. -->","yoast_head_json":{"title":"PROGRAM | Pred nama je jo\u0161 jedno 'Metkovsko ljeto' - likemetkovic.hr","robots":{"index":"index","follow":"follow","max-snippet":"max-snippet:-1","max-image-preview":"max-image-preview:large","max-video-preview":"max-video-preview:-1"},"canonical":"https:\/\/likemetkovic.hr\/program-pred-nama-je-jos-jedno-metkovsko-ljeto\/","og_locale":"hr_HR","og_type":"article","og_title":"PROGRAM | Pred nama je jo\u0161 jedno 'Metkovsko ljeto' - likemetkovic.hr","og_description":"Danas, obilje\u017eavanjem Svjetskoga dana glazbe zapo\u010dinje program ovogodi\u0161nje manifestacije Metkovsko ljeto koja \u0107e trajati do 19. kolovoza. Koncerti, izlo\u017ebe, predstave, sportska doga\u0111anja, filmovi odr\u017eavat \u0107e se na vi\u0161e lokacija u gradu&#8230; PROGRAM:\u00a0 utorak, 21. lipnja \u2013tijekom cijeloga dana na razli\u010ditim lokacijama obilje\u017eavanje Svjetskoga dana glazbe od utorka, 21. lipnja do 1. srpnja, igrali\u0161te ONK Metkovi\u0107a, [&hellip;]","og_url":"https:\/\/likemetkovic.hr\/program-pred-nama-je-jos-jedno-metkovsko-ljeto\/","og_site_name":"likemetkovic.hr","article_publisher":"https:\/\/www.facebook.com\/likemetkovic.hr\/","article_published_time":"2022-06-21T18:35:25+00:00","article_modified_time":"2022-06-24T15:33:52+00:00","og_image":[{"width":800,"height":534,"url":"https:\/\/likemetkovic.hr\/wp-content\/uploads\/2022\/06\/metkovsko-ljeto-most-gks.jpg","type":"image\/jpeg"}],"author":"K. J.","twitter_card":"summary_large_image","twitter_misc":{"Napisao\/la":"K. J.","Procijenjeno vrijeme \u010ditanja":"4 minute"},"schema":{"@context":"https:\/\/schema.org","@graph":[{"@type":"WebPage","@id":"https:\/\/likemetkovic.hr\/program-pred-nama-je-jos-jedno-metkovsko-ljeto\/","url":"https:\/\/likemetkovic.hr\/program-pred-nama-je-jos-jedno-metkovsko-ljeto\/","name":"PROGRAM | Pred nama je jo\u0161 jedno 'Metkovsko ljeto' - likemetkovic.hr","isPartOf":{"@id":"https:\/\/likemetkovic.hr\/#website"},"primaryImageOfPage":{"@id":"https:\/\/likemetkovic.hr\/program-pred-nama-je-jos-jedno-metkovsko-ljeto\/#primaryimage"},"image":{"@id":"https:\/\/likemetkovic.hr\/program-pred-nama-je-jos-jedno-metkovsko-ljeto\/#primaryimage"},"thumbnailUrl":"https:\/\/likemetkovic.hr\/portal\/wp-content\/uploads\/2022\/06\/metkovsko-ljeto-most-gks.jpg","datePublished":"2022-06-21T18:35:25+00:00","dateModified":"2022-06-24T15:33:52+00:00","author":{"@id":"https:\/\/likemetkovic.hr\/#\/schema\/person\/0a8b4ebfdfe1ff01192dccda40c5da0c"},"breadcrumb":{"@id":"https:\/\/likemetkovic.hr\/program-pred-nama-je-jos-jedno-metkovsko-ljeto\/#breadcrumb"},"inLanguage":"hr","potentialAction":[{"@type":"ReadAction","target":["https:\/\/likemetkovic.hr\/program-pred-nama-je-jos-jedno-metkovsko-ljeto\/"]}]},{"@type":"ImageObject","inLanguage":"hr","@id":"https:\/\/likemetkovic.hr\/program-pred-nama-je-jos-jedno-metkovsko-ljeto\/#primaryimage","url":"https:\/\/likemetkovic.hr\/portal\/wp-content\/uploads\/2022\/06\/metkovsko-ljeto-most-gks.jpg","contentUrl":"https:\/\/likemetkovic.hr\/portal\/wp-content\/uploads\/2022\/06\/metkovsko-ljeto-most-gks.jpg","width":800,"height":534},{"@type":"BreadcrumbList","@id":"https:\/\/likemetkovic.hr\/program-pred-nama-je-jos-jedno-metkovsko-ljeto\/#breadcrumb","itemListElement":[{"@type":"ListItem","position":1,"name":"Po\u010detna stranica","item":"https:\/\/likemetkovic.hr\/portal\/"},{"@type":"ListItem","position":2,"name":"PROGRAM | Pred nama je jo\u0161 jedno &#8216;Metkovsko ljeto&#8217;"}]},{"@type":"WebSite","@id":"https:\/\/likemetkovic.hr\/#website","url":"https:\/\/likemetkovic.hr\/","name":"likemetkovic.hr","description":"Misli pozitivno... \u010ditaj LIKE","potentialAction":[{"@type":"SearchAction","target":{"@type":"EntryPoint","urlTemplate":"https:\/\/likemetkovic.hr\/?s={search_term_string}"},"query-input":{"@type":"PropertyValueSpecification","valueRequired":true,"valueName":"search_term_string"}}],"inLanguage":"hr"},{"@type":"Person","@id":"https:\/\/likemetkovic.hr\/#\/schema\/person\/0a8b4ebfdfe1ff01192dccda40c5da0c","name":"K. J.","url":"https:\/\/likemetkovic.hr\/portal\/author\/likemetkovic\/"}]}},"_links":{"self":[{"href":"https:\/\/likemetkovic.hr\/portal\/wp-json\/wp\/v2\/posts\/132753","targetHints":{"allow":["GET"]}}],"collection":[{"href":"https:\/\/likemetkovic.hr\/portal\/wp-json\/wp\/v2\/posts"}],"about":[{"href":"https:\/\/likemetkovic.hr\/portal\/wp-json\/wp\/v2\/types\/post"}],"author":[{"embeddable":true,"href":"https:\/\/likemetkovic.hr\/portal\/wp-json\/wp\/v2\/users\/9"}],"replies":[{"embeddable":true,"href":"https:\/\/likemetkovic.hr\/portal\/wp-json\/wp\/v2\/comments?post=132753"}],"version-history":[{"count":2,"href":"https:\/\/likemetkovic.hr\/portal\/wp-json\/wp\/v2\/posts\/132753\/revisions"}],"predecessor-version":[{"id":132872,"href":"https:\/\/likemetkovic.hr\/portal\/wp-json\/wp\/v2\/posts\/132753\/revisions\/132872"}],"wp:featuredmedia":[{"embeddable":true,"href":"https:\/\/likemetkovic.hr\/portal\/wp-json\/wp\/v2\/media\/132754"}],"wp:attachment":[{"href":"https:\/\/likemetkovic.hr\/portal\/wp-json\/wp\/v2\/media?parent=132753"}],"wp:term":[{"taxonomy":"category","embeddable":true,"href":"https:\/\/likemetkovic.hr\/portal\/wp-json\/wp\/v2\/categories?post=132753"},{"taxonomy":"post_tag","embeddable":true,"href":"https:\/\/likemetkovic.hr\/portal\/wp-json\/wp\/v2\/tags?post=132753"}],"curies":[{"name":"wp","href":"https:\/\/api.w.org\/{rel}","templated":true}]}}