{"id":132756,"date":"2022-06-21T20:51:15","date_gmt":"2022-06-21T18:51:15","guid":{"rendered":"https:\/\/likemetkovic.hr\/?p=132756"},"modified":"2022-06-21T20:51:15","modified_gmt":"2022-06-21T18:51:15","slug":"obiljezavanjem-svjetskoga-dana-glazbe-danas-je-pocelo-metkovsko-ljeto-2022","status":"publish","type":"post","link":"https:\/\/likemetkovic.hr\/portal\/obiljezavanjem-svjetskoga-dana-glazbe-danas-je-pocelo-metkovsko-ljeto-2022\/","title":{"rendered":"Obilje\u017eavanjem &#8216;Svjetskoga dana glazbe&#8217; danas je po\u010delo &#8216;Metkovsko ljeto 2022.&#8217;"},"content":{"rendered":"<p data-uw-styling-context=\"true\">Dana\u0161njim obilje\u017eavanjem <em><strong>Svjetskoga dana glazbe<\/strong> <\/em>po\u010dela je manifestacija Metkovsko ljeto 2022.<\/p>\n<p data-uw-styling-context=\"true\">Cjelodnevnim programom na vi\u0161e lokacija u gradu glazbom glazbu su slavili: u\u010denici metkovskih osnovnih \u0161kola Stjepana Radi\u0107a i don Mihovila Pavlinovi\u0107a, u\u010denici Osnovne glazbene \u0161kole Metkovi\u0107, vrti\u0107ani DV Metkovi\u0107 (skupina \u2018Poto\u010di\u0107\u2019), Ivan Vidovi\u0107, Teo i Toma, a od 21 sat u Gradskome parku odr\u017eat \u0107e se i nastup Delta Swamp Music DJ.<\/p>\n\r\n                <style type=\"text\/css\">\r\n                    \r\n                    #tdi_1  .td-doubleSlider-2 .td-item1 {\r\n                        background: url(https:\/\/likemetkovic.hr\/portal\/wp-content\/uploads\/2022\/06\/svjetski-dan-glazbe-21-6-22-1-80x60.jpg) 0 0 no-repeat;\r\n                    }\r\n                    #tdi_1  .td-doubleSlider-2 .td-item2 {\r\n                        background: url(https:\/\/likemetkovic.hr\/portal\/wp-content\/uploads\/2022\/06\/svjetski-dan-glazbe-21-6-22-2-80x60.jpg) 0 0 no-repeat;\r\n                    }\r\n                    #tdi_1  .td-doubleSlider-2 .td-item3 {\r\n                        background: url(https:\/\/likemetkovic.hr\/portal\/wp-content\/uploads\/2022\/06\/svjetski-dan-glazbe-21-6-22-4-80x60.jpg) 0 0 no-repeat;\r\n                    }\r\n                    #tdi_1  .td-doubleSlider-2 .td-item4 {\r\n                        background: url(https:\/\/likemetkovic.hr\/portal\/wp-content\/uploads\/2022\/06\/svjetski-dan-glazbe-21-6-22-5-80x60.jpg) 0 0 no-repeat;\r\n                    }\r\n                    #tdi_1  .td-doubleSlider-2 .td-item5 {\r\n                        background: url(https:\/\/likemetkovic.hr\/portal\/wp-content\/uploads\/2022\/06\/svjetski-dan-glazbe-21-6-22-9-80x60.jpg) 0 0 no-repeat;\r\n                    }\r\n                    #tdi_1  .td-doubleSlider-2 .td-item6 {\r\n                        background: url(https:\/\/likemetkovic.hr\/portal\/wp-content\/uploads\/2022\/06\/svjetski-dan-glazbe-21-6-22-10-80x60.jpg) 0 0 no-repeat;\r\n                    }\r\n                    #tdi_1  .td-doubleSlider-2 .td-item7 {\r\n                        background: url(https:\/\/likemetkovic.hr\/portal\/wp-content\/uploads\/2022\/06\/svjetski-dan-glazbe-21-6-22-11-80x60.jpg) 0 0 no-repeat;\r\n                    }\r\n                    #tdi_1  .td-doubleSlider-2 .td-item8 {\r\n                        background: url(https:\/\/likemetkovic.hr\/portal\/wp-content\/uploads\/2022\/06\/svjetski-dan-glazbe-21-6-22-13-80x60.jpg) 0 0 no-repeat;\r\n                    }\r\n                    #tdi_1  .td-doubleSlider-2 .td-item9 {\r\n                        background: url(https:\/\/likemetkovic.hr\/portal\/wp-content\/uploads\/2022\/06\/svjetski-dan-glazbe-21-6-22-14-80x60.jpg) 0 0 no-repeat;\r\n                    }\r\n                    #tdi_1  .td-doubleSlider-2 .td-item10 {\r\n                        background: url(https:\/\/likemetkovic.hr\/portal\/wp-content\/uploads\/2022\/06\/svjetski-dan-glazbe-21-6-22-15-80x60.jpg) 0 0 no-repeat;\r\n                    }\r\n                    #tdi_1  .td-doubleSlider-2 .td-item11 {\r\n                        background: url(https:\/\/likemetkovic.hr\/portal\/wp-content\/uploads\/2022\/06\/svjetski-dan-glazbe-21-6-22-16-80x60.jpg) 0 0 no-repeat;\r\n                    }\r\n                    #tdi_1  .td-doubleSlider-2 .td-item12 {\r\n                        background: url(https:\/\/likemetkovic.hr\/portal\/wp-content\/uploads\/2022\/06\/svjetski-dan-glazbe-21-6-22-17-80x60.jpg) 0 0 no-repeat;\r\n                    }\r\n                    #tdi_1  .td-doubleSlider-2 .td-item13 {\r\n                        background: url(https:\/\/likemetkovic.hr\/portal\/wp-content\/uploads\/2022\/06\/svjetski-dan-glazbe-21-6-22-18-80x60.jpg) 0 0 no-repeat;\r\n                    }\r\n                    #tdi_1  .td-doubleSlider-2 .td-item14 {\r\n                        background: url(https:\/\/likemetkovic.hr\/portal\/wp-content\/uploads\/2022\/06\/svjetski-dan-glazbe-21-6-22-21-80x60.jpg) 0 0 no-repeat;\r\n                    }\r\n                    #tdi_1  .td-doubleSlider-2 .td-item15 {\r\n                        background: url(https:\/\/likemetkovic.hr\/portal\/wp-content\/uploads\/2022\/06\/svjetski-dan-glazbe-21-6-22-23-80x60.jpg) 0 0 no-repeat;\r\n                    }\r\n                    #tdi_1  .td-doubleSlider-2 .td-item16 {\r\n                        background: url(https:\/\/likemetkovic.hr\/portal\/wp-content\/uploads\/2022\/06\/svjetski-dan-glazbe-21-6-22-24-80x60.jpg) 0 0 no-repeat;\r\n                    }\r\n                <\/style>\r\n\r\n                <div id=\"tdi_1\" class=\"td-gallery td-slide-on-2-columns\">\r\n                    <div class=\"post_td_gallery\">\r\n                        <div class=\"td-gallery-slide-top\">\r\n                           <div class=\"td-gallery-title\"><\/div>\r\n\r\n                            <div class=\"td-gallery-controls-wrapper\">\r\n                                <div class=\"td-gallery-slide-count\"><span class=\"td-gallery-slide-item-focus\">1<\/span> of 16<\/div>\r\n                                <div class=\"td-gallery-slide-prev-next-but\">\r\n                                    <i class = \"td-icon-left doubleSliderPrevButton\"><\/i>\r\n                                    <i class = \"td-icon-right doubleSliderNextButton\"><\/i>\r\n                                <\/div>\r\n                            <\/div>\r\n                        <\/div>\r\n\r\n                        <div class = \"td-doubleSlider-1 \">\r\n                            <div class = \"td-slider\">\r\n                                \r\n                    <div class = \"td-slide-item td-item1\">\r\n                        <figure class=\"td-slide-galery-figure td-slide-popup-gallery\">\r\n                            <a class=\"slide-gallery-image-link\" href=\"https:\/\/likemetkovic.hr\/portal\/wp-content\/uploads\/2022\/06\/svjetski-dan-glazbe-21-6-22-1.jpg\" title=\"svjetski dan glazbe 21-6-22 (1)\"  data-caption=\"\"  data-description=\"\">\r\n                                <img decoding=\"async\" src=\"https:\/\/likemetkovic.hr\/portal\/wp-content\/uploads\/2022\/06\/svjetski-dan-glazbe-21-6-22-1-560x420.jpg\" srcset=\"https:\/\/likemetkovic.hr\/portal\/wp-content\/uploads\/2022\/06\/svjetski-dan-glazbe-21-6-22-1-560x420.jpg 560w, https:\/\/likemetkovic.hr\/portal\/wp-content\/uploads\/2022\/06\/svjetski-dan-glazbe-21-6-22-1-768x576.jpg 768w, https:\/\/likemetkovic.hr\/portal\/wp-content\/uploads\/2022\/06\/svjetski-dan-glazbe-21-6-22-1-696x522.jpg 696w, https:\/\/likemetkovic.hr\/portal\/wp-content\/uploads\/2022\/06\/svjetski-dan-glazbe-21-6-22-1-80x60.jpg 80w, https:\/\/likemetkovic.hr\/portal\/wp-content\/uploads\/2022\/06\/svjetski-dan-glazbe-21-6-22-1-265x198.jpg 265w, https:\/\/likemetkovic.hr\/portal\/wp-content\/uploads\/2022\/06\/svjetski-dan-glazbe-21-6-22-1.jpg 800w\" sizes=\"(max-width: 560px) 100vw, 560px\" alt=\"\">\r\n                            <\/a>\r\n                            \r\n                        <\/figure>\r\n                    <\/div>\r\n                    <div class = \"td-slide-item td-item2\">\r\n                        <figure class=\"td-slide-galery-figure td-slide-popup-gallery\">\r\n                            <a class=\"slide-gallery-image-link\" href=\"https:\/\/likemetkovic.hr\/portal\/wp-content\/uploads\/2022\/06\/svjetski-dan-glazbe-21-6-22-2.jpg\" title=\"svjetski dan glazbe 21-6-22 (2)\"  data-caption=\"\"  data-description=\"\">\r\n                                <img decoding=\"async\" src=\"https:\/\/likemetkovic.hr\/portal\/wp-content\/uploads\/2022\/06\/svjetski-dan-glazbe-21-6-22-2-560x420.jpg\" srcset=\"https:\/\/likemetkovic.hr\/portal\/wp-content\/uploads\/2022\/06\/svjetski-dan-glazbe-21-6-22-2-560x420.jpg 560w, https:\/\/likemetkovic.hr\/portal\/wp-content\/uploads\/2022\/06\/svjetski-dan-glazbe-21-6-22-2-768x576.jpg 768w, https:\/\/likemetkovic.hr\/portal\/wp-content\/uploads\/2022\/06\/svjetski-dan-glazbe-21-6-22-2-696x522.jpg 696w, https:\/\/likemetkovic.hr\/portal\/wp-content\/uploads\/2022\/06\/svjetski-dan-glazbe-21-6-22-2-80x60.jpg 80w, https:\/\/likemetkovic.hr\/portal\/wp-content\/uploads\/2022\/06\/svjetski-dan-glazbe-21-6-22-2-265x198.jpg 265w, https:\/\/likemetkovic.hr\/portal\/wp-content\/uploads\/2022\/06\/svjetski-dan-glazbe-21-6-22-2.jpg 800w\" sizes=\"(max-width: 560px) 100vw, 560px\" alt=\"\">\r\n                            <\/a>\r\n                            \r\n                        <\/figure>\r\n                    <\/div>\r\n                    <div class = \"td-slide-item td-item3\">\r\n                        <figure class=\"td-slide-galery-figure td-slide-popup-gallery\">\r\n                            <a class=\"slide-gallery-image-link\" href=\"https:\/\/likemetkovic.hr\/portal\/wp-content\/uploads\/2022\/06\/svjetski-dan-glazbe-21-6-22-4.jpg\" title=\"svjetski dan glazbe 21-6-22 (4)\"  data-caption=\"\"  data-description=\"\">\r\n                                <img decoding=\"async\" src=\"https:\/\/likemetkovic.hr\/portal\/wp-content\/uploads\/2022\/06\/svjetski-dan-glazbe-21-6-22-4-560x420.jpg\" srcset=\"https:\/\/likemetkovic.hr\/portal\/wp-content\/uploads\/2022\/06\/svjetski-dan-glazbe-21-6-22-4-560x420.jpg 560w, https:\/\/likemetkovic.hr\/portal\/wp-content\/uploads\/2022\/06\/svjetski-dan-glazbe-21-6-22-4-768x576.jpg 768w, https:\/\/likemetkovic.hr\/portal\/wp-content\/uploads\/2022\/06\/svjetski-dan-glazbe-21-6-22-4-696x522.jpg 696w, https:\/\/likemetkovic.hr\/portal\/wp-content\/uploads\/2022\/06\/svjetski-dan-glazbe-21-6-22-4-80x60.jpg 80w, https:\/\/likemetkovic.hr\/portal\/wp-content\/uploads\/2022\/06\/svjetski-dan-glazbe-21-6-22-4-265x198.jpg 265w, https:\/\/likemetkovic.hr\/portal\/wp-content\/uploads\/2022\/06\/svjetski-dan-glazbe-21-6-22-4.jpg 800w\" sizes=\"(max-width: 560px) 100vw, 560px\" alt=\"\">\r\n                            <\/a>\r\n                            \r\n                        <\/figure>\r\n                    <\/div>\r\n                    <div class = \"td-slide-item td-item4\">\r\n                        <figure class=\"td-slide-galery-figure td-slide-popup-gallery\">\r\n                            <a class=\"slide-gallery-image-link\" href=\"https:\/\/likemetkovic.hr\/portal\/wp-content\/uploads\/2022\/06\/svjetski-dan-glazbe-21-6-22-5.jpg\" title=\"svjetski dan glazbe 21-6-22 (5)\"  data-caption=\"\"  data-description=\"\">\r\n                                <img decoding=\"async\" src=\"https:\/\/likemetkovic.hr\/portal\/wp-content\/uploads\/2022\/06\/svjetski-dan-glazbe-21-6-22-5-560x420.jpg\" srcset=\"https:\/\/likemetkovic.hr\/portal\/wp-content\/uploads\/2022\/06\/svjetski-dan-glazbe-21-6-22-5-560x420.jpg 560w, https:\/\/likemetkovic.hr\/portal\/wp-content\/uploads\/2022\/06\/svjetski-dan-glazbe-21-6-22-5-768x576.jpg 768w, https:\/\/likemetkovic.hr\/portal\/wp-content\/uploads\/2022\/06\/svjetski-dan-glazbe-21-6-22-5-696x522.jpg 696w, https:\/\/likemetkovic.hr\/portal\/wp-content\/uploads\/2022\/06\/svjetski-dan-glazbe-21-6-22-5-80x60.jpg 80w, https:\/\/likemetkovic.hr\/portal\/wp-content\/uploads\/2022\/06\/svjetski-dan-glazbe-21-6-22-5-265x198.jpg 265w, https:\/\/likemetkovic.hr\/portal\/wp-content\/uploads\/2022\/06\/svjetski-dan-glazbe-21-6-22-5.jpg 800w\" sizes=\"(max-width: 560px) 100vw, 560px\" alt=\"\">\r\n                            <\/a>\r\n                            \r\n                        <\/figure>\r\n                    <\/div>\r\n                    <div class = \"td-slide-item td-item5\">\r\n                        <figure class=\"td-slide-galery-figure td-slide-popup-gallery\">\r\n                            <a class=\"slide-gallery-image-link\" href=\"https:\/\/likemetkovic.hr\/portal\/wp-content\/uploads\/2022\/06\/svjetski-dan-glazbe-21-6-22-9.jpg\" title=\"svjetski dan glazbe 21-6-22 (9)\"  data-caption=\"\"  data-description=\"\">\r\n                                <img decoding=\"async\" src=\"https:\/\/likemetkovic.hr\/portal\/wp-content\/uploads\/2022\/06\/svjetski-dan-glazbe-21-6-22-9-747x420.jpg\" srcset=\"https:\/\/likemetkovic.hr\/portal\/wp-content\/uploads\/2022\/06\/svjetski-dan-glazbe-21-6-22-9-747x420.jpg 747w, https:\/\/likemetkovic.hr\/portal\/wp-content\/uploads\/2022\/06\/svjetski-dan-glazbe-21-6-22-9-768x432.jpg 768w, https:\/\/likemetkovic.hr\/portal\/wp-content\/uploads\/2022\/06\/svjetski-dan-glazbe-21-6-22-9-696x392.jpg 696w, https:\/\/likemetkovic.hr\/portal\/wp-content\/uploads\/2022\/06\/svjetski-dan-glazbe-21-6-22-9.jpg 800w\" sizes=\"(max-width: 747px) 100vw, 747px\" alt=\"\">\r\n                            <\/a>\r\n                            \r\n                        <\/figure>\r\n                    <\/div>\r\n                    <div class = \"td-slide-item td-item6\">\r\n                        <figure class=\"td-slide-galery-figure td-slide-popup-gallery\">\r\n                            <a class=\"slide-gallery-image-link\" href=\"https:\/\/likemetkovic.hr\/portal\/wp-content\/uploads\/2022\/06\/svjetski-dan-glazbe-21-6-22-10.jpg\" title=\"svjetski dan glazbe 21-6-22 (10)\"  data-caption=\"\"  data-description=\"\">\r\n                                <img decoding=\"async\" src=\"https:\/\/likemetkovic.hr\/portal\/wp-content\/uploads\/2022\/06\/svjetski-dan-glazbe-21-6-22-10-747x420.jpg\" srcset=\"https:\/\/likemetkovic.hr\/portal\/wp-content\/uploads\/2022\/06\/svjetski-dan-glazbe-21-6-22-10-747x420.jpg 747w, https:\/\/likemetkovic.hr\/portal\/wp-content\/uploads\/2022\/06\/svjetski-dan-glazbe-21-6-22-10-768x432.jpg 768w, https:\/\/likemetkovic.hr\/portal\/wp-content\/uploads\/2022\/06\/svjetski-dan-glazbe-21-6-22-10-696x392.jpg 696w, https:\/\/likemetkovic.hr\/portal\/wp-content\/uploads\/2022\/06\/svjetski-dan-glazbe-21-6-22-10.jpg 800w\" sizes=\"(max-width: 747px) 100vw, 747px\" alt=\"\">\r\n                            <\/a>\r\n                            \r\n                        <\/figure>\r\n                    <\/div>\r\n                    <div class = \"td-slide-item td-item7\">\r\n                        <figure class=\"td-slide-galery-figure td-slide-popup-gallery\">\r\n                            <a class=\"slide-gallery-image-link\" href=\"https:\/\/likemetkovic.hr\/portal\/wp-content\/uploads\/2022\/06\/svjetski-dan-glazbe-21-6-22-11.jpg\" title=\"svjetski dan glazbe 21-6-22 (11)\"  data-caption=\"\"  data-description=\"\">\r\n                                <img decoding=\"async\" src=\"https:\/\/likemetkovic.hr\/portal\/wp-content\/uploads\/2022\/06\/svjetski-dan-glazbe-21-6-22-11-747x420.jpg\" srcset=\"https:\/\/likemetkovic.hr\/portal\/wp-content\/uploads\/2022\/06\/svjetski-dan-glazbe-21-6-22-11-747x420.jpg 747w, https:\/\/likemetkovic.hr\/portal\/wp-content\/uploads\/2022\/06\/svjetski-dan-glazbe-21-6-22-11-768x432.jpg 768w, https:\/\/likemetkovic.hr\/portal\/wp-content\/uploads\/2022\/06\/svjetski-dan-glazbe-21-6-22-11-696x392.jpg 696w, https:\/\/likemetkovic.hr\/portal\/wp-content\/uploads\/2022\/06\/svjetski-dan-glazbe-21-6-22-11.jpg 800w\" sizes=\"(max-width: 747px) 100vw, 747px\" alt=\"\">\r\n                            <\/a>\r\n                            \r\n                        <\/figure>\r\n                    <\/div>\r\n                    <div class = \"td-slide-item td-item8\">\r\n                        <figure class=\"td-slide-galery-figure td-slide-popup-gallery\">\r\n                            <a class=\"slide-gallery-image-link\" href=\"https:\/\/likemetkovic.hr\/portal\/wp-content\/uploads\/2022\/06\/svjetski-dan-glazbe-21-6-22-13.jpg\" title=\"svjetski dan glazbe 21-6-22 (13)\"  data-caption=\"\"  data-description=\"\">\r\n                                <img decoding=\"async\" src=\"https:\/\/likemetkovic.hr\/portal\/wp-content\/uploads\/2022\/06\/svjetski-dan-glazbe-21-6-22-13-747x420.jpg\" srcset=\"https:\/\/likemetkovic.hr\/portal\/wp-content\/uploads\/2022\/06\/svjetski-dan-glazbe-21-6-22-13-747x420.jpg 747w, https:\/\/likemetkovic.hr\/portal\/wp-content\/uploads\/2022\/06\/svjetski-dan-glazbe-21-6-22-13-768x432.jpg 768w, https:\/\/likemetkovic.hr\/portal\/wp-content\/uploads\/2022\/06\/svjetski-dan-glazbe-21-6-22-13-696x392.jpg 696w, https:\/\/likemetkovic.hr\/portal\/wp-content\/uploads\/2022\/06\/svjetski-dan-glazbe-21-6-22-13.jpg 800w\" sizes=\"(max-width: 747px) 100vw, 747px\" alt=\"\">\r\n                            <\/a>\r\n                            \r\n                        <\/figure>\r\n                    <\/div>\r\n                    <div class = \"td-slide-item td-item9\">\r\n                        <figure class=\"td-slide-galery-figure td-slide-popup-gallery\">\r\n                            <a class=\"slide-gallery-image-link\" href=\"https:\/\/likemetkovic.hr\/portal\/wp-content\/uploads\/2022\/06\/svjetski-dan-glazbe-21-6-22-14.jpg\" title=\"svjetski dan glazbe 21-6-22 (14)\"  data-caption=\"\"  data-description=\"\">\r\n                                <img decoding=\"async\" src=\"https:\/\/likemetkovic.hr\/portal\/wp-content\/uploads\/2022\/06\/svjetski-dan-glazbe-21-6-22-14-747x420.jpg\" srcset=\"https:\/\/likemetkovic.hr\/portal\/wp-content\/uploads\/2022\/06\/svjetski-dan-glazbe-21-6-22-14-747x420.jpg 747w, https:\/\/likemetkovic.hr\/portal\/wp-content\/uploads\/2022\/06\/svjetski-dan-glazbe-21-6-22-14-768x432.jpg 768w, https:\/\/likemetkovic.hr\/portal\/wp-content\/uploads\/2022\/06\/svjetski-dan-glazbe-21-6-22-14-696x392.jpg 696w, https:\/\/likemetkovic.hr\/portal\/wp-content\/uploads\/2022\/06\/svjetski-dan-glazbe-21-6-22-14.jpg 800w\" sizes=\"(max-width: 747px) 100vw, 747px\" alt=\"\">\r\n                            <\/a>\r\n                            \r\n                        <\/figure>\r\n                    <\/div>\r\n                    <div class = \"td-slide-item td-item10\">\r\n                        <figure class=\"td-slide-galery-figure td-slide-popup-gallery\">\r\n                            <a class=\"slide-gallery-image-link\" href=\"https:\/\/likemetkovic.hr\/portal\/wp-content\/uploads\/2022\/06\/svjetski-dan-glazbe-21-6-22-15.jpg\" title=\"svjetski dan glazbe 21-6-22 (15)\"  data-caption=\"\"  data-description=\"\">\r\n                                <img decoding=\"async\" src=\"https:\/\/likemetkovic.hr\/portal\/wp-content\/uploads\/2022\/06\/svjetski-dan-glazbe-21-6-22-15-747x420.jpg\" srcset=\"https:\/\/likemetkovic.hr\/portal\/wp-content\/uploads\/2022\/06\/svjetski-dan-glazbe-21-6-22-15-747x420.jpg 747w, https:\/\/likemetkovic.hr\/portal\/wp-content\/uploads\/2022\/06\/svjetski-dan-glazbe-21-6-22-15-768x432.jpg 768w, https:\/\/likemetkovic.hr\/portal\/wp-content\/uploads\/2022\/06\/svjetski-dan-glazbe-21-6-22-15-696x392.jpg 696w, https:\/\/likemetkovic.hr\/portal\/wp-content\/uploads\/2022\/06\/svjetski-dan-glazbe-21-6-22-15.jpg 800w\" sizes=\"(max-width: 747px) 100vw, 747px\" alt=\"\">\r\n                            <\/a>\r\n                            \r\n                        <\/figure>\r\n                    <\/div>\r\n                    <div class = \"td-slide-item td-item11\">\r\n                        <figure class=\"td-slide-galery-figure td-slide-popup-gallery\">\r\n                            <a class=\"slide-gallery-image-link\" href=\"https:\/\/likemetkovic.hr\/portal\/wp-content\/uploads\/2022\/06\/svjetski-dan-glazbe-21-6-22-16.jpg\" title=\"svjetski dan glazbe 21-6-22 (16)\"  data-caption=\"\"  data-description=\"\">\r\n                                <img decoding=\"async\" src=\"https:\/\/likemetkovic.hr\/portal\/wp-content\/uploads\/2022\/06\/svjetski-dan-glazbe-21-6-22-16-747x420.jpg\" srcset=\"https:\/\/likemetkovic.hr\/portal\/wp-content\/uploads\/2022\/06\/svjetski-dan-glazbe-21-6-22-16-747x420.jpg 747w, https:\/\/likemetkovic.hr\/portal\/wp-content\/uploads\/2022\/06\/svjetski-dan-glazbe-21-6-22-16-768x432.jpg 768w, https:\/\/likemetkovic.hr\/portal\/wp-content\/uploads\/2022\/06\/svjetski-dan-glazbe-21-6-22-16-696x392.jpg 696w, https:\/\/likemetkovic.hr\/portal\/wp-content\/uploads\/2022\/06\/svjetski-dan-glazbe-21-6-22-16.jpg 800w\" sizes=\"(max-width: 747px) 100vw, 747px\" alt=\"\">\r\n                            <\/a>\r\n                            \r\n                        <\/figure>\r\n                    <\/div>\r\n                    <div class = \"td-slide-item td-item12\">\r\n                        <figure class=\"td-slide-galery-figure td-slide-popup-gallery\">\r\n                            <a class=\"slide-gallery-image-link\" href=\"https:\/\/likemetkovic.hr\/portal\/wp-content\/uploads\/2022\/06\/svjetski-dan-glazbe-21-6-22-17.jpg\" title=\"svjetski dan glazbe 21-6-22 (17)\"  data-caption=\"\"  data-description=\"\">\r\n                                <img decoding=\"async\" src=\"https:\/\/likemetkovic.hr\/portal\/wp-content\/uploads\/2022\/06\/svjetski-dan-glazbe-21-6-22-17-236x420.jpg\" srcset=\"https:\/\/likemetkovic.hr\/portal\/wp-content\/uploads\/2022\/06\/svjetski-dan-glazbe-21-6-22-17-236x420.jpg 236w, https:\/\/likemetkovic.hr\/portal\/wp-content\/uploads\/2022\/06\/svjetski-dan-glazbe-21-6-22-17-450x800.jpg 450w, https:\/\/likemetkovic.hr\/portal\/wp-content\/uploads\/2022\/06\/svjetski-dan-glazbe-21-6-22-17-675x1200.jpg 675w, https:\/\/likemetkovic.hr\/portal\/wp-content\/uploads\/2022\/06\/svjetski-dan-glazbe-21-6-22-17-768x1365.jpg 768w, https:\/\/likemetkovic.hr\/portal\/wp-content\/uploads\/2022\/06\/svjetski-dan-glazbe-21-6-22-17-696x1237.jpg 696w, https:\/\/likemetkovic.hr\/portal\/wp-content\/uploads\/2022\/06\/svjetski-dan-glazbe-21-6-22-17.jpg 800w\" sizes=\"(max-width: 236px) 100vw, 236px\" alt=\"\">\r\n                            <\/a>\r\n                            \r\n                        <\/figure>\r\n                    <\/div>\r\n                    <div class = \"td-slide-item td-item13\">\r\n                        <figure class=\"td-slide-galery-figure td-slide-popup-gallery\">\r\n                            <a class=\"slide-gallery-image-link\" href=\"https:\/\/likemetkovic.hr\/portal\/wp-content\/uploads\/2022\/06\/svjetski-dan-glazbe-21-6-22-18.jpg\" title=\"svjetski dan glazbe 21-6-22 (18)\"  data-caption=\"\"  data-description=\"\">\r\n                                <img decoding=\"async\" src=\"https:\/\/likemetkovic.hr\/portal\/wp-content\/uploads\/2022\/06\/svjetski-dan-glazbe-21-6-22-18-236x420.jpg\" srcset=\"https:\/\/likemetkovic.hr\/portal\/wp-content\/uploads\/2022\/06\/svjetski-dan-glazbe-21-6-22-18-236x420.jpg 236w, https:\/\/likemetkovic.hr\/portal\/wp-content\/uploads\/2022\/06\/svjetski-dan-glazbe-21-6-22-18-450x800.jpg 450w, https:\/\/likemetkovic.hr\/portal\/wp-content\/uploads\/2022\/06\/svjetski-dan-glazbe-21-6-22-18-675x1200.jpg 675w, https:\/\/likemetkovic.hr\/portal\/wp-content\/uploads\/2022\/06\/svjetski-dan-glazbe-21-6-22-18-768x1365.jpg 768w, https:\/\/likemetkovic.hr\/portal\/wp-content\/uploads\/2022\/06\/svjetski-dan-glazbe-21-6-22-18-696x1237.jpg 696w, https:\/\/likemetkovic.hr\/portal\/wp-content\/uploads\/2022\/06\/svjetski-dan-glazbe-21-6-22-18.jpg 800w\" sizes=\"(max-width: 236px) 100vw, 236px\" alt=\"\">\r\n                            <\/a>\r\n                            \r\n                        <\/figure>\r\n                    <\/div>\r\n                    <div class = \"td-slide-item td-item14\">\r\n                        <figure class=\"td-slide-galery-figure td-slide-popup-gallery\">\r\n                            <a class=\"slide-gallery-image-link\" href=\"https:\/\/likemetkovic.hr\/portal\/wp-content\/uploads\/2022\/06\/svjetski-dan-glazbe-21-6-22-21.jpg\" title=\"svjetski dan glazbe 21-6-22 (21)\"  data-caption=\"\"  data-description=\"\">\r\n                                <img decoding=\"async\" src=\"https:\/\/likemetkovic.hr\/portal\/wp-content\/uploads\/2022\/06\/svjetski-dan-glazbe-21-6-22-21-747x420.jpg\" srcset=\"https:\/\/likemetkovic.hr\/portal\/wp-content\/uploads\/2022\/06\/svjetski-dan-glazbe-21-6-22-21-747x420.jpg 747w, https:\/\/likemetkovic.hr\/portal\/wp-content\/uploads\/2022\/06\/svjetski-dan-glazbe-21-6-22-21-768x432.jpg 768w, https:\/\/likemetkovic.hr\/portal\/wp-content\/uploads\/2022\/06\/svjetski-dan-glazbe-21-6-22-21-696x392.jpg 696w, https:\/\/likemetkovic.hr\/portal\/wp-content\/uploads\/2022\/06\/svjetski-dan-glazbe-21-6-22-21.jpg 800w\" sizes=\"(max-width: 747px) 100vw, 747px\" alt=\"\">\r\n                            <\/a>\r\n                            \r\n                        <\/figure>\r\n                    <\/div>\r\n                    <div class = \"td-slide-item td-item15\">\r\n                        <figure class=\"td-slide-galery-figure td-slide-popup-gallery\">\r\n                            <a class=\"slide-gallery-image-link\" href=\"https:\/\/likemetkovic.hr\/portal\/wp-content\/uploads\/2022\/06\/svjetski-dan-glazbe-21-6-22-23.jpg\" title=\"svjetski dan glazbe 21-6-22 (23)\"  data-caption=\"\"  data-description=\"\">\r\n                                <img decoding=\"async\" src=\"https:\/\/likemetkovic.hr\/portal\/wp-content\/uploads\/2022\/06\/svjetski-dan-glazbe-21-6-22-23-747x420.jpg\" srcset=\"https:\/\/likemetkovic.hr\/portal\/wp-content\/uploads\/2022\/06\/svjetski-dan-glazbe-21-6-22-23-747x420.jpg 747w, https:\/\/likemetkovic.hr\/portal\/wp-content\/uploads\/2022\/06\/svjetski-dan-glazbe-21-6-22-23-768x432.jpg 768w, https:\/\/likemetkovic.hr\/portal\/wp-content\/uploads\/2022\/06\/svjetski-dan-glazbe-21-6-22-23-696x392.jpg 696w, https:\/\/likemetkovic.hr\/portal\/wp-content\/uploads\/2022\/06\/svjetski-dan-glazbe-21-6-22-23.jpg 800w\" sizes=\"(max-width: 747px) 100vw, 747px\" alt=\"\">\r\n                            <\/a>\r\n                            \r\n                        <\/figure>\r\n                    <\/div>\r\n                    <div class = \"td-slide-item td-item16\">\r\n                        <figure class=\"td-slide-galery-figure td-slide-popup-gallery\">\r\n                            <a class=\"slide-gallery-image-link\" href=\"https:\/\/likemetkovic.hr\/portal\/wp-content\/uploads\/2022\/06\/svjetski-dan-glazbe-21-6-22-24.jpg\" title=\"svjetski dan glazbe 21-6-22 (24)\"  data-caption=\"\"  data-description=\"\">\r\n                                <img decoding=\"async\" src=\"https:\/\/likemetkovic.hr\/portal\/wp-content\/uploads\/2022\/06\/svjetski-dan-glazbe-21-6-22-24-560x420.jpg\" srcset=\"https:\/\/likemetkovic.hr\/portal\/wp-content\/uploads\/2022\/06\/svjetski-dan-glazbe-21-6-22-24-560x420.jpg 560w, https:\/\/likemetkovic.hr\/portal\/wp-content\/uploads\/2022\/06\/svjetski-dan-glazbe-21-6-22-24-768x576.jpg 768w, https:\/\/likemetkovic.hr\/portal\/wp-content\/uploads\/2022\/06\/svjetski-dan-glazbe-21-6-22-24-696x522.jpg 696w, https:\/\/likemetkovic.hr\/portal\/wp-content\/uploads\/2022\/06\/svjetski-dan-glazbe-21-6-22-24-80x60.jpg 80w, https:\/\/likemetkovic.hr\/portal\/wp-content\/uploads\/2022\/06\/svjetski-dan-glazbe-21-6-22-24-265x198.jpg 265w, https:\/\/likemetkovic.hr\/portal\/wp-content\/uploads\/2022\/06\/svjetski-dan-glazbe-21-6-22-24.jpg 800w\" sizes=\"(max-width: 560px) 100vw, 560px\" alt=\"\">\r\n                            <\/a>\r\n                            \r\n                        <\/figure>\r\n                    <\/div>\r\n                            <\/div>\r\n                        <\/div>\r\n\r\n                        <div class = \"td-doubleSlider-2\">\r\n                            <div class = \"td-slider\">\r\n                                \r\n                    <div class = \"td-button td-item1\">\r\n                        <div class = \"td-border\"><\/div>\r\n                    <\/div>\r\n                    <div class = \"td-button td-item2\">\r\n                        <div class = \"td-border\"><\/div>\r\n                    <\/div>\r\n                    <div class = \"td-button td-item3\">\r\n                        <div class = \"td-border\"><\/div>\r\n                    <\/div>\r\n                    <div class = \"td-button td-item4\">\r\n                        <div class = \"td-border\"><\/div>\r\n                    <\/div>\r\n                    <div class = \"td-button td-item5\">\r\n                        <div class = \"td-border\"><\/div>\r\n                    <\/div>\r\n                    <div class = \"td-button td-item6\">\r\n                        <div class = \"td-border\"><\/div>\r\n                    <\/div>\r\n                    <div class = \"td-button td-item7\">\r\n                        <div class = \"td-border\"><\/div>\r\n                    <\/div>\r\n                    <div class = \"td-button td-item8\">\r\n                        <div class = \"td-border\"><\/div>\r\n                    <\/div>\r\n                    <div class = \"td-button td-item9\">\r\n                        <div class = \"td-border\"><\/div>\r\n                    <\/div>\r\n                    <div class = \"td-button td-item10\">\r\n                        <div class = \"td-border\"><\/div>\r\n                    <\/div>\r\n                    <div class = \"td-button td-item11\">\r\n                        <div class = \"td-border\"><\/div>\r\n                    <\/div>\r\n                    <div class = \"td-button td-item12\">\r\n                        <div class = \"td-border\"><\/div>\r\n                    <\/div>\r\n                    <div class = \"td-button td-item13\">\r\n                        <div class = \"td-border\"><\/div>\r\n                    <\/div>\r\n                    <div class = \"td-button td-item14\">\r\n                        <div class = \"td-border\"><\/div>\r\n                    <\/div>\r\n                    <div class = \"td-button td-item15\">\r\n                        <div class = \"td-border\"><\/div>\r\n                    <\/div>\r\n                    <div class = \"td-button td-item16\">\r\n                        <div class = \"td-border\"><\/div>\r\n                    <\/div>\r\n                            <\/div>\r\n                        <\/div>\r\n\r\n                    <\/div>\r\n\r\n                <\/div>\r\n                \n","protected":false},"excerpt":{"rendered":"<p>Dana\u0161njim obilje\u017eavanjem Svjetskoga dana glazbe po\u010dela je manifestacija Metkovsko ljeto 2022. Cjelodnevnim programom na vi\u0161e lokacija u gradu glazbom glazbu su slavili: u\u010denici metkovskih osnovnih \u0161kola Stjepana Radi\u0107a i don Mihovila Pavlinovi\u0107a, u\u010denici Osnovne glazbene \u0161kole Metkovi\u0107, vrti\u0107ani DV Metkovi\u0107 (skupina \u2018Poto\u010di\u0107\u2019), Ivan Vidovi\u0107, Teo i Toma, a od 21 sat u Gradskome parku odr\u017eat [&hellip;]<\/p>\n","protected":false},"author":7,"featured_media":132773,"comment_status":"open","ping_status":"open","sticky":false,"template":"","format":"standard","meta":{"footnotes":""},"categories":[296,11],"tags":[10765,9498],"class_list":{"0":"post-132756","1":"post","2":"type-post","3":"status-publish","4":"format-standard","5":"has-post-thumbnail","7":"category-ab","8":"category-metkovic-dolina","9":"tag-metkovsko-ljeto-2022","10":"tag-svjetski-dan-glazbe"},"yoast_head":"<!-- This site is optimized with the Yoast SEO plugin v25.2 - https:\/\/yoast.com\/wordpress\/plugins\/seo\/ -->\n<title>Obilje\u017eavanjem &#039;Svjetskoga dana glazbe&#039; danas je po\u010delo &#039;Metkovsko ljeto 2022.&#039; - likemetkovic.hr<\/title>\n<meta name=\"robots\" content=\"index, follow, max-snippet:-1, max-image-preview:large, max-video-preview:-1\" \/>\n<link rel=\"canonical\" href=\"https:\/\/likemetkovic.hr\/obiljezavanjem-svjetskoga-dana-glazbe-danas-je-pocelo-metkovsko-ljeto-2022\/\" \/>\n<meta property=\"og:locale\" content=\"hr_HR\" \/>\n<meta property=\"og:type\" content=\"article\" \/>\n<meta property=\"og:title\" content=\"Obilje\u017eavanjem &#039;Svjetskoga dana glazbe&#039; danas je po\u010delo &#039;Metkovsko ljeto 2022.&#039; - likemetkovic.hr\" \/>\n<meta property=\"og:description\" content=\"Dana\u0161njim obilje\u017eavanjem Svjetskoga dana glazbe po\u010dela je manifestacija Metkovsko ljeto 2022. Cjelodnevnim programom na vi\u0161e lokacija u gradu glazbom glazbu su slavili: u\u010denici metkovskih osnovnih \u0161kola Stjepana Radi\u0107a i don Mihovila Pavlinovi\u0107a, u\u010denici Osnovne glazbene \u0161kole Metkovi\u0107, vrti\u0107ani DV Metkovi\u0107 (skupina \u2018Poto\u010di\u0107\u2019), Ivan Vidovi\u0107, Teo i Toma, a od 21 sat u Gradskome parku odr\u017eat [&hellip;]\" \/>\n<meta property=\"og:url\" content=\"https:\/\/likemetkovic.hr\/obiljezavanjem-svjetskoga-dana-glazbe-danas-je-pocelo-metkovsko-ljeto-2022\/\" \/>\n<meta property=\"og:site_name\" content=\"likemetkovic.hr\" \/>\n<meta property=\"article:publisher\" content=\"https:\/\/www.facebook.com\/likemetkovic.hr\/\" \/>\n<meta property=\"article:published_time\" content=\"2022-06-21T18:51:15+00:00\" \/>\n<meta property=\"og:image\" content=\"https:\/\/likemetkovic.hr\/wp-content\/uploads\/2022\/06\/svjetski-dan-glazbe.jpg\" \/>\n\t<meta property=\"og:image:width\" content=\"800\" \/>\n\t<meta property=\"og:image:height\" content=\"550\" \/>\n\t<meta property=\"og:image:type\" content=\"image\/jpeg\" \/>\n<meta name=\"author\" content=\"LIKEmetkovic.hr\" \/>\n<meta name=\"twitter:card\" content=\"summary_large_image\" \/>\n<meta name=\"twitter:label1\" content=\"Napisao\/la\" \/>\n\t<meta name=\"twitter:data1\" content=\"LIKEmetkovic.hr\" \/>\n\t<meta name=\"twitter:label2\" content=\"Procijenjeno vrijeme \u010ditanja\" \/>\n\t<meta name=\"twitter:data2\" content=\"1 minuta\" \/>\n<script type=\"application\/ld+json\" class=\"yoast-schema-graph\">{\"@context\":\"https:\/\/schema.org\",\"@graph\":[{\"@type\":\"WebPage\",\"@id\":\"https:\/\/likemetkovic.hr\/obiljezavanjem-svjetskoga-dana-glazbe-danas-je-pocelo-metkovsko-ljeto-2022\/\",\"url\":\"https:\/\/likemetkovic.hr\/obiljezavanjem-svjetskoga-dana-glazbe-danas-je-pocelo-metkovsko-ljeto-2022\/\",\"name\":\"Obilje\u017eavanjem 'Svjetskoga dana glazbe' danas je po\u010delo 'Metkovsko ljeto 2022.' - likemetkovic.hr\",\"isPartOf\":{\"@id\":\"https:\/\/likemetkovic.hr\/#website\"},\"primaryImageOfPage\":{\"@id\":\"https:\/\/likemetkovic.hr\/obiljezavanjem-svjetskoga-dana-glazbe-danas-je-pocelo-metkovsko-ljeto-2022\/#primaryimage\"},\"image\":{\"@id\":\"https:\/\/likemetkovic.hr\/obiljezavanjem-svjetskoga-dana-glazbe-danas-je-pocelo-metkovsko-ljeto-2022\/#primaryimage\"},\"thumbnailUrl\":\"https:\/\/likemetkovic.hr\/portal\/wp-content\/uploads\/2022\/06\/svjetski-dan-glazbe.jpg\",\"datePublished\":\"2022-06-21T18:51:15+00:00\",\"author\":{\"@id\":\"https:\/\/likemetkovic.hr\/#\/schema\/person\/a42711f3385a0e2be6f7e0443bfb28f0\"},\"breadcrumb\":{\"@id\":\"https:\/\/likemetkovic.hr\/obiljezavanjem-svjetskoga-dana-glazbe-danas-je-pocelo-metkovsko-ljeto-2022\/#breadcrumb\"},\"inLanguage\":\"hr\",\"potentialAction\":[{\"@type\":\"ReadAction\",\"target\":[\"https:\/\/likemetkovic.hr\/obiljezavanjem-svjetskoga-dana-glazbe-danas-je-pocelo-metkovsko-ljeto-2022\/\"]}]},{\"@type\":\"ImageObject\",\"inLanguage\":\"hr\",\"@id\":\"https:\/\/likemetkovic.hr\/obiljezavanjem-svjetskoga-dana-glazbe-danas-je-pocelo-metkovsko-ljeto-2022\/#primaryimage\",\"url\":\"https:\/\/likemetkovic.hr\/portal\/wp-content\/uploads\/2022\/06\/svjetski-dan-glazbe.jpg\",\"contentUrl\":\"https:\/\/likemetkovic.hr\/portal\/wp-content\/uploads\/2022\/06\/svjetski-dan-glazbe.jpg\",\"width\":800,\"height\":550},{\"@type\":\"BreadcrumbList\",\"@id\":\"https:\/\/likemetkovic.hr\/obiljezavanjem-svjetskoga-dana-glazbe-danas-je-pocelo-metkovsko-ljeto-2022\/#breadcrumb\",\"itemListElement\":[{\"@type\":\"ListItem\",\"position\":1,\"name\":\"Po\u010detna stranica\",\"item\":\"https:\/\/likemetkovic.hr\/portal\/\"},{\"@type\":\"ListItem\",\"position\":2,\"name\":\"Obilje\u017eavanjem &#8216;Svjetskoga dana glazbe&#8217; danas je po\u010delo &#8216;Metkovsko ljeto 2022.&#8217;\"}]},{\"@type\":\"WebSite\",\"@id\":\"https:\/\/likemetkovic.hr\/#website\",\"url\":\"https:\/\/likemetkovic.hr\/\",\"name\":\"likemetkovic.hr\",\"description\":\"Misli pozitivno... \u010ditaj LIKE\",\"potentialAction\":[{\"@type\":\"SearchAction\",\"target\":{\"@type\":\"EntryPoint\",\"urlTemplate\":\"https:\/\/likemetkovic.hr\/?s={search_term_string}\"},\"query-input\":{\"@type\":\"PropertyValueSpecification\",\"valueRequired\":true,\"valueName\":\"search_term_string\"}}],\"inLanguage\":\"hr\"},{\"@type\":\"Person\",\"@id\":\"https:\/\/likemetkovic.hr\/#\/schema\/person\/a42711f3385a0e2be6f7e0443bfb28f0\",\"name\":\"LIKEmetkovic.hr\",\"sameAs\":[\"http:\/\/likemetkovic.hr\"],\"url\":\"https:\/\/likemetkovic.hr\/portal\/author\/likemetkovic-hr\/\"}]}<\/script>\n<!-- \/ Yoast SEO plugin. -->","yoast_head_json":{"title":"Obilje\u017eavanjem 'Svjetskoga dana glazbe' danas je po\u010delo 'Metkovsko ljeto 2022.' - likemetkovic.hr","robots":{"index":"index","follow":"follow","max-snippet":"max-snippet:-1","max-image-preview":"max-image-preview:large","max-video-preview":"max-video-preview:-1"},"canonical":"https:\/\/likemetkovic.hr\/obiljezavanjem-svjetskoga-dana-glazbe-danas-je-pocelo-metkovsko-ljeto-2022\/","og_locale":"hr_HR","og_type":"article","og_title":"Obilje\u017eavanjem 'Svjetskoga dana glazbe' danas je po\u010delo 'Metkovsko ljeto 2022.' - likemetkovic.hr","og_description":"Dana\u0161njim obilje\u017eavanjem Svjetskoga dana glazbe po\u010dela je manifestacija Metkovsko ljeto 2022. Cjelodnevnim programom na vi\u0161e lokacija u gradu glazbom glazbu su slavili: u\u010denici metkovskih osnovnih \u0161kola Stjepana Radi\u0107a i don Mihovila Pavlinovi\u0107a, u\u010denici Osnovne glazbene \u0161kole Metkovi\u0107, vrti\u0107ani DV Metkovi\u0107 (skupina \u2018Poto\u010di\u0107\u2019), Ivan Vidovi\u0107, Teo i Toma, a od 21 sat u Gradskome parku odr\u017eat [&hellip;]","og_url":"https:\/\/likemetkovic.hr\/obiljezavanjem-svjetskoga-dana-glazbe-danas-je-pocelo-metkovsko-ljeto-2022\/","og_site_name":"likemetkovic.hr","article_publisher":"https:\/\/www.facebook.com\/likemetkovic.hr\/","article_published_time":"2022-06-21T18:51:15+00:00","og_image":[{"width":800,"height":550,"url":"https:\/\/likemetkovic.hr\/wp-content\/uploads\/2022\/06\/svjetski-dan-glazbe.jpg","type":"image\/jpeg"}],"author":"LIKEmetkovic.hr","twitter_card":"summary_large_image","twitter_misc":{"Napisao\/la":"LIKEmetkovic.hr","Procijenjeno vrijeme \u010ditanja":"1 minuta"},"schema":{"@context":"https:\/\/schema.org","@graph":[{"@type":"WebPage","@id":"https:\/\/likemetkovic.hr\/obiljezavanjem-svjetskoga-dana-glazbe-danas-je-pocelo-metkovsko-ljeto-2022\/","url":"https:\/\/likemetkovic.hr\/obiljezavanjem-svjetskoga-dana-glazbe-danas-je-pocelo-metkovsko-ljeto-2022\/","name":"Obilje\u017eavanjem 'Svjetskoga dana glazbe' danas je po\u010delo 'Metkovsko ljeto 2022.' - likemetkovic.hr","isPartOf":{"@id":"https:\/\/likemetkovic.hr\/#website"},"primaryImageOfPage":{"@id":"https:\/\/likemetkovic.hr\/obiljezavanjem-svjetskoga-dana-glazbe-danas-je-pocelo-metkovsko-ljeto-2022\/#primaryimage"},"image":{"@id":"https:\/\/likemetkovic.hr\/obiljezavanjem-svjetskoga-dana-glazbe-danas-je-pocelo-metkovsko-ljeto-2022\/#primaryimage"},"thumbnailUrl":"https:\/\/likemetkovic.hr\/portal\/wp-content\/uploads\/2022\/06\/svjetski-dan-glazbe.jpg","datePublished":"2022-06-21T18:51:15+00:00","author":{"@id":"https:\/\/likemetkovic.hr\/#\/schema\/person\/a42711f3385a0e2be6f7e0443bfb28f0"},"breadcrumb":{"@id":"https:\/\/likemetkovic.hr\/obiljezavanjem-svjetskoga-dana-glazbe-danas-je-pocelo-metkovsko-ljeto-2022\/#breadcrumb"},"inLanguage":"hr","potentialAction":[{"@type":"ReadAction","target":["https:\/\/likemetkovic.hr\/obiljezavanjem-svjetskoga-dana-glazbe-danas-je-pocelo-metkovsko-ljeto-2022\/"]}]},{"@type":"ImageObject","inLanguage":"hr","@id":"https:\/\/likemetkovic.hr\/obiljezavanjem-svjetskoga-dana-glazbe-danas-je-pocelo-metkovsko-ljeto-2022\/#primaryimage","url":"https:\/\/likemetkovic.hr\/portal\/wp-content\/uploads\/2022\/06\/svjetski-dan-glazbe.jpg","contentUrl":"https:\/\/likemetkovic.hr\/portal\/wp-content\/uploads\/2022\/06\/svjetski-dan-glazbe.jpg","width":800,"height":550},{"@type":"BreadcrumbList","@id":"https:\/\/likemetkovic.hr\/obiljezavanjem-svjetskoga-dana-glazbe-danas-je-pocelo-metkovsko-ljeto-2022\/#breadcrumb","itemListElement":[{"@type":"ListItem","position":1,"name":"Po\u010detna stranica","item":"https:\/\/likemetkovic.hr\/portal\/"},{"@type":"ListItem","position":2,"name":"Obilje\u017eavanjem &#8216;Svjetskoga dana glazbe&#8217; danas je po\u010delo &#8216;Metkovsko ljeto 2022.&#8217;"}]},{"@type":"WebSite","@id":"https:\/\/likemetkovic.hr\/#website","url":"https:\/\/likemetkovic.hr\/","name":"likemetkovic.hr","description":"Misli pozitivno... \u010ditaj LIKE","potentialAction":[{"@type":"SearchAction","target":{"@type":"EntryPoint","urlTemplate":"https:\/\/likemetkovic.hr\/?s={search_term_string}"},"query-input":{"@type":"PropertyValueSpecification","valueRequired":true,"valueName":"search_term_string"}}],"inLanguage":"hr"},{"@type":"Person","@id":"https:\/\/likemetkovic.hr\/#\/schema\/person\/a42711f3385a0e2be6f7e0443bfb28f0","name":"LIKEmetkovic.hr","sameAs":["http:\/\/likemetkovic.hr"],"url":"https:\/\/likemetkovic.hr\/portal\/author\/likemetkovic-hr\/"}]}},"_links":{"self":[{"href":"https:\/\/likemetkovic.hr\/portal\/wp-json\/wp\/v2\/posts\/132756","targetHints":{"allow":["GET"]}}],"collection":[{"href":"https:\/\/likemetkovic.hr\/portal\/wp-json\/wp\/v2\/posts"}],"about":[{"href":"https:\/\/likemetkovic.hr\/portal\/wp-json\/wp\/v2\/types\/post"}],"author":[{"embeddable":true,"href":"https:\/\/likemetkovic.hr\/portal\/wp-json\/wp\/v2\/users\/7"}],"replies":[{"embeddable":true,"href":"https:\/\/likemetkovic.hr\/portal\/wp-json\/wp\/v2\/comments?post=132756"}],"version-history":[{"count":1,"href":"https:\/\/likemetkovic.hr\/portal\/wp-json\/wp\/v2\/posts\/132756\/revisions"}],"predecessor-version":[{"id":132774,"href":"https:\/\/likemetkovic.hr\/portal\/wp-json\/wp\/v2\/posts\/132756\/revisions\/132774"}],"wp:featuredmedia":[{"embeddable":true,"href":"https:\/\/likemetkovic.hr\/portal\/wp-json\/wp\/v2\/media\/132773"}],"wp:attachment":[{"href":"https:\/\/likemetkovic.hr\/portal\/wp-json\/wp\/v2\/media?parent=132756"}],"wp:term":[{"taxonomy":"category","embeddable":true,"href":"https:\/\/likemetkovic.hr\/portal\/wp-json\/wp\/v2\/categories?post=132756"},{"taxonomy":"post_tag","embeddable":true,"href":"https:\/\/likemetkovic.hr\/portal\/wp-json\/wp\/v2\/tags?post=132756"}],"curies":[{"name":"wp","href":"https:\/\/api.w.org\/{rel}","templated":true}]}}