{"id":132784,"date":"2022-06-22T12:41:38","date_gmt":"2022-06-22T10:41:38","guid":{"rendered":"https:\/\/likemetkovic.hr\/?p=132784"},"modified":"2022-06-22T12:41:38","modified_gmt":"2022-06-22T10:41:38","slug":"bosko-sutalo-kapetan-u-21-reprezentacije-potpisao-za-dinamo","status":"publish","type":"post","link":"https:\/\/likemetkovic.hr\/portal\/bosko-sutalo-kapetan-u-21-reprezentacije-potpisao-za-dinamo\/","title":{"rendered":"Bo\u0161ko \u0160utalo, kapetan U-21 reprezentacije, potpisao za Dinamo"},"content":{"rendered":"<p>Kapetan hrvatske U-21 reprezentacije i dosada\u0161nji igra\u010d talijanske Atalante, 22-godi\u0161nji Bo\u0161ko \u0160utalo novo je poja\u010danje Dinama. \u0160utalo je u utorak potpisao petogodi\u0161nji ugovor s hrvatskim prvakom te \u0107e se odmah priklju\u010diti prvoj mom\u010dadi koja u srijedu putuje na pripreme u Sloveniju.<\/p>\n<p>\u0160utalo je u Maksimir stigao za cijenu od tri do \u010detiri milijuna eura \u0161to je drugi ulazni transfer u povijesti kluba.<\/p>\n<p>Bo\u0161ko u Dinamo sti\u017ee iz talijanske\u00a0<strong>Atalante<\/strong>, dok je od kolovoza 2021. bio na jednogodi\u0161njoj posudbi u klubu\u00a0<strong>Hellas Verona.\u00a0<\/strong>Ujedno je niz godina reprezentativac mla\u0111ih kategorija Hrvatske. Igra\u010dki je iznimno brz, sjajan u duelima i aktivno sudjeluje u igri, svakako je veliki talent i fantasti\u010dan obrambeni igra\u010d. Jedan je od\u00a0<strong>najperspektivnijih mladih igra\u010da<\/strong>\u00a0na ovim prostorima.<\/p>\n<p>Poniknuo je u\u00a0<strong>Neretvi\u00a0<\/strong>iz\u00a0Metkovi\u0107a. Dvije je godine igrao u podmlatku\u00a0<strong>RNK Split<\/strong>. Financijskim padom Splita potra\u017eio je novu okolinu. Premda su ga nudili\u00a0Hajduku, nisu ga htjeli, pa je ovaj Hajdukov proma\u0161aj izbora talenata iskoristio<strong>\u00a0Osijek\u00a0<\/strong>kojeg je doveo u juniore koje je vodio Igor Budi\u0161a. Premda jo\u0161 nije iza\u0161ao iz juniorskog sta\u017ea, sezone 2019.\/2020. \u0160utalo je do\u0161ao do prve mom\u010dadi u kojoj je nastupio 16 puta u po\u010detnom sastavu. Sije\u010dnja 2020. veliko zanimanje za njega pokazali su brojni klubovi me\u0111u kojima je i talijanska\u00a0<strong>Atalanta<\/strong>.<\/p>\n<p>Foto: GNK Dinamo<\/p>\n","protected":false},"excerpt":{"rendered":"<p>Kapetan hrvatske U-21 reprezentacije i dosada\u0161nji igra\u010d talijanske Atalante, 22-godi\u0161nji Bo\u0161ko \u0160utalo novo je poja\u010danje Dinama. \u0160utalo je u utorak potpisao petogodi\u0161nji ugovor s hrvatskim prvakom te \u0107e se odmah priklju\u010diti prvoj mom\u010dadi koja u srijedu putuje na pripreme u Sloveniju. \u0160utalo je u Maksimir stigao za cijenu od tri do \u010detiri milijuna eura \u0161to [&hellip;]<\/p>\n","protected":false},"author":9,"featured_media":132785,"comment_status":"open","ping_status":"open","sticky":false,"template":"","format":"standard","meta":{"footnotes":""},"categories":[296,30],"tags":[],"class_list":{"0":"post-132784","1":"post","2":"type-post","3":"status-publish","4":"format-standard","5":"has-post-thumbnail","7":"category-ab","8":"category-nogomet"},"yoast_head":"<!-- This site is optimized with the Yoast SEO plugin v25.2 - https:\/\/yoast.com\/wordpress\/plugins\/seo\/ -->\n<title>Bo\u0161ko \u0160utalo, kapetan U-21 reprezentacije, potpisao za Dinamo - likemetkovic.hr<\/title>\n<meta name=\"robots\" content=\"index, follow, max-snippet:-1, max-image-preview:large, max-video-preview:-1\" \/>\n<link rel=\"canonical\" href=\"https:\/\/likemetkovic.hr\/bosko-sutalo-kapetan-u-21-reprezentacije-potpisao-za-dinamo\/\" \/>\n<meta property=\"og:locale\" content=\"hr_HR\" \/>\n<meta property=\"og:type\" content=\"article\" \/>\n<meta property=\"og:title\" content=\"Bo\u0161ko \u0160utalo, kapetan U-21 reprezentacije, potpisao za Dinamo - likemetkovic.hr\" \/>\n<meta property=\"og:description\" content=\"Kapetan hrvatske U-21 reprezentacije i dosada\u0161nji igra\u010d talijanske Atalante, 22-godi\u0161nji Bo\u0161ko \u0160utalo novo je poja\u010danje Dinama. \u0160utalo je u utorak potpisao petogodi\u0161nji ugovor s hrvatskim prvakom te \u0107e se odmah priklju\u010diti prvoj mom\u010dadi koja u srijedu putuje na pripreme u Sloveniju. \u0160utalo je u Maksimir stigao za cijenu od tri do \u010detiri milijuna eura \u0161to [&hellip;]\" \/>\n<meta property=\"og:url\" content=\"https:\/\/likemetkovic.hr\/bosko-sutalo-kapetan-u-21-reprezentacije-potpisao-za-dinamo\/\" \/>\n<meta property=\"og:site_name\" content=\"likemetkovic.hr\" \/>\n<meta property=\"article:publisher\" content=\"https:\/\/www.facebook.com\/likemetkovic.hr\/\" \/>\n<meta property=\"article:published_time\" content=\"2022-06-22T10:41:38+00:00\" \/>\n<meta property=\"og:image\" content=\"https:\/\/likemetkovic.hr\/wp-content\/uploads\/2022\/06\/bosko-sutalo-dinamo-21-6-22_.jpg\" \/>\n\t<meta property=\"og:image:width\" content=\"800\" \/>\n\t<meta property=\"og:image:height\" content=\"534\" \/>\n\t<meta property=\"og:image:type\" content=\"image\/jpeg\" \/>\n<meta name=\"author\" content=\"K. J.\" \/>\n<meta name=\"twitter:card\" content=\"summary_large_image\" \/>\n<meta name=\"twitter:label1\" content=\"Napisao\/la\" \/>\n\t<meta name=\"twitter:data1\" content=\"K. J.\" \/>\n\t<meta name=\"twitter:label2\" content=\"Procijenjeno vrijeme \u010ditanja\" \/>\n\t<meta name=\"twitter:data2\" content=\"2 minute\" \/>\n<script type=\"application\/ld+json\" class=\"yoast-schema-graph\">{\"@context\":\"https:\/\/schema.org\",\"@graph\":[{\"@type\":\"WebPage\",\"@id\":\"https:\/\/likemetkovic.hr\/bosko-sutalo-kapetan-u-21-reprezentacije-potpisao-za-dinamo\/\",\"url\":\"https:\/\/likemetkovic.hr\/bosko-sutalo-kapetan-u-21-reprezentacije-potpisao-za-dinamo\/\",\"name\":\"Bo\u0161ko \u0160utalo, kapetan U-21 reprezentacije, potpisao za Dinamo - likemetkovic.hr\",\"isPartOf\":{\"@id\":\"https:\/\/likemetkovic.hr\/#website\"},\"primaryImageOfPage\":{\"@id\":\"https:\/\/likemetkovic.hr\/bosko-sutalo-kapetan-u-21-reprezentacije-potpisao-za-dinamo\/#primaryimage\"},\"image\":{\"@id\":\"https:\/\/likemetkovic.hr\/bosko-sutalo-kapetan-u-21-reprezentacije-potpisao-za-dinamo\/#primaryimage\"},\"thumbnailUrl\":\"https:\/\/likemetkovic.hr\/portal\/wp-content\/uploads\/2022\/06\/bosko-sutalo-dinamo-21-6-22_.jpg\",\"datePublished\":\"2022-06-22T10:41:38+00:00\",\"author\":{\"@id\":\"https:\/\/likemetkovic.hr\/#\/schema\/person\/0a8b4ebfdfe1ff01192dccda40c5da0c\"},\"breadcrumb\":{\"@id\":\"https:\/\/likemetkovic.hr\/bosko-sutalo-kapetan-u-21-reprezentacije-potpisao-za-dinamo\/#breadcrumb\"},\"inLanguage\":\"hr\",\"potentialAction\":[{\"@type\":\"ReadAction\",\"target\":[\"https:\/\/likemetkovic.hr\/bosko-sutalo-kapetan-u-21-reprezentacije-potpisao-za-dinamo\/\"]}]},{\"@type\":\"ImageObject\",\"inLanguage\":\"hr\",\"@id\":\"https:\/\/likemetkovic.hr\/bosko-sutalo-kapetan-u-21-reprezentacije-potpisao-za-dinamo\/#primaryimage\",\"url\":\"https:\/\/likemetkovic.hr\/portal\/wp-content\/uploads\/2022\/06\/bosko-sutalo-dinamo-21-6-22_.jpg\",\"contentUrl\":\"https:\/\/likemetkovic.hr\/portal\/wp-content\/uploads\/2022\/06\/bosko-sutalo-dinamo-21-6-22_.jpg\",\"width\":800,\"height\":534},{\"@type\":\"BreadcrumbList\",\"@id\":\"https:\/\/likemetkovic.hr\/bosko-sutalo-kapetan-u-21-reprezentacije-potpisao-za-dinamo\/#breadcrumb\",\"itemListElement\":[{\"@type\":\"ListItem\",\"position\":1,\"name\":\"Po\u010detna stranica\",\"item\":\"https:\/\/likemetkovic.hr\/portal\/\"},{\"@type\":\"ListItem\",\"position\":2,\"name\":\"Bo\u0161ko \u0160utalo, kapetan U-21 reprezentacije, potpisao za Dinamo\"}]},{\"@type\":\"WebSite\",\"@id\":\"https:\/\/likemetkovic.hr\/#website\",\"url\":\"https:\/\/likemetkovic.hr\/\",\"name\":\"likemetkovic.hr\",\"description\":\"Misli pozitivno... \u010ditaj LIKE\",\"potentialAction\":[{\"@type\":\"SearchAction\",\"target\":{\"@type\":\"EntryPoint\",\"urlTemplate\":\"https:\/\/likemetkovic.hr\/?s={search_term_string}\"},\"query-input\":{\"@type\":\"PropertyValueSpecification\",\"valueRequired\":true,\"valueName\":\"search_term_string\"}}],\"inLanguage\":\"hr\"},{\"@type\":\"Person\",\"@id\":\"https:\/\/likemetkovic.hr\/#\/schema\/person\/0a8b4ebfdfe1ff01192dccda40c5da0c\",\"name\":\"K. J.\",\"url\":\"https:\/\/likemetkovic.hr\/portal\/author\/likemetkovic\/\"}]}<\/script>\n<!-- \/ Yoast SEO plugin. -->","yoast_head_json":{"title":"Bo\u0161ko \u0160utalo, kapetan U-21 reprezentacije, potpisao za Dinamo - likemetkovic.hr","robots":{"index":"index","follow":"follow","max-snippet":"max-snippet:-1","max-image-preview":"max-image-preview:large","max-video-preview":"max-video-preview:-1"},"canonical":"https:\/\/likemetkovic.hr\/bosko-sutalo-kapetan-u-21-reprezentacije-potpisao-za-dinamo\/","og_locale":"hr_HR","og_type":"article","og_title":"Bo\u0161ko \u0160utalo, kapetan U-21 reprezentacije, potpisao za Dinamo - likemetkovic.hr","og_description":"Kapetan hrvatske U-21 reprezentacije i dosada\u0161nji igra\u010d talijanske Atalante, 22-godi\u0161nji Bo\u0161ko \u0160utalo novo je poja\u010danje Dinama. \u0160utalo je u utorak potpisao petogodi\u0161nji ugovor s hrvatskim prvakom te \u0107e se odmah priklju\u010diti prvoj mom\u010dadi koja u srijedu putuje na pripreme u Sloveniju. \u0160utalo je u Maksimir stigao za cijenu od tri do \u010detiri milijuna eura \u0161to [&hellip;]","og_url":"https:\/\/likemetkovic.hr\/bosko-sutalo-kapetan-u-21-reprezentacije-potpisao-za-dinamo\/","og_site_name":"likemetkovic.hr","article_publisher":"https:\/\/www.facebook.com\/likemetkovic.hr\/","article_published_time":"2022-06-22T10:41:38+00:00","og_image":[{"width":800,"height":534,"url":"https:\/\/likemetkovic.hr\/wp-content\/uploads\/2022\/06\/bosko-sutalo-dinamo-21-6-22_.jpg","type":"image\/jpeg"}],"author":"K. J.","twitter_card":"summary_large_image","twitter_misc":{"Napisao\/la":"K. J.","Procijenjeno vrijeme \u010ditanja":"2 minute"},"schema":{"@context":"https:\/\/schema.org","@graph":[{"@type":"WebPage","@id":"https:\/\/likemetkovic.hr\/bosko-sutalo-kapetan-u-21-reprezentacije-potpisao-za-dinamo\/","url":"https:\/\/likemetkovic.hr\/bosko-sutalo-kapetan-u-21-reprezentacije-potpisao-za-dinamo\/","name":"Bo\u0161ko \u0160utalo, kapetan U-21 reprezentacije, potpisao za Dinamo - likemetkovic.hr","isPartOf":{"@id":"https:\/\/likemetkovic.hr\/#website"},"primaryImageOfPage":{"@id":"https:\/\/likemetkovic.hr\/bosko-sutalo-kapetan-u-21-reprezentacije-potpisao-za-dinamo\/#primaryimage"},"image":{"@id":"https:\/\/likemetkovic.hr\/bosko-sutalo-kapetan-u-21-reprezentacije-potpisao-za-dinamo\/#primaryimage"},"thumbnailUrl":"https:\/\/likemetkovic.hr\/portal\/wp-content\/uploads\/2022\/06\/bosko-sutalo-dinamo-21-6-22_.jpg","datePublished":"2022-06-22T10:41:38+00:00","author":{"@id":"https:\/\/likemetkovic.hr\/#\/schema\/person\/0a8b4ebfdfe1ff01192dccda40c5da0c"},"breadcrumb":{"@id":"https:\/\/likemetkovic.hr\/bosko-sutalo-kapetan-u-21-reprezentacije-potpisao-za-dinamo\/#breadcrumb"},"inLanguage":"hr","potentialAction":[{"@type":"ReadAction","target":["https:\/\/likemetkovic.hr\/bosko-sutalo-kapetan-u-21-reprezentacije-potpisao-za-dinamo\/"]}]},{"@type":"ImageObject","inLanguage":"hr","@id":"https:\/\/likemetkovic.hr\/bosko-sutalo-kapetan-u-21-reprezentacije-potpisao-za-dinamo\/#primaryimage","url":"https:\/\/likemetkovic.hr\/portal\/wp-content\/uploads\/2022\/06\/bosko-sutalo-dinamo-21-6-22_.jpg","contentUrl":"https:\/\/likemetkovic.hr\/portal\/wp-content\/uploads\/2022\/06\/bosko-sutalo-dinamo-21-6-22_.jpg","width":800,"height":534},{"@type":"BreadcrumbList","@id":"https:\/\/likemetkovic.hr\/bosko-sutalo-kapetan-u-21-reprezentacije-potpisao-za-dinamo\/#breadcrumb","itemListElement":[{"@type":"ListItem","position":1,"name":"Po\u010detna stranica","item":"https:\/\/likemetkovic.hr\/portal\/"},{"@type":"ListItem","position":2,"name":"Bo\u0161ko \u0160utalo, kapetan U-21 reprezentacije, potpisao za Dinamo"}]},{"@type":"WebSite","@id":"https:\/\/likemetkovic.hr\/#website","url":"https:\/\/likemetkovic.hr\/","name":"likemetkovic.hr","description":"Misli pozitivno... \u010ditaj LIKE","potentialAction":[{"@type":"SearchAction","target":{"@type":"EntryPoint","urlTemplate":"https:\/\/likemetkovic.hr\/?s={search_term_string}"},"query-input":{"@type":"PropertyValueSpecification","valueRequired":true,"valueName":"search_term_string"}}],"inLanguage":"hr"},{"@type":"Person","@id":"https:\/\/likemetkovic.hr\/#\/schema\/person\/0a8b4ebfdfe1ff01192dccda40c5da0c","name":"K. J.","url":"https:\/\/likemetkovic.hr\/portal\/author\/likemetkovic\/"}]}},"_links":{"self":[{"href":"https:\/\/likemetkovic.hr\/portal\/wp-json\/wp\/v2\/posts\/132784","targetHints":{"allow":["GET"]}}],"collection":[{"href":"https:\/\/likemetkovic.hr\/portal\/wp-json\/wp\/v2\/posts"}],"about":[{"href":"https:\/\/likemetkovic.hr\/portal\/wp-json\/wp\/v2\/types\/post"}],"author":[{"embeddable":true,"href":"https:\/\/likemetkovic.hr\/portal\/wp-json\/wp\/v2\/users\/9"}],"replies":[{"embeddable":true,"href":"https:\/\/likemetkovic.hr\/portal\/wp-json\/wp\/v2\/comments?post=132784"}],"version-history":[{"count":1,"href":"https:\/\/likemetkovic.hr\/portal\/wp-json\/wp\/v2\/posts\/132784\/revisions"}],"predecessor-version":[{"id":132786,"href":"https:\/\/likemetkovic.hr\/portal\/wp-json\/wp\/v2\/posts\/132784\/revisions\/132786"}],"wp:featuredmedia":[{"embeddable":true,"href":"https:\/\/likemetkovic.hr\/portal\/wp-json\/wp\/v2\/media\/132785"}],"wp:attachment":[{"href":"https:\/\/likemetkovic.hr\/portal\/wp-json\/wp\/v2\/media?parent=132784"}],"wp:term":[{"taxonomy":"category","embeddable":true,"href":"https:\/\/likemetkovic.hr\/portal\/wp-json\/wp\/v2\/categories?post=132784"},{"taxonomy":"post_tag","embeddable":true,"href":"https:\/\/likemetkovic.hr\/portal\/wp-json\/wp\/v2\/tags?post=132784"}],"curies":[{"name":"wp","href":"https:\/\/api.w.org\/{rel}","templated":true}]}}