{"id":133444,"date":"2022-07-11T09:29:17","date_gmt":"2022-07-11T07:29:17","guid":{"rendered":"https:\/\/likemetkovic.hr\/?p=133444"},"modified":"2022-07-11T09:31:13","modified_gmt":"2022-07-11T07:31:13","slug":"stizu-nove-vrucine-portugal-se-przi-na-45-c-toplinski-val-krece-prema-nasim-krajevima","status":"publish","type":"post","link":"https:\/\/likemetkovic.hr\/portal\/stizu-nove-vrucine-portugal-se-przi-na-45-c-toplinski-val-krece-prema-nasim-krajevima\/","title":{"rendered":"STI\u017dU NOVE VRU\u0106INE | Portugal se pr\u017ei na 45 \u00b0C, toplinski val kre\u0107e prema na\u0161im krajevima"},"content":{"rendered":"<p>Nakon prolaska prvog toplinskog vala ovoga ljeta u Hrvatskoj u prvom tjednu srpnja, izostanak vru\u0107ine posljednjih 7 dana, ne samo na kopnu, ve\u0107 i na moru, zasigurno je mnogima odgovaralo. Dani su, naime, u unutra\u0161njosti trenuta\u010dno hladniji u usporedbi s prosjekom za ovaj dio srpnja. No, ve\u0107 u drugoj polovici ovoga tjedna, kako javlja <a href=\"https:\/\/vrijeme-i-promet.hrt.hr\/vrijeme\/u-ponedjeljak-stablinije-ali-ne-i-toplije-vrijeme-8443709\" target=\"_blank\" rel=\"noopener\"><strong>HRT<\/strong><\/a>, opet \u0107e biti vru\u0107e &#8211; temperatura \u0107e ponovno rasti na iznadprosje\u010dne vrijednosti.<\/p>\n<p>No, zasad smo jo\u0161 u hladnijem razdoblju. U Dalmaciji je u nedjelju prevladavalo sun\u010dano i vrlo toplo s temperaturom oko prosjeka za doba godine. U ostalim je krajevima bilo promjenljivo, ponegdje uz malo ki\u0161e ili popodnevni pljusak te zamjetno manje toplo. Oslabljena fronta koja je tomu pridonijela odmi\u010de na istok, a zbog ja\u010deg utjecaja anticiklone sa zapada, vrijeme \u0107e u ponedjeljak biti stabilnije, no ne i toplije, prenosi\u00a0<a href=\"https:\/\/slobodnadalmacija.hr\/vijesti\/hrvatska\/opet-nam-stizu-paklene-vrucine-portugal-se-przi-na-45-c-toplinski-val-krece-prema-nasim-krajevima-evo-kad-dolazi-u-dalmaciju-1207331\" target=\"_blank\" rel=\"noopener\">Slobodna Dalmacija.<\/a><\/p>\n<p>Tako \u0107e u Slavoniji i Baranji u ponedjeljak danju biti od 22 do 24 stupnja uz umjerenu naoblaku i umjeren sjeverozapadni vjetar. No\u0107 i jutro bit \u0107e vedriji i mirniji, a stoga i svje\u017ei &#8211; temperatura se mo\u017ee sniziti i do 10 stupnjeva. U sredi\u0161njim predjelima bit \u0107e djelomice sun\u010dano uz ve\u0107inom slab vjetar. Najni\u017ea jutarnja temperatura kretat \u0107e se ve\u0107inom izme\u0111u 11 i 14, a najvi\u0161a dnevna oko 24 stupnja.<\/p>\n<p>Povremeno umjerene naoblake bit \u0107e i u gorju te na \u0161irem rije\u010dkom podru\u010dju, a drugdje na sjevernom Jadranu bit \u0107e ve\u0107inom sun\u010dano. U no\u0107i \u0107e zapuhati umjerena i jaka bura, podno Velebita na udare i olujna, a sredinom dana \u0107e oslabjeti, \u0161to \u0107e pridonijeti smirivanju mora. Popodnevna temperatura kretat \u0107e se od 23 stupnja u gorju do 29 na moru.<\/p>\n<p>STI\u017dU NOVE VRU\u0106INE<\/p>\n<p>U Dalmaciji \u0107e biti prete\u017eno sun\u010dano. U no\u0107i i ujutro prolazno o\u010dekuje se ja\u010da bura koja \u0107e zatim oslabjeti i okrenuti na zapadnjak i sjeverozapadnjak. More \u0107e pritom biti malo i umjereno valovito. No\u0107u \u0107e biti toplo, a poslijepodne vrlo toplo, ponegdje i vru\u0107e.<\/p>\n<p>U ponedjeljak se najvi\u0161e vedrine o\u010dekuje na ju\u017enom Jadranu, gdje \u0107e tako\u0111er biti razmjerno vjetrovito uz umjereno valovito more. U prvom dijelu dana o\u010dekuje se umjerena do jaka bura, a zatim zapadnjak i sjeverozapadnjak. Najni\u017ea temperatura kretat \u0107e se izme\u0111u 20 i 23 stupnja, a najvi\u0161a dnevna od 28 na obali do 31 u zaobalju.<\/p>\n<p>U utorak \u0107e u unutra\u0161njosti biti jo\u0161 razmjerno svje\u017ee, pogotovo ujutro, te djelomice sun\u010dano. Na zapadu je mogu\u0107 poneki lokalni pljusak, ponajprije u gorju. U srijedu i \u010detvrtak bit \u0107e ve\u0107inom sun\u010dano, a temperatura \u0107e biti u naglom porastu, \u0161to je najava povratka vru\u0107ina. Vjetar \u0107e biti uglavnom slab, a u Slavoniji do srijede povremeno umjeren sjeverozapadni.<\/p>\n<p>Na Jadranu \u0107e u idu\u0107a tri dana prevladavati prete\u017eno sun\u010dano, u no\u0107nim i jutarnjima satima uz slabu i umjerenu buru, a poslijepodne jugozapadnjak i sjeverozapadnjak. Temperatura zraka bit \u0107e u blagom porastu pa \u0107e danju sve \u010de\u0161\u0107e ponovno biti vru\u0107e.<\/p>\n<p>To je zapravo uvertira u novi toplinski val, koji bi temperature u dijelovima Hrvatske mo\u017eda ve\u0107 krajem idu\u0107eg tjedna te pogotovo po\u010detkom tjedna iza, trebao ponovno podignuti blizu 40 stupnjeva. Tako se, primjerice, u Zagrebu idu\u0107eg vikenda o\u010dekuju najvi\u0161e dnevne temperature od 32 do 34 stupnjeva, no ve\u0107 u ponedjeljak, kako donosi stranica\u00a0<a href=\"https:\/\/weather.com\/hr-HR\/weather\/tenday\/l\/539ed99ddac6f415b6518f1f3cc8386d27a9ae5baa5039ed29094c58c447d3dc\" target=\"_blank\" rel=\"noopener\"><strong>weather.com<\/strong><\/a>, najvi\u0161e bi se vrijednosti trebale popeti do \u010dak 38 stupnjeva i tijekom cijeloga tjedna ne bi se trebale spu\u0161tati za vi\u0161e od 3 ili 4 stupnja.<\/p>\n<p>Radi se o toplinskom valu koji \u0107e u na\u0161e krajeve sti\u0107i sa zapada Europe, gdje vru\u0107ina ve\u0107 pr\u017ei i izaziva prve nevolje. U Portugalu, gdje se od utorka u dijelovima zemlje o\u010dekuju temperature do \u010dak 45 stupnjeva, ve\u0107 bjesne po\u017eari. Tamo je u vatrenim stihijama do sada ozlije\u0111eno najmanje 29 osoba. Nekoliko je manjih sela u subotu evakuirano, a nekoliko domova pretrpjelo \u0161tetu, pi\u0161e\u00a0<a href=\"https:\/\/www.jutarnji.hr\/vijesti\/hrvatska\/portugal-se-przi-na-45-c-toplinski-val-krece-prema-nama-evo-kada-stizu-paklene-vrucine-15220773\" target=\"_blank\" rel=\"noopener\"><strong>Jutarnji<\/strong><\/a>.<\/p>\n<p>PO\u017dARI BJESNE PORTUGALOM, TEMPERATURA SE PENJE DO 45 STUPNJEVA<\/p>\n<p>U subotu je u toj zemlji zabilje\u017eeno 125 po\u017eara, \u0161to je najve\u0107i broj zabilje\u017een u jednom danu ove godine, a oko 1500 vatrogasaca anga\u017eirano je na ga\u0161enju tri najve\u0107a po\u017eara, kako prenosi\u00a0<a href=\"https:\/\/wwnews.cryptomatters.net\/blistering-heat-scorches-europe-as-portugal-wildfire-injures-29-and-officials-warn-of-hotter-changing-climate-world-news\/\" target=\"_blank\" rel=\"noopener\"><strong>cryptomatters<\/strong><\/a>.<\/p>\n<p>Tamo\u0161nja vlada je proglasila stanje pripravnosti u cijeloj zemlji od ponedjeljka do petka 15. srpnja, a posebno zabrinjava \u0161to se uz ekstremne vru\u0107ine, u dijelovima zemlje o\u010dekuju i vjetrovi brzine ve\u0107e od 60 km\/h.<\/p>\n<p>I u \u0160panjolskoj se predvi\u0111a da \u0107e temperature po\u010detkom tjedna rasti do 42 stupnja u nekim podru\u010djima uz granicu s Portugalom. Oborine u lipnju u \u0160panjolskoj bile su otprilike upola manje od 30-godi\u0161njeg prosjeka, a akumulacije su trenuta\u010dno na tek 45 posto kapaciteta, prema vladinim podacima.<\/p>\n<p>Mnoga podru\u010dja zapadne i ju\u017ene Europe ovog su se ljeta ve\u0107 suo\u010dila s neuobi\u010dajeno visokim temperaturama, \u0161umski po\u017eari izbili su i u Francuskoj i \u0160panjolskoj, a stru\u010dnjaci povezuju iznadprosje\u010dno vru\u0107e razdoblje za Europu s klimatskim promjenama.<\/p>\n<p>U takvim okolnostima, portugalski predsjednik\u00a0<strong>Marcelo Rebelo de Sousa<\/strong>\u00a0otkazao je svoj put na sastanak Ujedinjenih naroda u New Yorku idu\u0107i tjedan, a premijer\u00a0<strong>Antonio Costa<\/strong>\u00a0zamolio je javnost na Twitteru da izbjegavaju paljenje vatre i kori\u0161tenje te\u0161kih strojeva, zbog opasnosti od nastanka novih po\u017eara.<\/p>\n<p>U petak se oko 1000 vatrogasaca i 12 protupo\u017earnih zrakoplova borilo s gigantskim po\u017earom u ju\u017enoj francuskoj regiji Gard, koji je progutao stotine hektara te natjerao brojne stanovnike na evakuaciju. Prema izvje\u0161\u0107u lokalnih vlasti, po\u017ear je u petak nave\u010der stavljen pod kontrolu, ali trebat \u0107e nekoliko dana da ga se ugasi.<\/p>\n<p>Italija je tako\u0111er ve\u0107 pretrpjela produljeni toplinski val ovog ljeta, a u toj zemlji je na djelu najgora su\u0161a u 70 godina. Italija je pro\u0161log ponedjeljka proglasila izvanredno stanje za podru\u010dja oko rijeke Po, koja osigurava uvjete za otprilike tre\u0107inu poljoprivredne proizvodnje u zemlji i bilje\u017ei najni\u017ei vodostaj u posljednjih 70 godina.<\/p>\n<p>EKSTREMNA SU\u0160A U ITALIJI<\/p>\n<p>Vladina uredba omogu\u0107ava vlastima da smanje birokraciju i odmah poduzmu mjere ako smatraju da je to potrebno, kao \u0161to je nametanje racionalizacije vode za domove i tvrtke.<\/p>\n<p>Po je najdu\u017ea rijeka u Italiji koja te\u010de vi\u0161e od 650 km kroz bogati sjever Italije. Me\u0111utim, mnogi dijelovi vodenog puta su presu\u0161ili i poljoprivrednici ka\u017eu da je tok toliko slab da slana morska voda prodire u unutra\u0161njost, uni\u0161tavaju\u0107i usjeve.<\/p>\n<p>Vlada je zbog su\u0161e uvela izvanredno stanje u pet sjevernih regija &#8211; Emilii-Romagni, Furlaniji-Julijskoj krajini, Lombardiji, Pijemontu i Venetu &#8211; namijeniv\u0161i prvotno 36,5 milijuna eura za pomo\u0107 u rje\u0161avanju nesta\u0161ice vode.<\/p>\n<p>U nekim su podru\u010djima jo\u0161 prije uvedene i restrikcije. U Milanu je, primjerice, zabranjeno prati automobile, osim u ovla\u0161tenim servisima. Zabranjeno je i mijenjati vodu u privatnim fontanama i bazenima, nego se savjetuje da se postoje\u0107u vodu \u010duva, \u010disti i dezinficira kemikalijama.<\/p>\n<p>U mnogim op\u0107inama je zabranjeno koristiti pitku vodu za zalijevanje povrtnjaka i perivoja, pranje automobila, punjenje bazena i sli\u010dne aktivnosti sa znatnijim utro\u0161kom vode.<\/p>\n","protected":false},"excerpt":{"rendered":"<p>Nakon prolaska prvog toplinskog vala ovoga ljeta u Hrvatskoj u prvom tjednu srpnja, izostanak vru\u0107ine posljednjih 7 dana, ne samo na kopnu, ve\u0107 i na moru, zasigurno je mnogima odgovaralo. Dani su, naime, u unutra\u0161njosti trenuta\u010dno hladniji u usporedbi s prosjekom za ovaj dio srpnja. No, ve\u0107 u drugoj polovici ovoga tjedna, kako javlja HRT, [&hellip;]<\/p>\n","protected":false},"author":7,"featured_media":133082,"comment_status":"open","ping_status":"open","sticky":false,"template":"","format":"standard","meta":{"footnotes":""},"categories":[296,1027],"tags":[3576,365],"class_list":{"0":"post-133444","1":"post","2":"type-post","3":"status-publish","4":"format-standard","5":"has-post-thumbnail","7":"category-ab","8":"category-hrvatska","9":"tag-toplinski-val","10":"tag-vremenska-prognoza"},"yoast_head":"<!-- This site is optimized with the Yoast SEO plugin v25.2 - https:\/\/yoast.com\/wordpress\/plugins\/seo\/ -->\n<title>STI\u017dU NOVE VRU\u0106INE | Portugal se pr\u017ei na 45 \u00b0C, toplinski val kre\u0107e prema na\u0161im krajevima - likemetkovic.hr<\/title>\n<meta name=\"robots\" content=\"index, follow, max-snippet:-1, max-image-preview:large, max-video-preview:-1\" \/>\n<link rel=\"canonical\" href=\"https:\/\/likemetkovic.hr\/stizu-nove-vrucine-portugal-se-przi-na-45-c-toplinski-val-krece-prema-nasim-krajevima\/\" \/>\n<meta property=\"og:locale\" content=\"hr_HR\" \/>\n<meta property=\"og:type\" content=\"article\" \/>\n<meta property=\"og:title\" content=\"STI\u017dU NOVE VRU\u0106INE | Portugal se pr\u017ei na 45 \u00b0C, toplinski val kre\u0107e prema na\u0161im krajevima - likemetkovic.hr\" \/>\n<meta property=\"og:description\" content=\"Nakon prolaska prvog toplinskog vala ovoga ljeta u Hrvatskoj u prvom tjednu srpnja, izostanak vru\u0107ine posljednjih 7 dana, ne samo na kopnu, ve\u0107 i na moru, zasigurno je mnogima odgovaralo. Dani su, naime, u unutra\u0161njosti trenuta\u010dno hladniji u usporedbi s prosjekom za ovaj dio srpnja. No, ve\u0107 u drugoj polovici ovoga tjedna, kako javlja HRT, [&hellip;]\" \/>\n<meta property=\"og:url\" content=\"https:\/\/likemetkovic.hr\/stizu-nove-vrucine-portugal-se-przi-na-45-c-toplinski-val-krece-prema-nasim-krajevima\/\" \/>\n<meta property=\"og:site_name\" content=\"likemetkovic.hr\" \/>\n<meta property=\"article:publisher\" content=\"https:\/\/www.facebook.com\/likemetkovic.hr\/\" \/>\n<meta property=\"article:published_time\" content=\"2022-07-11T07:29:17+00:00\" \/>\n<meta property=\"article:modified_time\" content=\"2022-07-11T07:31:13+00:00\" \/>\n<meta property=\"og:image\" content=\"https:\/\/likemetkovic.hr\/wp-content\/uploads\/2022\/06\/ljeto-setaliste-29-6-22-2.jpg\" \/>\n\t<meta property=\"og:image:width\" content=\"800\" \/>\n\t<meta property=\"og:image:height\" content=\"450\" \/>\n\t<meta property=\"og:image:type\" content=\"image\/jpeg\" \/>\n<meta name=\"author\" content=\"LIKEmetkovic.hr\" \/>\n<meta name=\"twitter:card\" content=\"summary_large_image\" \/>\n<meta name=\"twitter:label1\" content=\"Napisao\/la\" \/>\n\t<meta name=\"twitter:data1\" content=\"LIKEmetkovic.hr\" \/>\n\t<meta name=\"twitter:label2\" content=\"Procijenjeno vrijeme \u010ditanja\" \/>\n\t<meta name=\"twitter:data2\" content=\"6 minuta\" \/>\n<script type=\"application\/ld+json\" class=\"yoast-schema-graph\">{\"@context\":\"https:\/\/schema.org\",\"@graph\":[{\"@type\":\"WebPage\",\"@id\":\"https:\/\/likemetkovic.hr\/stizu-nove-vrucine-portugal-se-przi-na-45-c-toplinski-val-krece-prema-nasim-krajevima\/\",\"url\":\"https:\/\/likemetkovic.hr\/stizu-nove-vrucine-portugal-se-przi-na-45-c-toplinski-val-krece-prema-nasim-krajevima\/\",\"name\":\"STI\u017dU NOVE VRU\u0106INE | Portugal se pr\u017ei na 45 \u00b0C, toplinski val kre\u0107e prema na\u0161im krajevima - likemetkovic.hr\",\"isPartOf\":{\"@id\":\"https:\/\/likemetkovic.hr\/#website\"},\"primaryImageOfPage\":{\"@id\":\"https:\/\/likemetkovic.hr\/stizu-nove-vrucine-portugal-se-przi-na-45-c-toplinski-val-krece-prema-nasim-krajevima\/#primaryimage\"},\"image\":{\"@id\":\"https:\/\/likemetkovic.hr\/stizu-nove-vrucine-portugal-se-przi-na-45-c-toplinski-val-krece-prema-nasim-krajevima\/#primaryimage\"},\"thumbnailUrl\":\"https:\/\/likemetkovic.hr\/portal\/wp-content\/uploads\/2022\/06\/ljeto-setaliste-29-6-22-2.jpg\",\"datePublished\":\"2022-07-11T07:29:17+00:00\",\"dateModified\":\"2022-07-11T07:31:13+00:00\",\"author\":{\"@id\":\"https:\/\/likemetkovic.hr\/#\/schema\/person\/a42711f3385a0e2be6f7e0443bfb28f0\"},\"breadcrumb\":{\"@id\":\"https:\/\/likemetkovic.hr\/stizu-nove-vrucine-portugal-se-przi-na-45-c-toplinski-val-krece-prema-nasim-krajevima\/#breadcrumb\"},\"inLanguage\":\"hr\",\"potentialAction\":[{\"@type\":\"ReadAction\",\"target\":[\"https:\/\/likemetkovic.hr\/stizu-nove-vrucine-portugal-se-przi-na-45-c-toplinski-val-krece-prema-nasim-krajevima\/\"]}]},{\"@type\":\"ImageObject\",\"inLanguage\":\"hr\",\"@id\":\"https:\/\/likemetkovic.hr\/stizu-nove-vrucine-portugal-se-przi-na-45-c-toplinski-val-krece-prema-nasim-krajevima\/#primaryimage\",\"url\":\"https:\/\/likemetkovic.hr\/portal\/wp-content\/uploads\/2022\/06\/ljeto-setaliste-29-6-22-2.jpg\",\"contentUrl\":\"https:\/\/likemetkovic.hr\/portal\/wp-content\/uploads\/2022\/06\/ljeto-setaliste-29-6-22-2.jpg\",\"width\":800,\"height\":450},{\"@type\":\"BreadcrumbList\",\"@id\":\"https:\/\/likemetkovic.hr\/stizu-nove-vrucine-portugal-se-przi-na-45-c-toplinski-val-krece-prema-nasim-krajevima\/#breadcrumb\",\"itemListElement\":[{\"@type\":\"ListItem\",\"position\":1,\"name\":\"Po\u010detna stranica\",\"item\":\"https:\/\/likemetkovic.hr\/portal\/\"},{\"@type\":\"ListItem\",\"position\":2,\"name\":\"STI\u017dU NOVE VRU\u0106INE | Portugal se pr\u017ei na 45 \u00b0C, toplinski val kre\u0107e prema na\u0161im krajevima\"}]},{\"@type\":\"WebSite\",\"@id\":\"https:\/\/likemetkovic.hr\/#website\",\"url\":\"https:\/\/likemetkovic.hr\/\",\"name\":\"likemetkovic.hr\",\"description\":\"Misli pozitivno... \u010ditaj LIKE\",\"potentialAction\":[{\"@type\":\"SearchAction\",\"target\":{\"@type\":\"EntryPoint\",\"urlTemplate\":\"https:\/\/likemetkovic.hr\/?s={search_term_string}\"},\"query-input\":{\"@type\":\"PropertyValueSpecification\",\"valueRequired\":true,\"valueName\":\"search_term_string\"}}],\"inLanguage\":\"hr\"},{\"@type\":\"Person\",\"@id\":\"https:\/\/likemetkovic.hr\/#\/schema\/person\/a42711f3385a0e2be6f7e0443bfb28f0\",\"name\":\"LIKEmetkovic.hr\",\"sameAs\":[\"http:\/\/likemetkovic.hr\"],\"url\":\"https:\/\/likemetkovic.hr\/portal\/author\/likemetkovic-hr\/\"}]}<\/script>\n<!-- \/ Yoast SEO plugin. -->","yoast_head_json":{"title":"STI\u017dU NOVE VRU\u0106INE | Portugal se pr\u017ei na 45 \u00b0C, toplinski val kre\u0107e prema na\u0161im krajevima - likemetkovic.hr","robots":{"index":"index","follow":"follow","max-snippet":"max-snippet:-1","max-image-preview":"max-image-preview:large","max-video-preview":"max-video-preview:-1"},"canonical":"https:\/\/likemetkovic.hr\/stizu-nove-vrucine-portugal-se-przi-na-45-c-toplinski-val-krece-prema-nasim-krajevima\/","og_locale":"hr_HR","og_type":"article","og_title":"STI\u017dU NOVE VRU\u0106INE | Portugal se pr\u017ei na 45 \u00b0C, toplinski val kre\u0107e prema na\u0161im krajevima - likemetkovic.hr","og_description":"Nakon prolaska prvog toplinskog vala ovoga ljeta u Hrvatskoj u prvom tjednu srpnja, izostanak vru\u0107ine posljednjih 7 dana, ne samo na kopnu, ve\u0107 i na moru, zasigurno je mnogima odgovaralo. Dani su, naime, u unutra\u0161njosti trenuta\u010dno hladniji u usporedbi s prosjekom za ovaj dio srpnja. No, ve\u0107 u drugoj polovici ovoga tjedna, kako javlja HRT, [&hellip;]","og_url":"https:\/\/likemetkovic.hr\/stizu-nove-vrucine-portugal-se-przi-na-45-c-toplinski-val-krece-prema-nasim-krajevima\/","og_site_name":"likemetkovic.hr","article_publisher":"https:\/\/www.facebook.com\/likemetkovic.hr\/","article_published_time":"2022-07-11T07:29:17+00:00","article_modified_time":"2022-07-11T07:31:13+00:00","og_image":[{"width":800,"height":450,"url":"https:\/\/likemetkovic.hr\/wp-content\/uploads\/2022\/06\/ljeto-setaliste-29-6-22-2.jpg","type":"image\/jpeg"}],"author":"LIKEmetkovic.hr","twitter_card":"summary_large_image","twitter_misc":{"Napisao\/la":"LIKEmetkovic.hr","Procijenjeno vrijeme \u010ditanja":"6 minuta"},"schema":{"@context":"https:\/\/schema.org","@graph":[{"@type":"WebPage","@id":"https:\/\/likemetkovic.hr\/stizu-nove-vrucine-portugal-se-przi-na-45-c-toplinski-val-krece-prema-nasim-krajevima\/","url":"https:\/\/likemetkovic.hr\/stizu-nove-vrucine-portugal-se-przi-na-45-c-toplinski-val-krece-prema-nasim-krajevima\/","name":"STI\u017dU NOVE VRU\u0106INE | Portugal se pr\u017ei na 45 \u00b0C, toplinski val kre\u0107e prema na\u0161im krajevima - likemetkovic.hr","isPartOf":{"@id":"https:\/\/likemetkovic.hr\/#website"},"primaryImageOfPage":{"@id":"https:\/\/likemetkovic.hr\/stizu-nove-vrucine-portugal-se-przi-na-45-c-toplinski-val-krece-prema-nasim-krajevima\/#primaryimage"},"image":{"@id":"https:\/\/likemetkovic.hr\/stizu-nove-vrucine-portugal-se-przi-na-45-c-toplinski-val-krece-prema-nasim-krajevima\/#primaryimage"},"thumbnailUrl":"https:\/\/likemetkovic.hr\/portal\/wp-content\/uploads\/2022\/06\/ljeto-setaliste-29-6-22-2.jpg","datePublished":"2022-07-11T07:29:17+00:00","dateModified":"2022-07-11T07:31:13+00:00","author":{"@id":"https:\/\/likemetkovic.hr\/#\/schema\/person\/a42711f3385a0e2be6f7e0443bfb28f0"},"breadcrumb":{"@id":"https:\/\/likemetkovic.hr\/stizu-nove-vrucine-portugal-se-przi-na-45-c-toplinski-val-krece-prema-nasim-krajevima\/#breadcrumb"},"inLanguage":"hr","potentialAction":[{"@type":"ReadAction","target":["https:\/\/likemetkovic.hr\/stizu-nove-vrucine-portugal-se-przi-na-45-c-toplinski-val-krece-prema-nasim-krajevima\/"]}]},{"@type":"ImageObject","inLanguage":"hr","@id":"https:\/\/likemetkovic.hr\/stizu-nove-vrucine-portugal-se-przi-na-45-c-toplinski-val-krece-prema-nasim-krajevima\/#primaryimage","url":"https:\/\/likemetkovic.hr\/portal\/wp-content\/uploads\/2022\/06\/ljeto-setaliste-29-6-22-2.jpg","contentUrl":"https:\/\/likemetkovic.hr\/portal\/wp-content\/uploads\/2022\/06\/ljeto-setaliste-29-6-22-2.jpg","width":800,"height":450},{"@type":"BreadcrumbList","@id":"https:\/\/likemetkovic.hr\/stizu-nove-vrucine-portugal-se-przi-na-45-c-toplinski-val-krece-prema-nasim-krajevima\/#breadcrumb","itemListElement":[{"@type":"ListItem","position":1,"name":"Po\u010detna stranica","item":"https:\/\/likemetkovic.hr\/portal\/"},{"@type":"ListItem","position":2,"name":"STI\u017dU NOVE VRU\u0106INE | Portugal se pr\u017ei na 45 \u00b0C, toplinski val kre\u0107e prema na\u0161im krajevima"}]},{"@type":"WebSite","@id":"https:\/\/likemetkovic.hr\/#website","url":"https:\/\/likemetkovic.hr\/","name":"likemetkovic.hr","description":"Misli pozitivno... \u010ditaj LIKE","potentialAction":[{"@type":"SearchAction","target":{"@type":"EntryPoint","urlTemplate":"https:\/\/likemetkovic.hr\/?s={search_term_string}"},"query-input":{"@type":"PropertyValueSpecification","valueRequired":true,"valueName":"search_term_string"}}],"inLanguage":"hr"},{"@type":"Person","@id":"https:\/\/likemetkovic.hr\/#\/schema\/person\/a42711f3385a0e2be6f7e0443bfb28f0","name":"LIKEmetkovic.hr","sameAs":["http:\/\/likemetkovic.hr"],"url":"https:\/\/likemetkovic.hr\/portal\/author\/likemetkovic-hr\/"}]}},"_links":{"self":[{"href":"https:\/\/likemetkovic.hr\/portal\/wp-json\/wp\/v2\/posts\/133444","targetHints":{"allow":["GET"]}}],"collection":[{"href":"https:\/\/likemetkovic.hr\/portal\/wp-json\/wp\/v2\/posts"}],"about":[{"href":"https:\/\/likemetkovic.hr\/portal\/wp-json\/wp\/v2\/types\/post"}],"author":[{"embeddable":true,"href":"https:\/\/likemetkovic.hr\/portal\/wp-json\/wp\/v2\/users\/7"}],"replies":[{"embeddable":true,"href":"https:\/\/likemetkovic.hr\/portal\/wp-json\/wp\/v2\/comments?post=133444"}],"version-history":[{"count":3,"href":"https:\/\/likemetkovic.hr\/portal\/wp-json\/wp\/v2\/posts\/133444\/revisions"}],"predecessor-version":[{"id":133447,"href":"https:\/\/likemetkovic.hr\/portal\/wp-json\/wp\/v2\/posts\/133444\/revisions\/133447"}],"wp:featuredmedia":[{"embeddable":true,"href":"https:\/\/likemetkovic.hr\/portal\/wp-json\/wp\/v2\/media\/133082"}],"wp:attachment":[{"href":"https:\/\/likemetkovic.hr\/portal\/wp-json\/wp\/v2\/media?parent=133444"}],"wp:term":[{"taxonomy":"category","embeddable":true,"href":"https:\/\/likemetkovic.hr\/portal\/wp-json\/wp\/v2\/categories?post=133444"},{"taxonomy":"post_tag","embeddable":true,"href":"https:\/\/likemetkovic.hr\/portal\/wp-json\/wp\/v2\/tags?post=133444"}],"curies":[{"name":"wp","href":"https:\/\/api.w.org\/{rel}","templated":true}]}}