{"id":134057,"date":"2022-07-25T10:02:04","date_gmt":"2022-07-25T08:02:04","guid":{"rendered":"https:\/\/likemetkovic.hr\/?p=134057"},"modified":"2022-07-25T10:02:52","modified_gmt":"2022-07-25T08:02:52","slug":"biciklizam-lara-boksic-i-duje-krsticevic-drzavni-prvaci","status":"publish","type":"post","link":"https:\/\/likemetkovic.hr\/portal\/biciklizam-lara-boksic-i-duje-krsticevic-drzavni-prvaci\/","title":{"rendered":"BICIKLIZAM | Lara Bok\u0161i\u0107 i Duje Krsti\u010devi\u0107 dr\u017eavni prvaci"},"content":{"rendered":"<p>Ju\u010der je na Cvitu\u0161i kod Lovinca odr\u017eano XCO dr\u017eavno prvenstvo gdje su \u010dlanovi BK Metkovi\u0107 napravili veliki uspjeh.<\/p>\n<p>Lara Bok\u0161i\u0107 (U15W) i Duje Krsti\u010devi\u0107 (U9M) popeli su se na najvi\u0161u stepenicu postolja i okitili se titulom dr\u017eavnih prvaka u svojim kategorijama.<\/p>\n<p>Cvita Talaji\u0107 u kategoriji U11W do\u0161la do srebrene medalje, a Antonio Krsti\u010devi\u0107 je osvojio broncu u katergoriji \u00a0U13M.<\/p>\n<p>Blizu odli\u010dja su bili i Gabrijela Marevi\u0107 (U13W) i Josipa Ivankovi\u0107 (U15W), ali su se na kraju morale zadovoljiti neslavnim \u010detvrtim mjestom.<\/p>\n<p>Mate Krsticevic je bio 5. u kategoriji \u00a0U15M, a u istoj kategoriji \u00a0je Marko Talaji\u0107 ciljem pro\u0161ao kao 8. Jure Vi\u0161tica je zauzeo 7. mjesto kategorije U13M.<\/p>\n\r\n                <style type=\"text\/css\">\r\n                    \r\n                    #tdi_1  .td-doubleSlider-2 .td-item1 {\r\n                        background: url(https:\/\/likemetkovic.hr\/portal\/wp-content\/uploads\/2022\/07\/xco-drzavno-prvenstvo-2022-1_edited-80x60.jpg) 0 0 no-repeat;\r\n                    }\r\n                    #tdi_1  .td-doubleSlider-2 .td-item2 {\r\n                        background: url(https:\/\/likemetkovic.hr\/portal\/wp-content\/uploads\/2022\/07\/xco-drzavno-prvenstvo-2022-2-80x60.jpg) 0 0 no-repeat;\r\n                    }\r\n                    #tdi_1  .td-doubleSlider-2 .td-item3 {\r\n                        background: url(https:\/\/likemetkovic.hr\/portal\/wp-content\/uploads\/2022\/07\/xco-drzavno-prvenstvo-2022-3-80x60.jpg) 0 0 no-repeat;\r\n                    }\r\n                    #tdi_1  .td-doubleSlider-2 .td-item4 {\r\n                        background: url(https:\/\/likemetkovic.hr\/portal\/wp-content\/uploads\/2022\/07\/xco-drzavno-prvenstvo-2022-4-80x60.jpg) 0 0 no-repeat;\r\n                    }\r\n                    #tdi_1  .td-doubleSlider-2 .td-item5 {\r\n                        background: url(https:\/\/likemetkovic.hr\/portal\/wp-content\/uploads\/2022\/07\/xco-drzavno-prvenstvo-2022-5-80x60.jpg) 0 0 no-repeat;\r\n                    }\r\n                    #tdi_1  .td-doubleSlider-2 .td-item6 {\r\n                        background: url(https:\/\/likemetkovic.hr\/portal\/wp-content\/uploads\/2022\/07\/xco-drzavno-prvenstvo-2022-6-80x60.jpg) 0 0 no-repeat;\r\n                    }\r\n                    #tdi_1  .td-doubleSlider-2 .td-item7 {\r\n                        background: url(https:\/\/likemetkovic.hr\/portal\/wp-content\/uploads\/2022\/07\/xco-drzavno-prvenstvo-2022-7-80x60.jpg) 0 0 no-repeat;\r\n                    }\r\n                    #tdi_1  .td-doubleSlider-2 .td-item8 {\r\n                        background: url(https:\/\/likemetkovic.hr\/portal\/wp-content\/uploads\/2022\/07\/xco-drzavno-prvenstvo-2022-8-80x60.jpg) 0 0 no-repeat;\r\n                    }\r\n                <\/style>\r\n\r\n                <div id=\"tdi_1\" class=\"td-gallery td-slide-on-2-columns\">\r\n                    <div class=\"post_td_gallery\">\r\n                        <div class=\"td-gallery-slide-top\">\r\n                           <div class=\"td-gallery-title\"><\/div>\r\n\r\n                            <div class=\"td-gallery-controls-wrapper\">\r\n                                <div class=\"td-gallery-slide-count\"><span class=\"td-gallery-slide-item-focus\">1<\/span> of 8<\/div>\r\n                                <div class=\"td-gallery-slide-prev-next-but\">\r\n                                    <i class = \"td-icon-left doubleSliderPrevButton\"><\/i>\r\n                                    <i class = \"td-icon-right doubleSliderNextButton\"><\/i>\r\n                                <\/div>\r\n                            <\/div>\r\n                        <\/div>\r\n\r\n                        <div class = \"td-doubleSlider-1 \">\r\n                            <div class = \"td-slider\">\r\n                                \r\n                    <div class = \"td-slide-item td-item1\">\r\n                        <figure class=\"td-slide-galery-figure td-slide-popup-gallery\">\r\n                            <a class=\"slide-gallery-image-link\" href=\"https:\/\/likemetkovic.hr\/portal\/wp-content\/uploads\/2022\/07\/xco-drzavno-prvenstvo-2022-1_edited.jpg\" title=\"xco drzavno prvenstvo 2022 (1)_edited\"  data-caption=\"\"  data-description=\"\">\r\n                                <img decoding=\"async\" src=\"https:\/\/likemetkovic.hr\/portal\/wp-content\/uploads\/2022\/07\/xco-drzavno-prvenstvo-2022-1_edited-629x420.jpg\" srcset=\"https:\/\/likemetkovic.hr\/portal\/wp-content\/uploads\/2022\/07\/xco-drzavno-prvenstvo-2022-1_edited-629x420.jpg 629w, https:\/\/likemetkovic.hr\/portal\/wp-content\/uploads\/2022\/07\/xco-drzavno-prvenstvo-2022-1_edited-768x513.jpg 768w, https:\/\/likemetkovic.hr\/portal\/wp-content\/uploads\/2022\/07\/xco-drzavno-prvenstvo-2022-1_edited-696x465.jpg 696w, https:\/\/likemetkovic.hr\/portal\/wp-content\/uploads\/2022\/07\/xco-drzavno-prvenstvo-2022-1_edited.jpg 800w\" sizes=\"(max-width: 629px) 100vw, 629px\" alt=\"\">\r\n                            <\/a>\r\n                            \r\n                        <\/figure>\r\n                    <\/div>\r\n                    <div class = \"td-slide-item td-item2\">\r\n                        <figure class=\"td-slide-galery-figure td-slide-popup-gallery\">\r\n                            <a class=\"slide-gallery-image-link\" href=\"https:\/\/likemetkovic.hr\/portal\/wp-content\/uploads\/2022\/07\/xco-drzavno-prvenstvo-2022-2.jpg\" title=\"xco drzavno prvenstvo 2022 (2)\"  data-caption=\"\"  data-description=\"\">\r\n                                <img decoding=\"async\" src=\"https:\/\/likemetkovic.hr\/portal\/wp-content\/uploads\/2022\/07\/xco-drzavno-prvenstvo-2022-2-747x420.jpg\" srcset=\"https:\/\/likemetkovic.hr\/portal\/wp-content\/uploads\/2022\/07\/xco-drzavno-prvenstvo-2022-2-747x420.jpg 747w, https:\/\/likemetkovic.hr\/portal\/wp-content\/uploads\/2022\/07\/xco-drzavno-prvenstvo-2022-2-768x432.jpg 768w, https:\/\/likemetkovic.hr\/portal\/wp-content\/uploads\/2022\/07\/xco-drzavno-prvenstvo-2022-2-696x392.jpg 696w, https:\/\/likemetkovic.hr\/portal\/wp-content\/uploads\/2022\/07\/xco-drzavno-prvenstvo-2022-2.jpg 800w\" sizes=\"(max-width: 747px) 100vw, 747px\" alt=\"\">\r\n                            <\/a>\r\n                            \r\n                        <\/figure>\r\n                    <\/div>\r\n                    <div class = \"td-slide-item td-item3\">\r\n                        <figure class=\"td-slide-galery-figure td-slide-popup-gallery\">\r\n                            <a class=\"slide-gallery-image-link\" href=\"https:\/\/likemetkovic.hr\/portal\/wp-content\/uploads\/2022\/07\/xco-drzavno-prvenstvo-2022-3.jpg\" title=\"xco drzavno prvenstvo 2022 (3)\"  data-caption=\"\"  data-description=\"\">\r\n                                <img decoding=\"async\" src=\"https:\/\/likemetkovic.hr\/portal\/wp-content\/uploads\/2022\/07\/xco-drzavno-prvenstvo-2022-3-747x420.jpg\" srcset=\"https:\/\/likemetkovic.hr\/portal\/wp-content\/uploads\/2022\/07\/xco-drzavno-prvenstvo-2022-3-747x420.jpg 747w, https:\/\/likemetkovic.hr\/portal\/wp-content\/uploads\/2022\/07\/xco-drzavno-prvenstvo-2022-3-768x432.jpg 768w, https:\/\/likemetkovic.hr\/portal\/wp-content\/uploads\/2022\/07\/xco-drzavno-prvenstvo-2022-3-696x392.jpg 696w, https:\/\/likemetkovic.hr\/portal\/wp-content\/uploads\/2022\/07\/xco-drzavno-prvenstvo-2022-3.jpg 800w\" sizes=\"(max-width: 747px) 100vw, 747px\" alt=\"\">\r\n                            <\/a>\r\n                            \r\n                        <\/figure>\r\n                    <\/div>\r\n                    <div class = \"td-slide-item td-item4\">\r\n                        <figure class=\"td-slide-galery-figure td-slide-popup-gallery\">\r\n                            <a class=\"slide-gallery-image-link\" href=\"https:\/\/likemetkovic.hr\/portal\/wp-content\/uploads\/2022\/07\/xco-drzavno-prvenstvo-2022-4.jpg\" title=\"xco drzavno prvenstvo 2022 (4)\"  data-caption=\"\"  data-description=\"\">\r\n                                <img decoding=\"async\" src=\"https:\/\/likemetkovic.hr\/portal\/wp-content\/uploads\/2022\/07\/xco-drzavno-prvenstvo-2022-4-747x420.jpg\" srcset=\"https:\/\/likemetkovic.hr\/portal\/wp-content\/uploads\/2022\/07\/xco-drzavno-prvenstvo-2022-4-747x420.jpg 747w, https:\/\/likemetkovic.hr\/portal\/wp-content\/uploads\/2022\/07\/xco-drzavno-prvenstvo-2022-4-768x432.jpg 768w, https:\/\/likemetkovic.hr\/portal\/wp-content\/uploads\/2022\/07\/xco-drzavno-prvenstvo-2022-4-696x392.jpg 696w, https:\/\/likemetkovic.hr\/portal\/wp-content\/uploads\/2022\/07\/xco-drzavno-prvenstvo-2022-4.jpg 800w\" sizes=\"(max-width: 747px) 100vw, 747px\" alt=\"\">\r\n                            <\/a>\r\n                            \r\n                        <\/figure>\r\n                    <\/div>\r\n                    <div class = \"td-slide-item td-item5\">\r\n                        <figure class=\"td-slide-galery-figure td-slide-popup-gallery\">\r\n                            <a class=\"slide-gallery-image-link\" href=\"https:\/\/likemetkovic.hr\/portal\/wp-content\/uploads\/2022\/07\/xco-drzavno-prvenstvo-2022-5.jpg\" title=\"xco drzavno prvenstvo 2022 (5)\"  data-caption=\"\"  data-description=\"\">\r\n                                <img decoding=\"async\" src=\"https:\/\/likemetkovic.hr\/portal\/wp-content\/uploads\/2022\/07\/xco-drzavno-prvenstvo-2022-5-747x420.jpg\" srcset=\"https:\/\/likemetkovic.hr\/portal\/wp-content\/uploads\/2022\/07\/xco-drzavno-prvenstvo-2022-5-747x420.jpg 747w, https:\/\/likemetkovic.hr\/portal\/wp-content\/uploads\/2022\/07\/xco-drzavno-prvenstvo-2022-5-768x432.jpg 768w, https:\/\/likemetkovic.hr\/portal\/wp-content\/uploads\/2022\/07\/xco-drzavno-prvenstvo-2022-5-696x392.jpg 696w, https:\/\/likemetkovic.hr\/portal\/wp-content\/uploads\/2022\/07\/xco-drzavno-prvenstvo-2022-5.jpg 800w\" sizes=\"(max-width: 747px) 100vw, 747px\" alt=\"\">\r\n                            <\/a>\r\n                            \r\n                        <\/figure>\r\n                    <\/div>\r\n                    <div class = \"td-slide-item td-item6\">\r\n                        <figure class=\"td-slide-galery-figure td-slide-popup-gallery\">\r\n                            <a class=\"slide-gallery-image-link\" href=\"https:\/\/likemetkovic.hr\/portal\/wp-content\/uploads\/2022\/07\/xco-drzavno-prvenstvo-2022-6.jpg\" title=\"xco drzavno prvenstvo 2022 (6)\"  data-caption=\"\"  data-description=\"\">\r\n                                <img decoding=\"async\" src=\"https:\/\/likemetkovic.hr\/portal\/wp-content\/uploads\/2022\/07\/xco-drzavno-prvenstvo-2022-6-747x420.jpg\" srcset=\"https:\/\/likemetkovic.hr\/portal\/wp-content\/uploads\/2022\/07\/xco-drzavno-prvenstvo-2022-6-747x420.jpg 747w, https:\/\/likemetkovic.hr\/portal\/wp-content\/uploads\/2022\/07\/xco-drzavno-prvenstvo-2022-6-768x432.jpg 768w, https:\/\/likemetkovic.hr\/portal\/wp-content\/uploads\/2022\/07\/xco-drzavno-prvenstvo-2022-6-696x392.jpg 696w, https:\/\/likemetkovic.hr\/portal\/wp-content\/uploads\/2022\/07\/xco-drzavno-prvenstvo-2022-6.jpg 800w\" sizes=\"(max-width: 747px) 100vw, 747px\" alt=\"\">\r\n                            <\/a>\r\n                            \r\n                        <\/figure>\r\n                    <\/div>\r\n                    <div class = \"td-slide-item td-item7\">\r\n                        <figure class=\"td-slide-galery-figure td-slide-popup-gallery\">\r\n                            <a class=\"slide-gallery-image-link\" href=\"https:\/\/likemetkovic.hr\/portal\/wp-content\/uploads\/2022\/07\/xco-drzavno-prvenstvo-2022-7.jpg\" title=\"xco drzavno prvenstvo 2022 (7)\"  data-caption=\"\"  data-description=\"\">\r\n                                <img decoding=\"async\" src=\"https:\/\/likemetkovic.hr\/portal\/wp-content\/uploads\/2022\/07\/xco-drzavno-prvenstvo-2022-7-747x420.jpg\" srcset=\"https:\/\/likemetkovic.hr\/portal\/wp-content\/uploads\/2022\/07\/xco-drzavno-prvenstvo-2022-7-747x420.jpg 747w, https:\/\/likemetkovic.hr\/portal\/wp-content\/uploads\/2022\/07\/xco-drzavno-prvenstvo-2022-7-768x432.jpg 768w, https:\/\/likemetkovic.hr\/portal\/wp-content\/uploads\/2022\/07\/xco-drzavno-prvenstvo-2022-7-696x392.jpg 696w, https:\/\/likemetkovic.hr\/portal\/wp-content\/uploads\/2022\/07\/xco-drzavno-prvenstvo-2022-7.jpg 800w\" sizes=\"(max-width: 747px) 100vw, 747px\" alt=\"\">\r\n                            <\/a>\r\n                            \r\n                        <\/figure>\r\n                    <\/div>\r\n                    <div class = \"td-slide-item td-item8\">\r\n                        <figure class=\"td-slide-galery-figure td-slide-popup-gallery\">\r\n                            <a class=\"slide-gallery-image-link\" href=\"https:\/\/likemetkovic.hr\/portal\/wp-content\/uploads\/2022\/07\/xco-drzavno-prvenstvo-2022-8.jpg\" title=\"xco drzavno prvenstvo 2022 (8)\"  data-caption=\"\"  data-description=\"\">\r\n                                <img decoding=\"async\" src=\"https:\/\/likemetkovic.hr\/portal\/wp-content\/uploads\/2022\/07\/xco-drzavno-prvenstvo-2022-8-747x420.jpg\" srcset=\"https:\/\/likemetkovic.hr\/portal\/wp-content\/uploads\/2022\/07\/xco-drzavno-prvenstvo-2022-8-747x420.jpg 747w, https:\/\/likemetkovic.hr\/portal\/wp-content\/uploads\/2022\/07\/xco-drzavno-prvenstvo-2022-8-768x432.jpg 768w, https:\/\/likemetkovic.hr\/portal\/wp-content\/uploads\/2022\/07\/xco-drzavno-prvenstvo-2022-8-696x392.jpg 696w, https:\/\/likemetkovic.hr\/portal\/wp-content\/uploads\/2022\/07\/xco-drzavno-prvenstvo-2022-8.jpg 800w\" sizes=\"(max-width: 747px) 100vw, 747px\" alt=\"\">\r\n                            <\/a>\r\n                            \r\n                        <\/figure>\r\n                    <\/div>\r\n                            <\/div>\r\n                        <\/div>\r\n\r\n                        <div class = \"td-doubleSlider-2\">\r\n                            <div class = \"td-slider\">\r\n                                \r\n                    <div class = \"td-button td-item1\">\r\n                        <div class = \"td-border\"><\/div>\r\n                    <\/div>\r\n                    <div class = \"td-button td-item2\">\r\n                        <div class = \"td-border\"><\/div>\r\n                    <\/div>\r\n                    <div class = \"td-button td-item3\">\r\n                        <div class = \"td-border\"><\/div>\r\n                    <\/div>\r\n                    <div class = \"td-button td-item4\">\r\n                        <div class = \"td-border\"><\/div>\r\n                    <\/div>\r\n                    <div class = \"td-button td-item5\">\r\n                        <div class = \"td-border\"><\/div>\r\n                    <\/div>\r\n                    <div class = \"td-button td-item6\">\r\n                        <div class = \"td-border\"><\/div>\r\n                    <\/div>\r\n                    <div class = \"td-button td-item7\">\r\n                        <div class = \"td-border\"><\/div>\r\n                    <\/div>\r\n                    <div class = \"td-button td-item8\">\r\n                        <div class = \"td-border\"><\/div>\r\n                    <\/div>\r\n                            <\/div>\r\n                        <\/div>\r\n\r\n                    <\/div>\r\n\r\n                <\/div>\r\n                \n","protected":false},"excerpt":{"rendered":"<p>Ju\u010der je na Cvitu\u0161i kod Lovinca odr\u017eano XCO dr\u017eavno prvenstvo gdje su \u010dlanovi BK Metkovi\u0107 napravili veliki uspjeh. Lara Bok\u0161i\u0107 (U15W) i Duje Krsti\u010devi\u0107 (U9M) popeli su se na najvi\u0161u stepenicu postolja i okitili se titulom dr\u017eavnih prvaka u svojim kategorijama. Cvita Talaji\u0107 u kategoriji U11W do\u0161la do srebrene medalje, a Antonio Krsti\u010devi\u0107 je osvojio [&hellip;]<\/p>\n","protected":false},"author":7,"featured_media":134068,"comment_status":"open","ping_status":"open","sticky":false,"template":"","format":"standard","meta":{"footnotes":""},"categories":[296,34],"tags":[1442,10933],"class_list":{"0":"post-134057","1":"post","2":"type-post","3":"status-publish","4":"format-standard","5":"has-post-thumbnail","7":"category-ab","8":"category-biciklizam","9":"tag-bk-metkovic","10":"tag-xco-drzavno-prvenstvo"},"yoast_head":"<!-- This site is optimized with the Yoast SEO plugin v25.2 - https:\/\/yoast.com\/wordpress\/plugins\/seo\/ -->\n<title>BICIKLIZAM | Lara Bok\u0161i\u0107 i Duje Krsti\u010devi\u0107 dr\u017eavni prvaci - likemetkovic.hr<\/title>\n<meta name=\"robots\" content=\"index, follow, max-snippet:-1, max-image-preview:large, max-video-preview:-1\" \/>\n<link rel=\"canonical\" href=\"https:\/\/likemetkovic.hr\/biciklizam-lara-boksic-i-duje-krsticevic-drzavni-prvaci\/\" \/>\n<meta property=\"og:locale\" content=\"hr_HR\" \/>\n<meta property=\"og:type\" content=\"article\" \/>\n<meta property=\"og:title\" content=\"BICIKLIZAM | Lara Bok\u0161i\u0107 i Duje Krsti\u010devi\u0107 dr\u017eavni prvaci - likemetkovic.hr\" \/>\n<meta property=\"og:description\" content=\"Ju\u010der je na Cvitu\u0161i kod Lovinca odr\u017eano XCO dr\u017eavno prvenstvo gdje su \u010dlanovi BK Metkovi\u0107 napravili veliki uspjeh. Lara Bok\u0161i\u0107 (U15W) i Duje Krsti\u010devi\u0107 (U9M) popeli su se na najvi\u0161u stepenicu postolja i okitili se titulom dr\u017eavnih prvaka u svojim kategorijama. Cvita Talaji\u0107 u kategoriji U11W do\u0161la do srebrene medalje, a Antonio Krsti\u010devi\u0107 je osvojio [&hellip;]\" \/>\n<meta property=\"og:url\" content=\"https:\/\/likemetkovic.hr\/biciklizam-lara-boksic-i-duje-krsticevic-drzavni-prvaci\/\" \/>\n<meta property=\"og:site_name\" content=\"likemetkovic.hr\" \/>\n<meta property=\"article:publisher\" content=\"https:\/\/www.facebook.com\/likemetkovic.hr\/\" \/>\n<meta property=\"article:published_time\" content=\"2022-07-25T08:02:04+00:00\" \/>\n<meta property=\"article:modified_time\" content=\"2022-07-25T08:02:52+00:00\" \/>\n<meta property=\"og:image\" content=\"https:\/\/likemetkovic.hr\/wp-content\/uploads\/2022\/07\/xco-drzavno-prvenstvo-2022-.jpg\" \/>\n\t<meta property=\"og:image:width\" content=\"800\" \/>\n\t<meta property=\"og:image:height\" content=\"500\" \/>\n\t<meta property=\"og:image:type\" content=\"image\/jpeg\" \/>\n<meta name=\"author\" content=\"LIKEmetkovic.hr\" \/>\n<meta name=\"twitter:card\" content=\"summary_large_image\" \/>\n<meta name=\"twitter:label1\" content=\"Napisao\/la\" \/>\n\t<meta name=\"twitter:data1\" content=\"LIKEmetkovic.hr\" \/>\n\t<meta name=\"twitter:label2\" content=\"Procijenjeno vrijeme \u010ditanja\" \/>\n\t<meta name=\"twitter:data2\" content=\"1 minuta\" \/>\n<script type=\"application\/ld+json\" class=\"yoast-schema-graph\">{\"@context\":\"https:\/\/schema.org\",\"@graph\":[{\"@type\":\"WebPage\",\"@id\":\"https:\/\/likemetkovic.hr\/biciklizam-lara-boksic-i-duje-krsticevic-drzavni-prvaci\/\",\"url\":\"https:\/\/likemetkovic.hr\/biciklizam-lara-boksic-i-duje-krsticevic-drzavni-prvaci\/\",\"name\":\"BICIKLIZAM | Lara Bok\u0161i\u0107 i Duje Krsti\u010devi\u0107 dr\u017eavni prvaci - likemetkovic.hr\",\"isPartOf\":{\"@id\":\"https:\/\/likemetkovic.hr\/#website\"},\"primaryImageOfPage\":{\"@id\":\"https:\/\/likemetkovic.hr\/biciklizam-lara-boksic-i-duje-krsticevic-drzavni-prvaci\/#primaryimage\"},\"image\":{\"@id\":\"https:\/\/likemetkovic.hr\/biciklizam-lara-boksic-i-duje-krsticevic-drzavni-prvaci\/#primaryimage\"},\"thumbnailUrl\":\"https:\/\/likemetkovic.hr\/portal\/wp-content\/uploads\/2022\/07\/xco-drzavno-prvenstvo-2022-.jpg\",\"datePublished\":\"2022-07-25T08:02:04+00:00\",\"dateModified\":\"2022-07-25T08:02:52+00:00\",\"author\":{\"@id\":\"https:\/\/likemetkovic.hr\/#\/schema\/person\/a42711f3385a0e2be6f7e0443bfb28f0\"},\"breadcrumb\":{\"@id\":\"https:\/\/likemetkovic.hr\/biciklizam-lara-boksic-i-duje-krsticevic-drzavni-prvaci\/#breadcrumb\"},\"inLanguage\":\"hr\",\"potentialAction\":[{\"@type\":\"ReadAction\",\"target\":[\"https:\/\/likemetkovic.hr\/biciklizam-lara-boksic-i-duje-krsticevic-drzavni-prvaci\/\"]}]},{\"@type\":\"ImageObject\",\"inLanguage\":\"hr\",\"@id\":\"https:\/\/likemetkovic.hr\/biciklizam-lara-boksic-i-duje-krsticevic-drzavni-prvaci\/#primaryimage\",\"url\":\"https:\/\/likemetkovic.hr\/portal\/wp-content\/uploads\/2022\/07\/xco-drzavno-prvenstvo-2022-.jpg\",\"contentUrl\":\"https:\/\/likemetkovic.hr\/portal\/wp-content\/uploads\/2022\/07\/xco-drzavno-prvenstvo-2022-.jpg\",\"width\":800,\"height\":500},{\"@type\":\"BreadcrumbList\",\"@id\":\"https:\/\/likemetkovic.hr\/biciklizam-lara-boksic-i-duje-krsticevic-drzavni-prvaci\/#breadcrumb\",\"itemListElement\":[{\"@type\":\"ListItem\",\"position\":1,\"name\":\"Po\u010detna stranica\",\"item\":\"https:\/\/likemetkovic.hr\/portal\/\"},{\"@type\":\"ListItem\",\"position\":2,\"name\":\"BICIKLIZAM | Lara Bok\u0161i\u0107 i Duje Krsti\u010devi\u0107 dr\u017eavni prvaci\"}]},{\"@type\":\"WebSite\",\"@id\":\"https:\/\/likemetkovic.hr\/#website\",\"url\":\"https:\/\/likemetkovic.hr\/\",\"name\":\"likemetkovic.hr\",\"description\":\"Misli pozitivno... \u010ditaj LIKE\",\"potentialAction\":[{\"@type\":\"SearchAction\",\"target\":{\"@type\":\"EntryPoint\",\"urlTemplate\":\"https:\/\/likemetkovic.hr\/?s={search_term_string}\"},\"query-input\":{\"@type\":\"PropertyValueSpecification\",\"valueRequired\":true,\"valueName\":\"search_term_string\"}}],\"inLanguage\":\"hr\"},{\"@type\":\"Person\",\"@id\":\"https:\/\/likemetkovic.hr\/#\/schema\/person\/a42711f3385a0e2be6f7e0443bfb28f0\",\"name\":\"LIKEmetkovic.hr\",\"sameAs\":[\"http:\/\/likemetkovic.hr\"],\"url\":\"https:\/\/likemetkovic.hr\/portal\/author\/likemetkovic-hr\/\"}]}<\/script>\n<!-- \/ Yoast SEO plugin. -->","yoast_head_json":{"title":"BICIKLIZAM | Lara Bok\u0161i\u0107 i Duje Krsti\u010devi\u0107 dr\u017eavni prvaci - likemetkovic.hr","robots":{"index":"index","follow":"follow","max-snippet":"max-snippet:-1","max-image-preview":"max-image-preview:large","max-video-preview":"max-video-preview:-1"},"canonical":"https:\/\/likemetkovic.hr\/biciklizam-lara-boksic-i-duje-krsticevic-drzavni-prvaci\/","og_locale":"hr_HR","og_type":"article","og_title":"BICIKLIZAM | Lara Bok\u0161i\u0107 i Duje Krsti\u010devi\u0107 dr\u017eavni prvaci - likemetkovic.hr","og_description":"Ju\u010der je na Cvitu\u0161i kod Lovinca odr\u017eano XCO dr\u017eavno prvenstvo gdje su \u010dlanovi BK Metkovi\u0107 napravili veliki uspjeh. Lara Bok\u0161i\u0107 (U15W) i Duje Krsti\u010devi\u0107 (U9M) popeli su se na najvi\u0161u stepenicu postolja i okitili se titulom dr\u017eavnih prvaka u svojim kategorijama. Cvita Talaji\u0107 u kategoriji U11W do\u0161la do srebrene medalje, a Antonio Krsti\u010devi\u0107 je osvojio [&hellip;]","og_url":"https:\/\/likemetkovic.hr\/biciklizam-lara-boksic-i-duje-krsticevic-drzavni-prvaci\/","og_site_name":"likemetkovic.hr","article_publisher":"https:\/\/www.facebook.com\/likemetkovic.hr\/","article_published_time":"2022-07-25T08:02:04+00:00","article_modified_time":"2022-07-25T08:02:52+00:00","og_image":[{"width":800,"height":500,"url":"https:\/\/likemetkovic.hr\/wp-content\/uploads\/2022\/07\/xco-drzavno-prvenstvo-2022-.jpg","type":"image\/jpeg"}],"author":"LIKEmetkovic.hr","twitter_card":"summary_large_image","twitter_misc":{"Napisao\/la":"LIKEmetkovic.hr","Procijenjeno vrijeme \u010ditanja":"1 minuta"},"schema":{"@context":"https:\/\/schema.org","@graph":[{"@type":"WebPage","@id":"https:\/\/likemetkovic.hr\/biciklizam-lara-boksic-i-duje-krsticevic-drzavni-prvaci\/","url":"https:\/\/likemetkovic.hr\/biciklizam-lara-boksic-i-duje-krsticevic-drzavni-prvaci\/","name":"BICIKLIZAM | Lara Bok\u0161i\u0107 i Duje Krsti\u010devi\u0107 dr\u017eavni prvaci - likemetkovic.hr","isPartOf":{"@id":"https:\/\/likemetkovic.hr\/#website"},"primaryImageOfPage":{"@id":"https:\/\/likemetkovic.hr\/biciklizam-lara-boksic-i-duje-krsticevic-drzavni-prvaci\/#primaryimage"},"image":{"@id":"https:\/\/likemetkovic.hr\/biciklizam-lara-boksic-i-duje-krsticevic-drzavni-prvaci\/#primaryimage"},"thumbnailUrl":"https:\/\/likemetkovic.hr\/portal\/wp-content\/uploads\/2022\/07\/xco-drzavno-prvenstvo-2022-.jpg","datePublished":"2022-07-25T08:02:04+00:00","dateModified":"2022-07-25T08:02:52+00:00","author":{"@id":"https:\/\/likemetkovic.hr\/#\/schema\/person\/a42711f3385a0e2be6f7e0443bfb28f0"},"breadcrumb":{"@id":"https:\/\/likemetkovic.hr\/biciklizam-lara-boksic-i-duje-krsticevic-drzavni-prvaci\/#breadcrumb"},"inLanguage":"hr","potentialAction":[{"@type":"ReadAction","target":["https:\/\/likemetkovic.hr\/biciklizam-lara-boksic-i-duje-krsticevic-drzavni-prvaci\/"]}]},{"@type":"ImageObject","inLanguage":"hr","@id":"https:\/\/likemetkovic.hr\/biciklizam-lara-boksic-i-duje-krsticevic-drzavni-prvaci\/#primaryimage","url":"https:\/\/likemetkovic.hr\/portal\/wp-content\/uploads\/2022\/07\/xco-drzavno-prvenstvo-2022-.jpg","contentUrl":"https:\/\/likemetkovic.hr\/portal\/wp-content\/uploads\/2022\/07\/xco-drzavno-prvenstvo-2022-.jpg","width":800,"height":500},{"@type":"BreadcrumbList","@id":"https:\/\/likemetkovic.hr\/biciklizam-lara-boksic-i-duje-krsticevic-drzavni-prvaci\/#breadcrumb","itemListElement":[{"@type":"ListItem","position":1,"name":"Po\u010detna stranica","item":"https:\/\/likemetkovic.hr\/portal\/"},{"@type":"ListItem","position":2,"name":"BICIKLIZAM | Lara Bok\u0161i\u0107 i Duje Krsti\u010devi\u0107 dr\u017eavni prvaci"}]},{"@type":"WebSite","@id":"https:\/\/likemetkovic.hr\/#website","url":"https:\/\/likemetkovic.hr\/","name":"likemetkovic.hr","description":"Misli pozitivno... \u010ditaj LIKE","potentialAction":[{"@type":"SearchAction","target":{"@type":"EntryPoint","urlTemplate":"https:\/\/likemetkovic.hr\/?s={search_term_string}"},"query-input":{"@type":"PropertyValueSpecification","valueRequired":true,"valueName":"search_term_string"}}],"inLanguage":"hr"},{"@type":"Person","@id":"https:\/\/likemetkovic.hr\/#\/schema\/person\/a42711f3385a0e2be6f7e0443bfb28f0","name":"LIKEmetkovic.hr","sameAs":["http:\/\/likemetkovic.hr"],"url":"https:\/\/likemetkovic.hr\/portal\/author\/likemetkovic-hr\/"}]}},"_links":{"self":[{"href":"https:\/\/likemetkovic.hr\/portal\/wp-json\/wp\/v2\/posts\/134057","targetHints":{"allow":["GET"]}}],"collection":[{"href":"https:\/\/likemetkovic.hr\/portal\/wp-json\/wp\/v2\/posts"}],"about":[{"href":"https:\/\/likemetkovic.hr\/portal\/wp-json\/wp\/v2\/types\/post"}],"author":[{"embeddable":true,"href":"https:\/\/likemetkovic.hr\/portal\/wp-json\/wp\/v2\/users\/7"}],"replies":[{"embeddable":true,"href":"https:\/\/likemetkovic.hr\/portal\/wp-json\/wp\/v2\/comments?post=134057"}],"version-history":[{"count":1,"href":"https:\/\/likemetkovic.hr\/portal\/wp-json\/wp\/v2\/posts\/134057\/revisions"}],"predecessor-version":[{"id":134067,"href":"https:\/\/likemetkovic.hr\/portal\/wp-json\/wp\/v2\/posts\/134057\/revisions\/134067"}],"wp:featuredmedia":[{"embeddable":true,"href":"https:\/\/likemetkovic.hr\/portal\/wp-json\/wp\/v2\/media\/134068"}],"wp:attachment":[{"href":"https:\/\/likemetkovic.hr\/portal\/wp-json\/wp\/v2\/media?parent=134057"}],"wp:term":[{"taxonomy":"category","embeddable":true,"href":"https:\/\/likemetkovic.hr\/portal\/wp-json\/wp\/v2\/categories?post=134057"},{"taxonomy":"post_tag","embeddable":true,"href":"https:\/\/likemetkovic.hr\/portal\/wp-json\/wp\/v2\/tags?post=134057"}],"curies":[{"name":"wp","href":"https:\/\/api.w.org\/{rel}","templated":true}]}}