{"id":135582,"date":"2022-08-26T14:21:45","date_gmt":"2022-08-26T12:21:45","guid":{"rendered":"https:\/\/likemetkovic.hr\/portal\/?p=135582"},"modified":"2022-08-26T14:21:45","modified_gmt":"2022-08-26T12:21:45","slug":"svecano-proslavljen-700-rodendan-kleka","status":"publish","type":"post","link":"https:\/\/likemetkovic.hr\/portal\/svecano-proslavljen-700-rodendan-kleka\/","title":{"rendered":"Sve\u010dano proslavljen 700. ro\u0111endan Kleka"},"content":{"rendered":"<p>U \u010detvrtak je 25. kolovoza 2022. sve\u010dano proslavljen 700. ro\u0111endan slivanjskoga naselja Kleka.<\/p>\n<p>Upravo je s ovoga portala 3. lipnja i \u010dlanka voditelja metkovske podru\u017enice Instituta za hrvatski jezik i jezikoslovlja Domagoja Vidovi\u0107a upu\u0107en podsjetnik da Klek ove godine slavi veliki jubilej (<a href=\"https:\/\/likemetkovic.hr\/portal\/sretan-700-rodendan-klecani\/\" data-saferedirecturl=\"https:\/\/www.google.com\/url?q=https:\/\/likemetkovic.hr\/portal\/sretan-700-rodendan-klecani\/&amp;source=gmail&amp;ust=1661601907766000&amp;usg=AOvVaw3hsPq4GXcJHwzzdigJIXk-\">Sretan 700. ro\u0111endan, Kle\u010dani<\/a>).<\/p>\n<p>\u010cestitamo Kle\u010danima ro\u0111endan te pohvaljujemo ovaj lijep primjer suradnje lokalne zajednice, znanstvenih institucija i medija. Vi\u0161e o samoj proslavi mo\u017eete pogledati na\u00a0<a href=\"https:\/\/magazin.hrt.hr\/price-iz-hrvatske\/klek-obiljezava-700-godina-od-prvoga-spomena-9221086\" data-saferedirecturl=\"https:\/\/www.google.com\/url?q=https:\/\/magazin.hrt.hr\/price-iz-hrvatske\/klek-obiljezava-700-godina-od-prvoga-spomena-9221086&amp;source=gmail&amp;ust=1661601907766000&amp;usg=AOvVaw098-vzDyjrxz_qBU2BUiZY\">https:\/\/magazin.hrt.hr\/price-iz-hrvatske\/klek-obiljezava-700-godina-od-prvoga-spomena-9221086<\/a>.<\/p>\n<p><img decoding=\"async\" class=\"alignnone size-medium wp-image-135583\" src=\"https:\/\/likemetkovic.hr\/portal\/wp-content\/uploads\/2022\/08\/klek-festa-700-godina-800x450.jpg\" alt=\"\" width=\"800\" height=\"450\" srcset=\"https:\/\/likemetkovic.hr\/portal\/wp-content\/uploads\/2022\/08\/klek-festa-700-godina-800x450.jpg 800w, https:\/\/likemetkovic.hr\/portal\/wp-content\/uploads\/2022\/08\/klek-festa-700-godina-768x432.jpg 768w, https:\/\/likemetkovic.hr\/portal\/wp-content\/uploads\/2022\/08\/klek-festa-700-godina-150x84.jpg 150w, https:\/\/likemetkovic.hr\/portal\/wp-content\/uploads\/2022\/08\/klek-festa-700-godina-300x169.jpg 300w, https:\/\/likemetkovic.hr\/portal\/wp-content\/uploads\/2022\/08\/klek-festa-700-godina-696x391.jpg 696w, https:\/\/likemetkovic.hr\/portal\/wp-content\/uploads\/2022\/08\/klek-festa-700-godina-747x420.jpg 747w, https:\/\/likemetkovic.hr\/portal\/wp-content\/uploads\/2022\/08\/klek-festa-700-godina.jpg 900w\" sizes=\"(max-width: 800px) 100vw, 800px\" \/><\/p>\n<p>Foto: Screenshot<\/p>\n","protected":false},"excerpt":{"rendered":"<p>U \u010detvrtak je 25. kolovoza 2022. sve\u010dano proslavljen 700. ro\u0111endan slivanjskoga naselja Kleka. Upravo je s ovoga portala 3. lipnja i \u010dlanka voditelja metkovske podru\u017enice Instituta za hrvatski jezik i jezikoslovlja Domagoja Vidovi\u0107a upu\u0107en podsjetnik da Klek ove godine slavi veliki jubilej (Sretan 700. ro\u0111endan, Kle\u010dani). \u010cestitamo Kle\u010danima ro\u0111endan te pohvaljujemo ovaj lijep primjer suradnje [&hellip;]<\/p>\n","protected":false},"author":7,"featured_media":135583,"comment_status":"open","ping_status":"open","sticky":false,"template":"","format":"standard","meta":{"footnotes":""},"categories":[283,11],"tags":[10761,621],"class_list":{"0":"post-135582","1":"post","2":"type-post","3":"status-publish","4":"format-standard","5":"has-post-thumbnail","7":"category-a","8":"category-metkovic-dolina","9":"tag-700-godina","10":"tag-klek"},"yoast_head":"<!-- This site is optimized with the Yoast SEO plugin v25.2 - https:\/\/yoast.com\/wordpress\/plugins\/seo\/ -->\n<title>Sve\u010dano proslavljen 700. ro\u0111endan Kleka - likemetkovic.hr<\/title>\n<meta name=\"robots\" content=\"index, follow, max-snippet:-1, max-image-preview:large, max-video-preview:-1\" \/>\n<link rel=\"canonical\" href=\"https:\/\/likemetkovic.hr\/portal\/svecano-proslavljen-700-rodendan-kleka\/\" \/>\n<meta property=\"og:locale\" content=\"hr_HR\" \/>\n<meta property=\"og:type\" content=\"article\" \/>\n<meta property=\"og:title\" content=\"Sve\u010dano proslavljen 700. ro\u0111endan Kleka - likemetkovic.hr\" \/>\n<meta property=\"og:description\" content=\"U \u010detvrtak je 25. kolovoza 2022. sve\u010dano proslavljen 700. ro\u0111endan slivanjskoga naselja Kleka. Upravo je s ovoga portala 3. lipnja i \u010dlanka voditelja metkovske podru\u017enice Instituta za hrvatski jezik i jezikoslovlja Domagoja Vidovi\u0107a upu\u0107en podsjetnik da Klek ove godine slavi veliki jubilej (Sretan 700. ro\u0111endan, Kle\u010dani). \u010cestitamo Kle\u010danima ro\u0111endan te pohvaljujemo ovaj lijep primjer suradnje [&hellip;]\" \/>\n<meta property=\"og:url\" content=\"https:\/\/likemetkovic.hr\/portal\/svecano-proslavljen-700-rodendan-kleka\/\" \/>\n<meta property=\"og:site_name\" content=\"likemetkovic.hr\" \/>\n<meta property=\"article:publisher\" content=\"https:\/\/www.facebook.com\/likemetkovic.hr\/\" \/>\n<meta property=\"article:published_time\" content=\"2022-08-26T12:21:45+00:00\" \/>\n<meta property=\"og:image\" content=\"https:\/\/likemetkovic.hr\/portal\/wp-content\/uploads\/2022\/08\/klek-festa-700-godina.jpg\" \/>\n\t<meta property=\"og:image:width\" content=\"900\" \/>\n\t<meta property=\"og:image:height\" content=\"506\" \/>\n\t<meta property=\"og:image:type\" content=\"image\/jpeg\" \/>\n<meta name=\"author\" content=\"LIKEmetkovic.hr\" \/>\n<meta name=\"twitter:card\" content=\"summary_large_image\" \/>\n<meta name=\"twitter:label1\" content=\"Napisao\/la\" \/>\n\t<meta name=\"twitter:data1\" content=\"LIKEmetkovic.hr\" \/>\n\t<meta name=\"twitter:label2\" content=\"Procijenjeno vrijeme \u010ditanja\" \/>\n\t<meta name=\"twitter:data2\" content=\"1 minuta\" \/>\n<script type=\"application\/ld+json\" class=\"yoast-schema-graph\">{\"@context\":\"https:\/\/schema.org\",\"@graph\":[{\"@type\":\"WebPage\",\"@id\":\"https:\/\/likemetkovic.hr\/portal\/svecano-proslavljen-700-rodendan-kleka\/\",\"url\":\"https:\/\/likemetkovic.hr\/portal\/svecano-proslavljen-700-rodendan-kleka\/\",\"name\":\"Sve\u010dano proslavljen 700. ro\u0111endan Kleka - likemetkovic.hr\",\"isPartOf\":{\"@id\":\"https:\/\/likemetkovic.hr\/#website\"},\"primaryImageOfPage\":{\"@id\":\"https:\/\/likemetkovic.hr\/portal\/svecano-proslavljen-700-rodendan-kleka\/#primaryimage\"},\"image\":{\"@id\":\"https:\/\/likemetkovic.hr\/portal\/svecano-proslavljen-700-rodendan-kleka\/#primaryimage\"},\"thumbnailUrl\":\"https:\/\/likemetkovic.hr\/portal\/wp-content\/uploads\/2022\/08\/klek-festa-700-godina.jpg\",\"datePublished\":\"2022-08-26T12:21:45+00:00\",\"author\":{\"@id\":\"https:\/\/likemetkovic.hr\/#\/schema\/person\/a42711f3385a0e2be6f7e0443bfb28f0\"},\"breadcrumb\":{\"@id\":\"https:\/\/likemetkovic.hr\/portal\/svecano-proslavljen-700-rodendan-kleka\/#breadcrumb\"},\"inLanguage\":\"hr\",\"potentialAction\":[{\"@type\":\"ReadAction\",\"target\":[\"https:\/\/likemetkovic.hr\/portal\/svecano-proslavljen-700-rodendan-kleka\/\"]}]},{\"@type\":\"ImageObject\",\"inLanguage\":\"hr\",\"@id\":\"https:\/\/likemetkovic.hr\/portal\/svecano-proslavljen-700-rodendan-kleka\/#primaryimage\",\"url\":\"https:\/\/likemetkovic.hr\/portal\/wp-content\/uploads\/2022\/08\/klek-festa-700-godina.jpg\",\"contentUrl\":\"https:\/\/likemetkovic.hr\/portal\/wp-content\/uploads\/2022\/08\/klek-festa-700-godina.jpg\",\"width\":900,\"height\":506},{\"@type\":\"BreadcrumbList\",\"@id\":\"https:\/\/likemetkovic.hr\/portal\/svecano-proslavljen-700-rodendan-kleka\/#breadcrumb\",\"itemListElement\":[{\"@type\":\"ListItem\",\"position\":1,\"name\":\"Po\u010detna stranica\",\"item\":\"https:\/\/likemetkovic.hr\/portal\/\"},{\"@type\":\"ListItem\",\"position\":2,\"name\":\"Sve\u010dano proslavljen 700. ro\u0111endan Kleka\"}]},{\"@type\":\"WebSite\",\"@id\":\"https:\/\/likemetkovic.hr\/#website\",\"url\":\"https:\/\/likemetkovic.hr\/\",\"name\":\"likemetkovic.hr\",\"description\":\"Misli pozitivno... \u010ditaj LIKE\",\"potentialAction\":[{\"@type\":\"SearchAction\",\"target\":{\"@type\":\"EntryPoint\",\"urlTemplate\":\"https:\/\/likemetkovic.hr\/?s={search_term_string}\"},\"query-input\":{\"@type\":\"PropertyValueSpecification\",\"valueRequired\":true,\"valueName\":\"search_term_string\"}}],\"inLanguage\":\"hr\"},{\"@type\":\"Person\",\"@id\":\"https:\/\/likemetkovic.hr\/#\/schema\/person\/a42711f3385a0e2be6f7e0443bfb28f0\",\"name\":\"LIKEmetkovic.hr\",\"sameAs\":[\"http:\/\/likemetkovic.hr\"],\"url\":\"https:\/\/likemetkovic.hr\/portal\/author\/likemetkovic-hr\/\"}]}<\/script>\n<!-- \/ Yoast SEO plugin. -->","yoast_head_json":{"title":"Sve\u010dano proslavljen 700. ro\u0111endan Kleka - likemetkovic.hr","robots":{"index":"index","follow":"follow","max-snippet":"max-snippet:-1","max-image-preview":"max-image-preview:large","max-video-preview":"max-video-preview:-1"},"canonical":"https:\/\/likemetkovic.hr\/portal\/svecano-proslavljen-700-rodendan-kleka\/","og_locale":"hr_HR","og_type":"article","og_title":"Sve\u010dano proslavljen 700. ro\u0111endan Kleka - likemetkovic.hr","og_description":"U \u010detvrtak je 25. kolovoza 2022. sve\u010dano proslavljen 700. ro\u0111endan slivanjskoga naselja Kleka. Upravo je s ovoga portala 3. lipnja i \u010dlanka voditelja metkovske podru\u017enice Instituta za hrvatski jezik i jezikoslovlja Domagoja Vidovi\u0107a upu\u0107en podsjetnik da Klek ove godine slavi veliki jubilej (Sretan 700. ro\u0111endan, Kle\u010dani). \u010cestitamo Kle\u010danima ro\u0111endan te pohvaljujemo ovaj lijep primjer suradnje [&hellip;]","og_url":"https:\/\/likemetkovic.hr\/portal\/svecano-proslavljen-700-rodendan-kleka\/","og_site_name":"likemetkovic.hr","article_publisher":"https:\/\/www.facebook.com\/likemetkovic.hr\/","article_published_time":"2022-08-26T12:21:45+00:00","og_image":[{"width":900,"height":506,"url":"https:\/\/likemetkovic.hr\/portal\/wp-content\/uploads\/2022\/08\/klek-festa-700-godina.jpg","type":"image\/jpeg"}],"author":"LIKEmetkovic.hr","twitter_card":"summary_large_image","twitter_misc":{"Napisao\/la":"LIKEmetkovic.hr","Procijenjeno vrijeme \u010ditanja":"1 minuta"},"schema":{"@context":"https:\/\/schema.org","@graph":[{"@type":"WebPage","@id":"https:\/\/likemetkovic.hr\/portal\/svecano-proslavljen-700-rodendan-kleka\/","url":"https:\/\/likemetkovic.hr\/portal\/svecano-proslavljen-700-rodendan-kleka\/","name":"Sve\u010dano proslavljen 700. ro\u0111endan Kleka - likemetkovic.hr","isPartOf":{"@id":"https:\/\/likemetkovic.hr\/#website"},"primaryImageOfPage":{"@id":"https:\/\/likemetkovic.hr\/portal\/svecano-proslavljen-700-rodendan-kleka\/#primaryimage"},"image":{"@id":"https:\/\/likemetkovic.hr\/portal\/svecano-proslavljen-700-rodendan-kleka\/#primaryimage"},"thumbnailUrl":"https:\/\/likemetkovic.hr\/portal\/wp-content\/uploads\/2022\/08\/klek-festa-700-godina.jpg","datePublished":"2022-08-26T12:21:45+00:00","author":{"@id":"https:\/\/likemetkovic.hr\/#\/schema\/person\/a42711f3385a0e2be6f7e0443bfb28f0"},"breadcrumb":{"@id":"https:\/\/likemetkovic.hr\/portal\/svecano-proslavljen-700-rodendan-kleka\/#breadcrumb"},"inLanguage":"hr","potentialAction":[{"@type":"ReadAction","target":["https:\/\/likemetkovic.hr\/portal\/svecano-proslavljen-700-rodendan-kleka\/"]}]},{"@type":"ImageObject","inLanguage":"hr","@id":"https:\/\/likemetkovic.hr\/portal\/svecano-proslavljen-700-rodendan-kleka\/#primaryimage","url":"https:\/\/likemetkovic.hr\/portal\/wp-content\/uploads\/2022\/08\/klek-festa-700-godina.jpg","contentUrl":"https:\/\/likemetkovic.hr\/portal\/wp-content\/uploads\/2022\/08\/klek-festa-700-godina.jpg","width":900,"height":506},{"@type":"BreadcrumbList","@id":"https:\/\/likemetkovic.hr\/portal\/svecano-proslavljen-700-rodendan-kleka\/#breadcrumb","itemListElement":[{"@type":"ListItem","position":1,"name":"Po\u010detna stranica","item":"https:\/\/likemetkovic.hr\/portal\/"},{"@type":"ListItem","position":2,"name":"Sve\u010dano proslavljen 700. ro\u0111endan Kleka"}]},{"@type":"WebSite","@id":"https:\/\/likemetkovic.hr\/#website","url":"https:\/\/likemetkovic.hr\/","name":"likemetkovic.hr","description":"Misli pozitivno... \u010ditaj LIKE","potentialAction":[{"@type":"SearchAction","target":{"@type":"EntryPoint","urlTemplate":"https:\/\/likemetkovic.hr\/?s={search_term_string}"},"query-input":{"@type":"PropertyValueSpecification","valueRequired":true,"valueName":"search_term_string"}}],"inLanguage":"hr"},{"@type":"Person","@id":"https:\/\/likemetkovic.hr\/#\/schema\/person\/a42711f3385a0e2be6f7e0443bfb28f0","name":"LIKEmetkovic.hr","sameAs":["http:\/\/likemetkovic.hr"],"url":"https:\/\/likemetkovic.hr\/portal\/author\/likemetkovic-hr\/"}]}},"_links":{"self":[{"href":"https:\/\/likemetkovic.hr\/portal\/wp-json\/wp\/v2\/posts\/135582","targetHints":{"allow":["GET"]}}],"collection":[{"href":"https:\/\/likemetkovic.hr\/portal\/wp-json\/wp\/v2\/posts"}],"about":[{"href":"https:\/\/likemetkovic.hr\/portal\/wp-json\/wp\/v2\/types\/post"}],"author":[{"embeddable":true,"href":"https:\/\/likemetkovic.hr\/portal\/wp-json\/wp\/v2\/users\/7"}],"replies":[{"embeddable":true,"href":"https:\/\/likemetkovic.hr\/portal\/wp-json\/wp\/v2\/comments?post=135582"}],"version-history":[{"count":1,"href":"https:\/\/likemetkovic.hr\/portal\/wp-json\/wp\/v2\/posts\/135582\/revisions"}],"predecessor-version":[{"id":135584,"href":"https:\/\/likemetkovic.hr\/portal\/wp-json\/wp\/v2\/posts\/135582\/revisions\/135584"}],"wp:featuredmedia":[{"embeddable":true,"href":"https:\/\/likemetkovic.hr\/portal\/wp-json\/wp\/v2\/media\/135583"}],"wp:attachment":[{"href":"https:\/\/likemetkovic.hr\/portal\/wp-json\/wp\/v2\/media?parent=135582"}],"wp:term":[{"taxonomy":"category","embeddable":true,"href":"https:\/\/likemetkovic.hr\/portal\/wp-json\/wp\/v2\/categories?post=135582"},{"taxonomy":"post_tag","embeddable":true,"href":"https:\/\/likemetkovic.hr\/portal\/wp-json\/wp\/v2\/tags?post=135582"}],"curies":[{"name":"wp","href":"https:\/\/api.w.org\/{rel}","templated":true}]}}