{"id":136022,"date":"2022-09-13T08:46:27","date_gmt":"2022-09-13T06:46:27","guid":{"rendered":"https:\/\/likemetkovic.hr\/portal\/?p=136022"},"modified":"2022-09-13T08:46:27","modified_gmt":"2022-09-13T06:46:27","slug":"izracun-koliko-ce-kucanstvima-s-vecom-potrosnjom-rasti-racuni-za-struju","status":"publish","type":"post","link":"https:\/\/likemetkovic.hr\/portal\/izracun-koliko-ce-kucanstvima-s-vecom-potrosnjom-rasti-racuni-za-struju\/","title":{"rendered":"IZRA\u010cUN | Koliko \u0107e ku\u0107anstvima s ve\u0107om potro\u0161njom rasti ra\u010duni za struju?"},"content":{"rendered":"<p>U \u010detvrtak na sjednici Vlade predstavljen je paket mjera vrijedan 21 milijardu kuna koji bi gra\u0111anima i gospodarstvu trebao pomo\u0107i da lak\u0161e prevladaju rast tro\u0161kova \u017eivota<strong> s naglaskom na ograni\u010denje cijena energenata<\/strong>.<\/p>\n<p>Me\u0111u ostalim, predstavljena je mjera za ubla\u017eavanje rasta cijena struje. Pokriva vrijeme <strong>od 1. listopada do 31. o\u017eujka idu\u0107e godine<\/strong>. \u201cKu\u0107anstva koja \u0107e potro\u0161iti energije do 2.500 kilovatsati, pla\u0107at \u0107e 59 eura megavatsat. Ono \u0161to potro\u0161e povrh toga, pla\u0107at \u0107e po prosje\u010dnoj cijeni 88 eura megavatsat\u201d, rekao je Plenkovi\u0107.<\/p>\n<p>\u010clan udruge Splitski potro\u0161a\u010d i stru\u010dnjak za kupoprodaju elektri\u010dne energije\u00a0<strong>Nenad Kurtovi\u0107<\/strong> napravio je izra\u010dun koliko \u0107e prosje\u010dno rasti ra\u010duni ku\u0107anstvima ovisno o potro\u0161nji. Kao polazi\u0161nu to\u010dku uzeo je od Vlade prezentirano, a po Eurostatovoj metodologiji grupirana ku\u0107anstva prema kojoj veliko ku\u0107anstvo tro\u0161i izme\u0111u 5.000-15.000 KWh.<\/p>\n<p>Ako se uzme u obzir granica koju je postavila Vlada i ako ku\u0107anstvo u \u0161est mjeseci potro\u0161i do 2.500 kWh, radi se o mjese\u010dnoj potro\u0161nji od 417 KWh. Koliko \u0107e onda rasti ra\u010duni onima koji prekora\u010de tu potro\u0161nju?<\/p>\n<p><strong>Izra\u010dun na mjese\u010dnoj razini:<\/strong><\/p>\n<ul>\n<li>ku\u0107anstva potro\u0161nje 500 kWh mjese\u010dno \u2013 rast ra\u010duna za 22 kn<\/li>\n<li>ku\u0107anstva potro\u0161nje 600 kWh mjese\u010dno \u2013 rast ra\u010duna za 48 kn<\/li>\n<li>ku\u0107anstva potro\u0161nje 700 kWh mjese\u010dno \u2013 rast ra\u010duna za 74 kn<\/li>\n<li>ku\u0107anstva potro\u0161nje 800 kWh mjese\u010dno \u2013 rast ra\u010duna za 100 kn<\/li>\n<li>ku\u0107anstva potro\u0161nje 900 kWh mjese\u010dno \u2013 rast ra\u010duna za 126 kn<\/li>\n<li>ku\u0107anstva potro\u0161nje 1000 kWh mjese\u010dno \u2013 rast ra\u010duna za 152 kn<\/li>\n<\/ul>\n<p>Ako se iste brojke primijene <strong>na polugodi\u0161nju potro\u0161nju<\/strong>, onda to izgleda ovako:<\/p>\n<ul>\n<li>ku\u0107anstva potro\u0161nje 3000 kWh u 6 mjeseci \u2013 rast ra\u010duna za 130 kn<\/li>\n<li>ku\u0107anstva potro\u0161nje 3600 kWh u 6 mjeseci \u2013 rast ra\u010duna za 286 kn<\/li>\n<li>ku\u0107anstva potro\u0161nje 4200 kWh u 6 mjeseci \u2013 rast ra\u010duna za 442 kn<\/li>\n<li>ku\u0107anstva potro\u0161nje 4800 kWh u 6 mjeseci \u2013 rast ra\u010duna za 599 kn<\/li>\n<li>ku\u0107anstva potro\u0161nje 5400 kWh u 6 mjeseci \u2013 rast ra\u010duna za 755 kn<\/li>\n<li>ku\u0107anstva potro\u0161nje 6000 kWh u 6 mjeseci \u2013 rast ra\u010duna za 911 kn<\/li>\n<\/ul>\n<h4>No, \u0161to uop\u0107e zna\u010di 2.500 kWh i kolika je to potro\u0161nja?<\/h4>\n<p>\u201cKod elektri\u010dne energije 2.500 kWh je dovoljno za \u0161est mjeseci grijanja jedne prostorije zimi i za pripremu tople vode u ku\u0107anstvu, to je oko 420 KWh mjese\u010dno\u201d, rekao je i upozorio na nelogi\u010dnost upravo u toj mjeri gdje se, kako smatra, nije mislilo na ku\u0107anstva koja za grijanje koriste isklju\u010divo elektri\u010dnu energiju, a to se odnosi uglavnom na obalu. \u201cKu\u0107anstva koja imaju prirodni plin ili toplinsku energiju, tu koli\u010dinu od 2.500 kWh utro\u0161e najvi\u0161e u razdoblju od dva mjeseca, \u0161to najbolje pokazuje kolika je razlika u me\u0111usobnim odnosima izme\u0111u jednih i dugih.\u201d<\/p>\n","protected":false},"excerpt":{"rendered":"<p>U \u010detvrtak na sjednici Vlade predstavljen je paket mjera vrijedan 21 milijardu kuna koji bi gra\u0111anima i gospodarstvu trebao pomo\u0107i da lak\u0161e prevladaju rast tro\u0161kova \u017eivota s naglaskom na ograni\u010denje cijena energenata. Me\u0111u ostalim, predstavljena je mjera za ubla\u017eavanje rasta cijena struje. Pokriva vrijeme od 1. listopada do 31. o\u017eujka idu\u0107e godine. \u201cKu\u0107anstva koja \u0107e [&hellip;]<\/p>\n","protected":false},"author":7,"featured_media":93594,"comment_status":"open","ping_status":"open","sticky":false,"template":"","format":"standard","meta":{"footnotes":""},"categories":[283,1027],"tags":[10544,1223,11063],"class_list":{"0":"post-136022","1":"post","2":"type-post","3":"status-publish","4":"format-standard","5":"has-post-thumbnail","7":"category-a","8":"category-hrvatska","9":"tag-cijena-struje","10":"tag-elektricna-energija","11":"tag-potrosnja"},"yoast_head":"<!-- This site is optimized with the Yoast SEO plugin v25.2 - https:\/\/yoast.com\/wordpress\/plugins\/seo\/ -->\n<title>IZRA\u010cUN | Koliko \u0107e ku\u0107anstvima s ve\u0107om potro\u0161njom rasti ra\u010duni za struju? - likemetkovic.hr<\/title>\n<meta name=\"robots\" content=\"index, follow, max-snippet:-1, max-image-preview:large, max-video-preview:-1\" \/>\n<link rel=\"canonical\" href=\"https:\/\/likemetkovic.hr\/portal\/izracun-koliko-ce-kucanstvima-s-vecom-potrosnjom-rasti-racuni-za-struju\/\" \/>\n<meta property=\"og:locale\" content=\"hr_HR\" \/>\n<meta property=\"og:type\" content=\"article\" \/>\n<meta property=\"og:title\" content=\"IZRA\u010cUN | Koliko \u0107e ku\u0107anstvima s ve\u0107om potro\u0161njom rasti ra\u010duni za struju? - likemetkovic.hr\" \/>\n<meta property=\"og:description\" content=\"U \u010detvrtak na sjednici Vlade predstavljen je paket mjera vrijedan 21 milijardu kuna koji bi gra\u0111anima i gospodarstvu trebao pomo\u0107i da lak\u0161e prevladaju rast tro\u0161kova \u017eivota s naglaskom na ograni\u010denje cijena energenata. Me\u0111u ostalim, predstavljena je mjera za ubla\u017eavanje rasta cijena struje. Pokriva vrijeme od 1. listopada do 31. o\u017eujka idu\u0107e godine. \u201cKu\u0107anstva koja \u0107e [&hellip;]\" \/>\n<meta property=\"og:url\" content=\"https:\/\/likemetkovic.hr\/portal\/izracun-koliko-ce-kucanstvima-s-vecom-potrosnjom-rasti-racuni-za-struju\/\" \/>\n<meta property=\"og:site_name\" content=\"likemetkovic.hr\" \/>\n<meta property=\"article:publisher\" content=\"https:\/\/www.facebook.com\/likemetkovic.hr\/\" \/>\n<meta property=\"article:published_time\" content=\"2022-09-13T06:46:27+00:00\" \/>\n<meta property=\"og:image\" content=\"https:\/\/likemetkovic.hr\/portal\/wp-content\/uploads\/2019\/12\/struja-hep-obustava.jpg\" \/>\n\t<meta property=\"og:image:width\" content=\"696\" \/>\n\t<meta property=\"og:image:height\" content=\"463\" \/>\n\t<meta property=\"og:image:type\" content=\"image\/jpeg\" \/>\n<meta name=\"author\" content=\"LIKEmetkovic.hr\" \/>\n<meta name=\"twitter:card\" content=\"summary_large_image\" \/>\n<meta name=\"twitter:label1\" content=\"Napisao\/la\" \/>\n\t<meta name=\"twitter:data1\" content=\"LIKEmetkovic.hr\" \/>\n\t<meta name=\"twitter:label2\" content=\"Procijenjeno vrijeme \u010ditanja\" \/>\n\t<meta name=\"twitter:data2\" content=\"3 minute\" \/>\n<script type=\"application\/ld+json\" class=\"yoast-schema-graph\">{\"@context\":\"https:\/\/schema.org\",\"@graph\":[{\"@type\":\"WebPage\",\"@id\":\"https:\/\/likemetkovic.hr\/portal\/izracun-koliko-ce-kucanstvima-s-vecom-potrosnjom-rasti-racuni-za-struju\/\",\"url\":\"https:\/\/likemetkovic.hr\/portal\/izracun-koliko-ce-kucanstvima-s-vecom-potrosnjom-rasti-racuni-za-struju\/\",\"name\":\"IZRA\u010cUN | Koliko \u0107e ku\u0107anstvima s ve\u0107om potro\u0161njom rasti ra\u010duni za struju? - likemetkovic.hr\",\"isPartOf\":{\"@id\":\"https:\/\/likemetkovic.hr\/#website\"},\"primaryImageOfPage\":{\"@id\":\"https:\/\/likemetkovic.hr\/portal\/izracun-koliko-ce-kucanstvima-s-vecom-potrosnjom-rasti-racuni-za-struju\/#primaryimage\"},\"image\":{\"@id\":\"https:\/\/likemetkovic.hr\/portal\/izracun-koliko-ce-kucanstvima-s-vecom-potrosnjom-rasti-racuni-za-struju\/#primaryimage\"},\"thumbnailUrl\":\"https:\/\/likemetkovic.hr\/portal\/wp-content\/uploads\/2019\/12\/struja-hep-obustava.jpg\",\"datePublished\":\"2022-09-13T06:46:27+00:00\",\"author\":{\"@id\":\"https:\/\/likemetkovic.hr\/#\/schema\/person\/a42711f3385a0e2be6f7e0443bfb28f0\"},\"breadcrumb\":{\"@id\":\"https:\/\/likemetkovic.hr\/portal\/izracun-koliko-ce-kucanstvima-s-vecom-potrosnjom-rasti-racuni-za-struju\/#breadcrumb\"},\"inLanguage\":\"hr\",\"potentialAction\":[{\"@type\":\"ReadAction\",\"target\":[\"https:\/\/likemetkovic.hr\/portal\/izracun-koliko-ce-kucanstvima-s-vecom-potrosnjom-rasti-racuni-za-struju\/\"]}]},{\"@type\":\"ImageObject\",\"inLanguage\":\"hr\",\"@id\":\"https:\/\/likemetkovic.hr\/portal\/izracun-koliko-ce-kucanstvima-s-vecom-potrosnjom-rasti-racuni-za-struju\/#primaryimage\",\"url\":\"https:\/\/likemetkovic.hr\/portal\/wp-content\/uploads\/2019\/12\/struja-hep-obustava.jpg\",\"contentUrl\":\"https:\/\/likemetkovic.hr\/portal\/wp-content\/uploads\/2019\/12\/struja-hep-obustava.jpg\",\"width\":696,\"height\":463},{\"@type\":\"BreadcrumbList\",\"@id\":\"https:\/\/likemetkovic.hr\/portal\/izracun-koliko-ce-kucanstvima-s-vecom-potrosnjom-rasti-racuni-za-struju\/#breadcrumb\",\"itemListElement\":[{\"@type\":\"ListItem\",\"position\":1,\"name\":\"Po\u010detna stranica\",\"item\":\"https:\/\/likemetkovic.hr\/portal\/\"},{\"@type\":\"ListItem\",\"position\":2,\"name\":\"IZRA\u010cUN | Koliko \u0107e ku\u0107anstvima s ve\u0107om potro\u0161njom rasti ra\u010duni za struju?\"}]},{\"@type\":\"WebSite\",\"@id\":\"https:\/\/likemetkovic.hr\/#website\",\"url\":\"https:\/\/likemetkovic.hr\/\",\"name\":\"likemetkovic.hr\",\"description\":\"Misli pozitivno... \u010ditaj LIKE\",\"potentialAction\":[{\"@type\":\"SearchAction\",\"target\":{\"@type\":\"EntryPoint\",\"urlTemplate\":\"https:\/\/likemetkovic.hr\/?s={search_term_string}\"},\"query-input\":{\"@type\":\"PropertyValueSpecification\",\"valueRequired\":true,\"valueName\":\"search_term_string\"}}],\"inLanguage\":\"hr\"},{\"@type\":\"Person\",\"@id\":\"https:\/\/likemetkovic.hr\/#\/schema\/person\/a42711f3385a0e2be6f7e0443bfb28f0\",\"name\":\"LIKEmetkovic.hr\",\"sameAs\":[\"http:\/\/likemetkovic.hr\"],\"url\":\"https:\/\/likemetkovic.hr\/portal\/author\/likemetkovic-hr\/\"}]}<\/script>\n<!-- \/ Yoast SEO plugin. -->","yoast_head_json":{"title":"IZRA\u010cUN | Koliko \u0107e ku\u0107anstvima s ve\u0107om potro\u0161njom rasti ra\u010duni za struju? - likemetkovic.hr","robots":{"index":"index","follow":"follow","max-snippet":"max-snippet:-1","max-image-preview":"max-image-preview:large","max-video-preview":"max-video-preview:-1"},"canonical":"https:\/\/likemetkovic.hr\/portal\/izracun-koliko-ce-kucanstvima-s-vecom-potrosnjom-rasti-racuni-za-struju\/","og_locale":"hr_HR","og_type":"article","og_title":"IZRA\u010cUN | Koliko \u0107e ku\u0107anstvima s ve\u0107om potro\u0161njom rasti ra\u010duni za struju? - likemetkovic.hr","og_description":"U \u010detvrtak na sjednici Vlade predstavljen je paket mjera vrijedan 21 milijardu kuna koji bi gra\u0111anima i gospodarstvu trebao pomo\u0107i da lak\u0161e prevladaju rast tro\u0161kova \u017eivota s naglaskom na ograni\u010denje cijena energenata. Me\u0111u ostalim, predstavljena je mjera za ubla\u017eavanje rasta cijena struje. Pokriva vrijeme od 1. listopada do 31. o\u017eujka idu\u0107e godine. \u201cKu\u0107anstva koja \u0107e [&hellip;]","og_url":"https:\/\/likemetkovic.hr\/portal\/izracun-koliko-ce-kucanstvima-s-vecom-potrosnjom-rasti-racuni-za-struju\/","og_site_name":"likemetkovic.hr","article_publisher":"https:\/\/www.facebook.com\/likemetkovic.hr\/","article_published_time":"2022-09-13T06:46:27+00:00","og_image":[{"width":696,"height":463,"url":"https:\/\/likemetkovic.hr\/portal\/wp-content\/uploads\/2019\/12\/struja-hep-obustava.jpg","type":"image\/jpeg"}],"author":"LIKEmetkovic.hr","twitter_card":"summary_large_image","twitter_misc":{"Napisao\/la":"LIKEmetkovic.hr","Procijenjeno vrijeme \u010ditanja":"3 minute"},"schema":{"@context":"https:\/\/schema.org","@graph":[{"@type":"WebPage","@id":"https:\/\/likemetkovic.hr\/portal\/izracun-koliko-ce-kucanstvima-s-vecom-potrosnjom-rasti-racuni-za-struju\/","url":"https:\/\/likemetkovic.hr\/portal\/izracun-koliko-ce-kucanstvima-s-vecom-potrosnjom-rasti-racuni-za-struju\/","name":"IZRA\u010cUN | Koliko \u0107e ku\u0107anstvima s ve\u0107om potro\u0161njom rasti ra\u010duni za struju? - likemetkovic.hr","isPartOf":{"@id":"https:\/\/likemetkovic.hr\/#website"},"primaryImageOfPage":{"@id":"https:\/\/likemetkovic.hr\/portal\/izracun-koliko-ce-kucanstvima-s-vecom-potrosnjom-rasti-racuni-za-struju\/#primaryimage"},"image":{"@id":"https:\/\/likemetkovic.hr\/portal\/izracun-koliko-ce-kucanstvima-s-vecom-potrosnjom-rasti-racuni-za-struju\/#primaryimage"},"thumbnailUrl":"https:\/\/likemetkovic.hr\/portal\/wp-content\/uploads\/2019\/12\/struja-hep-obustava.jpg","datePublished":"2022-09-13T06:46:27+00:00","author":{"@id":"https:\/\/likemetkovic.hr\/#\/schema\/person\/a42711f3385a0e2be6f7e0443bfb28f0"},"breadcrumb":{"@id":"https:\/\/likemetkovic.hr\/portal\/izracun-koliko-ce-kucanstvima-s-vecom-potrosnjom-rasti-racuni-za-struju\/#breadcrumb"},"inLanguage":"hr","potentialAction":[{"@type":"ReadAction","target":["https:\/\/likemetkovic.hr\/portal\/izracun-koliko-ce-kucanstvima-s-vecom-potrosnjom-rasti-racuni-za-struju\/"]}]},{"@type":"ImageObject","inLanguage":"hr","@id":"https:\/\/likemetkovic.hr\/portal\/izracun-koliko-ce-kucanstvima-s-vecom-potrosnjom-rasti-racuni-za-struju\/#primaryimage","url":"https:\/\/likemetkovic.hr\/portal\/wp-content\/uploads\/2019\/12\/struja-hep-obustava.jpg","contentUrl":"https:\/\/likemetkovic.hr\/portal\/wp-content\/uploads\/2019\/12\/struja-hep-obustava.jpg","width":696,"height":463},{"@type":"BreadcrumbList","@id":"https:\/\/likemetkovic.hr\/portal\/izracun-koliko-ce-kucanstvima-s-vecom-potrosnjom-rasti-racuni-za-struju\/#breadcrumb","itemListElement":[{"@type":"ListItem","position":1,"name":"Po\u010detna stranica","item":"https:\/\/likemetkovic.hr\/portal\/"},{"@type":"ListItem","position":2,"name":"IZRA\u010cUN | Koliko \u0107e ku\u0107anstvima s ve\u0107om potro\u0161njom rasti ra\u010duni za struju?"}]},{"@type":"WebSite","@id":"https:\/\/likemetkovic.hr\/#website","url":"https:\/\/likemetkovic.hr\/","name":"likemetkovic.hr","description":"Misli pozitivno... \u010ditaj LIKE","potentialAction":[{"@type":"SearchAction","target":{"@type":"EntryPoint","urlTemplate":"https:\/\/likemetkovic.hr\/?s={search_term_string}"},"query-input":{"@type":"PropertyValueSpecification","valueRequired":true,"valueName":"search_term_string"}}],"inLanguage":"hr"},{"@type":"Person","@id":"https:\/\/likemetkovic.hr\/#\/schema\/person\/a42711f3385a0e2be6f7e0443bfb28f0","name":"LIKEmetkovic.hr","sameAs":["http:\/\/likemetkovic.hr"],"url":"https:\/\/likemetkovic.hr\/portal\/author\/likemetkovic-hr\/"}]}},"_links":{"self":[{"href":"https:\/\/likemetkovic.hr\/portal\/wp-json\/wp\/v2\/posts\/136022","targetHints":{"allow":["GET"]}}],"collection":[{"href":"https:\/\/likemetkovic.hr\/portal\/wp-json\/wp\/v2\/posts"}],"about":[{"href":"https:\/\/likemetkovic.hr\/portal\/wp-json\/wp\/v2\/types\/post"}],"author":[{"embeddable":true,"href":"https:\/\/likemetkovic.hr\/portal\/wp-json\/wp\/v2\/users\/7"}],"replies":[{"embeddable":true,"href":"https:\/\/likemetkovic.hr\/portal\/wp-json\/wp\/v2\/comments?post=136022"}],"version-history":[{"count":1,"href":"https:\/\/likemetkovic.hr\/portal\/wp-json\/wp\/v2\/posts\/136022\/revisions"}],"predecessor-version":[{"id":136023,"href":"https:\/\/likemetkovic.hr\/portal\/wp-json\/wp\/v2\/posts\/136022\/revisions\/136023"}],"wp:featuredmedia":[{"embeddable":true,"href":"https:\/\/likemetkovic.hr\/portal\/wp-json\/wp\/v2\/media\/93594"}],"wp:attachment":[{"href":"https:\/\/likemetkovic.hr\/portal\/wp-json\/wp\/v2\/media?parent=136022"}],"wp:term":[{"taxonomy":"category","embeddable":true,"href":"https:\/\/likemetkovic.hr\/portal\/wp-json\/wp\/v2\/categories?post=136022"},{"taxonomy":"post_tag","embeddable":true,"href":"https:\/\/likemetkovic.hr\/portal\/wp-json\/wp\/v2\/tags?post=136022"}],"curies":[{"name":"wp","href":"https:\/\/api.w.org\/{rel}","templated":true}]}}