{"id":136171,"date":"2022-09-19T09:33:13","date_gmt":"2022-09-19T07:33:13","guid":{"rendered":"https:\/\/likemetkovic.hr\/portal\/?p=136171"},"modified":"2022-09-19T09:33:13","modified_gmt":"2022-09-19T07:33:13","slug":"najava-ovoga-vikenda-na-predolcu-ce-se-voziti-biciklisticke-utrke","status":"publish","type":"post","link":"https:\/\/likemetkovic.hr\/portal\/najava-ovoga-vikenda-na-predolcu-ce-se-voziti-biciklisticke-utrke\/","title":{"rendered":"NAJAVA | Ovoga vikenda na Predolcu \u0107e se voziti biciklisti\u010dke utrke"},"content":{"rendered":"<p>Nastavlja se tradicija organizacije bike-vikenda naziva \u00a0<strong><em>Neretvanski \u0111ir<\/em><\/strong>. Ovaj jedinstveni doga\u0111aj na podru\u010dju ju\u017ene Dalmacije u organizaciji BK Metkovi\u0107, promovira biciklizam i biciklisti\u010dki sport u dolini Neretve, a isto tako biciklisti\u010dkom svijetu pokazuje sve prirodne ljepote i blagodati grada Metkovi\u0107a i\u00a0 cijele doline Neretve.<\/p>\n<p>Neretvanski \u0111ir sastoji se od dvije biciklisti\u010dke utrke koje \u0107e upotpuniti prigodni programom za sve natjecatelje i njihovu pratnju.<\/p>\n<p>Subota, 24. rujna je rezervirana za MTB utrku u disciplini eliminator <strong>XCE Metkovi\u0107 2022.<\/strong> koja je ujedno i nacionalno prvenstvo Hrvatske u toj disciplini. Ovu godinu natjecatelji \u0107e svoju spretnost pokazati na 1000 metara dugoj stazi koja \u0107e biti smje\u0161tena na brdu Predolac. Staza je kombinacija \u0161umskog puta i \u0161irokog makadama sa prirodnim preprekama.<\/p>\n<p>U nedjelju, 25. rujna 2022. \u0107e se tako\u0111er na brdu Predolac odr\u017eati i istoimena me\u0111unarodna utrka <strong>UCI class 1 XCO Predolac<\/strong> koja se od ove godine boduje za hrvatski kup i za premijer ligu BiH. Doma\u0107ini su pripremili 4000 metara dinami\u010dne i zahtjevne staze na kojoj \u0107e svoje sposobnosti pokazati natjecatelji iz Hrvatske, BiH, Italije, Francuske, \u010ce\u0161ke, Poljske, Crne Gore, Slovenije.<\/p>\n<p><img decoding=\"async\" class=\"alignnone size-full wp-image-136172\" src=\"https:\/\/likemetkovic.hr\/portal\/wp-content\/uploads\/2022\/09\/xco-predoalc.jpg\" alt=\"\" width=\"800\" height=\"563\" srcset=\"https:\/\/likemetkovic.hr\/portal\/wp-content\/uploads\/2022\/09\/xco-predoalc.jpg 800w, https:\/\/likemetkovic.hr\/portal\/wp-content\/uploads\/2022\/09\/xco-predoalc-768x540.jpg 768w, https:\/\/likemetkovic.hr\/portal\/wp-content\/uploads\/2022\/09\/xco-predoalc-150x106.jpg 150w, https:\/\/likemetkovic.hr\/portal\/wp-content\/uploads\/2022\/09\/xco-predoalc-300x211.jpg 300w, https:\/\/likemetkovic.hr\/portal\/wp-content\/uploads\/2022\/09\/xco-predoalc-696x490.jpg 696w, https:\/\/likemetkovic.hr\/portal\/wp-content\/uploads\/2022\/09\/xco-predoalc-597x420.jpg 597w, https:\/\/likemetkovic.hr\/portal\/wp-content\/uploads\/2022\/09\/xco-predoalc-100x70.jpg 100w\" sizes=\"(max-width: 800px) 100vw, 800px\" \/>Doga\u0111aj nije samo sportskog karaktera. Natjecateljima i njihovoj pratnji bit \u0107e prezentirana i turisti\u010dka ponuda grada Metkovi\u0107a i doline Neretve kako ovaj doga\u0111aj ne bi ostao samo na sportskom djelu. IZ BK Metkovi\u0107a poru\u010duju da \u017eele\u00a0 svim gostima osim\u00a0 natjecateljske omogu\u0107iti i laganu opu\u0161tenu prijateljsku atmosferu.<\/p>\n<p>Isto tako pozivaju sve gra\u0111ane da svojim dolaskom podr\u017ee ovo natjecanje i u\u017eivaju gledaju\u0107i zavidne vje\u0161tine brdskih biciklista koje \u0107e nam isti prezentirati savladavaju\u0107i stazu.<\/p>\n","protected":false},"excerpt":{"rendered":"<p>Nastavlja se tradicija organizacije bike-vikenda naziva \u00a0Neretvanski \u0111ir. Ovaj jedinstveni doga\u0111aj na podru\u010dju ju\u017ene Dalmacije u organizaciji BK Metkovi\u0107, promovira biciklizam i biciklisti\u010dki sport u dolini Neretve, a isto tako biciklisti\u010dkom svijetu pokazuje sve prirodne ljepote i blagodati grada Metkovi\u0107a i\u00a0 cijele doline Neretve. Neretvanski \u0111ir sastoji se od dvije biciklisti\u010dke utrke koje \u0107e upotpuniti [&hellip;]<\/p>\n","protected":false},"author":7,"featured_media":84194,"comment_status":"open","ping_status":"open","sticky":false,"template":"","format":"standard","meta":{"footnotes":""},"categories":[283,34],"tags":[11094,1442],"class_list":{"0":"post-136171","1":"post","2":"type-post","3":"status-publish","4":"format-standard","5":"has-post-thumbnail","7":"category-a","8":"category-biciklizam","9":"tag-biciklisticka-utrka-predolac-xco","10":"tag-bk-metkovic"},"yoast_head":"<!-- This site is optimized with the Yoast SEO plugin v25.2 - https:\/\/yoast.com\/wordpress\/plugins\/seo\/ -->\n<title>NAJAVA | Ovoga vikenda na Predolcu \u0107e se voziti biciklisti\u010dke utrke - likemetkovic.hr<\/title>\n<meta name=\"robots\" content=\"index, follow, max-snippet:-1, max-image-preview:large, max-video-preview:-1\" \/>\n<link rel=\"canonical\" href=\"https:\/\/likemetkovic.hr\/portal\/najava-ovoga-vikenda-na-predolcu-ce-se-voziti-biciklisticke-utrke\/\" \/>\n<meta property=\"og:locale\" content=\"hr_HR\" \/>\n<meta property=\"og:type\" content=\"article\" \/>\n<meta property=\"og:title\" content=\"NAJAVA | Ovoga vikenda na Predolcu \u0107e se voziti biciklisti\u010dke utrke - likemetkovic.hr\" \/>\n<meta property=\"og:description\" content=\"Nastavlja se tradicija organizacije bike-vikenda naziva \u00a0Neretvanski \u0111ir. Ovaj jedinstveni doga\u0111aj na podru\u010dju ju\u017ene Dalmacije u organizaciji BK Metkovi\u0107, promovira biciklizam i biciklisti\u010dki sport u dolini Neretve, a isto tako biciklisti\u010dkom svijetu pokazuje sve prirodne ljepote i blagodati grada Metkovi\u0107a i\u00a0 cijele doline Neretve. Neretvanski \u0111ir sastoji se od dvije biciklisti\u010dke utrke koje \u0107e upotpuniti [&hellip;]\" \/>\n<meta property=\"og:url\" content=\"https:\/\/likemetkovic.hr\/portal\/najava-ovoga-vikenda-na-predolcu-ce-se-voziti-biciklisticke-utrke\/\" \/>\n<meta property=\"og:site_name\" content=\"likemetkovic.hr\" \/>\n<meta property=\"article:publisher\" content=\"https:\/\/www.facebook.com\/likemetkovic.hr\/\" \/>\n<meta property=\"article:published_time\" content=\"2022-09-19T07:33:13+00:00\" \/>\n<meta property=\"og:image\" content=\"https:\/\/likemetkovic.hr\/portal\/wp-content\/uploads\/2019\/06\/063019xco-predolac-bicikizam_16.jpg\" \/>\n\t<meta property=\"og:image:width\" content=\"800\" \/>\n\t<meta property=\"og:image:height\" content=\"533\" \/>\n\t<meta property=\"og:image:type\" content=\"image\/jpeg\" \/>\n<meta name=\"author\" content=\"LIKEmetkovic.hr\" \/>\n<meta name=\"twitter:card\" content=\"summary_large_image\" \/>\n<meta name=\"twitter:label1\" content=\"Napisao\/la\" \/>\n\t<meta name=\"twitter:data1\" content=\"LIKEmetkovic.hr\" \/>\n\t<meta name=\"twitter:label2\" content=\"Procijenjeno vrijeme \u010ditanja\" \/>\n\t<meta name=\"twitter:data2\" content=\"2 minute\" \/>\n<script type=\"application\/ld+json\" class=\"yoast-schema-graph\">{\"@context\":\"https:\/\/schema.org\",\"@graph\":[{\"@type\":\"WebPage\",\"@id\":\"https:\/\/likemetkovic.hr\/portal\/najava-ovoga-vikenda-na-predolcu-ce-se-voziti-biciklisticke-utrke\/\",\"url\":\"https:\/\/likemetkovic.hr\/portal\/najava-ovoga-vikenda-na-predolcu-ce-se-voziti-biciklisticke-utrke\/\",\"name\":\"NAJAVA | Ovoga vikenda na Predolcu \u0107e se voziti biciklisti\u010dke utrke - likemetkovic.hr\",\"isPartOf\":{\"@id\":\"https:\/\/likemetkovic.hr\/#website\"},\"primaryImageOfPage\":{\"@id\":\"https:\/\/likemetkovic.hr\/portal\/najava-ovoga-vikenda-na-predolcu-ce-se-voziti-biciklisticke-utrke\/#primaryimage\"},\"image\":{\"@id\":\"https:\/\/likemetkovic.hr\/portal\/najava-ovoga-vikenda-na-predolcu-ce-se-voziti-biciklisticke-utrke\/#primaryimage\"},\"thumbnailUrl\":\"https:\/\/likemetkovic.hr\/portal\/wp-content\/uploads\/2019\/06\/063019xco-predolac-bicikizam_16.jpg\",\"datePublished\":\"2022-09-19T07:33:13+00:00\",\"author\":{\"@id\":\"https:\/\/likemetkovic.hr\/#\/schema\/person\/a42711f3385a0e2be6f7e0443bfb28f0\"},\"breadcrumb\":{\"@id\":\"https:\/\/likemetkovic.hr\/portal\/najava-ovoga-vikenda-na-predolcu-ce-se-voziti-biciklisticke-utrke\/#breadcrumb\"},\"inLanguage\":\"hr\",\"potentialAction\":[{\"@type\":\"ReadAction\",\"target\":[\"https:\/\/likemetkovic.hr\/portal\/najava-ovoga-vikenda-na-predolcu-ce-se-voziti-biciklisticke-utrke\/\"]}]},{\"@type\":\"ImageObject\",\"inLanguage\":\"hr\",\"@id\":\"https:\/\/likemetkovic.hr\/portal\/najava-ovoga-vikenda-na-predolcu-ce-se-voziti-biciklisticke-utrke\/#primaryimage\",\"url\":\"https:\/\/likemetkovic.hr\/portal\/wp-content\/uploads\/2019\/06\/063019xco-predolac-bicikizam_16.jpg\",\"contentUrl\":\"https:\/\/likemetkovic.hr\/portal\/wp-content\/uploads\/2019\/06\/063019xco-predolac-bicikizam_16.jpg\",\"width\":800,\"height\":533},{\"@type\":\"BreadcrumbList\",\"@id\":\"https:\/\/likemetkovic.hr\/portal\/najava-ovoga-vikenda-na-predolcu-ce-se-voziti-biciklisticke-utrke\/#breadcrumb\",\"itemListElement\":[{\"@type\":\"ListItem\",\"position\":1,\"name\":\"Po\u010detna stranica\",\"item\":\"https:\/\/likemetkovic.hr\/portal\/\"},{\"@type\":\"ListItem\",\"position\":2,\"name\":\"NAJAVA | Ovoga vikenda na Predolcu \u0107e se voziti biciklisti\u010dke utrke\"}]},{\"@type\":\"WebSite\",\"@id\":\"https:\/\/likemetkovic.hr\/#website\",\"url\":\"https:\/\/likemetkovic.hr\/\",\"name\":\"likemetkovic.hr\",\"description\":\"Misli pozitivno... \u010ditaj LIKE\",\"potentialAction\":[{\"@type\":\"SearchAction\",\"target\":{\"@type\":\"EntryPoint\",\"urlTemplate\":\"https:\/\/likemetkovic.hr\/?s={search_term_string}\"},\"query-input\":{\"@type\":\"PropertyValueSpecification\",\"valueRequired\":true,\"valueName\":\"search_term_string\"}}],\"inLanguage\":\"hr\"},{\"@type\":\"Person\",\"@id\":\"https:\/\/likemetkovic.hr\/#\/schema\/person\/a42711f3385a0e2be6f7e0443bfb28f0\",\"name\":\"LIKEmetkovic.hr\",\"sameAs\":[\"http:\/\/likemetkovic.hr\"],\"url\":\"https:\/\/likemetkovic.hr\/portal\/author\/likemetkovic-hr\/\"}]}<\/script>\n<!-- \/ Yoast SEO plugin. -->","yoast_head_json":{"title":"NAJAVA | Ovoga vikenda na Predolcu \u0107e se voziti biciklisti\u010dke utrke - likemetkovic.hr","robots":{"index":"index","follow":"follow","max-snippet":"max-snippet:-1","max-image-preview":"max-image-preview:large","max-video-preview":"max-video-preview:-1"},"canonical":"https:\/\/likemetkovic.hr\/portal\/najava-ovoga-vikenda-na-predolcu-ce-se-voziti-biciklisticke-utrke\/","og_locale":"hr_HR","og_type":"article","og_title":"NAJAVA | Ovoga vikenda na Predolcu \u0107e se voziti biciklisti\u010dke utrke - likemetkovic.hr","og_description":"Nastavlja se tradicija organizacije bike-vikenda naziva \u00a0Neretvanski \u0111ir. Ovaj jedinstveni doga\u0111aj na podru\u010dju ju\u017ene Dalmacije u organizaciji BK Metkovi\u0107, promovira biciklizam i biciklisti\u010dki sport u dolini Neretve, a isto tako biciklisti\u010dkom svijetu pokazuje sve prirodne ljepote i blagodati grada Metkovi\u0107a i\u00a0 cijele doline Neretve. Neretvanski \u0111ir sastoji se od dvije biciklisti\u010dke utrke koje \u0107e upotpuniti [&hellip;]","og_url":"https:\/\/likemetkovic.hr\/portal\/najava-ovoga-vikenda-na-predolcu-ce-se-voziti-biciklisticke-utrke\/","og_site_name":"likemetkovic.hr","article_publisher":"https:\/\/www.facebook.com\/likemetkovic.hr\/","article_published_time":"2022-09-19T07:33:13+00:00","og_image":[{"width":800,"height":533,"url":"https:\/\/likemetkovic.hr\/portal\/wp-content\/uploads\/2019\/06\/063019xco-predolac-bicikizam_16.jpg","type":"image\/jpeg"}],"author":"LIKEmetkovic.hr","twitter_card":"summary_large_image","twitter_misc":{"Napisao\/la":"LIKEmetkovic.hr","Procijenjeno vrijeme \u010ditanja":"2 minute"},"schema":{"@context":"https:\/\/schema.org","@graph":[{"@type":"WebPage","@id":"https:\/\/likemetkovic.hr\/portal\/najava-ovoga-vikenda-na-predolcu-ce-se-voziti-biciklisticke-utrke\/","url":"https:\/\/likemetkovic.hr\/portal\/najava-ovoga-vikenda-na-predolcu-ce-se-voziti-biciklisticke-utrke\/","name":"NAJAVA | Ovoga vikenda na Predolcu \u0107e se voziti biciklisti\u010dke utrke - likemetkovic.hr","isPartOf":{"@id":"https:\/\/likemetkovic.hr\/#website"},"primaryImageOfPage":{"@id":"https:\/\/likemetkovic.hr\/portal\/najava-ovoga-vikenda-na-predolcu-ce-se-voziti-biciklisticke-utrke\/#primaryimage"},"image":{"@id":"https:\/\/likemetkovic.hr\/portal\/najava-ovoga-vikenda-na-predolcu-ce-se-voziti-biciklisticke-utrke\/#primaryimage"},"thumbnailUrl":"https:\/\/likemetkovic.hr\/portal\/wp-content\/uploads\/2019\/06\/063019xco-predolac-bicikizam_16.jpg","datePublished":"2022-09-19T07:33:13+00:00","author":{"@id":"https:\/\/likemetkovic.hr\/#\/schema\/person\/a42711f3385a0e2be6f7e0443bfb28f0"},"breadcrumb":{"@id":"https:\/\/likemetkovic.hr\/portal\/najava-ovoga-vikenda-na-predolcu-ce-se-voziti-biciklisticke-utrke\/#breadcrumb"},"inLanguage":"hr","potentialAction":[{"@type":"ReadAction","target":["https:\/\/likemetkovic.hr\/portal\/najava-ovoga-vikenda-na-predolcu-ce-se-voziti-biciklisticke-utrke\/"]}]},{"@type":"ImageObject","inLanguage":"hr","@id":"https:\/\/likemetkovic.hr\/portal\/najava-ovoga-vikenda-na-predolcu-ce-se-voziti-biciklisticke-utrke\/#primaryimage","url":"https:\/\/likemetkovic.hr\/portal\/wp-content\/uploads\/2019\/06\/063019xco-predolac-bicikizam_16.jpg","contentUrl":"https:\/\/likemetkovic.hr\/portal\/wp-content\/uploads\/2019\/06\/063019xco-predolac-bicikizam_16.jpg","width":800,"height":533},{"@type":"BreadcrumbList","@id":"https:\/\/likemetkovic.hr\/portal\/najava-ovoga-vikenda-na-predolcu-ce-se-voziti-biciklisticke-utrke\/#breadcrumb","itemListElement":[{"@type":"ListItem","position":1,"name":"Po\u010detna stranica","item":"https:\/\/likemetkovic.hr\/portal\/"},{"@type":"ListItem","position":2,"name":"NAJAVA | Ovoga vikenda na Predolcu \u0107e se voziti biciklisti\u010dke utrke"}]},{"@type":"WebSite","@id":"https:\/\/likemetkovic.hr\/#website","url":"https:\/\/likemetkovic.hr\/","name":"likemetkovic.hr","description":"Misli pozitivno... \u010ditaj LIKE","potentialAction":[{"@type":"SearchAction","target":{"@type":"EntryPoint","urlTemplate":"https:\/\/likemetkovic.hr\/?s={search_term_string}"},"query-input":{"@type":"PropertyValueSpecification","valueRequired":true,"valueName":"search_term_string"}}],"inLanguage":"hr"},{"@type":"Person","@id":"https:\/\/likemetkovic.hr\/#\/schema\/person\/a42711f3385a0e2be6f7e0443bfb28f0","name":"LIKEmetkovic.hr","sameAs":["http:\/\/likemetkovic.hr"],"url":"https:\/\/likemetkovic.hr\/portal\/author\/likemetkovic-hr\/"}]}},"_links":{"self":[{"href":"https:\/\/likemetkovic.hr\/portal\/wp-json\/wp\/v2\/posts\/136171","targetHints":{"allow":["GET"]}}],"collection":[{"href":"https:\/\/likemetkovic.hr\/portal\/wp-json\/wp\/v2\/posts"}],"about":[{"href":"https:\/\/likemetkovic.hr\/portal\/wp-json\/wp\/v2\/types\/post"}],"author":[{"embeddable":true,"href":"https:\/\/likemetkovic.hr\/portal\/wp-json\/wp\/v2\/users\/7"}],"replies":[{"embeddable":true,"href":"https:\/\/likemetkovic.hr\/portal\/wp-json\/wp\/v2\/comments?post=136171"}],"version-history":[{"count":1,"href":"https:\/\/likemetkovic.hr\/portal\/wp-json\/wp\/v2\/posts\/136171\/revisions"}],"predecessor-version":[{"id":136173,"href":"https:\/\/likemetkovic.hr\/portal\/wp-json\/wp\/v2\/posts\/136171\/revisions\/136173"}],"wp:featuredmedia":[{"embeddable":true,"href":"https:\/\/likemetkovic.hr\/portal\/wp-json\/wp\/v2\/media\/84194"}],"wp:attachment":[{"href":"https:\/\/likemetkovic.hr\/portal\/wp-json\/wp\/v2\/media?parent=136171"}],"wp:term":[{"taxonomy":"category","embeddable":true,"href":"https:\/\/likemetkovic.hr\/portal\/wp-json\/wp\/v2\/categories?post=136171"},{"taxonomy":"post_tag","embeddable":true,"href":"https:\/\/likemetkovic.hr\/portal\/wp-json\/wp\/v2\/tags?post=136171"}],"curies":[{"name":"wp","href":"https:\/\/api.w.org\/{rel}","templated":true}]}}