{"id":136569,"date":"2022-10-02T07:47:44","date_gmt":"2022-10-02T05:47:44","guid":{"rendered":"https:\/\/likemetkovic.hr\/portal\/?p=136569"},"modified":"2022-10-02T07:48:27","modified_gmt":"2022-10-02T05:48:27","slug":"slavonac-ivica-u-dolini-neretve-tko-zna-s-jabukama-zna-i-s-mandarinama","status":"publish","type":"post","link":"https:\/\/likemetkovic.hr\/portal\/slavonac-ivica-u-dolini-neretve-tko-zna-s-jabukama-zna-i-s-mandarinama\/","title":{"rendered":"Slavonac Ivica u Dolini Neretve: \u201eTko zna s jabukama, zna i s mandarinama!\u201c"},"content":{"rendered":"<p>Kada se ovih dana vozite kroz nepregledne planta\u017ee mandarina u okolici Opuzena, primijetit \u0107ete stotine plasti\u010dnih gajbi uredno poslo\u017eenih uz nasade i ne mnogo bera\u010da, jer su sve o\u010di uprte u nebo, odakle se o\u010dekuje \u201ezeleno svjetlo\u201c za po\u010detak ozbiljnijih berbi. Ki\u0161no vrijeme, koje se izmjenjuje s kra\u0107im sun\u010danim razdobljima, nikako ne nudi garanciju da se proizvo\u0111a\u010di \u201e\u017eutog zlata\u201c mogu upustiti u cjelodnevnu berbu. A ova \u0107e berba, kako smo uspjeli doznati u razgovoru s na\u0161im sugovornicima, po svemu biti posebna i \u010dak paradoksalna, jer proizlazi da je za proizvo\u0111a\u010de bolje da je urod manji, kao \u0161to je slu\u010daj ove godine, donosi <a href=\"https:\/\/dubrovacki.slobodnadalmacija.hr\/dubrovnik\/zupanija\/neretva\/slavonac-ivica-u-dolini-neretve-tko-zna-s-jabukama-zna-i-s-mandarinama-1228977\" target=\"_blank\" rel=\"noopener\">Dubrova\u010dki vjesnik<\/a>.<\/p>\n<p>Na jednoj od rijetkih planta\u017ea gdje se bere \u201eizme\u0111u kapi\u201c susreli smo nekoliko bera\u010da, koji nisu bili previ\u0161e zainteresirani za razgovor, boje\u0107i se naprasnog prekida berbe zbog lo\u0161ega vremena. Me\u0111u njima, za\u010dudo, nije bilo nikoga iz Hercegovine, odakle svake godine u dolini Neretve dolazi sve ve\u0107i broj ljudi. Ali, zato smo zatekli Slavonca\u00a0<strong>Ivicu Patajca<\/strong>, kojega je \u017eivotni put iz Gradca kraj Pleternice u Po\u017ee\u0161ko \u2013 Slavonskoj \u017eupaniji, doveo u dolinu. Ivica ne krije zadovoljstvo poslom koji radi, a on, osim berbe, uklju\u010duje i transport mandarina do kamiona, gdje uredno sla\u017ee pune gajbe. \u201eNaravno da sam zadovoljan. Nije mi te\u0161ko raditi ovaj posao, posebno kada je vrijeme dobro. U rodnoj Slavoniji sam obavljao poslove vezane za uzgoj duhana i jabuka i mogu re\u0107i da posao s mandarinama nije prezahtjevan. Tko zna s jabukama, zna i s mandarinama\u201c, kazao nam je ovaj vrijedni Slavonac.<\/p>\n<figure id=\"attachment_136572\" aria-describedby=\"caption-attachment-136572\" style=\"width: 800px\" class=\"wp-caption alignnone\"><img decoding=\"async\" class=\"wp-image-136572 size-full\" src=\"https:\/\/likemetkovic.hr\/portal\/wp-content\/uploads\/2022\/10\/berba-slavonac.jpg\" alt=\"\" width=\"800\" height=\"533\" srcset=\"https:\/\/likemetkovic.hr\/portal\/wp-content\/uploads\/2022\/10\/berba-slavonac.jpg 800w, https:\/\/likemetkovic.hr\/portal\/wp-content\/uploads\/2022\/10\/berba-slavonac-768x512.jpg 768w, https:\/\/likemetkovic.hr\/portal\/wp-content\/uploads\/2022\/10\/berba-slavonac-150x100.jpg 150w, https:\/\/likemetkovic.hr\/portal\/wp-content\/uploads\/2022\/10\/berba-slavonac-300x200.jpg 300w, https:\/\/likemetkovic.hr\/portal\/wp-content\/uploads\/2022\/10\/berba-slavonac-696x464.jpg 696w, https:\/\/likemetkovic.hr\/portal\/wp-content\/uploads\/2022\/10\/berba-slavonac-630x420.jpg 630w\" sizes=\"(max-width: 800px) 100vw, 800px\" \/><figcaption id=\"caption-attachment-136572\" class=\"wp-caption-text\">Foto: Ante \u0160unji\u0107<\/figcaption><\/figure>\n<p>O toj planta\u017ei brine se\u00a0<strong>Ante Nikolac Bili<\/strong>, prekaljeni poljoprivrednik, iza kojega je vi\u0161e od dva desetlje\u0107a iskustva s uzgojem mandarina. S mnogim stvarima nije zadovoljan i predla\u017ee odre\u0111ena rje\u0161enja.<\/p>\n<p>\u201eSezona berbe mandarina 2022. godine od samog starta je dala za naslutiti da \u0107e najve\u0107i problem stvarati kroni\u010dni nedostatak radne snage. Plasman ni jednog trenutka nije bio upitan, jer je znatan podba\u010daj uroda mandarina. Kako su kroz teku\u0107u godinu tro\u0161kovi proizvodnje rapidno narasli, na samom po\u010detku berbe pojavio se novi udar na d\u017eep proizvo\u0111a\u010da kroz rast cijene rada i prijevoza. Ako se u obzir uzme divljanje cijena i rast inflacije, to je bilo realno i za o\u010dekivati.\u00a0 Sve ove spomenute probleme rje\u0161ava samo jedna odluka, a to je zajam\u010dena cijena otkupa koja se ne bi mijenjala kroz cijelu sezonu berbe. Ta odluka bi eliminirala preuranjenu berbu koja kao rezultat ima zasi\u0107enost tr\u017ei\u0161ta nekvalitetnom robom koja se poslije reflektira i na plasman kvalitetnih sorti mandarina. Kako objasniti \u010dinjenicu da su proizvo\u0111a\u010di na rubu isplativosti, o otkupi ni\u010du kao gljive poslije ki\u0161e? Udruga proizvo\u0111a\u010da sa ministarstvom uporno propagira nekakvo okrupnjavanje proizvo\u0111a\u010da i povla\u010denje poticajnih sredstava. Niti jednog trenutka se ne pri\u010da o najni\u017eoj cijeni otkupa, a isto je osnova proizvodnje i profitabilnosti\u201c, ka\u017ee Nikolac, koji se dotaknuo i poticajnih sredstva bilo iz Europske unije bilo iz drugih izvora. \u201eMoje osobno mi\u0161ljenje je da bi najbolje bilo da ih uop\u0107e nema. Ova hap\u0161enja koja se odnose na osobe koje su ovla\u0161tene za pravilnu raspodjelu nare\u010denih sredstava sama po sebi govore kako to kod nas funkcionira. Sredstva sjedaju na ra\u010dune ministara, rodbine, prijatelja, kriminalaca, lopova koji su mahom neradnici i ljen\u010dine, a radnik koji proizvodi i crn\u010di danono\u0107no uglavnom dobije mrvice ili ni\u0161ta. Sve su to problemi koji su se ukorijenili u proces proizvodnje agruma u dolini Neretve i ukoliko se \u017eurno ne pristupi rje\u0161avanju istih proizvodnja agruma u zlatnoj dolini \u0107e vrlo brzo pasti na koljena i izgubiti svaki smisao\u201c, zaklju\u010dio je.<\/p>\n<p>U razgovoru s\u00a0<strong>Nevenom Matagom<\/strong>, dopredsjednikom Hrvatske vo\u0107arske zadruge, saznajemo za jo\u0161 neke probleme koji, ukoliko se ne rije\u0161e, mogu ozbiljno utjecati na budu\u0107nost mandarina na ovim prostorima. Mataga nastavlja preko 150 godina duga\u010dku obiteljsku tradiciju bavljenja poljoprivredom, a zahvaljuju\u0107i\u00a0<strong>Marijani Petir<\/strong>, 2014. godine je u Europskom parlamentu prvi odr\u017eao govor o mandarini, nakon \u010dega su osigurani odre\u0111eni poticaji. Obra\u0111uje oko 5,5 hektara mandarina, na petnaestak parcela \u0161to mu ote\u017eava rad, ali vi\u0161egodi\u0161nje iskustvo u ovom poslu omogu\u0107ilo mu je da detektira probleme i ponudi rje\u0161enje.<\/p>\n<p>\u201eCijena prve klase mandarine je 4,2 kune, ali s obzirom na sve okolnosti, mi smo o\u010dekivali pet kuna. Kada se uzmu u obzir sve klase, prosje\u010dna cijena kre\u0107e se izme\u0111u 3,6 i 3,9 kuna, \u0161to je premalo za ovu fazu berbe, jer znamo da \u0107e cijena uskoro po\u010deti padati. Uz to, sve je poskupjelo, od repromaterijala, folijarne prehrane, navodnjavanja pa dalje i te\u0161ko se uklopiti u tu cijenu. Neretvanska mandarina zaslu\u017euje ve\u0107u cijenu jer je dobra i kvalitetna, Prema rezultatima Sveu\u010dili\u0161ta u Dubrovniku, udio soka u plodu ove je godine 55 posto, \u0161to je iznimno visoko, posebice kada se usporedi s npr. turskom mandarinom, u koje je, kada se dopremi, udio soka oko 35 posto\u201c, ka\u017ee Mataga, koji isti\u010de i druge, mnogo dublje probleme vezanu uz status samoga zemlji\u0161ta na kojem se vo\u0107e uzgaja. Smatra da je sve po\u010delo jo\u0161 1996. godine, prilikom, kako tvrdi, podjele zemlje, a taj problem se vu\u010de do dana\u0161njih dana i ne nazire se rje\u0161enje.<\/p>\n<p>\u201ePo meni je zakazala dr\u017eava. Nerije\u0161en status zemlji\u0161ta zna\u010di nesigurnost ove djelatnosti i odbija mnoge, posebno mlade ljude da se upuste u ozbiljni rad s mandarinama. Kako \u0107e netko u ovakvim uvjetima, kada nema nikakve sigurnosti u pogledu statusa zemlji\u0161ta, ulagati ozbiljnije novce\u00a0 u prijeko potrebno pobolj\u0161anje navodnjavanja i druge projekte da bi se unaprijedila proizvodnja. Zbog sada\u0161njeg stanja, veliki broj proizvo\u0111a\u010da mandarina stari su izme\u0111u 65 i 80 godina i to dovoljno govori, a svake je godine sve vi\u0161e \u201eledina\u201c. Dosada\u0161nje mjere su samo ga\u0161enje po\u017eara, a moga sina i mla\u0111e generacije ne zanima ga\u0161enje po\u017eara nego dugoro\u010dna sigurnost\u201c, rekao je Mataga.<\/p>\n<p>Za razliku od proizvo\u0111a\u010da, bera\u010di su zadovoljni dosada\u0161njom sezonom.\u00a0<strong>Ivana Gavran<\/strong>\u00a0uzgaja jagode i razne vrste povr\u0107a. Gotovo cijelu godinu je na zemlji. Mandarine bere ve\u0107 trinaestu godinu i ka\u017ee: \u201eMeni je ovo jedan od najlak\u0161ih poslova koje radim na zemlji. Mo\u017ee se dobro zaraditi, tko ho\u0107e raditi. Pla\u0107aju nam 300 kuna za osam sati rada i uz to snose tro\u0161kove prijevoza, pa se ne mogu \u017ealiti. Najlak\u0161e mi je brati prve mandarine, koje mogu brati s obje ruke zbog povoljnih vremenskih uvjeta. Tada mogu ubrati izme\u0111u 40 i 45 gajbi, dok se broj ubranih gajbi smanji na oko 35 u kasnijem periodu kada se bere isklju\u010divo \u0161karama\u201c, tvrdi Ivana.<\/p>\n<p>Pi\u0161e: Ante \u0160unji\u0107 \/ <a href=\"https:\/\/dubrovacki.slobodnadalmacija.hr\/dubrovnik\/zupanija\/neretva\/slavonac-ivica-u-dolini-neretve-tko-zna-s-jabukama-zna-i-s-mandarinama-1228977\" target=\"_blank\" rel=\"noopener\">Dubrova\u010dki vjesnik<\/a><\/p>\n","protected":false},"excerpt":{"rendered":"<p>Kada se ovih dana vozite kroz nepregledne planta\u017ee mandarina u okolici Opuzena, primijetit \u0107ete stotine plasti\u010dnih gajbi uredno poslo\u017eenih uz nasade i ne mnogo bera\u010da, jer su sve o\u010di uprte u nebo, odakle se o\u010dekuje \u201ezeleno svjetlo\u201c za po\u010detak ozbiljnijih berbi. Ki\u0161no vrijeme, koje se izmjenjuje s kra\u0107im sun\u010danim razdobljima, nikako ne nudi garanciju da [&hellip;]<\/p>\n","protected":false},"author":7,"featured_media":136572,"comment_status":"open","ping_status":"open","sticky":false,"template":"","format":"standard","meta":{"footnotes":""},"categories":[283,837],"tags":[6003],"class_list":{"0":"post-136569","1":"post","2":"type-post","3":"status-publish","4":"format-standard","5":"has-post-thumbnail","7":"category-a","8":"category-poljoprivreda","9":"tag-berba-mandarina"},"yoast_head":"<!-- This site is optimized with the Yoast SEO plugin v25.2 - https:\/\/yoast.com\/wordpress\/plugins\/seo\/ -->\n<title>Slavonac Ivica u Dolini Neretve: \u201eTko zna s jabukama, zna i s mandarinama!\u201c - likemetkovic.hr<\/title>\n<meta name=\"robots\" content=\"index, follow, max-snippet:-1, max-image-preview:large, max-video-preview:-1\" \/>\n<link rel=\"canonical\" href=\"https:\/\/likemetkovic.hr\/portal\/slavonac-ivica-u-dolini-neretve-tko-zna-s-jabukama-zna-i-s-mandarinama\/\" \/>\n<meta property=\"og:locale\" content=\"hr_HR\" \/>\n<meta property=\"og:type\" content=\"article\" \/>\n<meta property=\"og:title\" content=\"Slavonac Ivica u Dolini Neretve: \u201eTko zna s jabukama, zna i s mandarinama!\u201c - likemetkovic.hr\" \/>\n<meta property=\"og:description\" content=\"Kada se ovih dana vozite kroz nepregledne planta\u017ee mandarina u okolici Opuzena, primijetit \u0107ete stotine plasti\u010dnih gajbi uredno poslo\u017eenih uz nasade i ne mnogo bera\u010da, jer su sve o\u010di uprte u nebo, odakle se o\u010dekuje \u201ezeleno svjetlo\u201c za po\u010detak ozbiljnijih berbi. Ki\u0161no vrijeme, koje se izmjenjuje s kra\u0107im sun\u010danim razdobljima, nikako ne nudi garanciju da [&hellip;]\" \/>\n<meta property=\"og:url\" content=\"https:\/\/likemetkovic.hr\/portal\/slavonac-ivica-u-dolini-neretve-tko-zna-s-jabukama-zna-i-s-mandarinama\/\" \/>\n<meta property=\"og:site_name\" content=\"likemetkovic.hr\" \/>\n<meta property=\"article:publisher\" content=\"https:\/\/www.facebook.com\/likemetkovic.hr\/\" \/>\n<meta property=\"article:published_time\" content=\"2022-10-02T05:47:44+00:00\" \/>\n<meta property=\"article:modified_time\" content=\"2022-10-02T05:48:27+00:00\" \/>\n<meta property=\"og:image\" content=\"https:\/\/likemetkovic.hr\/portal\/wp-content\/uploads\/2022\/10\/berba-slavonac.jpg\" \/>\n\t<meta property=\"og:image:width\" content=\"800\" \/>\n\t<meta property=\"og:image:height\" content=\"533\" \/>\n\t<meta property=\"og:image:type\" content=\"image\/jpeg\" \/>\n<meta name=\"author\" content=\"LIKEmetkovic.hr\" \/>\n<meta name=\"twitter:card\" content=\"summary_large_image\" \/>\n<meta name=\"twitter:label1\" content=\"Napisao\/la\" \/>\n\t<meta name=\"twitter:data1\" content=\"LIKEmetkovic.hr\" \/>\n\t<meta name=\"twitter:label2\" content=\"Procijenjeno vrijeme \u010ditanja\" \/>\n\t<meta name=\"twitter:data2\" content=\"6 minuta\" \/>\n<script type=\"application\/ld+json\" class=\"yoast-schema-graph\">{\"@context\":\"https:\/\/schema.org\",\"@graph\":[{\"@type\":\"WebPage\",\"@id\":\"https:\/\/likemetkovic.hr\/portal\/slavonac-ivica-u-dolini-neretve-tko-zna-s-jabukama-zna-i-s-mandarinama\/\",\"url\":\"https:\/\/likemetkovic.hr\/portal\/slavonac-ivica-u-dolini-neretve-tko-zna-s-jabukama-zna-i-s-mandarinama\/\",\"name\":\"Slavonac Ivica u Dolini Neretve: \u201eTko zna s jabukama, zna i s mandarinama!\u201c - likemetkovic.hr\",\"isPartOf\":{\"@id\":\"https:\/\/likemetkovic.hr\/#website\"},\"primaryImageOfPage\":{\"@id\":\"https:\/\/likemetkovic.hr\/portal\/slavonac-ivica-u-dolini-neretve-tko-zna-s-jabukama-zna-i-s-mandarinama\/#primaryimage\"},\"image\":{\"@id\":\"https:\/\/likemetkovic.hr\/portal\/slavonac-ivica-u-dolini-neretve-tko-zna-s-jabukama-zna-i-s-mandarinama\/#primaryimage\"},\"thumbnailUrl\":\"https:\/\/likemetkovic.hr\/portal\/wp-content\/uploads\/2022\/10\/berba-slavonac.jpg\",\"datePublished\":\"2022-10-02T05:47:44+00:00\",\"dateModified\":\"2022-10-02T05:48:27+00:00\",\"author\":{\"@id\":\"https:\/\/likemetkovic.hr\/#\/schema\/person\/a42711f3385a0e2be6f7e0443bfb28f0\"},\"breadcrumb\":{\"@id\":\"https:\/\/likemetkovic.hr\/portal\/slavonac-ivica-u-dolini-neretve-tko-zna-s-jabukama-zna-i-s-mandarinama\/#breadcrumb\"},\"inLanguage\":\"hr\",\"potentialAction\":[{\"@type\":\"ReadAction\",\"target\":[\"https:\/\/likemetkovic.hr\/portal\/slavonac-ivica-u-dolini-neretve-tko-zna-s-jabukama-zna-i-s-mandarinama\/\"]}]},{\"@type\":\"ImageObject\",\"inLanguage\":\"hr\",\"@id\":\"https:\/\/likemetkovic.hr\/portal\/slavonac-ivica-u-dolini-neretve-tko-zna-s-jabukama-zna-i-s-mandarinama\/#primaryimage\",\"url\":\"https:\/\/likemetkovic.hr\/portal\/wp-content\/uploads\/2022\/10\/berba-slavonac.jpg\",\"contentUrl\":\"https:\/\/likemetkovic.hr\/portal\/wp-content\/uploads\/2022\/10\/berba-slavonac.jpg\",\"width\":800,\"height\":533},{\"@type\":\"BreadcrumbList\",\"@id\":\"https:\/\/likemetkovic.hr\/portal\/slavonac-ivica-u-dolini-neretve-tko-zna-s-jabukama-zna-i-s-mandarinama\/#breadcrumb\",\"itemListElement\":[{\"@type\":\"ListItem\",\"position\":1,\"name\":\"Po\u010detna stranica\",\"item\":\"https:\/\/likemetkovic.hr\/portal\/\"},{\"@type\":\"ListItem\",\"position\":2,\"name\":\"Slavonac Ivica u Dolini Neretve: \u201eTko zna s jabukama, zna i s mandarinama!\u201c\"}]},{\"@type\":\"WebSite\",\"@id\":\"https:\/\/likemetkovic.hr\/#website\",\"url\":\"https:\/\/likemetkovic.hr\/\",\"name\":\"likemetkovic.hr\",\"description\":\"Misli pozitivno... \u010ditaj LIKE\",\"potentialAction\":[{\"@type\":\"SearchAction\",\"target\":{\"@type\":\"EntryPoint\",\"urlTemplate\":\"https:\/\/likemetkovic.hr\/?s={search_term_string}\"},\"query-input\":{\"@type\":\"PropertyValueSpecification\",\"valueRequired\":true,\"valueName\":\"search_term_string\"}}],\"inLanguage\":\"hr\"},{\"@type\":\"Person\",\"@id\":\"https:\/\/likemetkovic.hr\/#\/schema\/person\/a42711f3385a0e2be6f7e0443bfb28f0\",\"name\":\"LIKEmetkovic.hr\",\"sameAs\":[\"http:\/\/likemetkovic.hr\"],\"url\":\"https:\/\/likemetkovic.hr\/portal\/author\/likemetkovic-hr\/\"}]}<\/script>\n<!-- \/ Yoast SEO plugin. -->","yoast_head_json":{"title":"Slavonac Ivica u Dolini Neretve: \u201eTko zna s jabukama, zna i s mandarinama!\u201c - likemetkovic.hr","robots":{"index":"index","follow":"follow","max-snippet":"max-snippet:-1","max-image-preview":"max-image-preview:large","max-video-preview":"max-video-preview:-1"},"canonical":"https:\/\/likemetkovic.hr\/portal\/slavonac-ivica-u-dolini-neretve-tko-zna-s-jabukama-zna-i-s-mandarinama\/","og_locale":"hr_HR","og_type":"article","og_title":"Slavonac Ivica u Dolini Neretve: \u201eTko zna s jabukama, zna i s mandarinama!\u201c - likemetkovic.hr","og_description":"Kada se ovih dana vozite kroz nepregledne planta\u017ee mandarina u okolici Opuzena, primijetit \u0107ete stotine plasti\u010dnih gajbi uredno poslo\u017eenih uz nasade i ne mnogo bera\u010da, jer su sve o\u010di uprte u nebo, odakle se o\u010dekuje \u201ezeleno svjetlo\u201c za po\u010detak ozbiljnijih berbi. Ki\u0161no vrijeme, koje se izmjenjuje s kra\u0107im sun\u010danim razdobljima, nikako ne nudi garanciju da [&hellip;]","og_url":"https:\/\/likemetkovic.hr\/portal\/slavonac-ivica-u-dolini-neretve-tko-zna-s-jabukama-zna-i-s-mandarinama\/","og_site_name":"likemetkovic.hr","article_publisher":"https:\/\/www.facebook.com\/likemetkovic.hr\/","article_published_time":"2022-10-02T05:47:44+00:00","article_modified_time":"2022-10-02T05:48:27+00:00","og_image":[{"width":800,"height":533,"url":"https:\/\/likemetkovic.hr\/portal\/wp-content\/uploads\/2022\/10\/berba-slavonac.jpg","type":"image\/jpeg"}],"author":"LIKEmetkovic.hr","twitter_card":"summary_large_image","twitter_misc":{"Napisao\/la":"LIKEmetkovic.hr","Procijenjeno vrijeme \u010ditanja":"6 minuta"},"schema":{"@context":"https:\/\/schema.org","@graph":[{"@type":"WebPage","@id":"https:\/\/likemetkovic.hr\/portal\/slavonac-ivica-u-dolini-neretve-tko-zna-s-jabukama-zna-i-s-mandarinama\/","url":"https:\/\/likemetkovic.hr\/portal\/slavonac-ivica-u-dolini-neretve-tko-zna-s-jabukama-zna-i-s-mandarinama\/","name":"Slavonac Ivica u Dolini Neretve: \u201eTko zna s jabukama, zna i s mandarinama!\u201c - likemetkovic.hr","isPartOf":{"@id":"https:\/\/likemetkovic.hr\/#website"},"primaryImageOfPage":{"@id":"https:\/\/likemetkovic.hr\/portal\/slavonac-ivica-u-dolini-neretve-tko-zna-s-jabukama-zna-i-s-mandarinama\/#primaryimage"},"image":{"@id":"https:\/\/likemetkovic.hr\/portal\/slavonac-ivica-u-dolini-neretve-tko-zna-s-jabukama-zna-i-s-mandarinama\/#primaryimage"},"thumbnailUrl":"https:\/\/likemetkovic.hr\/portal\/wp-content\/uploads\/2022\/10\/berba-slavonac.jpg","datePublished":"2022-10-02T05:47:44+00:00","dateModified":"2022-10-02T05:48:27+00:00","author":{"@id":"https:\/\/likemetkovic.hr\/#\/schema\/person\/a42711f3385a0e2be6f7e0443bfb28f0"},"breadcrumb":{"@id":"https:\/\/likemetkovic.hr\/portal\/slavonac-ivica-u-dolini-neretve-tko-zna-s-jabukama-zna-i-s-mandarinama\/#breadcrumb"},"inLanguage":"hr","potentialAction":[{"@type":"ReadAction","target":["https:\/\/likemetkovic.hr\/portal\/slavonac-ivica-u-dolini-neretve-tko-zna-s-jabukama-zna-i-s-mandarinama\/"]}]},{"@type":"ImageObject","inLanguage":"hr","@id":"https:\/\/likemetkovic.hr\/portal\/slavonac-ivica-u-dolini-neretve-tko-zna-s-jabukama-zna-i-s-mandarinama\/#primaryimage","url":"https:\/\/likemetkovic.hr\/portal\/wp-content\/uploads\/2022\/10\/berba-slavonac.jpg","contentUrl":"https:\/\/likemetkovic.hr\/portal\/wp-content\/uploads\/2022\/10\/berba-slavonac.jpg","width":800,"height":533},{"@type":"BreadcrumbList","@id":"https:\/\/likemetkovic.hr\/portal\/slavonac-ivica-u-dolini-neretve-tko-zna-s-jabukama-zna-i-s-mandarinama\/#breadcrumb","itemListElement":[{"@type":"ListItem","position":1,"name":"Po\u010detna stranica","item":"https:\/\/likemetkovic.hr\/portal\/"},{"@type":"ListItem","position":2,"name":"Slavonac Ivica u Dolini Neretve: \u201eTko zna s jabukama, zna i s mandarinama!\u201c"}]},{"@type":"WebSite","@id":"https:\/\/likemetkovic.hr\/#website","url":"https:\/\/likemetkovic.hr\/","name":"likemetkovic.hr","description":"Misli pozitivno... \u010ditaj LIKE","potentialAction":[{"@type":"SearchAction","target":{"@type":"EntryPoint","urlTemplate":"https:\/\/likemetkovic.hr\/?s={search_term_string}"},"query-input":{"@type":"PropertyValueSpecification","valueRequired":true,"valueName":"search_term_string"}}],"inLanguage":"hr"},{"@type":"Person","@id":"https:\/\/likemetkovic.hr\/#\/schema\/person\/a42711f3385a0e2be6f7e0443bfb28f0","name":"LIKEmetkovic.hr","sameAs":["http:\/\/likemetkovic.hr"],"url":"https:\/\/likemetkovic.hr\/portal\/author\/likemetkovic-hr\/"}]}},"_links":{"self":[{"href":"https:\/\/likemetkovic.hr\/portal\/wp-json\/wp\/v2\/posts\/136569","targetHints":{"allow":["GET"]}}],"collection":[{"href":"https:\/\/likemetkovic.hr\/portal\/wp-json\/wp\/v2\/posts"}],"about":[{"href":"https:\/\/likemetkovic.hr\/portal\/wp-json\/wp\/v2\/types\/post"}],"author":[{"embeddable":true,"href":"https:\/\/likemetkovic.hr\/portal\/wp-json\/wp\/v2\/users\/7"}],"replies":[{"embeddable":true,"href":"https:\/\/likemetkovic.hr\/portal\/wp-json\/wp\/v2\/comments?post=136569"}],"version-history":[{"count":2,"href":"https:\/\/likemetkovic.hr\/portal\/wp-json\/wp\/v2\/posts\/136569\/revisions"}],"predecessor-version":[{"id":136574,"href":"https:\/\/likemetkovic.hr\/portal\/wp-json\/wp\/v2\/posts\/136569\/revisions\/136574"}],"wp:featuredmedia":[{"embeddable":true,"href":"https:\/\/likemetkovic.hr\/portal\/wp-json\/wp\/v2\/media\/136572"}],"wp:attachment":[{"href":"https:\/\/likemetkovic.hr\/portal\/wp-json\/wp\/v2\/media?parent=136569"}],"wp:term":[{"taxonomy":"category","embeddable":true,"href":"https:\/\/likemetkovic.hr\/portal\/wp-json\/wp\/v2\/categories?post=136569"},{"taxonomy":"post_tag","embeddable":true,"href":"https:\/\/likemetkovic.hr\/portal\/wp-json\/wp\/v2\/tags?post=136569"}],"curies":[{"name":"wp","href":"https:\/\/api.w.org\/{rel}","templated":true}]}}