{"id":137235,"date":"2022-10-21T08:14:36","date_gmt":"2022-10-21T06:14:36","guid":{"rendered":"https:\/\/likemetkovic.hr\/portal\/?p=137235"},"modified":"2022-10-21T08:14:36","modified_gmt":"2022-10-21T06:14:36","slug":"sunce-i-toplina-do-kraja-tjedna-a-sljedeci-vjerojatno-donosi-rekorde","status":"publish","type":"post","link":"https:\/\/likemetkovic.hr\/portal\/sunce-i-toplina-do-kraja-tjedna-a-sljedeci-vjerojatno-donosi-rekorde\/","title":{"rendered":"Sunce i toplina do kraja tjedna, a sljede\u0107i vjerojatno donosi rekorde!"},"content":{"rendered":"<p>Dok \u0107e ne\u0161to ki\u0161e uspjeti sti\u0107i do zapada zemlje tijekom subote, u Dalmaciji \u0107e se zadr\u017eati potpuno suho. Tek prolazno imat \u0107emo umjereno, na moru prolazno jako jugo koje \u0107e ve\u0107 u nedjelju prestati.<\/p>\n<p>U petak nas o\u010dekuje djelomi\u010dno sun\u010dano vrijeme uz umjerenu, ve\u0107inom visoku naoblaku u drugom dijelu dana. No\u0107u tiho ili burin, danju \u0107e zapuhati jugo koje \u0107e ja\u010dati prema ve\u010deri. Jutro u Zagori prohladno s minimalnim temperaturama od 3 do 8\u00b0C, uz obalu i na otocima od 8 do 16\u00b0C. Najvi\u0161e dnevne temperature od 20 do 25\u00b0C.<\/p>\n<p>Prete\u017eno sun\u010dano bit \u0107e\u00a0<strong>u subotu<\/strong>. Puhat \u0107e umjereno do poja\u010dano jugo, na moru prolazno mo\u017ee biti i jako. Slabit \u0107e nave\u010der i okretati na levant. Jutro toplije u odnosu na petak, danju ve\u0107inom od 20 do 25\u00b0C.<\/p>\n<p>Prete\u017eno vedro bit \u0107e<strong>\u00a0u nedjelju<\/strong>. Puhat \u0107e slab dnevni vjetar ili \u0107e biti tiho. Najvi\u0161e dnevne temperature ve\u0107inom od 22 do \u010dak 26\u00b0C.<\/p>\n<p><strong>Sljede\u0107i tjedan<\/strong> bit \u0107e u cijelosti sun\u010dan, natprosje\u010dno topao i uz slab vjetar. U mnogim danima padat \u0107e dnevni temperaturni rekordi, osobito od utorka. Sredinom tjedna mogu\u0107e je da u dijelu Dalmacije temperature ponegdje porastu do \u010dak 28 stupnjeva. Tijekom tjedna bit \u0107e sve vi\u0161e sumaglice u zraku.<\/p>\n<p>Pi\u0161e: Rade Popadi\u0107 \/<a href=\"https:\/\/www.dalmacijadanas.hr\/iskoristite-savrsen-vikend-sunce-i-toplina-do-kraja-tjedna-a-sljedeci-vjerojatno-donosi-rekorde\/\"> Dalmacija danas<\/a><\/p>\n","protected":false},"excerpt":{"rendered":"<p>Dok \u0107e ne\u0161to ki\u0161e uspjeti sti\u0107i do zapada zemlje tijekom subote, u Dalmaciji \u0107e se zadr\u017eati potpuno suho. Tek prolazno imat \u0107emo umjereno, na moru prolazno jako jugo koje \u0107e ve\u0107 u nedjelju prestati. U petak nas o\u010dekuje djelomi\u010dno sun\u010dano vrijeme uz umjerenu, ve\u0107inom visoku naoblaku u drugom dijelu dana. No\u0107u tiho ili burin, danju [&hellip;]<\/p>\n","protected":false},"author":7,"featured_media":68448,"comment_status":"open","ping_status":"open","sticky":false,"template":"","format":"standard","meta":{"footnotes":""},"categories":[283,1027],"tags":[365],"class_list":{"0":"post-137235","1":"post","2":"type-post","3":"status-publish","4":"format-standard","5":"has-post-thumbnail","7":"category-a","8":"category-hrvatska","9":"tag-vremenska-prognoza"},"yoast_head":"<!-- This site is optimized with the Yoast SEO plugin v25.2 - https:\/\/yoast.com\/wordpress\/plugins\/seo\/ -->\n<title>Sunce i toplina do kraja tjedna, a sljede\u0107i vjerojatno donosi rekorde! - likemetkovic.hr<\/title>\n<meta name=\"robots\" content=\"index, follow, max-snippet:-1, max-image-preview:large, max-video-preview:-1\" \/>\n<link rel=\"canonical\" href=\"https:\/\/likemetkovic.hr\/portal\/sunce-i-toplina-do-kraja-tjedna-a-sljedeci-vjerojatno-donosi-rekorde\/\" \/>\n<meta property=\"og:locale\" content=\"hr_HR\" \/>\n<meta property=\"og:type\" content=\"article\" \/>\n<meta property=\"og:title\" content=\"Sunce i toplina do kraja tjedna, a sljede\u0107i vjerojatno donosi rekorde! - likemetkovic.hr\" \/>\n<meta property=\"og:description\" content=\"Dok \u0107e ne\u0161to ki\u0161e uspjeti sti\u0107i do zapada zemlje tijekom subote, u Dalmaciji \u0107e se zadr\u017eati potpuno suho. Tek prolazno imat \u0107emo umjereno, na moru prolazno jako jugo koje \u0107e ve\u0107 u nedjelju prestati. U petak nas o\u010dekuje djelomi\u010dno sun\u010dano vrijeme uz umjerenu, ve\u0107inom visoku naoblaku u drugom dijelu dana. No\u0107u tiho ili burin, danju [&hellip;]\" \/>\n<meta property=\"og:url\" content=\"https:\/\/likemetkovic.hr\/portal\/sunce-i-toplina-do-kraja-tjedna-a-sljedeci-vjerojatno-donosi-rekorde\/\" \/>\n<meta property=\"og:site_name\" content=\"likemetkovic.hr\" \/>\n<meta property=\"article:publisher\" content=\"https:\/\/www.facebook.com\/likemetkovic.hr\/\" \/>\n<meta property=\"article:published_time\" content=\"2022-10-21T06:14:36+00:00\" \/>\n<meta property=\"og:image\" content=\"https:\/\/likemetkovic.hr\/portal\/wp-content\/uploads\/2018\/10\/\u0161etnica-jesen.jpg\" \/>\n\t<meta property=\"og:image:width\" content=\"800\" \/>\n\t<meta property=\"og:image:height\" content=\"600\" \/>\n\t<meta property=\"og:image:type\" content=\"image\/jpeg\" \/>\n<meta name=\"author\" content=\"LIKEmetkovic.hr\" \/>\n<meta name=\"twitter:card\" content=\"summary_large_image\" \/>\n<meta name=\"twitter:label1\" content=\"Napisao\/la\" \/>\n\t<meta name=\"twitter:data1\" content=\"LIKEmetkovic.hr\" \/>\n\t<meta name=\"twitter:label2\" content=\"Procijenjeno vrijeme \u010ditanja\" \/>\n\t<meta name=\"twitter:data2\" content=\"2 minute\" \/>\n<script type=\"application\/ld+json\" class=\"yoast-schema-graph\">{\"@context\":\"https:\/\/schema.org\",\"@graph\":[{\"@type\":\"WebPage\",\"@id\":\"https:\/\/likemetkovic.hr\/portal\/sunce-i-toplina-do-kraja-tjedna-a-sljedeci-vjerojatno-donosi-rekorde\/\",\"url\":\"https:\/\/likemetkovic.hr\/portal\/sunce-i-toplina-do-kraja-tjedna-a-sljedeci-vjerojatno-donosi-rekorde\/\",\"name\":\"Sunce i toplina do kraja tjedna, a sljede\u0107i vjerojatno donosi rekorde! - likemetkovic.hr\",\"isPartOf\":{\"@id\":\"https:\/\/likemetkovic.hr\/#website\"},\"primaryImageOfPage\":{\"@id\":\"https:\/\/likemetkovic.hr\/portal\/sunce-i-toplina-do-kraja-tjedna-a-sljedeci-vjerojatno-donosi-rekorde\/#primaryimage\"},\"image\":{\"@id\":\"https:\/\/likemetkovic.hr\/portal\/sunce-i-toplina-do-kraja-tjedna-a-sljedeci-vjerojatno-donosi-rekorde\/#primaryimage\"},\"thumbnailUrl\":\"https:\/\/likemetkovic.hr\/portal\/wp-content\/uploads\/2018\/10\/\u0161etnica-jesen.jpg\",\"datePublished\":\"2022-10-21T06:14:36+00:00\",\"author\":{\"@id\":\"https:\/\/likemetkovic.hr\/#\/schema\/person\/a42711f3385a0e2be6f7e0443bfb28f0\"},\"breadcrumb\":{\"@id\":\"https:\/\/likemetkovic.hr\/portal\/sunce-i-toplina-do-kraja-tjedna-a-sljedeci-vjerojatno-donosi-rekorde\/#breadcrumb\"},\"inLanguage\":\"hr\",\"potentialAction\":[{\"@type\":\"ReadAction\",\"target\":[\"https:\/\/likemetkovic.hr\/portal\/sunce-i-toplina-do-kraja-tjedna-a-sljedeci-vjerojatno-donosi-rekorde\/\"]}]},{\"@type\":\"ImageObject\",\"inLanguage\":\"hr\",\"@id\":\"https:\/\/likemetkovic.hr\/portal\/sunce-i-toplina-do-kraja-tjedna-a-sljedeci-vjerojatno-donosi-rekorde\/#primaryimage\",\"url\":\"https:\/\/likemetkovic.hr\/portal\/wp-content\/uploads\/2018\/10\/\u0161etnica-jesen.jpg\",\"contentUrl\":\"https:\/\/likemetkovic.hr\/portal\/wp-content\/uploads\/2018\/10\/\u0161etnica-jesen.jpg\",\"width\":800,\"height\":600},{\"@type\":\"BreadcrumbList\",\"@id\":\"https:\/\/likemetkovic.hr\/portal\/sunce-i-toplina-do-kraja-tjedna-a-sljedeci-vjerojatno-donosi-rekorde\/#breadcrumb\",\"itemListElement\":[{\"@type\":\"ListItem\",\"position\":1,\"name\":\"Po\u010detna stranica\",\"item\":\"https:\/\/likemetkovic.hr\/portal\/\"},{\"@type\":\"ListItem\",\"position\":2,\"name\":\"Sunce i toplina do kraja tjedna, a sljede\u0107i vjerojatno donosi rekorde!\"}]},{\"@type\":\"WebSite\",\"@id\":\"https:\/\/likemetkovic.hr\/#website\",\"url\":\"https:\/\/likemetkovic.hr\/\",\"name\":\"likemetkovic.hr\",\"description\":\"Misli pozitivno... \u010ditaj LIKE\",\"potentialAction\":[{\"@type\":\"SearchAction\",\"target\":{\"@type\":\"EntryPoint\",\"urlTemplate\":\"https:\/\/likemetkovic.hr\/?s={search_term_string}\"},\"query-input\":{\"@type\":\"PropertyValueSpecification\",\"valueRequired\":true,\"valueName\":\"search_term_string\"}}],\"inLanguage\":\"hr\"},{\"@type\":\"Person\",\"@id\":\"https:\/\/likemetkovic.hr\/#\/schema\/person\/a42711f3385a0e2be6f7e0443bfb28f0\",\"name\":\"LIKEmetkovic.hr\",\"sameAs\":[\"http:\/\/likemetkovic.hr\"],\"url\":\"https:\/\/likemetkovic.hr\/portal\/author\/likemetkovic-hr\/\"}]}<\/script>\n<!-- \/ Yoast SEO plugin. -->","yoast_head_json":{"title":"Sunce i toplina do kraja tjedna, a sljede\u0107i vjerojatno donosi rekorde! - likemetkovic.hr","robots":{"index":"index","follow":"follow","max-snippet":"max-snippet:-1","max-image-preview":"max-image-preview:large","max-video-preview":"max-video-preview:-1"},"canonical":"https:\/\/likemetkovic.hr\/portal\/sunce-i-toplina-do-kraja-tjedna-a-sljedeci-vjerojatno-donosi-rekorde\/","og_locale":"hr_HR","og_type":"article","og_title":"Sunce i toplina do kraja tjedna, a sljede\u0107i vjerojatno donosi rekorde! - likemetkovic.hr","og_description":"Dok \u0107e ne\u0161to ki\u0161e uspjeti sti\u0107i do zapada zemlje tijekom subote, u Dalmaciji \u0107e se zadr\u017eati potpuno suho. Tek prolazno imat \u0107emo umjereno, na moru prolazno jako jugo koje \u0107e ve\u0107 u nedjelju prestati. U petak nas o\u010dekuje djelomi\u010dno sun\u010dano vrijeme uz umjerenu, ve\u0107inom visoku naoblaku u drugom dijelu dana. No\u0107u tiho ili burin, danju [&hellip;]","og_url":"https:\/\/likemetkovic.hr\/portal\/sunce-i-toplina-do-kraja-tjedna-a-sljedeci-vjerojatno-donosi-rekorde\/","og_site_name":"likemetkovic.hr","article_publisher":"https:\/\/www.facebook.com\/likemetkovic.hr\/","article_published_time":"2022-10-21T06:14:36+00:00","og_image":[{"width":800,"height":600,"url":"https:\/\/likemetkovic.hr\/portal\/wp-content\/uploads\/2018\/10\/\u0161etnica-jesen.jpg","type":"image\/jpeg"}],"author":"LIKEmetkovic.hr","twitter_card":"summary_large_image","twitter_misc":{"Napisao\/la":"LIKEmetkovic.hr","Procijenjeno vrijeme \u010ditanja":"2 minute"},"schema":{"@context":"https:\/\/schema.org","@graph":[{"@type":"WebPage","@id":"https:\/\/likemetkovic.hr\/portal\/sunce-i-toplina-do-kraja-tjedna-a-sljedeci-vjerojatno-donosi-rekorde\/","url":"https:\/\/likemetkovic.hr\/portal\/sunce-i-toplina-do-kraja-tjedna-a-sljedeci-vjerojatno-donosi-rekorde\/","name":"Sunce i toplina do kraja tjedna, a sljede\u0107i vjerojatno donosi rekorde! - likemetkovic.hr","isPartOf":{"@id":"https:\/\/likemetkovic.hr\/#website"},"primaryImageOfPage":{"@id":"https:\/\/likemetkovic.hr\/portal\/sunce-i-toplina-do-kraja-tjedna-a-sljedeci-vjerojatno-donosi-rekorde\/#primaryimage"},"image":{"@id":"https:\/\/likemetkovic.hr\/portal\/sunce-i-toplina-do-kraja-tjedna-a-sljedeci-vjerojatno-donosi-rekorde\/#primaryimage"},"thumbnailUrl":"https:\/\/likemetkovic.hr\/portal\/wp-content\/uploads\/2018\/10\/\u0161etnica-jesen.jpg","datePublished":"2022-10-21T06:14:36+00:00","author":{"@id":"https:\/\/likemetkovic.hr\/#\/schema\/person\/a42711f3385a0e2be6f7e0443bfb28f0"},"breadcrumb":{"@id":"https:\/\/likemetkovic.hr\/portal\/sunce-i-toplina-do-kraja-tjedna-a-sljedeci-vjerojatno-donosi-rekorde\/#breadcrumb"},"inLanguage":"hr","potentialAction":[{"@type":"ReadAction","target":["https:\/\/likemetkovic.hr\/portal\/sunce-i-toplina-do-kraja-tjedna-a-sljedeci-vjerojatno-donosi-rekorde\/"]}]},{"@type":"ImageObject","inLanguage":"hr","@id":"https:\/\/likemetkovic.hr\/portal\/sunce-i-toplina-do-kraja-tjedna-a-sljedeci-vjerojatno-donosi-rekorde\/#primaryimage","url":"https:\/\/likemetkovic.hr\/portal\/wp-content\/uploads\/2018\/10\/\u0161etnica-jesen.jpg","contentUrl":"https:\/\/likemetkovic.hr\/portal\/wp-content\/uploads\/2018\/10\/\u0161etnica-jesen.jpg","width":800,"height":600},{"@type":"BreadcrumbList","@id":"https:\/\/likemetkovic.hr\/portal\/sunce-i-toplina-do-kraja-tjedna-a-sljedeci-vjerojatno-donosi-rekorde\/#breadcrumb","itemListElement":[{"@type":"ListItem","position":1,"name":"Po\u010detna stranica","item":"https:\/\/likemetkovic.hr\/portal\/"},{"@type":"ListItem","position":2,"name":"Sunce i toplina do kraja tjedna, a sljede\u0107i vjerojatno donosi rekorde!"}]},{"@type":"WebSite","@id":"https:\/\/likemetkovic.hr\/#website","url":"https:\/\/likemetkovic.hr\/","name":"likemetkovic.hr","description":"Misli pozitivno... \u010ditaj LIKE","potentialAction":[{"@type":"SearchAction","target":{"@type":"EntryPoint","urlTemplate":"https:\/\/likemetkovic.hr\/?s={search_term_string}"},"query-input":{"@type":"PropertyValueSpecification","valueRequired":true,"valueName":"search_term_string"}}],"inLanguage":"hr"},{"@type":"Person","@id":"https:\/\/likemetkovic.hr\/#\/schema\/person\/a42711f3385a0e2be6f7e0443bfb28f0","name":"LIKEmetkovic.hr","sameAs":["http:\/\/likemetkovic.hr"],"url":"https:\/\/likemetkovic.hr\/portal\/author\/likemetkovic-hr\/"}]}},"_links":{"self":[{"href":"https:\/\/likemetkovic.hr\/portal\/wp-json\/wp\/v2\/posts\/137235","targetHints":{"allow":["GET"]}}],"collection":[{"href":"https:\/\/likemetkovic.hr\/portal\/wp-json\/wp\/v2\/posts"}],"about":[{"href":"https:\/\/likemetkovic.hr\/portal\/wp-json\/wp\/v2\/types\/post"}],"author":[{"embeddable":true,"href":"https:\/\/likemetkovic.hr\/portal\/wp-json\/wp\/v2\/users\/7"}],"replies":[{"embeddable":true,"href":"https:\/\/likemetkovic.hr\/portal\/wp-json\/wp\/v2\/comments?post=137235"}],"version-history":[{"count":1,"href":"https:\/\/likemetkovic.hr\/portal\/wp-json\/wp\/v2\/posts\/137235\/revisions"}],"predecessor-version":[{"id":137236,"href":"https:\/\/likemetkovic.hr\/portal\/wp-json\/wp\/v2\/posts\/137235\/revisions\/137236"}],"wp:featuredmedia":[{"embeddable":true,"href":"https:\/\/likemetkovic.hr\/portal\/wp-json\/wp\/v2\/media\/68448"}],"wp:attachment":[{"href":"https:\/\/likemetkovic.hr\/portal\/wp-json\/wp\/v2\/media?parent=137235"}],"wp:term":[{"taxonomy":"category","embeddable":true,"href":"https:\/\/likemetkovic.hr\/portal\/wp-json\/wp\/v2\/categories?post=137235"},{"taxonomy":"post_tag","embeddable":true,"href":"https:\/\/likemetkovic.hr\/portal\/wp-json\/wp\/v2\/tags?post=137235"}],"curies":[{"name":"wp","href":"https:\/\/api.w.org\/{rel}","templated":true}]}}