{"id":137346,"date":"2022-10-25T07:57:10","date_gmt":"2022-10-25T05:57:10","guid":{"rendered":"https:\/\/likemetkovic.hr\/portal\/?p=137346"},"modified":"2022-10-25T07:57:10","modified_gmt":"2022-10-25T05:57:10","slug":"u-gradskoj-knjiznici-teta-davorka-ce-citati-pricu-za-najmlade-a-dr-sc-ita-lucin-ce-predstaviti-svoju-knjigu","status":"publish","type":"post","link":"https:\/\/likemetkovic.hr\/portal\/u-gradskoj-knjiznici-teta-davorka-ce-citati-pricu-za-najmlade-a-dr-sc-ita-lucin-ce-predstaviti-svoju-knjigu\/","title":{"rendered":"U Gradskoj knji\u017enici: teta Davorka \u0107e \u010ditati pri\u010du za najmla\u0111e, a dr. sc. Ita Lu\u010din \u0107e predstaviti svoju knjigu"},"content":{"rendered":"<p>\u010citanje, odnosno slu\u0161anje pri\u010da je do\u017eivljaj za svako dijete koji budi ma\u0161tu i razvija kreativnost. Stoga \u0107e Gradskoj knji\u017enici Metkovi\u0107 <strong>teta Davorka<\/strong> <strong>u utorak, 25. listopada u 17 sati<\/strong> na\u0161im mali\u0161anima \u010ditati prekrasnu slikovnica <em><strong>Ured za izgubljene stvari<\/strong> <\/em>koju je napisao Zoran Maljkovi\u0107 a ilustrirao Marko Jovanovac.<\/p>\n<p>Pri\u010daonica i \u010ditaonica pri\u010da namijenjena je pred\u0161kolcima i prva\u0161i\u0107ima, a nakon \u010ditanja bit \u0107e razgovor o tome \u0161to se sve mo\u017ee nau\u010diti iz omiljenih slikovnica.<\/p>\n<p><strong>Dr.sc. Ita Lu\u010din<\/strong>\u00a0\u0107e <strong>26. listopada (srijeda) u 19 sati<\/strong> predstaviti svoju knjigu <em><strong>Izme\u0111u eti\u010dkog i esteti\u010dkog<\/strong>.<\/em> O knjizi \u0107e govoriti Nikola Nogolica, a odlomke iz knjige \u0107e \u010ditati Maja Kapusti\u0107 Jurinovi\u0107.<\/p>\n<p>&nbsp;<\/p>\n","protected":false},"excerpt":{"rendered":"<p>\u010citanje, odnosno slu\u0161anje pri\u010da je do\u017eivljaj za svako dijete koji budi ma\u0161tu i razvija kreativnost. Stoga \u0107e Gradskoj knji\u017enici Metkovi\u0107 teta Davorka u utorak, 25. listopada u 17 sati na\u0161im mali\u0161anima \u010ditati prekrasnu slikovnica Ured za izgubljene stvari koju je napisao Zoran Maljkovi\u0107 a ilustrirao Marko Jovanovac. Pri\u010daonica i \u010ditaonica pri\u010da namijenjena je pred\u0161kolcima i [&hellip;]<\/p>\n","protected":false},"author":7,"featured_media":137347,"comment_status":"open","ping_status":"open","sticky":false,"template":"","format":"standard","meta":{"footnotes":""},"categories":[296,11],"tags":[421,11182],"class_list":{"0":"post-137346","1":"post","2":"type-post","3":"status-publish","4":"format-standard","5":"has-post-thumbnail","7":"category-ab","8":"category-metkovic-dolina","9":"tag-gradska-knjiznica-metkovic","10":"tag-ita-lucin"},"yoast_head":"<!-- This site is optimized with the Yoast SEO plugin v25.2 - https:\/\/yoast.com\/wordpress\/plugins\/seo\/ -->\n<title>U Gradskoj knji\u017enici: teta Davorka \u0107e \u010ditati pri\u010du za najmla\u0111e, a dr. sc. Ita Lu\u010din \u0107e predstaviti svoju knjigu - likemetkovic.hr<\/title>\n<meta name=\"robots\" content=\"index, follow, max-snippet:-1, max-image-preview:large, max-video-preview:-1\" \/>\n<link rel=\"canonical\" href=\"https:\/\/likemetkovic.hr\/portal\/u-gradskoj-knjiznici-teta-davorka-ce-citati-pricu-za-najmlade-a-dr-sc-ita-lucin-ce-predstaviti-svoju-knjigu\/\" \/>\n<meta property=\"og:locale\" content=\"hr_HR\" \/>\n<meta property=\"og:type\" content=\"article\" \/>\n<meta property=\"og:title\" content=\"U Gradskoj knji\u017enici: teta Davorka \u0107e \u010ditati pri\u010du za najmla\u0111e, a dr. sc. Ita Lu\u010din \u0107e predstaviti svoju knjigu - likemetkovic.hr\" \/>\n<meta property=\"og:description\" content=\"\u010citanje, odnosno slu\u0161anje pri\u010da je do\u017eivljaj za svako dijete koji budi ma\u0161tu i razvija kreativnost. Stoga \u0107e Gradskoj knji\u017enici Metkovi\u0107 teta Davorka u utorak, 25. listopada u 17 sati na\u0161im mali\u0161anima \u010ditati prekrasnu slikovnica Ured za izgubljene stvari koju je napisao Zoran Maljkovi\u0107 a ilustrirao Marko Jovanovac. Pri\u010daonica i \u010ditaonica pri\u010da namijenjena je pred\u0161kolcima i [&hellip;]\" \/>\n<meta property=\"og:url\" content=\"https:\/\/likemetkovic.hr\/portal\/u-gradskoj-knjiznici-teta-davorka-ce-citati-pricu-za-najmlade-a-dr-sc-ita-lucin-ce-predstaviti-svoju-knjigu\/\" \/>\n<meta property=\"og:site_name\" content=\"likemetkovic.hr\" \/>\n<meta property=\"article:publisher\" content=\"https:\/\/www.facebook.com\/likemetkovic.hr\/\" \/>\n<meta property=\"article:published_time\" content=\"2022-10-25T05:57:10+00:00\" \/>\n<meta property=\"og:image\" content=\"https:\/\/likemetkovic.hr\/portal\/wp-content\/uploads\/2022\/10\/gradska-knjiznica-najava.jpg\" \/>\n\t<meta property=\"og:image:width\" content=\"800\" \/>\n\t<meta property=\"og:image:height\" content=\"533\" \/>\n\t<meta property=\"og:image:type\" content=\"image\/jpeg\" \/>\n<meta name=\"author\" content=\"LIKEmetkovic.hr\" \/>\n<meta name=\"twitter:card\" content=\"summary_large_image\" \/>\n<meta name=\"twitter:label1\" content=\"Napisao\/la\" \/>\n\t<meta name=\"twitter:data1\" content=\"LIKEmetkovic.hr\" \/>\n\t<meta name=\"twitter:label2\" content=\"Procijenjeno vrijeme \u010ditanja\" \/>\n\t<meta name=\"twitter:data2\" content=\"1 minuta\" \/>\n<script type=\"application\/ld+json\" class=\"yoast-schema-graph\">{\"@context\":\"https:\/\/schema.org\",\"@graph\":[{\"@type\":\"WebPage\",\"@id\":\"https:\/\/likemetkovic.hr\/portal\/u-gradskoj-knjiznici-teta-davorka-ce-citati-pricu-za-najmlade-a-dr-sc-ita-lucin-ce-predstaviti-svoju-knjigu\/\",\"url\":\"https:\/\/likemetkovic.hr\/portal\/u-gradskoj-knjiznici-teta-davorka-ce-citati-pricu-za-najmlade-a-dr-sc-ita-lucin-ce-predstaviti-svoju-knjigu\/\",\"name\":\"U Gradskoj knji\u017enici: teta Davorka \u0107e \u010ditati pri\u010du za najmla\u0111e, a dr. sc. Ita Lu\u010din \u0107e predstaviti svoju knjigu - likemetkovic.hr\",\"isPartOf\":{\"@id\":\"https:\/\/likemetkovic.hr\/#website\"},\"primaryImageOfPage\":{\"@id\":\"https:\/\/likemetkovic.hr\/portal\/u-gradskoj-knjiznici-teta-davorka-ce-citati-pricu-za-najmlade-a-dr-sc-ita-lucin-ce-predstaviti-svoju-knjigu\/#primaryimage\"},\"image\":{\"@id\":\"https:\/\/likemetkovic.hr\/portal\/u-gradskoj-knjiznici-teta-davorka-ce-citati-pricu-za-najmlade-a-dr-sc-ita-lucin-ce-predstaviti-svoju-knjigu\/#primaryimage\"},\"thumbnailUrl\":\"https:\/\/likemetkovic.hr\/portal\/wp-content\/uploads\/2022\/10\/gradska-knjiznica-najava.jpg\",\"datePublished\":\"2022-10-25T05:57:10+00:00\",\"author\":{\"@id\":\"https:\/\/likemetkovic.hr\/#\/schema\/person\/a42711f3385a0e2be6f7e0443bfb28f0\"},\"breadcrumb\":{\"@id\":\"https:\/\/likemetkovic.hr\/portal\/u-gradskoj-knjiznici-teta-davorka-ce-citati-pricu-za-najmlade-a-dr-sc-ita-lucin-ce-predstaviti-svoju-knjigu\/#breadcrumb\"},\"inLanguage\":\"hr\",\"potentialAction\":[{\"@type\":\"ReadAction\",\"target\":[\"https:\/\/likemetkovic.hr\/portal\/u-gradskoj-knjiznici-teta-davorka-ce-citati-pricu-za-najmlade-a-dr-sc-ita-lucin-ce-predstaviti-svoju-knjigu\/\"]}]},{\"@type\":\"ImageObject\",\"inLanguage\":\"hr\",\"@id\":\"https:\/\/likemetkovic.hr\/portal\/u-gradskoj-knjiznici-teta-davorka-ce-citati-pricu-za-najmlade-a-dr-sc-ita-lucin-ce-predstaviti-svoju-knjigu\/#primaryimage\",\"url\":\"https:\/\/likemetkovic.hr\/portal\/wp-content\/uploads\/2022\/10\/gradska-knjiznica-najava.jpg\",\"contentUrl\":\"https:\/\/likemetkovic.hr\/portal\/wp-content\/uploads\/2022\/10\/gradska-knjiznica-najava.jpg\",\"width\":800,\"height\":533},{\"@type\":\"BreadcrumbList\",\"@id\":\"https:\/\/likemetkovic.hr\/portal\/u-gradskoj-knjiznici-teta-davorka-ce-citati-pricu-za-najmlade-a-dr-sc-ita-lucin-ce-predstaviti-svoju-knjigu\/#breadcrumb\",\"itemListElement\":[{\"@type\":\"ListItem\",\"position\":1,\"name\":\"Po\u010detna stranica\",\"item\":\"https:\/\/likemetkovic.hr\/portal\/\"},{\"@type\":\"ListItem\",\"position\":2,\"name\":\"U Gradskoj knji\u017enici: teta Davorka \u0107e \u010ditati pri\u010du za najmla\u0111e, a dr. sc. Ita Lu\u010din \u0107e predstaviti svoju knjigu\"}]},{\"@type\":\"WebSite\",\"@id\":\"https:\/\/likemetkovic.hr\/#website\",\"url\":\"https:\/\/likemetkovic.hr\/\",\"name\":\"likemetkovic.hr\",\"description\":\"Misli pozitivno... \u010ditaj LIKE\",\"potentialAction\":[{\"@type\":\"SearchAction\",\"target\":{\"@type\":\"EntryPoint\",\"urlTemplate\":\"https:\/\/likemetkovic.hr\/?s={search_term_string}\"},\"query-input\":{\"@type\":\"PropertyValueSpecification\",\"valueRequired\":true,\"valueName\":\"search_term_string\"}}],\"inLanguage\":\"hr\"},{\"@type\":\"Person\",\"@id\":\"https:\/\/likemetkovic.hr\/#\/schema\/person\/a42711f3385a0e2be6f7e0443bfb28f0\",\"name\":\"LIKEmetkovic.hr\",\"sameAs\":[\"http:\/\/likemetkovic.hr\"],\"url\":\"https:\/\/likemetkovic.hr\/portal\/author\/likemetkovic-hr\/\"}]}<\/script>\n<!-- \/ Yoast SEO plugin. -->","yoast_head_json":{"title":"U Gradskoj knji\u017enici: teta Davorka \u0107e \u010ditati pri\u010du za najmla\u0111e, a dr. sc. Ita Lu\u010din \u0107e predstaviti svoju knjigu - likemetkovic.hr","robots":{"index":"index","follow":"follow","max-snippet":"max-snippet:-1","max-image-preview":"max-image-preview:large","max-video-preview":"max-video-preview:-1"},"canonical":"https:\/\/likemetkovic.hr\/portal\/u-gradskoj-knjiznici-teta-davorka-ce-citati-pricu-za-najmlade-a-dr-sc-ita-lucin-ce-predstaviti-svoju-knjigu\/","og_locale":"hr_HR","og_type":"article","og_title":"U Gradskoj knji\u017enici: teta Davorka \u0107e \u010ditati pri\u010du za najmla\u0111e, a dr. sc. Ita Lu\u010din \u0107e predstaviti svoju knjigu - likemetkovic.hr","og_description":"\u010citanje, odnosno slu\u0161anje pri\u010da je do\u017eivljaj za svako dijete koji budi ma\u0161tu i razvija kreativnost. Stoga \u0107e Gradskoj knji\u017enici Metkovi\u0107 teta Davorka u utorak, 25. listopada u 17 sati na\u0161im mali\u0161anima \u010ditati prekrasnu slikovnica Ured za izgubljene stvari koju je napisao Zoran Maljkovi\u0107 a ilustrirao Marko Jovanovac. Pri\u010daonica i \u010ditaonica pri\u010da namijenjena je pred\u0161kolcima i [&hellip;]","og_url":"https:\/\/likemetkovic.hr\/portal\/u-gradskoj-knjiznici-teta-davorka-ce-citati-pricu-za-najmlade-a-dr-sc-ita-lucin-ce-predstaviti-svoju-knjigu\/","og_site_name":"likemetkovic.hr","article_publisher":"https:\/\/www.facebook.com\/likemetkovic.hr\/","article_published_time":"2022-10-25T05:57:10+00:00","og_image":[{"width":800,"height":533,"url":"https:\/\/likemetkovic.hr\/portal\/wp-content\/uploads\/2022\/10\/gradska-knjiznica-najava.jpg","type":"image\/jpeg"}],"author":"LIKEmetkovic.hr","twitter_card":"summary_large_image","twitter_misc":{"Napisao\/la":"LIKEmetkovic.hr","Procijenjeno vrijeme \u010ditanja":"1 minuta"},"schema":{"@context":"https:\/\/schema.org","@graph":[{"@type":"WebPage","@id":"https:\/\/likemetkovic.hr\/portal\/u-gradskoj-knjiznici-teta-davorka-ce-citati-pricu-za-najmlade-a-dr-sc-ita-lucin-ce-predstaviti-svoju-knjigu\/","url":"https:\/\/likemetkovic.hr\/portal\/u-gradskoj-knjiznici-teta-davorka-ce-citati-pricu-za-najmlade-a-dr-sc-ita-lucin-ce-predstaviti-svoju-knjigu\/","name":"U Gradskoj knji\u017enici: teta Davorka \u0107e \u010ditati pri\u010du za najmla\u0111e, a dr. sc. Ita Lu\u010din \u0107e predstaviti svoju knjigu - likemetkovic.hr","isPartOf":{"@id":"https:\/\/likemetkovic.hr\/#website"},"primaryImageOfPage":{"@id":"https:\/\/likemetkovic.hr\/portal\/u-gradskoj-knjiznici-teta-davorka-ce-citati-pricu-za-najmlade-a-dr-sc-ita-lucin-ce-predstaviti-svoju-knjigu\/#primaryimage"},"image":{"@id":"https:\/\/likemetkovic.hr\/portal\/u-gradskoj-knjiznici-teta-davorka-ce-citati-pricu-za-najmlade-a-dr-sc-ita-lucin-ce-predstaviti-svoju-knjigu\/#primaryimage"},"thumbnailUrl":"https:\/\/likemetkovic.hr\/portal\/wp-content\/uploads\/2022\/10\/gradska-knjiznica-najava.jpg","datePublished":"2022-10-25T05:57:10+00:00","author":{"@id":"https:\/\/likemetkovic.hr\/#\/schema\/person\/a42711f3385a0e2be6f7e0443bfb28f0"},"breadcrumb":{"@id":"https:\/\/likemetkovic.hr\/portal\/u-gradskoj-knjiznici-teta-davorka-ce-citati-pricu-za-najmlade-a-dr-sc-ita-lucin-ce-predstaviti-svoju-knjigu\/#breadcrumb"},"inLanguage":"hr","potentialAction":[{"@type":"ReadAction","target":["https:\/\/likemetkovic.hr\/portal\/u-gradskoj-knjiznici-teta-davorka-ce-citati-pricu-za-najmlade-a-dr-sc-ita-lucin-ce-predstaviti-svoju-knjigu\/"]}]},{"@type":"ImageObject","inLanguage":"hr","@id":"https:\/\/likemetkovic.hr\/portal\/u-gradskoj-knjiznici-teta-davorka-ce-citati-pricu-za-najmlade-a-dr-sc-ita-lucin-ce-predstaviti-svoju-knjigu\/#primaryimage","url":"https:\/\/likemetkovic.hr\/portal\/wp-content\/uploads\/2022\/10\/gradska-knjiznica-najava.jpg","contentUrl":"https:\/\/likemetkovic.hr\/portal\/wp-content\/uploads\/2022\/10\/gradska-knjiznica-najava.jpg","width":800,"height":533},{"@type":"BreadcrumbList","@id":"https:\/\/likemetkovic.hr\/portal\/u-gradskoj-knjiznici-teta-davorka-ce-citati-pricu-za-najmlade-a-dr-sc-ita-lucin-ce-predstaviti-svoju-knjigu\/#breadcrumb","itemListElement":[{"@type":"ListItem","position":1,"name":"Po\u010detna stranica","item":"https:\/\/likemetkovic.hr\/portal\/"},{"@type":"ListItem","position":2,"name":"U Gradskoj knji\u017enici: teta Davorka \u0107e \u010ditati pri\u010du za najmla\u0111e, a dr. sc. Ita Lu\u010din \u0107e predstaviti svoju knjigu"}]},{"@type":"WebSite","@id":"https:\/\/likemetkovic.hr\/#website","url":"https:\/\/likemetkovic.hr\/","name":"likemetkovic.hr","description":"Misli pozitivno... \u010ditaj LIKE","potentialAction":[{"@type":"SearchAction","target":{"@type":"EntryPoint","urlTemplate":"https:\/\/likemetkovic.hr\/?s={search_term_string}"},"query-input":{"@type":"PropertyValueSpecification","valueRequired":true,"valueName":"search_term_string"}}],"inLanguage":"hr"},{"@type":"Person","@id":"https:\/\/likemetkovic.hr\/#\/schema\/person\/a42711f3385a0e2be6f7e0443bfb28f0","name":"LIKEmetkovic.hr","sameAs":["http:\/\/likemetkovic.hr"],"url":"https:\/\/likemetkovic.hr\/portal\/author\/likemetkovic-hr\/"}]}},"_links":{"self":[{"href":"https:\/\/likemetkovic.hr\/portal\/wp-json\/wp\/v2\/posts\/137346","targetHints":{"allow":["GET"]}}],"collection":[{"href":"https:\/\/likemetkovic.hr\/portal\/wp-json\/wp\/v2\/posts"}],"about":[{"href":"https:\/\/likemetkovic.hr\/portal\/wp-json\/wp\/v2\/types\/post"}],"author":[{"embeddable":true,"href":"https:\/\/likemetkovic.hr\/portal\/wp-json\/wp\/v2\/users\/7"}],"replies":[{"embeddable":true,"href":"https:\/\/likemetkovic.hr\/portal\/wp-json\/wp\/v2\/comments?post=137346"}],"version-history":[{"count":1,"href":"https:\/\/likemetkovic.hr\/portal\/wp-json\/wp\/v2\/posts\/137346\/revisions"}],"predecessor-version":[{"id":137348,"href":"https:\/\/likemetkovic.hr\/portal\/wp-json\/wp\/v2\/posts\/137346\/revisions\/137348"}],"wp:featuredmedia":[{"embeddable":true,"href":"https:\/\/likemetkovic.hr\/portal\/wp-json\/wp\/v2\/media\/137347"}],"wp:attachment":[{"href":"https:\/\/likemetkovic.hr\/portal\/wp-json\/wp\/v2\/media?parent=137346"}],"wp:term":[{"taxonomy":"category","embeddable":true,"href":"https:\/\/likemetkovic.hr\/portal\/wp-json\/wp\/v2\/categories?post=137346"},{"taxonomy":"post_tag","embeddable":true,"href":"https:\/\/likemetkovic.hr\/portal\/wp-json\/wp\/v2\/tags?post=137346"}],"curies":[{"name":"wp","href":"https:\/\/api.w.org\/{rel}","templated":true}]}}