{"id":137363,"date":"2022-10-25T15:33:45","date_gmt":"2022-10-25T13:33:45","guid":{"rendered":"https:\/\/likemetkovic.hr\/portal\/?p=137363"},"modified":"2022-10-25T15:33:45","modified_gmt":"2022-10-25T13:33:45","slug":"kad-vec-nije-bilo-moguce-iznad-metkovica-stize-nam-fotografija-pomrcine-sunca-iznad-zagreba","status":"publish","type":"post","link":"https:\/\/likemetkovic.hr\/portal\/kad-vec-nije-bilo-moguce-iznad-metkovica-stize-nam-fotografija-pomrcine-sunca-iznad-zagreba\/","title":{"rendered":"Kad ve\u0107 nije bilo mogu\u0107e iznad Metkovi\u0107a, sti\u017ee nam fotografija pomr\u010dine Sunca iznad Zagreba"},"content":{"rendered":"<p>Djelomi\u010dna pomr\u010dina Sunca bila je danas vidljiva diljem zapadne polutke, na\u017ealost, nad Hrvatskom je u to vrijeme (maksimum u 12:21) prevladavalo obla\u010dno vrijeme.<\/p>\n<p>Ipak, zahvaljuju\u0107i fotografu Dragi Sopti, uspjeli smo do\u0107i do snimke pomr\u010dine iznad Zagreba. Sunce u djelomi\u010dnoj sjeni Mjeseca na trenutak je provirilo izme\u0111u ki\u0161nih oblaka, a u tom sretnom trenutku u kadar je uletjela i ptica&#8230;<\/p>\n<blockquote class=\"instagram-media\" style=\"background: #FFF; border: 0; border-radius: 3px; box-shadow: 0 0 1px 0 rgba(0,0,0,0.5),0 1px 10px 0 rgba(0,0,0,0.15); margin: 1px; max-width: 540px; min-width: 326px; padding: 0; width: calc(100% - 2px);\" data-instgrm-captioned=\"\" data-instgrm-permalink=\"https:\/\/www.instagram.com\/p\/CkIi8yDjBFK\/?utm_source=ig_embed&amp;utm_campaign=loading\" data-instgrm-version=\"14\">\n<div style=\"padding: 16px;\">\n<p>&nbsp;<\/p>\n<div style=\"display: flex; flex-direction: row; align-items: center;\">\n<div style=\"background-color: #f4f4f4; border-radius: 50%; flex-grow: 0; height: 40px; margin-right: 14px; width: 40px;\"><\/div>\n<div style=\"display: flex; flex-direction: column; flex-grow: 1; justify-content: center;\">\n<div style=\"background-color: #f4f4f4; border-radius: 4px; flex-grow: 0; height: 14px; margin-bottom: 6px; width: 100px;\"><\/div>\n<div style=\"background-color: #f4f4f4; border-radius: 4px; flex-grow: 0; height: 14px; width: 60px;\"><\/div>\n<\/div>\n<\/div>\n<div style=\"padding: 19% 0;\"><\/div>\n<div style=\"display: block; height: 50px; margin: 0 auto 12px; width: 50px;\"><\/div>\n<div style=\"padding-top: 8px;\">\n<div style=\"color: #3897f0; font-family: Arial,sans-serif; font-size: 14px; font-style: normal; font-weight: 550; line-height: 18px;\">Pogledajte ovu objavu na Instagramu.<\/div>\n<\/div>\n<div style=\"padding: 12.5% 0;\"><\/div>\n<div style=\"display: flex; flex-direction: row; margin-bottom: 14px; align-items: center;\">\n<div>\n<div style=\"background-color: #f4f4f4; border-radius: 50%; height: 12.5px; width: 12.5px; transform: translateX(0px) translateY(7px);\"><\/div>\n<div style=\"background-color: #f4f4f4; height: 12.5px; transform: rotate(-45deg) translateX(3px) translateY(1px); width: 12.5px; flex-grow: 0; margin-right: 14px; margin-left: 2px;\"><\/div>\n<div style=\"background-color: #f4f4f4; border-radius: 50%; height: 12.5px; width: 12.5px; transform: translateX(9px) translateY(-18px);\"><\/div>\n<\/div>\n<div style=\"margin-left: 8px;\">\n<div style=\"background-color: #f4f4f4; border-radius: 50%; flex-grow: 0; height: 20px; width: 20px;\"><\/div>\n<div style=\"width: 0; height: 0; border-top: 2px solid transparent; border-left: 6px solid #f4f4f4; border-bottom: 2px solid transparent; transform: translateX(16px) translateY(-4px) rotate(30deg);\"><\/div>\n<\/div>\n<div style=\"margin-left: auto;\">\n<div style=\"width: 0px; border-top: 8px solid #F4F4F4; border-right: 8px solid transparent; transform: translateY(16px);\"><\/div>\n<div style=\"background-color: #f4f4f4; flex-grow: 0; height: 12px; width: 16px; transform: translateY(-4px);\"><\/div>\n<div style=\"width: 0; height: 0; border-top: 8px solid #F4F4F4; border-left: 8px solid transparent; transform: translateY(-4px) translateX(8px);\"><\/div>\n<\/div>\n<\/div>\n<div style=\"display: flex; flex-direction: column; flex-grow: 1; justify-content: center; margin-bottom: 24px;\">\n<div style=\"background-color: #f4f4f4; border-radius: 4px; flex-grow: 0; height: 14px; margin-bottom: 6px; width: 224px;\"><\/div>\n<div style=\"background-color: #f4f4f4; border-radius: 4px; flex-grow: 0; height: 14px; width: 144px;\"><\/div>\n<\/div>\n<p>&nbsp;<\/p>\n<p style=\"color: #c9c8cd; font-family: Arial,sans-serif; font-size: 14px; line-height: 17px; margin-bottom: 0; margin-top: 8px; overflow: hidden; padding: 8px 0 7px; text-align: center; text-overflow: ellipsis; white-space: nowrap;\"><a style=\"color: #c9c8cd; font-family: Arial,sans-serif; font-size: 14px; font-style: normal; font-weight: normal; line-height: 17px; text-decoration: none;\" href=\"https:\/\/www.instagram.com\/p\/CkIi8yDjBFK\/?utm_source=ig_embed&amp;utm_campaign=loading\" target=\"_blank\" rel=\"noopener\">Objavu dijeli Drago Sopta (@dragosopta)<\/a><\/p>\n<\/div>\n<\/blockquote>\n<p><script async src=\"\/\/www.instagram.com\/embed.js\"><\/script><\/p>\n<p>&nbsp;<\/p>\n","protected":false},"excerpt":{"rendered":"<p>Djelomi\u010dna pomr\u010dina Sunca bila je danas vidljiva diljem zapadne polutke, na\u017ealost, nad Hrvatskom je u to vrijeme (maksimum u 12:21) prevladavalo obla\u010dno vrijeme. Ipak, zahvaljuju\u0107i fotografu Dragi Sopti, uspjeli smo do\u0107i do snimke pomr\u010dine iznad Zagreba. Sunce u djelomi\u010dnoj sjeni Mjeseca na trenutak je provirilo izme\u0111u ki\u0161nih oblaka, a u tom sretnom trenutku u kadar [&hellip;]<\/p>\n","protected":false},"author":9,"featured_media":137365,"comment_status":"open","ping_status":"open","sticky":false,"template":"","format":"standard","meta":{"footnotes":""},"categories":[296,1027],"tags":[8959],"class_list":{"0":"post-137363","1":"post","2":"type-post","3":"status-publish","4":"format-standard","5":"has-post-thumbnail","7":"category-ab","8":"category-hrvatska","9":"tag-pomrcina-sunca"},"yoast_head":"<!-- This site is optimized with the Yoast SEO plugin v25.2 - https:\/\/yoast.com\/wordpress\/plugins\/seo\/ -->\n<title>Kad ve\u0107 nije bilo mogu\u0107e iznad Metkovi\u0107a, sti\u017ee nam fotografija pomr\u010dine Sunca iznad Zagreba - likemetkovic.hr<\/title>\n<meta name=\"robots\" content=\"index, follow, max-snippet:-1, max-image-preview:large, max-video-preview:-1\" \/>\n<link rel=\"canonical\" href=\"https:\/\/likemetkovic.hr\/portal\/kad-vec-nije-bilo-moguce-iznad-metkovica-stize-nam-fotografija-pomrcine-sunca-iznad-zagreba\/\" \/>\n<meta property=\"og:locale\" content=\"hr_HR\" \/>\n<meta property=\"og:type\" content=\"article\" \/>\n<meta property=\"og:title\" content=\"Kad ve\u0107 nije bilo mogu\u0107e iznad Metkovi\u0107a, sti\u017ee nam fotografija pomr\u010dine Sunca iznad Zagreba - likemetkovic.hr\" \/>\n<meta property=\"og:description\" content=\"Djelomi\u010dna pomr\u010dina Sunca bila je danas vidljiva diljem zapadne polutke, na\u017ealost, nad Hrvatskom je u to vrijeme (maksimum u 12:21) prevladavalo obla\u010dno vrijeme. Ipak, zahvaljuju\u0107i fotografu Dragi Sopti, uspjeli smo do\u0107i do snimke pomr\u010dine iznad Zagreba. Sunce u djelomi\u010dnoj sjeni Mjeseca na trenutak je provirilo izme\u0111u ki\u0161nih oblaka, a u tom sretnom trenutku u kadar [&hellip;]\" \/>\n<meta property=\"og:url\" content=\"https:\/\/likemetkovic.hr\/portal\/kad-vec-nije-bilo-moguce-iznad-metkovica-stize-nam-fotografija-pomrcine-sunca-iznad-zagreba\/\" \/>\n<meta property=\"og:site_name\" content=\"likemetkovic.hr\" \/>\n<meta property=\"article:publisher\" content=\"https:\/\/www.facebook.com\/likemetkovic.hr\/\" \/>\n<meta property=\"article:published_time\" content=\"2022-10-25T13:33:45+00:00\" \/>\n<meta property=\"og:image\" content=\"https:\/\/likemetkovic.hr\/portal\/wp-content\/uploads\/2022\/10\/pomrcina-sunca-25-10-22.jpg\" \/>\n\t<meta property=\"og:image:width\" content=\"800\" \/>\n\t<meta property=\"og:image:height\" content=\"849\" \/>\n\t<meta property=\"og:image:type\" content=\"image\/jpeg\" \/>\n<meta name=\"author\" content=\"K. J.\" \/>\n<meta name=\"twitter:card\" content=\"summary_large_image\" \/>\n<meta name=\"twitter:label1\" content=\"Napisao\/la\" \/>\n\t<meta name=\"twitter:data1\" content=\"K. J.\" \/>\n\t<meta name=\"twitter:label2\" content=\"Procijenjeno vrijeme \u010ditanja\" \/>\n\t<meta name=\"twitter:data2\" content=\"1 minuta\" \/>\n<script type=\"application\/ld+json\" class=\"yoast-schema-graph\">{\"@context\":\"https:\/\/schema.org\",\"@graph\":[{\"@type\":\"WebPage\",\"@id\":\"https:\/\/likemetkovic.hr\/portal\/kad-vec-nije-bilo-moguce-iznad-metkovica-stize-nam-fotografija-pomrcine-sunca-iznad-zagreba\/\",\"url\":\"https:\/\/likemetkovic.hr\/portal\/kad-vec-nije-bilo-moguce-iznad-metkovica-stize-nam-fotografija-pomrcine-sunca-iznad-zagreba\/\",\"name\":\"Kad ve\u0107 nije bilo mogu\u0107e iznad Metkovi\u0107a, sti\u017ee nam fotografija pomr\u010dine Sunca iznad Zagreba - likemetkovic.hr\",\"isPartOf\":{\"@id\":\"https:\/\/likemetkovic.hr\/#website\"},\"primaryImageOfPage\":{\"@id\":\"https:\/\/likemetkovic.hr\/portal\/kad-vec-nije-bilo-moguce-iznad-metkovica-stize-nam-fotografija-pomrcine-sunca-iznad-zagreba\/#primaryimage\"},\"image\":{\"@id\":\"https:\/\/likemetkovic.hr\/portal\/kad-vec-nije-bilo-moguce-iznad-metkovica-stize-nam-fotografija-pomrcine-sunca-iznad-zagreba\/#primaryimage\"},\"thumbnailUrl\":\"https:\/\/likemetkovic.hr\/portal\/wp-content\/uploads\/2022\/10\/pomrcina-sunca-25-10-22.jpg\",\"datePublished\":\"2022-10-25T13:33:45+00:00\",\"author\":{\"@id\":\"https:\/\/likemetkovic.hr\/#\/schema\/person\/0a8b4ebfdfe1ff01192dccda40c5da0c\"},\"breadcrumb\":{\"@id\":\"https:\/\/likemetkovic.hr\/portal\/kad-vec-nije-bilo-moguce-iznad-metkovica-stize-nam-fotografija-pomrcine-sunca-iznad-zagreba\/#breadcrumb\"},\"inLanguage\":\"hr\",\"potentialAction\":[{\"@type\":\"ReadAction\",\"target\":[\"https:\/\/likemetkovic.hr\/portal\/kad-vec-nije-bilo-moguce-iznad-metkovica-stize-nam-fotografija-pomrcine-sunca-iznad-zagreba\/\"]}]},{\"@type\":\"ImageObject\",\"inLanguage\":\"hr\",\"@id\":\"https:\/\/likemetkovic.hr\/portal\/kad-vec-nije-bilo-moguce-iznad-metkovica-stize-nam-fotografija-pomrcine-sunca-iznad-zagreba\/#primaryimage\",\"url\":\"https:\/\/likemetkovic.hr\/portal\/wp-content\/uploads\/2022\/10\/pomrcina-sunca-25-10-22.jpg\",\"contentUrl\":\"https:\/\/likemetkovic.hr\/portal\/wp-content\/uploads\/2022\/10\/pomrcina-sunca-25-10-22.jpg\",\"width\":800,\"height\":849},{\"@type\":\"BreadcrumbList\",\"@id\":\"https:\/\/likemetkovic.hr\/portal\/kad-vec-nije-bilo-moguce-iznad-metkovica-stize-nam-fotografija-pomrcine-sunca-iznad-zagreba\/#breadcrumb\",\"itemListElement\":[{\"@type\":\"ListItem\",\"position\":1,\"name\":\"Po\u010detna stranica\",\"item\":\"https:\/\/likemetkovic.hr\/portal\/\"},{\"@type\":\"ListItem\",\"position\":2,\"name\":\"Kad ve\u0107 nije bilo mogu\u0107e iznad Metkovi\u0107a, sti\u017ee nam fotografija pomr\u010dine Sunca iznad Zagreba\"}]},{\"@type\":\"WebSite\",\"@id\":\"https:\/\/likemetkovic.hr\/#website\",\"url\":\"https:\/\/likemetkovic.hr\/\",\"name\":\"likemetkovic.hr\",\"description\":\"Misli pozitivno... \u010ditaj LIKE\",\"potentialAction\":[{\"@type\":\"SearchAction\",\"target\":{\"@type\":\"EntryPoint\",\"urlTemplate\":\"https:\/\/likemetkovic.hr\/?s={search_term_string}\"},\"query-input\":{\"@type\":\"PropertyValueSpecification\",\"valueRequired\":true,\"valueName\":\"search_term_string\"}}],\"inLanguage\":\"hr\"},{\"@type\":\"Person\",\"@id\":\"https:\/\/likemetkovic.hr\/#\/schema\/person\/0a8b4ebfdfe1ff01192dccda40c5da0c\",\"name\":\"K. J.\",\"url\":\"https:\/\/likemetkovic.hr\/portal\/author\/likemetkovic\/\"}]}<\/script>\n<!-- \/ Yoast SEO plugin. -->","yoast_head_json":{"title":"Kad ve\u0107 nije bilo mogu\u0107e iznad Metkovi\u0107a, sti\u017ee nam fotografija pomr\u010dine Sunca iznad Zagreba - likemetkovic.hr","robots":{"index":"index","follow":"follow","max-snippet":"max-snippet:-1","max-image-preview":"max-image-preview:large","max-video-preview":"max-video-preview:-1"},"canonical":"https:\/\/likemetkovic.hr\/portal\/kad-vec-nije-bilo-moguce-iznad-metkovica-stize-nam-fotografija-pomrcine-sunca-iznad-zagreba\/","og_locale":"hr_HR","og_type":"article","og_title":"Kad ve\u0107 nije bilo mogu\u0107e iznad Metkovi\u0107a, sti\u017ee nam fotografija pomr\u010dine Sunca iznad Zagreba - likemetkovic.hr","og_description":"Djelomi\u010dna pomr\u010dina Sunca bila je danas vidljiva diljem zapadne polutke, na\u017ealost, nad Hrvatskom je u to vrijeme (maksimum u 12:21) prevladavalo obla\u010dno vrijeme. Ipak, zahvaljuju\u0107i fotografu Dragi Sopti, uspjeli smo do\u0107i do snimke pomr\u010dine iznad Zagreba. Sunce u djelomi\u010dnoj sjeni Mjeseca na trenutak je provirilo izme\u0111u ki\u0161nih oblaka, a u tom sretnom trenutku u kadar [&hellip;]","og_url":"https:\/\/likemetkovic.hr\/portal\/kad-vec-nije-bilo-moguce-iznad-metkovica-stize-nam-fotografija-pomrcine-sunca-iznad-zagreba\/","og_site_name":"likemetkovic.hr","article_publisher":"https:\/\/www.facebook.com\/likemetkovic.hr\/","article_published_time":"2022-10-25T13:33:45+00:00","og_image":[{"width":800,"height":849,"url":"https:\/\/likemetkovic.hr\/portal\/wp-content\/uploads\/2022\/10\/pomrcina-sunca-25-10-22.jpg","type":"image\/jpeg"}],"author":"K. J.","twitter_card":"summary_large_image","twitter_misc":{"Napisao\/la":"K. J.","Procijenjeno vrijeme \u010ditanja":"1 minuta"},"schema":{"@context":"https:\/\/schema.org","@graph":[{"@type":"WebPage","@id":"https:\/\/likemetkovic.hr\/portal\/kad-vec-nije-bilo-moguce-iznad-metkovica-stize-nam-fotografija-pomrcine-sunca-iznad-zagreba\/","url":"https:\/\/likemetkovic.hr\/portal\/kad-vec-nije-bilo-moguce-iznad-metkovica-stize-nam-fotografija-pomrcine-sunca-iznad-zagreba\/","name":"Kad ve\u0107 nije bilo mogu\u0107e iznad Metkovi\u0107a, sti\u017ee nam fotografija pomr\u010dine Sunca iznad Zagreba - likemetkovic.hr","isPartOf":{"@id":"https:\/\/likemetkovic.hr\/#website"},"primaryImageOfPage":{"@id":"https:\/\/likemetkovic.hr\/portal\/kad-vec-nije-bilo-moguce-iznad-metkovica-stize-nam-fotografija-pomrcine-sunca-iznad-zagreba\/#primaryimage"},"image":{"@id":"https:\/\/likemetkovic.hr\/portal\/kad-vec-nije-bilo-moguce-iznad-metkovica-stize-nam-fotografija-pomrcine-sunca-iznad-zagreba\/#primaryimage"},"thumbnailUrl":"https:\/\/likemetkovic.hr\/portal\/wp-content\/uploads\/2022\/10\/pomrcina-sunca-25-10-22.jpg","datePublished":"2022-10-25T13:33:45+00:00","author":{"@id":"https:\/\/likemetkovic.hr\/#\/schema\/person\/0a8b4ebfdfe1ff01192dccda40c5da0c"},"breadcrumb":{"@id":"https:\/\/likemetkovic.hr\/portal\/kad-vec-nije-bilo-moguce-iznad-metkovica-stize-nam-fotografija-pomrcine-sunca-iznad-zagreba\/#breadcrumb"},"inLanguage":"hr","potentialAction":[{"@type":"ReadAction","target":["https:\/\/likemetkovic.hr\/portal\/kad-vec-nije-bilo-moguce-iznad-metkovica-stize-nam-fotografija-pomrcine-sunca-iznad-zagreba\/"]}]},{"@type":"ImageObject","inLanguage":"hr","@id":"https:\/\/likemetkovic.hr\/portal\/kad-vec-nije-bilo-moguce-iznad-metkovica-stize-nam-fotografija-pomrcine-sunca-iznad-zagreba\/#primaryimage","url":"https:\/\/likemetkovic.hr\/portal\/wp-content\/uploads\/2022\/10\/pomrcina-sunca-25-10-22.jpg","contentUrl":"https:\/\/likemetkovic.hr\/portal\/wp-content\/uploads\/2022\/10\/pomrcina-sunca-25-10-22.jpg","width":800,"height":849},{"@type":"BreadcrumbList","@id":"https:\/\/likemetkovic.hr\/portal\/kad-vec-nije-bilo-moguce-iznad-metkovica-stize-nam-fotografija-pomrcine-sunca-iznad-zagreba\/#breadcrumb","itemListElement":[{"@type":"ListItem","position":1,"name":"Po\u010detna stranica","item":"https:\/\/likemetkovic.hr\/portal\/"},{"@type":"ListItem","position":2,"name":"Kad ve\u0107 nije bilo mogu\u0107e iznad Metkovi\u0107a, sti\u017ee nam fotografija pomr\u010dine Sunca iznad Zagreba"}]},{"@type":"WebSite","@id":"https:\/\/likemetkovic.hr\/#website","url":"https:\/\/likemetkovic.hr\/","name":"likemetkovic.hr","description":"Misli pozitivno... \u010ditaj LIKE","potentialAction":[{"@type":"SearchAction","target":{"@type":"EntryPoint","urlTemplate":"https:\/\/likemetkovic.hr\/?s={search_term_string}"},"query-input":{"@type":"PropertyValueSpecification","valueRequired":true,"valueName":"search_term_string"}}],"inLanguage":"hr"},{"@type":"Person","@id":"https:\/\/likemetkovic.hr\/#\/schema\/person\/0a8b4ebfdfe1ff01192dccda40c5da0c","name":"K. J.","url":"https:\/\/likemetkovic.hr\/portal\/author\/likemetkovic\/"}]}},"_links":{"self":[{"href":"https:\/\/likemetkovic.hr\/portal\/wp-json\/wp\/v2\/posts\/137363","targetHints":{"allow":["GET"]}}],"collection":[{"href":"https:\/\/likemetkovic.hr\/portal\/wp-json\/wp\/v2\/posts"}],"about":[{"href":"https:\/\/likemetkovic.hr\/portal\/wp-json\/wp\/v2\/types\/post"}],"author":[{"embeddable":true,"href":"https:\/\/likemetkovic.hr\/portal\/wp-json\/wp\/v2\/users\/9"}],"replies":[{"embeddable":true,"href":"https:\/\/likemetkovic.hr\/portal\/wp-json\/wp\/v2\/comments?post=137363"}],"version-history":[{"count":3,"href":"https:\/\/likemetkovic.hr\/portal\/wp-json\/wp\/v2\/posts\/137363\/revisions"}],"predecessor-version":[{"id":137367,"href":"https:\/\/likemetkovic.hr\/portal\/wp-json\/wp\/v2\/posts\/137363\/revisions\/137367"}],"wp:featuredmedia":[{"embeddable":true,"href":"https:\/\/likemetkovic.hr\/portal\/wp-json\/wp\/v2\/media\/137365"}],"wp:attachment":[{"href":"https:\/\/likemetkovic.hr\/portal\/wp-json\/wp\/v2\/media?parent=137363"}],"wp:term":[{"taxonomy":"category","embeddable":true,"href":"https:\/\/likemetkovic.hr\/portal\/wp-json\/wp\/v2\/categories?post=137363"},{"taxonomy":"post_tag","embeddable":true,"href":"https:\/\/likemetkovic.hr\/portal\/wp-json\/wp\/v2\/tags?post=137363"}],"curies":[{"name":"wp","href":"https:\/\/api.w.org\/{rel}","templated":true}]}}