{"id":137677,"date":"2022-11-04T07:53:49","date_gmt":"2022-11-04T06:53:49","guid":{"rendered":"https:\/\/likemetkovic.hr\/portal\/?p=137677"},"modified":"2022-11-04T07:54:05","modified_gmt":"2022-11-04T06:54:05","slug":"vrijeme-za-vikend-danas-stize-znacajna-promjena-vremena","status":"publish","type":"post","link":"https:\/\/likemetkovic.hr\/portal\/vrijeme-za-vikend-danas-stize-znacajna-promjena-vremena\/","title":{"rendered":"VRIJEME ZA VIKEND | Danas sti\u017ee zna\u010dajna promjena vremena"},"content":{"rendered":"<p>Naobla\u010denje s ki\u0161om te pljuskovima i grmljavinom sa zapada do kraja dana pro\u0161irit \u0107e se na cijelu Hrvatsku, poru\u010duju jutros iz\u00a0Dr\u017eavnog hidrometeorolo\u0161kog zavoda (DHMZ).<\/p>\n<p>Na sjevernom Jadranu i u gorju ve\u0107 od jutra mjestimice je ki\u0161a obilna te su lokalno izra\u017eeni pljuskovi s grmljavinom, a u Dalmaciji \u0107e biti u drugom dijelu dana, osobito u no\u0107i na subotu.<\/p>\n<p>U unutra\u0161njosti \u0107e puhati umjeren ju\u017eni i jugoisto\u010dni vjetar, u gorju s jakim udarima, u no\u0107i na sjeveru u okretanju na sjeveroisto\u010dni. Na Jadranu jako do olujno jugo i ju\u017eni vjetar, popodne na sjevernom dijelu u slabljenju i okretanju na jugozapadnjak i sjeverozapadnjak, u no\u0107i na buru. Najvi\u0161a dnevna temperatura kretat \u0107e se od 15 do 20, na Jadranu izme\u0111u 18 i 22 Celzijeva stupnja.<\/p>\n<p><strong>Trodnevnu prognozu DHMZ-a za Metkovi\u0107<\/strong> mo\u017eete vidjeti <a href=\"https:\/\/meteo.hr\/prognoze.php?Code=Metkovic&amp;id=prognoza&amp;section=prognoze_model&amp;param=3d\" target=\"_blank\" rel=\"noopener\">OVDJE.<\/a><\/p>\n","protected":false},"excerpt":{"rendered":"<p>Naobla\u010denje s ki\u0161om te pljuskovima i grmljavinom sa zapada do kraja dana pro\u0161irit \u0107e se na cijelu Hrvatsku, poru\u010duju jutros iz\u00a0Dr\u017eavnog hidrometeorolo\u0161kog zavoda (DHMZ). Na sjevernom Jadranu i u gorju ve\u0107 od jutra mjestimice je ki\u0161a obilna te su lokalno izra\u017eeni pljuskovi s grmljavinom, a u Dalmaciji \u0107e biti u drugom dijelu dana, osobito u [&hellip;]<\/p>\n","protected":false},"author":9,"featured_media":111839,"comment_status":"open","ping_status":"open","sticky":false,"template":"","format":"standard","meta":{"footnotes":""},"categories":[283,1027],"tags":[365],"class_list":{"0":"post-137677","1":"post","2":"type-post","3":"status-publish","4":"format-standard","5":"has-post-thumbnail","7":"category-a","8":"category-hrvatska","9":"tag-vremenska-prognoza"},"yoast_head":"<!-- This site is optimized with the Yoast SEO plugin v25.2 - https:\/\/yoast.com\/wordpress\/plugins\/seo\/ -->\n<title>VRIJEME ZA VIKEND | Danas sti\u017ee zna\u010dajna promjena vremena - likemetkovic.hr<\/title>\n<meta name=\"robots\" content=\"index, follow, max-snippet:-1, max-image-preview:large, max-video-preview:-1\" \/>\n<link rel=\"canonical\" href=\"https:\/\/likemetkovic.hr\/portal\/vrijeme-za-vikend-danas-stize-znacajna-promjena-vremena\/\" \/>\n<meta property=\"og:locale\" content=\"hr_HR\" \/>\n<meta property=\"og:type\" content=\"article\" \/>\n<meta property=\"og:title\" content=\"VRIJEME ZA VIKEND | Danas sti\u017ee zna\u010dajna promjena vremena - likemetkovic.hr\" \/>\n<meta property=\"og:description\" content=\"Naobla\u010denje s ki\u0161om te pljuskovima i grmljavinom sa zapada do kraja dana pro\u0161irit \u0107e se na cijelu Hrvatsku, poru\u010duju jutros iz\u00a0Dr\u017eavnog hidrometeorolo\u0161kog zavoda (DHMZ). Na sjevernom Jadranu i u gorju ve\u0107 od jutra mjestimice je ki\u0161a obilna te su lokalno izra\u017eeni pljuskovi s grmljavinom, a u Dalmaciji \u0107e biti u drugom dijelu dana, osobito u [&hellip;]\" \/>\n<meta property=\"og:url\" content=\"https:\/\/likemetkovic.hr\/portal\/vrijeme-za-vikend-danas-stize-znacajna-promjena-vremena\/\" \/>\n<meta property=\"og:site_name\" content=\"likemetkovic.hr\" \/>\n<meta property=\"article:publisher\" content=\"https:\/\/www.facebook.com\/likemetkovic.hr\/\" \/>\n<meta property=\"article:published_time\" content=\"2022-11-04T06:53:49+00:00\" \/>\n<meta property=\"article:modified_time\" content=\"2022-11-04T06:54:05+00:00\" \/>\n<meta property=\"og:image\" content=\"https:\/\/likemetkovic.hr\/portal\/wp-content\/uploads\/2020\/12\/riva-oblacno-kisa.jpg\" \/>\n\t<meta property=\"og:image:width\" content=\"800\" \/>\n\t<meta property=\"og:image:height\" content=\"450\" \/>\n\t<meta property=\"og:image:type\" content=\"image\/jpeg\" \/>\n<meta name=\"author\" content=\"K. J.\" \/>\n<meta name=\"twitter:card\" content=\"summary_large_image\" \/>\n<meta name=\"twitter:label1\" content=\"Napisao\/la\" \/>\n\t<meta name=\"twitter:data1\" content=\"K. J.\" \/>\n\t<meta name=\"twitter:label2\" content=\"Procijenjeno vrijeme \u010ditanja\" \/>\n\t<meta name=\"twitter:data2\" content=\"1 minuta\" \/>\n<script type=\"application\/ld+json\" class=\"yoast-schema-graph\">{\"@context\":\"https:\/\/schema.org\",\"@graph\":[{\"@type\":\"WebPage\",\"@id\":\"https:\/\/likemetkovic.hr\/portal\/vrijeme-za-vikend-danas-stize-znacajna-promjena-vremena\/\",\"url\":\"https:\/\/likemetkovic.hr\/portal\/vrijeme-za-vikend-danas-stize-znacajna-promjena-vremena\/\",\"name\":\"VRIJEME ZA VIKEND | Danas sti\u017ee zna\u010dajna promjena vremena - likemetkovic.hr\",\"isPartOf\":{\"@id\":\"https:\/\/likemetkovic.hr\/#website\"},\"primaryImageOfPage\":{\"@id\":\"https:\/\/likemetkovic.hr\/portal\/vrijeme-za-vikend-danas-stize-znacajna-promjena-vremena\/#primaryimage\"},\"image\":{\"@id\":\"https:\/\/likemetkovic.hr\/portal\/vrijeme-za-vikend-danas-stize-znacajna-promjena-vremena\/#primaryimage\"},\"thumbnailUrl\":\"https:\/\/likemetkovic.hr\/portal\/wp-content\/uploads\/2020\/12\/riva-oblacno-kisa.jpg\",\"datePublished\":\"2022-11-04T06:53:49+00:00\",\"dateModified\":\"2022-11-04T06:54:05+00:00\",\"author\":{\"@id\":\"https:\/\/likemetkovic.hr\/#\/schema\/person\/0a8b4ebfdfe1ff01192dccda40c5da0c\"},\"breadcrumb\":{\"@id\":\"https:\/\/likemetkovic.hr\/portal\/vrijeme-za-vikend-danas-stize-znacajna-promjena-vremena\/#breadcrumb\"},\"inLanguage\":\"hr\",\"potentialAction\":[{\"@type\":\"ReadAction\",\"target\":[\"https:\/\/likemetkovic.hr\/portal\/vrijeme-za-vikend-danas-stize-znacajna-promjena-vremena\/\"]}]},{\"@type\":\"ImageObject\",\"inLanguage\":\"hr\",\"@id\":\"https:\/\/likemetkovic.hr\/portal\/vrijeme-za-vikend-danas-stize-znacajna-promjena-vremena\/#primaryimage\",\"url\":\"https:\/\/likemetkovic.hr\/portal\/wp-content\/uploads\/2020\/12\/riva-oblacno-kisa.jpg\",\"contentUrl\":\"https:\/\/likemetkovic.hr\/portal\/wp-content\/uploads\/2020\/12\/riva-oblacno-kisa.jpg\",\"width\":800,\"height\":450},{\"@type\":\"BreadcrumbList\",\"@id\":\"https:\/\/likemetkovic.hr\/portal\/vrijeme-za-vikend-danas-stize-znacajna-promjena-vremena\/#breadcrumb\",\"itemListElement\":[{\"@type\":\"ListItem\",\"position\":1,\"name\":\"Po\u010detna stranica\",\"item\":\"https:\/\/likemetkovic.hr\/portal\/\"},{\"@type\":\"ListItem\",\"position\":2,\"name\":\"VRIJEME ZA VIKEND | Danas sti\u017ee zna\u010dajna promjena vremena\"}]},{\"@type\":\"WebSite\",\"@id\":\"https:\/\/likemetkovic.hr\/#website\",\"url\":\"https:\/\/likemetkovic.hr\/\",\"name\":\"likemetkovic.hr\",\"description\":\"Misli pozitivno... \u010ditaj LIKE\",\"potentialAction\":[{\"@type\":\"SearchAction\",\"target\":{\"@type\":\"EntryPoint\",\"urlTemplate\":\"https:\/\/likemetkovic.hr\/?s={search_term_string}\"},\"query-input\":{\"@type\":\"PropertyValueSpecification\",\"valueRequired\":true,\"valueName\":\"search_term_string\"}}],\"inLanguage\":\"hr\"},{\"@type\":\"Person\",\"@id\":\"https:\/\/likemetkovic.hr\/#\/schema\/person\/0a8b4ebfdfe1ff01192dccda40c5da0c\",\"name\":\"K. J.\",\"url\":\"https:\/\/likemetkovic.hr\/portal\/author\/likemetkovic\/\"}]}<\/script>\n<!-- \/ Yoast SEO plugin. -->","yoast_head_json":{"title":"VRIJEME ZA VIKEND | Danas sti\u017ee zna\u010dajna promjena vremena - likemetkovic.hr","robots":{"index":"index","follow":"follow","max-snippet":"max-snippet:-1","max-image-preview":"max-image-preview:large","max-video-preview":"max-video-preview:-1"},"canonical":"https:\/\/likemetkovic.hr\/portal\/vrijeme-za-vikend-danas-stize-znacajna-promjena-vremena\/","og_locale":"hr_HR","og_type":"article","og_title":"VRIJEME ZA VIKEND | Danas sti\u017ee zna\u010dajna promjena vremena - likemetkovic.hr","og_description":"Naobla\u010denje s ki\u0161om te pljuskovima i grmljavinom sa zapada do kraja dana pro\u0161irit \u0107e se na cijelu Hrvatsku, poru\u010duju jutros iz\u00a0Dr\u017eavnog hidrometeorolo\u0161kog zavoda (DHMZ). Na sjevernom Jadranu i u gorju ve\u0107 od jutra mjestimice je ki\u0161a obilna te su lokalno izra\u017eeni pljuskovi s grmljavinom, a u Dalmaciji \u0107e biti u drugom dijelu dana, osobito u [&hellip;]","og_url":"https:\/\/likemetkovic.hr\/portal\/vrijeme-za-vikend-danas-stize-znacajna-promjena-vremena\/","og_site_name":"likemetkovic.hr","article_publisher":"https:\/\/www.facebook.com\/likemetkovic.hr\/","article_published_time":"2022-11-04T06:53:49+00:00","article_modified_time":"2022-11-04T06:54:05+00:00","og_image":[{"width":800,"height":450,"url":"https:\/\/likemetkovic.hr\/portal\/wp-content\/uploads\/2020\/12\/riva-oblacno-kisa.jpg","type":"image\/jpeg"}],"author":"K. J.","twitter_card":"summary_large_image","twitter_misc":{"Napisao\/la":"K. J.","Procijenjeno vrijeme \u010ditanja":"1 minuta"},"schema":{"@context":"https:\/\/schema.org","@graph":[{"@type":"WebPage","@id":"https:\/\/likemetkovic.hr\/portal\/vrijeme-za-vikend-danas-stize-znacajna-promjena-vremena\/","url":"https:\/\/likemetkovic.hr\/portal\/vrijeme-za-vikend-danas-stize-znacajna-promjena-vremena\/","name":"VRIJEME ZA VIKEND | Danas sti\u017ee zna\u010dajna promjena vremena - likemetkovic.hr","isPartOf":{"@id":"https:\/\/likemetkovic.hr\/#website"},"primaryImageOfPage":{"@id":"https:\/\/likemetkovic.hr\/portal\/vrijeme-za-vikend-danas-stize-znacajna-promjena-vremena\/#primaryimage"},"image":{"@id":"https:\/\/likemetkovic.hr\/portal\/vrijeme-za-vikend-danas-stize-znacajna-promjena-vremena\/#primaryimage"},"thumbnailUrl":"https:\/\/likemetkovic.hr\/portal\/wp-content\/uploads\/2020\/12\/riva-oblacno-kisa.jpg","datePublished":"2022-11-04T06:53:49+00:00","dateModified":"2022-11-04T06:54:05+00:00","author":{"@id":"https:\/\/likemetkovic.hr\/#\/schema\/person\/0a8b4ebfdfe1ff01192dccda40c5da0c"},"breadcrumb":{"@id":"https:\/\/likemetkovic.hr\/portal\/vrijeme-za-vikend-danas-stize-znacajna-promjena-vremena\/#breadcrumb"},"inLanguage":"hr","potentialAction":[{"@type":"ReadAction","target":["https:\/\/likemetkovic.hr\/portal\/vrijeme-za-vikend-danas-stize-znacajna-promjena-vremena\/"]}]},{"@type":"ImageObject","inLanguage":"hr","@id":"https:\/\/likemetkovic.hr\/portal\/vrijeme-za-vikend-danas-stize-znacajna-promjena-vremena\/#primaryimage","url":"https:\/\/likemetkovic.hr\/portal\/wp-content\/uploads\/2020\/12\/riva-oblacno-kisa.jpg","contentUrl":"https:\/\/likemetkovic.hr\/portal\/wp-content\/uploads\/2020\/12\/riva-oblacno-kisa.jpg","width":800,"height":450},{"@type":"BreadcrumbList","@id":"https:\/\/likemetkovic.hr\/portal\/vrijeme-za-vikend-danas-stize-znacajna-promjena-vremena\/#breadcrumb","itemListElement":[{"@type":"ListItem","position":1,"name":"Po\u010detna stranica","item":"https:\/\/likemetkovic.hr\/portal\/"},{"@type":"ListItem","position":2,"name":"VRIJEME ZA VIKEND | Danas sti\u017ee zna\u010dajna promjena vremena"}]},{"@type":"WebSite","@id":"https:\/\/likemetkovic.hr\/#website","url":"https:\/\/likemetkovic.hr\/","name":"likemetkovic.hr","description":"Misli pozitivno... \u010ditaj LIKE","potentialAction":[{"@type":"SearchAction","target":{"@type":"EntryPoint","urlTemplate":"https:\/\/likemetkovic.hr\/?s={search_term_string}"},"query-input":{"@type":"PropertyValueSpecification","valueRequired":true,"valueName":"search_term_string"}}],"inLanguage":"hr"},{"@type":"Person","@id":"https:\/\/likemetkovic.hr\/#\/schema\/person\/0a8b4ebfdfe1ff01192dccda40c5da0c","name":"K. J.","url":"https:\/\/likemetkovic.hr\/portal\/author\/likemetkovic\/"}]}},"_links":{"self":[{"href":"https:\/\/likemetkovic.hr\/portal\/wp-json\/wp\/v2\/posts\/137677","targetHints":{"allow":["GET"]}}],"collection":[{"href":"https:\/\/likemetkovic.hr\/portal\/wp-json\/wp\/v2\/posts"}],"about":[{"href":"https:\/\/likemetkovic.hr\/portal\/wp-json\/wp\/v2\/types\/post"}],"author":[{"embeddable":true,"href":"https:\/\/likemetkovic.hr\/portal\/wp-json\/wp\/v2\/users\/9"}],"replies":[{"embeddable":true,"href":"https:\/\/likemetkovic.hr\/portal\/wp-json\/wp\/v2\/comments?post=137677"}],"version-history":[{"count":2,"href":"https:\/\/likemetkovic.hr\/portal\/wp-json\/wp\/v2\/posts\/137677\/revisions"}],"predecessor-version":[{"id":137679,"href":"https:\/\/likemetkovic.hr\/portal\/wp-json\/wp\/v2\/posts\/137677\/revisions\/137679"}],"wp:featuredmedia":[{"embeddable":true,"href":"https:\/\/likemetkovic.hr\/portal\/wp-json\/wp\/v2\/media\/111839"}],"wp:attachment":[{"href":"https:\/\/likemetkovic.hr\/portal\/wp-json\/wp\/v2\/media?parent=137677"}],"wp:term":[{"taxonomy":"category","embeddable":true,"href":"https:\/\/likemetkovic.hr\/portal\/wp-json\/wp\/v2\/categories?post=137677"},{"taxonomy":"post_tag","embeddable":true,"href":"https:\/\/likemetkovic.hr\/portal\/wp-json\/wp\/v2\/tags?post=137677"}],"curies":[{"name":"wp","href":"https:\/\/api.w.org\/{rel}","templated":true}]}}