{"id":137926,"date":"2022-11-14T09:23:41","date_gmt":"2022-11-14T08:23:41","guid":{"rendered":"https:\/\/likemetkovic.hr\/portal\/?p=137926"},"modified":"2022-11-14T09:23:58","modified_gmt":"2022-11-14T08:23:58","slug":"evo-kakvo-nas-vrijeme-ocekuje-u-novom-tjednu","status":"publish","type":"post","link":"https:\/\/likemetkovic.hr\/portal\/evo-kakvo-nas-vrijeme-ocekuje-u-novom-tjednu\/","title":{"rendered":"Evo kakvo nas vrijeme o\u010dekuje u ovom tjednu&#8230;"},"content":{"rendered":"<p>Ovaj tjedan donosi nastavak vrlo nestabilnog vremena. To zna\u010di da \u0107e se u cijelom tjednu izmjenjivati sun\u010dana i obla\u010dna razdoblja. Iako \u0107e temperature zraka biti ni\u017ee u odnosu na prethodni tjedan, pravog zahla\u0111enja nema na vidiku, pi\u0161e <a href=\"https:\/\/www.dalmacijadanas.hr\/preko-jadrana-se-premjesta-naopaka-ciklona-evo-kakvo-nas-vrijeme-oceuje-u-novom-tjednu\/?fbclid=IwAR1LQrZQ690kvDRkTdlWFEKstHVv42ZPmb8AnAgtvW0DgQcIYYO1EwyKQT4\">Dalmacija danas<\/a>.<\/p>\n<p><strong>U ponedjeljak<\/strong> \u0107e biti prete\u017eno obla\u010dno, povremeno uz ki\u0161u, ponegdje na moru i pljuskove s grmljavinom. Puhat \u0107e umjereno, tek ponegdje na moru poja\u010dano jugo. Minimalne jutarnje temperature zraka u Zagori od 3 do 8 C, uz obalu i na otocima od 9 do 14\u00baC. Najvi\u0161e dnevne temperature od 15 do 21 C.<\/p>\n<p><strong>U utorak<\/strong>\u00a0djelomi\u010dno sun\u010dano i ve\u0107inom suho. Malo ki\u0161e mogu\u0107e je jo\u0161 u no\u0107i. Puhat \u0107e slab vjetar promjenjiva smjera. Jutarnje temperare u manjem padu, najvi\u0161e dnevne ve\u0107inom do 16 do 21\u00baC.<\/p>\n<p><strong>Srijeda<\/strong>\u00a0donosi novo ja\u010de naobla\u010denje, povremeno uz ki\u0161u koja bi trebala biti \u010de\u0161\u0107a u drugom dijelu dana. Puhat \u0107e umjereno do jako jugo. Jutro ponovno malo toplije, najvi\u0161e dnevne temperature od 15 do 20\u00baC.<\/p>\n<p>Malo ki\u0161e u<strong>\u00a0\u010detvrtak<\/strong>\u00a0mogu\u0107e jo\u0161 po\u010detkom dana, a potom nas o\u010dekuje djelomi\u010dno sun\u010dano i suho vrijeme. Zapuhat \u0107e slaba bura i bit \u0107e malo toplije.<\/p>\n<p><strong>U petak<\/strong>\u00a0ponovno promjenjivije. Vi\u0161e suhog vremena po\u010detkom dana potom sve obla\u010dnije, povremeno uz ki\u0161e. Zapuhat \u0107e umjereno jugo. Najvi\u0161e dnevne temperature od 15 do 20\u00baC.<\/p>\n<p>Dana\u0161nji prognosti\u010dki modeli ukazuju na mogu\u0107nost nestabilnog<strong>\u00a0vikenda.<\/strong>\u00a0Pri tome bi subota mogla biti ki\u0161ovitija u odnosu na nedjelju. U subotu jo\u0161 toplo, a u nedjelju manje osvje\u017eenje uz postupno okretanje vjetra s juga na zapadne smjerove.<\/p>\n","protected":false},"excerpt":{"rendered":"<p>Ovaj tjedan donosi nastavak vrlo nestabilnog vremena. To zna\u010di da \u0107e se u cijelom tjednu izmjenjivati sun\u010dana i obla\u010dna razdoblja. Iako \u0107e temperature zraka biti ni\u017ee u odnosu na prethodni tjedan, pravog zahla\u0111enja nema na vidiku, pi\u0161e Dalmacija danas. U ponedjeljak \u0107e biti prete\u017eno obla\u010dno, povremeno uz ki\u0161u, ponegdje na moru i pljuskove s grmljavinom. [&hellip;]<\/p>\n","protected":false},"author":9,"featured_media":92234,"comment_status":"open","ping_status":"open","sticky":false,"template":"","format":"standard","meta":{"footnotes":""},"categories":[296,1027],"tags":[365],"class_list":{"0":"post-137926","1":"post","2":"type-post","3":"status-publish","4":"format-standard","5":"has-post-thumbnail","7":"category-ab","8":"category-hrvatska","9":"tag-vremenska-prognoza"},"yoast_head":"<!-- This site is optimized with the Yoast SEO plugin v25.2 - https:\/\/yoast.com\/wordpress\/plugins\/seo\/ -->\n<title>Evo kakvo nas vrijeme o\u010dekuje u ovom tjednu... - likemetkovic.hr<\/title>\n<meta name=\"robots\" content=\"index, follow, max-snippet:-1, max-image-preview:large, max-video-preview:-1\" \/>\n<link rel=\"canonical\" href=\"https:\/\/likemetkovic.hr\/portal\/evo-kakvo-nas-vrijeme-ocekuje-u-novom-tjednu\/\" \/>\n<meta property=\"og:locale\" content=\"hr_HR\" \/>\n<meta property=\"og:type\" content=\"article\" \/>\n<meta property=\"og:title\" content=\"Evo kakvo nas vrijeme o\u010dekuje u ovom tjednu... - likemetkovic.hr\" \/>\n<meta property=\"og:description\" content=\"Ovaj tjedan donosi nastavak vrlo nestabilnog vremena. To zna\u010di da \u0107e se u cijelom tjednu izmjenjivati sun\u010dana i obla\u010dna razdoblja. Iako \u0107e temperature zraka biti ni\u017ee u odnosu na prethodni tjedan, pravog zahla\u0111enja nema na vidiku, pi\u0161e Dalmacija danas. U ponedjeljak \u0107e biti prete\u017eno obla\u010dno, povremeno uz ki\u0161u, ponegdje na moru i pljuskove s grmljavinom. [&hellip;]\" \/>\n<meta property=\"og:url\" content=\"https:\/\/likemetkovic.hr\/portal\/evo-kakvo-nas-vrijeme-ocekuje-u-novom-tjednu\/\" \/>\n<meta property=\"og:site_name\" content=\"likemetkovic.hr\" \/>\n<meta property=\"article:publisher\" content=\"https:\/\/www.facebook.com\/likemetkovic.hr\/\" \/>\n<meta property=\"article:published_time\" content=\"2022-11-14T08:23:41+00:00\" \/>\n<meta property=\"article:modified_time\" content=\"2022-11-14T08:23:58+00:00\" \/>\n<meta property=\"og:image\" content=\"https:\/\/likemetkovic.hr\/portal\/wp-content\/uploads\/2019\/11\/20191109jesen-ki\u0161a-neretva.jpg\" \/>\n\t<meta property=\"og:image:width\" content=\"800\" \/>\n\t<meta property=\"og:image:height\" content=\"533\" \/>\n\t<meta property=\"og:image:type\" content=\"image\/jpeg\" \/>\n<meta name=\"author\" content=\"K. J.\" \/>\n<meta name=\"twitter:card\" content=\"summary_large_image\" \/>\n<meta name=\"twitter:label1\" content=\"Napisao\/la\" \/>\n\t<meta name=\"twitter:data1\" content=\"K. J.\" \/>\n\t<meta name=\"twitter:label2\" content=\"Procijenjeno vrijeme \u010ditanja\" \/>\n\t<meta name=\"twitter:data2\" content=\"2 minute\" \/>\n<script type=\"application\/ld+json\" class=\"yoast-schema-graph\">{\"@context\":\"https:\/\/schema.org\",\"@graph\":[{\"@type\":\"WebPage\",\"@id\":\"https:\/\/likemetkovic.hr\/portal\/evo-kakvo-nas-vrijeme-ocekuje-u-novom-tjednu\/\",\"url\":\"https:\/\/likemetkovic.hr\/portal\/evo-kakvo-nas-vrijeme-ocekuje-u-novom-tjednu\/\",\"name\":\"Evo kakvo nas vrijeme o\u010dekuje u ovom tjednu... - likemetkovic.hr\",\"isPartOf\":{\"@id\":\"https:\/\/likemetkovic.hr\/#website\"},\"primaryImageOfPage\":{\"@id\":\"https:\/\/likemetkovic.hr\/portal\/evo-kakvo-nas-vrijeme-ocekuje-u-novom-tjednu\/#primaryimage\"},\"image\":{\"@id\":\"https:\/\/likemetkovic.hr\/portal\/evo-kakvo-nas-vrijeme-ocekuje-u-novom-tjednu\/#primaryimage\"},\"thumbnailUrl\":\"https:\/\/likemetkovic.hr\/portal\/wp-content\/uploads\/2019\/11\/20191109jesen-ki\u0161a-neretva.jpg\",\"datePublished\":\"2022-11-14T08:23:41+00:00\",\"dateModified\":\"2022-11-14T08:23:58+00:00\",\"author\":{\"@id\":\"https:\/\/likemetkovic.hr\/#\/schema\/person\/0a8b4ebfdfe1ff01192dccda40c5da0c\"},\"breadcrumb\":{\"@id\":\"https:\/\/likemetkovic.hr\/portal\/evo-kakvo-nas-vrijeme-ocekuje-u-novom-tjednu\/#breadcrumb\"},\"inLanguage\":\"hr\",\"potentialAction\":[{\"@type\":\"ReadAction\",\"target\":[\"https:\/\/likemetkovic.hr\/portal\/evo-kakvo-nas-vrijeme-ocekuje-u-novom-tjednu\/\"]}]},{\"@type\":\"ImageObject\",\"inLanguage\":\"hr\",\"@id\":\"https:\/\/likemetkovic.hr\/portal\/evo-kakvo-nas-vrijeme-ocekuje-u-novom-tjednu\/#primaryimage\",\"url\":\"https:\/\/likemetkovic.hr\/portal\/wp-content\/uploads\/2019\/11\/20191109jesen-ki\u0161a-neretva.jpg\",\"contentUrl\":\"https:\/\/likemetkovic.hr\/portal\/wp-content\/uploads\/2019\/11\/20191109jesen-ki\u0161a-neretva.jpg\",\"width\":800,\"height\":533,\"caption\":\"ki\u0161a neretva jesen\"},{\"@type\":\"BreadcrumbList\",\"@id\":\"https:\/\/likemetkovic.hr\/portal\/evo-kakvo-nas-vrijeme-ocekuje-u-novom-tjednu\/#breadcrumb\",\"itemListElement\":[{\"@type\":\"ListItem\",\"position\":1,\"name\":\"Po\u010detna stranica\",\"item\":\"https:\/\/likemetkovic.hr\/portal\/\"},{\"@type\":\"ListItem\",\"position\":2,\"name\":\"Evo kakvo nas vrijeme o\u010dekuje u ovom tjednu&#8230;\"}]},{\"@type\":\"WebSite\",\"@id\":\"https:\/\/likemetkovic.hr\/#website\",\"url\":\"https:\/\/likemetkovic.hr\/\",\"name\":\"likemetkovic.hr\",\"description\":\"Misli pozitivno... \u010ditaj LIKE\",\"potentialAction\":[{\"@type\":\"SearchAction\",\"target\":{\"@type\":\"EntryPoint\",\"urlTemplate\":\"https:\/\/likemetkovic.hr\/?s={search_term_string}\"},\"query-input\":{\"@type\":\"PropertyValueSpecification\",\"valueRequired\":true,\"valueName\":\"search_term_string\"}}],\"inLanguage\":\"hr\"},{\"@type\":\"Person\",\"@id\":\"https:\/\/likemetkovic.hr\/#\/schema\/person\/0a8b4ebfdfe1ff01192dccda40c5da0c\",\"name\":\"K. J.\",\"url\":\"https:\/\/likemetkovic.hr\/portal\/author\/likemetkovic\/\"}]}<\/script>\n<!-- \/ Yoast SEO plugin. -->","yoast_head_json":{"title":"Evo kakvo nas vrijeme o\u010dekuje u ovom tjednu... - likemetkovic.hr","robots":{"index":"index","follow":"follow","max-snippet":"max-snippet:-1","max-image-preview":"max-image-preview:large","max-video-preview":"max-video-preview:-1"},"canonical":"https:\/\/likemetkovic.hr\/portal\/evo-kakvo-nas-vrijeme-ocekuje-u-novom-tjednu\/","og_locale":"hr_HR","og_type":"article","og_title":"Evo kakvo nas vrijeme o\u010dekuje u ovom tjednu... - likemetkovic.hr","og_description":"Ovaj tjedan donosi nastavak vrlo nestabilnog vremena. To zna\u010di da \u0107e se u cijelom tjednu izmjenjivati sun\u010dana i obla\u010dna razdoblja. Iako \u0107e temperature zraka biti ni\u017ee u odnosu na prethodni tjedan, pravog zahla\u0111enja nema na vidiku, pi\u0161e Dalmacija danas. U ponedjeljak \u0107e biti prete\u017eno obla\u010dno, povremeno uz ki\u0161u, ponegdje na moru i pljuskove s grmljavinom. [&hellip;]","og_url":"https:\/\/likemetkovic.hr\/portal\/evo-kakvo-nas-vrijeme-ocekuje-u-novom-tjednu\/","og_site_name":"likemetkovic.hr","article_publisher":"https:\/\/www.facebook.com\/likemetkovic.hr\/","article_published_time":"2022-11-14T08:23:41+00:00","article_modified_time":"2022-11-14T08:23:58+00:00","og_image":[{"width":800,"height":533,"url":"https:\/\/likemetkovic.hr\/portal\/wp-content\/uploads\/2019\/11\/20191109jesen-ki\u0161a-neretva.jpg","type":"image\/jpeg"}],"author":"K. J.","twitter_card":"summary_large_image","twitter_misc":{"Napisao\/la":"K. J.","Procijenjeno vrijeme \u010ditanja":"2 minute"},"schema":{"@context":"https:\/\/schema.org","@graph":[{"@type":"WebPage","@id":"https:\/\/likemetkovic.hr\/portal\/evo-kakvo-nas-vrijeme-ocekuje-u-novom-tjednu\/","url":"https:\/\/likemetkovic.hr\/portal\/evo-kakvo-nas-vrijeme-ocekuje-u-novom-tjednu\/","name":"Evo kakvo nas vrijeme o\u010dekuje u ovom tjednu... - likemetkovic.hr","isPartOf":{"@id":"https:\/\/likemetkovic.hr\/#website"},"primaryImageOfPage":{"@id":"https:\/\/likemetkovic.hr\/portal\/evo-kakvo-nas-vrijeme-ocekuje-u-novom-tjednu\/#primaryimage"},"image":{"@id":"https:\/\/likemetkovic.hr\/portal\/evo-kakvo-nas-vrijeme-ocekuje-u-novom-tjednu\/#primaryimage"},"thumbnailUrl":"https:\/\/likemetkovic.hr\/portal\/wp-content\/uploads\/2019\/11\/20191109jesen-ki\u0161a-neretva.jpg","datePublished":"2022-11-14T08:23:41+00:00","dateModified":"2022-11-14T08:23:58+00:00","author":{"@id":"https:\/\/likemetkovic.hr\/#\/schema\/person\/0a8b4ebfdfe1ff01192dccda40c5da0c"},"breadcrumb":{"@id":"https:\/\/likemetkovic.hr\/portal\/evo-kakvo-nas-vrijeme-ocekuje-u-novom-tjednu\/#breadcrumb"},"inLanguage":"hr","potentialAction":[{"@type":"ReadAction","target":["https:\/\/likemetkovic.hr\/portal\/evo-kakvo-nas-vrijeme-ocekuje-u-novom-tjednu\/"]}]},{"@type":"ImageObject","inLanguage":"hr","@id":"https:\/\/likemetkovic.hr\/portal\/evo-kakvo-nas-vrijeme-ocekuje-u-novom-tjednu\/#primaryimage","url":"https:\/\/likemetkovic.hr\/portal\/wp-content\/uploads\/2019\/11\/20191109jesen-ki\u0161a-neretva.jpg","contentUrl":"https:\/\/likemetkovic.hr\/portal\/wp-content\/uploads\/2019\/11\/20191109jesen-ki\u0161a-neretva.jpg","width":800,"height":533,"caption":"ki\u0161a neretva jesen"},{"@type":"BreadcrumbList","@id":"https:\/\/likemetkovic.hr\/portal\/evo-kakvo-nas-vrijeme-ocekuje-u-novom-tjednu\/#breadcrumb","itemListElement":[{"@type":"ListItem","position":1,"name":"Po\u010detna stranica","item":"https:\/\/likemetkovic.hr\/portal\/"},{"@type":"ListItem","position":2,"name":"Evo kakvo nas vrijeme o\u010dekuje u ovom tjednu&#8230;"}]},{"@type":"WebSite","@id":"https:\/\/likemetkovic.hr\/#website","url":"https:\/\/likemetkovic.hr\/","name":"likemetkovic.hr","description":"Misli pozitivno... \u010ditaj LIKE","potentialAction":[{"@type":"SearchAction","target":{"@type":"EntryPoint","urlTemplate":"https:\/\/likemetkovic.hr\/?s={search_term_string}"},"query-input":{"@type":"PropertyValueSpecification","valueRequired":true,"valueName":"search_term_string"}}],"inLanguage":"hr"},{"@type":"Person","@id":"https:\/\/likemetkovic.hr\/#\/schema\/person\/0a8b4ebfdfe1ff01192dccda40c5da0c","name":"K. J.","url":"https:\/\/likemetkovic.hr\/portal\/author\/likemetkovic\/"}]}},"_links":{"self":[{"href":"https:\/\/likemetkovic.hr\/portal\/wp-json\/wp\/v2\/posts\/137926","targetHints":{"allow":["GET"]}}],"collection":[{"href":"https:\/\/likemetkovic.hr\/portal\/wp-json\/wp\/v2\/posts"}],"about":[{"href":"https:\/\/likemetkovic.hr\/portal\/wp-json\/wp\/v2\/types\/post"}],"author":[{"embeddable":true,"href":"https:\/\/likemetkovic.hr\/portal\/wp-json\/wp\/v2\/users\/9"}],"replies":[{"embeddable":true,"href":"https:\/\/likemetkovic.hr\/portal\/wp-json\/wp\/v2\/comments?post=137926"}],"version-history":[{"count":2,"href":"https:\/\/likemetkovic.hr\/portal\/wp-json\/wp\/v2\/posts\/137926\/revisions"}],"predecessor-version":[{"id":137928,"href":"https:\/\/likemetkovic.hr\/portal\/wp-json\/wp\/v2\/posts\/137926\/revisions\/137928"}],"wp:featuredmedia":[{"embeddable":true,"href":"https:\/\/likemetkovic.hr\/portal\/wp-json\/wp\/v2\/media\/92234"}],"wp:attachment":[{"href":"https:\/\/likemetkovic.hr\/portal\/wp-json\/wp\/v2\/media?parent=137926"}],"wp:term":[{"taxonomy":"category","embeddable":true,"href":"https:\/\/likemetkovic.hr\/portal\/wp-json\/wp\/v2\/categories?post=137926"},{"taxonomy":"post_tag","embeddable":true,"href":"https:\/\/likemetkovic.hr\/portal\/wp-json\/wp\/v2\/tags?post=137926"}],"curies":[{"name":"wp","href":"https:\/\/api.w.org\/{rel}","templated":true}]}}