{"id":137972,"date":"2022-11-16T11:22:13","date_gmt":"2022-11-16T10:22:13","guid":{"rendered":"https:\/\/likemetkovic.hr\/portal\/?p=137972"},"modified":"2022-11-16T11:22:36","modified_gmt":"2022-11-16T10:22:36","slug":"zapocela-obaveza-koristenja-zimske-opreme-na-cestama","status":"publish","type":"post","link":"https:\/\/likemetkovic.hr\/portal\/zapocela-obaveza-koristenja-zimske-opreme-na-cestama\/","title":{"rendered":"Zapo\u010dela obaveza kori\u0161tenja zimske opreme na cestama"},"content":{"rendered":"<p>Na podru\u010dju Policijske uprave dubrova\u010dko-neretvanske <strong>nema cesta obuhva\u0107enih<\/strong> Odlukom o obveznoj uporabi zimske opreme na zimskim dionicama javnih cesta u RH, ali <strong>ako nastupe uvjeti<\/strong> zbog kojih \u0107e kolnik ceste biti prekriven snijegom ili poledicom, zimska oprema vozila je obavezna i na na\u0161em podru\u010dju&#8230;<\/p>\n<p>U narednom razdoblju o\u010dekuje nas promjenjivo vrijeme, pra\u0107eno ki\u0161om, vjetrom i maglom.\u00a0Upravljanje vozilima u takvim je uvjetima ote\u017eano pa se voza\u010dima preporu\u010duje dodatni oprez jer se tada pove\u0107ava i opasnost od prometnih nesre\u0107a.<\/p>\n<p>Obvezna uporaba zimske opreme odnosi se na dionice autocesta i ve\u0107ine dr\u017eavnih cesta koje se nalaze u kontinentalnom dijelu Republike Hrvatske za sve vrste motornih vozila, bez obzira na vremenske uvjete i stanje kolnika, izuzev vozila oru\u017eanih snaga RH<\/p>\n<h4>Zimski uvjeti i zimska oprema vozila<\/h4>\n<p>Zimski uvjeti na cestama definirani su \u010dlankom 193. Zakona o sigurnosti prometa na cestama kao uvjeti koji nastaju kada je<strong>\u00a0kolnik prekriven snijegom ili kada je na kolniku poledica.<\/strong><br \/>\nZa vrijeme zimskih uvjeta na cestama\u00a0<strong>zabranjuje se promet motornim vozilima koja nemaju propisanu zimsku opremu i teretnim automobilima sa priklju\u010dnim vozilom<\/strong><em>.<\/em><\/p>\n<p>Za pravnu ili fizi\u010dku osobu &#8211; obrtnika ako naredi ili dopusti da se u prometu na cestama koristi vozilo koje nema propisanu zimsku opremu ili teretni automobil s priklju\u010dnim vozilom predvi\u0111ena je, kao sankcija, nov\u010dana kazna u iznosu od 5000 do 15.000 kuna.<\/p>\n<p>Za isti prekr\u0161aj, ukoliko ga po\u010dini odgovorna osoba u pravnoj osobi i tijelu dr\u017eavne vlasti ili tijelu jedinica lokalne i podru\u010dne (regionalne) samouprave, predvi\u0111ena je nov\u010dana kazna u iznosu od 1500 do 5000 kuna.<\/p>\n<p>Za voza\u010da koji u vrijeme nastupa zimskih uvjeta na cestama upravlja vozilom bez zimske opreme ili upravlja teretnim automobilom s priklju\u010dnim vozilom predvi\u0111ena je nov\u010dana kazna u iznosu od 1000 kuna.<\/p>\n<p>\u010clankom 193. Zakona o sigurnosti prometa na cestama <strong>voza\u010di motornih vozila su obvezni prije uklju\u010divanja u promet o\u010distiti zale\u0111ena vjetrobranska stakla i snijeg, led ili vodu na vozilu.\u00a0<\/strong>Za voza\u010da koji svoje motorno vozilo nije o\u010distio od snijega, leda i\/ili vode predvi\u0111ena je nov\u010dana kazna u iznosu od 1000 kuna.<\/p>\n<p>Zimska oprema definirana je \u010dlankom\u00a0 104. Pravilnika o tehni\u010dkim uvjetima vozila u prometu na cesti (NN 85\/16, 24\/17, 70\/19 i 60\/20). <strong>Pod zimskom opremom motornih vozila kategorije M i N \u010dija najve\u0107a dopu\u0161tena masa nije ve\u0107a od 3,5 tona, smatraju se zimski pneumatici (M+S) na svim kota\u010dima ili ljetni pneumatici s najmanjom dubinom profila od 4 mm i s lancima za snijeg koji se postavljaju na pogonske kota\u010de<\/strong>.<\/p>\n<p>Pod zimskom opremom motornih vozila M i N kategorije \u010dija je najve\u0107a dopu\u0161tena masa ve\u0107a od 3,5 t, smatraju se lanci ili zimski pneumatici (M+S) postavljeni na pogonske kota\u010de, a vozila kategorije M i N \u010dija je najve\u0107a dopu\u0161tena masa ve\u0107a od 3,5 t koja ne mogu postaviti lance na pogonske kota\u010de moraju imati zimske pneumatike (M+S) na pogonskim kota\u010dima. Na vozila se ne smiju postavljati pneumatici s \u010davlima.<\/p>\n<p>Zimski pneumatik je \u010dlankom 72. Pravilnika o tehni\u010dkim uvjetima vozila u prometu na cesti definiran je kao pneumatik \u010diji su profil, sastav i struktura gaze\u0107eg sloja konstruirani tako da po blatu, zimskim i snje\u017enim uvjetima posti\u017eu bolje rezultate od ostalih cestovnih pneumatika.\u00a0<strong>Zimski pneumatici<\/strong> ozna\u010deni su oznakama\u00a0<strong>M+S, M.S. ili M&amp;S<\/strong>.<\/p>\n<p>Va\u017eno je istaknuti da zimski pneumatici na vozilima moraju odgovarati dimenzijama koje je odobrio proizvo\u0111a\u010d te da se na istoj osovini vozila moraju nalaziti pneumatici jednaki po dimenzijama, obliku \u0161ara gazne povr\u0161ine, nosivosti, brzinskoj karakteristici, konstrukciji (radijalne\/dijagonalne i dr.) i marki\/tipu.<\/p>\n<p>Policijski slu\u017ebenici koji prilikom nadzora prometa zateknu vozilo koje se kre\u0107e cestom na kojoj je kretanje te vrste vozila zabranjeno ili se kre\u0107e bez zimske opreme na dijelu ceste i u vrijeme kada je zimska oprema obvezna, naredit \u0107e voza\u010du da prekine kretanje vozilom ili da nastavi kretanje vozilom na cesti na kojoj je kretanje te vrste vozila dopu\u0161tene odnosno da upotrijebi zimsku opremu.<\/p>\n<p>Ukoliko voza\u010d ne postupi sukladno naredbi policijskog slu\u017ebenika, vozilo \u0107e biti isklju\u010deno iz daljnjeg prometovanja tako dugo dok se na vozilo ne postavi zimska oprema. Prilikom isklju\u010denja ovakvog vozila iz prometa, policijski slu\u017ebenik \u0107e privremeno oduzeti registarske plo\u010dice, koje \u0107e se vratiti kada se re\u010deni nedostatak otkloni. Ukoliko se u prometu zatekne teretni automobil s priklju\u010dnim vozilom, policijski slu\u017ebenik \u0107e narediti voza\u010du da prekine kretanje vozilom i isklju\u010diti ga na za to pogodno mjesto, dok se prometnice ne o\u010diste odnosno dok ne prestanu zimski uvjeti na cestama.<\/p>\n<p>Tako\u0111er, na pojedinim dionicama cesta ozna\u010denim prometnim znakom B39 \u201eLanci za snijeg\u201c, obavezno je kori\u0161tenje lanaca za snijeg na pogonskim kota\u010dima kada je kolnik prekriven snijegom. Skre\u0107emo pozornost da je dio ceste na kojem kolnik u odre\u0111enim atmosferskim uvjetima ima sklisku povr\u0161inu ozna\u010den prometnim znakom A10 \u201eSklizak kolnik\u201c, a da je dio ceste na kojem postoji opasnost od neo\u010dekivane pojave poledice ozna\u010den prometnim znakom A11 \u201ePoledica\u201c.<\/p>\n<p><strong>Priprema motornog vozila za zimske uvjete:<\/strong><\/p>\n<ul>\n<li>obaviti pregled vozila kako bi se utvrdilo da li postoje neke nepravilnosti na vozilu koje je potrebno otkloniti (npr. nepravilnosti u radu ko\u010dionog sustava ili upravlja\u010dkog sustava, svjetlosnog sklopa i dr.)<\/li>\n<li>na vozilo staviti zimske pneumatike ili ljetne pneumatike s najmanjom dubinom profila od 4 mm, te u vozilo staviti lance za snijeg koji odgovaraju dimenziji guma<\/li>\n<li>uvje\u017ebati postavljanje lanaca za snijeg na ravnom i suhom prije nego \u0161to ih se mora upotrijebiti prilikom sudjelovanja u prometu<\/li>\n<li>provjeriti stanje akumulatora i po potrebi ga zamijeniti<\/li>\n<li>provjeriti stanje rashladne teku\u0107ine (antifriza) i prohodnost mlaznica za pranje vjetrobranskog stakla<\/li>\n<li>u vozilo staviti kablove za pomo\u0107 pri paljenju vozila<\/li>\n<li>provjeriti stanje brisa\u010da stakala i ukoliko su o\u0161te\u0107eni zamijeniti ih novima, kako bi mogli dobro \u010distiti stakla od snijega i ki\u0161e<\/li>\n<li>u vozilo staviti strugalicu za led, metlicu za \u010di\u0161\u0107enje snijega i sredstvo za odle\u0111ivanje brava i stakala.<\/li>\n<\/ul>\n<p><strong>Savjeti za sigurno sudjelovanje u prometu za vrijeme zimskih uvjeta na cestama:<\/strong><\/p>\n<ul>\n<li>prije po\u010detka vo\u017enje obavezno s vozila (krova, stakala, svjetala i pokaziva\u010da smjera) skinuti sav snijeg, led i vodu kako bi se sprije\u010dilo padanje snijega, leda i vode na vjetrobranska stakla, omogu\u0107ila dobra vidljivost ceste, te osigurala dobra uo\u010dljivost va\u0161eg vozila od strane ostalih sudionika u prometu<\/li>\n<li>smanjiti brzinu kretanja<\/li>\n<li>pove\u0107ati razmak izme\u0111u vozila prilikom vo\u017enje u slijedu<\/li>\n<li>obavezno upaliti dnevna ili kratka svjetla na motornom vozilu<\/li>\n<li>izbjegavati pretjecati vozila ispred vas<\/li>\n<li>izbjegavati iznenadna\/nagla zaustavljanja<\/li>\n<li>pravovremeno uklju\u010diti pokaziva\u010de smjera prilikom skretanja<\/li>\n<li>prilikom vo\u017enje unatrag obavezno uklju\u010diti sva \u010detiri pokaziva\u010da smjera<\/li>\n<li>u slu\u010daju kvara na dovoljnoj udaljenosti postaviti sigurnosni trokut kojim \u0107e se ostali voza\u010di upozoriti ne predstoje\u0107u opasnost na cesti te obu\u0107i reflektiraju\u0107i prsluk<\/li>\n<li>za vrijeme upravljanja vozilom ne koristiti mobitel ni sli\u010dne ure\u0111aje<\/li>\n<li>uvijek koristiti sigurnosti pojas, a djecu prevoziti u dje\u010djim autosjedalicama<\/li>\n<li>obavezno po\u0161tivati prometne znakove, a posebice one koji se odnose na ograni\u010denje brzine kretanja, zabrane pakiranja i zaustavljanja, kori\u0161tenje zimske opreme i koji reguliraju prednost prolaska kroz raskri\u017ejima<\/li>\n<li>u slu\u010daju potrebe na pneumatike postaviti lance za snijeg<\/li>\n<li>ne upravljati vozilom nakon konzumacije alkohola ili drugih opojnih sredstava ili lijekova<\/li>\n<li>ne pretjecati ralice, a prilikom vo\u017enje u slijedu iza ralice\u00a0 dr\u017eati ve\u0107i razmak izme\u0111u ralice i svog vozila kako sipina kojom se cesta posipa ne bi zavr\u0161ila na va\u0161em vozilu<\/li>\n<li>nemojte parkirati vozilo na kolniku kako bi se kolnici mogli odr\u017eavati prohodnima.<\/li>\n<\/ul>\n<p>Nadalje, ne preporu\u010da se upravljanje biciklima i osobnim prijevoznim sredstvima na kolnicima koji su prekriveni ledom i snijegom zbog smanjenja stabilnosti vozila i mogu\u0107ih padova i ozlje\u0111ivanja voza\u010da.<\/p>\n<p>Ukoliko upravljate biciklom ili osobnim prijevoznim sredstvima za vrijeme zimskih uvjeta na cestama uvijek koristite biciklisti\u010dke ili pje\u0161a\u010dko-biciklisti\u010dke staze gdje ih ima. Ukoliko ih nema kre\u0107ite se uz desni rub ceste.<\/p>\n<p>Voza\u010di bicikala i osobnih prijevoznih sredstava trebaju voditi ra\u010duna da upravljaju tehni\u010dki ispravnim vozilima, pri \u010demu poseban naglasak treba staviti na tehni\u010dku ispravnost svjetala na vozilu (bijelo sprijeda, crveno straga) te je preporuka, a za osobna prijevozna sredstva i obveza, no\u0161enje za\u0161titne kacige.<\/p>\n<p>Voza\u010di bicikala i osobnih prijevoznih sredstva su obvezni no\u0107u i u vrijeme smanjen vidljivosti za vrijeme vo\u017enje kolnikom koristiti reflektiraju\u0107e biciklisti\u010dke prsluke ili reflektiraju\u0107u biciklisti\u010dku odje\u0107u ili drugu reflektiraju\u0107u materiju. U\u010destala je praksa kod biciklista da za vrijeme snje\u017enih i ki\u0161nih padalina upravljaju biciklima dr\u017ee\u0107i u ruci ki\u0161obrane. To nije preporu\u010dljivo, a nije niti dozvoljeno, jer smanjuje stabilnost upravljanja vozilom i zaklanja reflektiraju\u0107u odje\u0107u odnosno prsluke, a ujedno je i \u010dest uzrok naleta biciklista na pje\u0161ake i na zaustavljena vozila.<\/p>\n<p>Pje\u0161acima se ovim putem skre\u0107e pozornost na obvezno kori\u0161tenje nogostupa odnosno biciklisti\u010dko-pje\u0161a\u010dkih staza. Ukoliko nema nogostupa, pje\u0161aci se trebaju kretati lijevom stranom ceste jer na taj na\u010din uvijek vide vozilo koje im dolazi u susret i mogu se po potrebi skloniti s kolnika. No\u0107u i u uvjetima smanjene vidljivosti pje\u0161aci moraju biti ozna\u010deni izvornom svjetlosti ili reflektiraju\u0107om materijom.<\/p>\n<p><strong>Vo\u017enja s upaljenim svjetlima od 1. studenoga do 31. o\u017eujka<\/strong><\/p>\n<p>Podsje\u0107amo i na odredbu Zakona o sigurnosti prometa na cestama, kojom je propisano da <strong>za vrijeme vo\u017enje danju, na motornim vozilima, od 1. studenoga do 31. o\u017eujka naredne godine, moraju biti upaljena dnevna ili kratka svjetla.<\/strong><\/p>\n","protected":false},"excerpt":{"rendered":"<p>Na podru\u010dju Policijske uprave dubrova\u010dko-neretvanske nema cesta obuhva\u0107enih Odlukom o obveznoj uporabi zimske opreme na zimskim dionicama javnih cesta u RH, ali ako nastupe uvjeti zbog kojih \u0107e kolnik ceste biti prekriven snijegom ili poledicom, zimska oprema vozila je obavezna i na na\u0161em podru\u010dju&#8230; U narednom razdoblju o\u010dekuje nas promjenjivo vrijeme, pra\u0107eno ki\u0161om, vjetrom i [&hellip;]<\/p>\n","protected":false},"author":9,"featured_media":0,"comment_status":"open","ping_status":"open","sticky":false,"template":"","format":"standard","meta":{"footnotes":""},"categories":[296,1027],"tags":[1850],"class_list":{"0":"post-137972","1":"post","2":"type-post","3":"status-publish","4":"format-standard","6":"category-ab","7":"category-hrvatska","8":"tag-zimska-oprema"},"yoast_head":"<!-- This site is optimized with the Yoast SEO plugin v25.2 - https:\/\/yoast.com\/wordpress\/plugins\/seo\/ -->\n<title>Zapo\u010dela obaveza kori\u0161tenja zimske opreme na cestama - likemetkovic.hr<\/title>\n<meta name=\"robots\" content=\"index, follow, max-snippet:-1, max-image-preview:large, max-video-preview:-1\" \/>\n<link rel=\"canonical\" href=\"https:\/\/likemetkovic.hr\/portal\/zapocela-obaveza-koristenja-zimske-opreme-na-cestama\/\" \/>\n<meta property=\"og:locale\" content=\"hr_HR\" \/>\n<meta property=\"og:type\" content=\"article\" \/>\n<meta property=\"og:title\" content=\"Zapo\u010dela obaveza kori\u0161tenja zimske opreme na cestama - likemetkovic.hr\" \/>\n<meta property=\"og:description\" content=\"Na podru\u010dju Policijske uprave dubrova\u010dko-neretvanske nema cesta obuhva\u0107enih Odlukom o obveznoj uporabi zimske opreme na zimskim dionicama javnih cesta u RH, ali ako nastupe uvjeti zbog kojih \u0107e kolnik ceste biti prekriven snijegom ili poledicom, zimska oprema vozila je obavezna i na na\u0161em podru\u010dju&#8230; U narednom razdoblju o\u010dekuje nas promjenjivo vrijeme, pra\u0107eno ki\u0161om, vjetrom i [&hellip;]\" \/>\n<meta property=\"og:url\" content=\"https:\/\/likemetkovic.hr\/portal\/zapocela-obaveza-koristenja-zimske-opreme-na-cestama\/\" \/>\n<meta property=\"og:site_name\" content=\"likemetkovic.hr\" \/>\n<meta property=\"article:publisher\" content=\"https:\/\/www.facebook.com\/likemetkovic.hr\/\" \/>\n<meta property=\"article:published_time\" content=\"2022-11-16T10:22:13+00:00\" \/>\n<meta property=\"article:modified_time\" content=\"2022-11-16T10:22:36+00:00\" \/>\n<meta property=\"og:image\" content=\"https:\/\/likemetkovic.hr\/portal\/wp-content\/uploads\/2022\/11\/zimski-uvjeti_policija.jpg\" \/>\n\t<meta property=\"og:image:width\" content=\"800\" \/>\n\t<meta property=\"og:image:height\" content=\"533\" \/>\n\t<meta property=\"og:image:type\" content=\"image\/jpeg\" \/>\n<meta name=\"author\" content=\"K. J.\" \/>\n<meta name=\"twitter:card\" content=\"summary_large_image\" \/>\n<meta name=\"twitter:label1\" content=\"Napisao\/la\" \/>\n\t<meta name=\"twitter:data1\" content=\"K. J.\" \/>\n\t<meta name=\"twitter:label2\" content=\"Procijenjeno vrijeme \u010ditanja\" \/>\n\t<meta name=\"twitter:data2\" content=\"8 minuta\" \/>\n<script type=\"application\/ld+json\" class=\"yoast-schema-graph\">{\"@context\":\"https:\/\/schema.org\",\"@graph\":[{\"@type\":\"WebPage\",\"@id\":\"https:\/\/likemetkovic.hr\/portal\/zapocela-obaveza-koristenja-zimske-opreme-na-cestama\/\",\"url\":\"https:\/\/likemetkovic.hr\/portal\/zapocela-obaveza-koristenja-zimske-opreme-na-cestama\/\",\"name\":\"Zapo\u010dela obaveza kori\u0161tenja zimske opreme na cestama - likemetkovic.hr\",\"isPartOf\":{\"@id\":\"https:\/\/likemetkovic.hr\/#website\"},\"datePublished\":\"2022-11-16T10:22:13+00:00\",\"dateModified\":\"2022-11-16T10:22:36+00:00\",\"author\":{\"@id\":\"https:\/\/likemetkovic.hr\/#\/schema\/person\/0a8b4ebfdfe1ff01192dccda40c5da0c\"},\"breadcrumb\":{\"@id\":\"https:\/\/likemetkovic.hr\/portal\/zapocela-obaveza-koristenja-zimske-opreme-na-cestama\/#breadcrumb\"},\"inLanguage\":\"hr\",\"potentialAction\":[{\"@type\":\"ReadAction\",\"target\":[\"https:\/\/likemetkovic.hr\/portal\/zapocela-obaveza-koristenja-zimske-opreme-na-cestama\/\"]}]},{\"@type\":\"BreadcrumbList\",\"@id\":\"https:\/\/likemetkovic.hr\/portal\/zapocela-obaveza-koristenja-zimske-opreme-na-cestama\/#breadcrumb\",\"itemListElement\":[{\"@type\":\"ListItem\",\"position\":1,\"name\":\"Po\u010detna stranica\",\"item\":\"https:\/\/likemetkovic.hr\/portal\/\"},{\"@type\":\"ListItem\",\"position\":2,\"name\":\"Zapo\u010dela obaveza kori\u0161tenja zimske opreme na cestama\"}]},{\"@type\":\"WebSite\",\"@id\":\"https:\/\/likemetkovic.hr\/#website\",\"url\":\"https:\/\/likemetkovic.hr\/\",\"name\":\"likemetkovic.hr\",\"description\":\"Misli pozitivno... \u010ditaj LIKE\",\"potentialAction\":[{\"@type\":\"SearchAction\",\"target\":{\"@type\":\"EntryPoint\",\"urlTemplate\":\"https:\/\/likemetkovic.hr\/?s={search_term_string}\"},\"query-input\":{\"@type\":\"PropertyValueSpecification\",\"valueRequired\":true,\"valueName\":\"search_term_string\"}}],\"inLanguage\":\"hr\"},{\"@type\":\"Person\",\"@id\":\"https:\/\/likemetkovic.hr\/#\/schema\/person\/0a8b4ebfdfe1ff01192dccda40c5da0c\",\"name\":\"K. J.\",\"url\":\"https:\/\/likemetkovic.hr\/portal\/author\/likemetkovic\/\"}]}<\/script>\n<!-- \/ Yoast SEO plugin. -->","yoast_head_json":{"title":"Zapo\u010dela obaveza kori\u0161tenja zimske opreme na cestama - likemetkovic.hr","robots":{"index":"index","follow":"follow","max-snippet":"max-snippet:-1","max-image-preview":"max-image-preview:large","max-video-preview":"max-video-preview:-1"},"canonical":"https:\/\/likemetkovic.hr\/portal\/zapocela-obaveza-koristenja-zimske-opreme-na-cestama\/","og_locale":"hr_HR","og_type":"article","og_title":"Zapo\u010dela obaveza kori\u0161tenja zimske opreme na cestama - likemetkovic.hr","og_description":"Na podru\u010dju Policijske uprave dubrova\u010dko-neretvanske nema cesta obuhva\u0107enih Odlukom o obveznoj uporabi zimske opreme na zimskim dionicama javnih cesta u RH, ali ako nastupe uvjeti zbog kojih \u0107e kolnik ceste biti prekriven snijegom ili poledicom, zimska oprema vozila je obavezna i na na\u0161em podru\u010dju&#8230; U narednom razdoblju o\u010dekuje nas promjenjivo vrijeme, pra\u0107eno ki\u0161om, vjetrom i [&hellip;]","og_url":"https:\/\/likemetkovic.hr\/portal\/zapocela-obaveza-koristenja-zimske-opreme-na-cestama\/","og_site_name":"likemetkovic.hr","article_publisher":"https:\/\/www.facebook.com\/likemetkovic.hr\/","article_published_time":"2022-11-16T10:22:13+00:00","article_modified_time":"2022-11-16T10:22:36+00:00","og_image":[{"width":800,"height":533,"url":"https:\/\/likemetkovic.hr\/portal\/wp-content\/uploads\/2022\/11\/zimski-uvjeti_policija.jpg","type":"image\/jpeg"}],"author":"K. J.","twitter_card":"summary_large_image","twitter_misc":{"Napisao\/la":"K. J.","Procijenjeno vrijeme \u010ditanja":"8 minuta"},"schema":{"@context":"https:\/\/schema.org","@graph":[{"@type":"WebPage","@id":"https:\/\/likemetkovic.hr\/portal\/zapocela-obaveza-koristenja-zimske-opreme-na-cestama\/","url":"https:\/\/likemetkovic.hr\/portal\/zapocela-obaveza-koristenja-zimske-opreme-na-cestama\/","name":"Zapo\u010dela obaveza kori\u0161tenja zimske opreme na cestama - likemetkovic.hr","isPartOf":{"@id":"https:\/\/likemetkovic.hr\/#website"},"datePublished":"2022-11-16T10:22:13+00:00","dateModified":"2022-11-16T10:22:36+00:00","author":{"@id":"https:\/\/likemetkovic.hr\/#\/schema\/person\/0a8b4ebfdfe1ff01192dccda40c5da0c"},"breadcrumb":{"@id":"https:\/\/likemetkovic.hr\/portal\/zapocela-obaveza-koristenja-zimske-opreme-na-cestama\/#breadcrumb"},"inLanguage":"hr","potentialAction":[{"@type":"ReadAction","target":["https:\/\/likemetkovic.hr\/portal\/zapocela-obaveza-koristenja-zimske-opreme-na-cestama\/"]}]},{"@type":"BreadcrumbList","@id":"https:\/\/likemetkovic.hr\/portal\/zapocela-obaveza-koristenja-zimske-opreme-na-cestama\/#breadcrumb","itemListElement":[{"@type":"ListItem","position":1,"name":"Po\u010detna stranica","item":"https:\/\/likemetkovic.hr\/portal\/"},{"@type":"ListItem","position":2,"name":"Zapo\u010dela obaveza kori\u0161tenja zimske opreme na cestama"}]},{"@type":"WebSite","@id":"https:\/\/likemetkovic.hr\/#website","url":"https:\/\/likemetkovic.hr\/","name":"likemetkovic.hr","description":"Misli pozitivno... \u010ditaj LIKE","potentialAction":[{"@type":"SearchAction","target":{"@type":"EntryPoint","urlTemplate":"https:\/\/likemetkovic.hr\/?s={search_term_string}"},"query-input":{"@type":"PropertyValueSpecification","valueRequired":true,"valueName":"search_term_string"}}],"inLanguage":"hr"},{"@type":"Person","@id":"https:\/\/likemetkovic.hr\/#\/schema\/person\/0a8b4ebfdfe1ff01192dccda40c5da0c","name":"K. J.","url":"https:\/\/likemetkovic.hr\/portal\/author\/likemetkovic\/"}]}},"_links":{"self":[{"href":"https:\/\/likemetkovic.hr\/portal\/wp-json\/wp\/v2\/posts\/137972","targetHints":{"allow":["GET"]}}],"collection":[{"href":"https:\/\/likemetkovic.hr\/portal\/wp-json\/wp\/v2\/posts"}],"about":[{"href":"https:\/\/likemetkovic.hr\/portal\/wp-json\/wp\/v2\/types\/post"}],"author":[{"embeddable":true,"href":"https:\/\/likemetkovic.hr\/portal\/wp-json\/wp\/v2\/users\/9"}],"replies":[{"embeddable":true,"href":"https:\/\/likemetkovic.hr\/portal\/wp-json\/wp\/v2\/comments?post=137972"}],"version-history":[{"count":3,"href":"https:\/\/likemetkovic.hr\/portal\/wp-json\/wp\/v2\/posts\/137972\/revisions"}],"predecessor-version":[{"id":137976,"href":"https:\/\/likemetkovic.hr\/portal\/wp-json\/wp\/v2\/posts\/137972\/revisions\/137976"}],"wp:attachment":[{"href":"https:\/\/likemetkovic.hr\/portal\/wp-json\/wp\/v2\/media?parent=137972"}],"wp:term":[{"taxonomy":"category","embeddable":true,"href":"https:\/\/likemetkovic.hr\/portal\/wp-json\/wp\/v2\/categories?post=137972"},{"taxonomy":"post_tag","embeddable":true,"href":"https:\/\/likemetkovic.hr\/portal\/wp-json\/wp\/v2\/tags?post=137972"}],"curies":[{"name":"wp","href":"https:\/\/api.w.org\/{rel}","templated":true}]}}