{"id":138290,"date":"2022-11-26T07:53:15","date_gmt":"2022-11-26T06:53:15","guid":{"rendered":"https:\/\/likemetkovic.hr\/portal\/?p=138290"},"modified":"2022-11-26T07:57:26","modified_gmt":"2022-11-26T06:57:26","slug":"usvojena-zalba-neretvanca-vracaju-mu-se-bodovi-iz-susreta-s-neretvom","status":"publish","type":"post","link":"https:\/\/likemetkovic.hr\/portal\/usvojena-zalba-neretvanca-vracaju-mu-se-bodovi-iz-susreta-s-neretvom\/","title":{"rendered":"Usvojena \u017ealba Neretvanca, vra\u0107aju mu se bodovi iz susreta s Neretvom"},"content":{"rendered":"<p>Komisija za \u017ealbe NS Split, u sastavu\u00a0<strong>Ante Dev\u010di\u0107, Arian \u010custovi\u0107<\/strong>, kao \u010dlanova i\u00a0<strong>Paule E\u0161kinja Ore\u0161kovi\u0107<\/strong> kao predsjednice, povodom \u017ealbe NK Neretvanac Opuzen, ulo\u017eene na Odluku Povjerenika za natjecanje 3. NL jug od 17. listopada 2022. godine, o registraciji utakmice 7. kola 3. NL jug <strong>izme\u0111u Neretvanca i Neretve<\/strong> odigrane dana 9. 10. 2022., godine sa 3:0 u korist Neretve temeljem \u010dl. 153. Disciplinskog pravilnika HNS-a dana 20. studenog 2022.godine donijela je odluku po kojoj se jednoglasno usvaja kao osnovana \u017ealba NK Neretvanac Opuzen, te se preina\u010dava prvostupanjska Odluka Povjerenika za natjecanje.<\/p>\n<p>Obustavlja se postupak pokrenut po \u017ealbi NK Neretva Metkovi\u0107 kojom su isti ulo\u017eili \u017ealbu na regularnost i rezultat utakmice 7.kola 3.NL Jug izme\u0111u NK Neretvanac \u2013 NK Neretva, odigrane 9. 10. 2022. godine. Utakmica 7. kola 3. NL jug izme\u0111u NK Neretvanac \u2013 NK Neretva, odigrana dana 9. 10. 2022. godine, registrira se s postignutim rezultatom, 2:1 u korist NK Neretvanac. Nala\u017ee se slu\u017ebenim osobama utakmice 7. kola 3. NL jug izme\u0111u NK Neretvanac \u2013 NK Neretva, ispravak neto\u010dnih podataka unesenih u Zapisnik o utakmici 7. kola 3. NL Jug na na\u010din da se <strong>utakmica registrira rezultatom 2:1 za NK Neretvanac<\/strong>.<\/p>\n<p>U obrazlo\u017eenju odluke stoji da igra\u010d\u00a0<strong>Josip Bla\u017eevi\u0107<\/strong>, ima uredan lije\u010dni\u010dki pregled evidentiran u Comet sustavu, da je igra\u010d Josip Bla\u017eevi\u0107 uredno upisan u prijavi mom\u010dadi NK Neretvanac kao pri\u010duvni igra\u010d na navedenoj utakmici, te da je prijava uredno ovjerena od strane tajnika NK Neretvanac \u2013\u00a0<strong>Dragana Vu\u010dkovi\u0107a<\/strong>\u00a0i predana na vrijeme delegatu, da je dana 11.listopada 2022. godine, NK Neretvanac dostavio Povjereniku natjecanja za utakmici 3. NL jug, Zahtjev za ispravak neto\u010dnih podataka unesenih u Zapisnik o utakmici 7. kola.<\/p>\n<p>Ovom odlukom, Neretvanac je fenjer 3. NL prepustio Uraniji, a presko\u010dili su i Kamen zbog bolje gol razlike, dok \u0107e Neretva pasti s 10. na 13. mjesto.<\/p>\n<p><img decoding=\"async\" class=\"alignnone size-full wp-image-138293\" src=\"https:\/\/likemetkovic.hr\/portal\/wp-content\/uploads\/2022\/11\/3hnltab.jpg\" alt=\"\" width=\"800\" height=\"429\" srcset=\"https:\/\/likemetkovic.hr\/portal\/wp-content\/uploads\/2022\/11\/3hnltab.jpg 800w, https:\/\/likemetkovic.hr\/portal\/wp-content\/uploads\/2022\/11\/3hnltab-768x412.jpg 768w, https:\/\/likemetkovic.hr\/portal\/wp-content\/uploads\/2022\/11\/3hnltab-150x80.jpg 150w, https:\/\/likemetkovic.hr\/portal\/wp-content\/uploads\/2022\/11\/3hnltab-300x161.jpg 300w, https:\/\/likemetkovic.hr\/portal\/wp-content\/uploads\/2022\/11\/3hnltab-696x373.jpg 696w, https:\/\/likemetkovic.hr\/portal\/wp-content\/uploads\/2022\/11\/3hnltab-783x420.jpg 783w\" sizes=\"(max-width: 800px) 100vw, 800px\" \/><\/p>\n<p>Pi\u0161e: Ivica Jakeli\u0107 \/ <a href=\"https:\/\/dalmatinskinogomet.hr\/usvojena-zalba-neretvanca-vracaju-mu-se-bodovi-iz-el-clasica\/\" target=\"_blank\" rel=\"noopener\">Dalmatinski nogomet<\/a><\/p>\n","protected":false},"excerpt":{"rendered":"<p>Komisija za \u017ealbe NS Split, u sastavu\u00a0Ante Dev\u010di\u0107, Arian \u010custovi\u0107, kao \u010dlanova i\u00a0Paule E\u0161kinja Ore\u0161kovi\u0107 kao predsjednice, povodom \u017ealbe NK Neretvanac Opuzen, ulo\u017eene na Odluku Povjerenika za natjecanje 3. NL jug od 17. listopada 2022. godine, o registraciji utakmice 7. kola 3. NL jug izme\u0111u Neretvanca i Neretve odigrane dana 9. 10. 2022., godine sa [&hellip;]<\/p>\n","protected":false},"author":7,"featured_media":136882,"comment_status":"open","ping_status":"open","sticky":false,"template":"","format":"standard","meta":{"footnotes":""},"categories":[283,30],"tags":[317],"class_list":{"0":"post-138290","1":"post","2":"type-post","3":"status-publish","4":"format-standard","5":"has-post-thumbnail","7":"category-a","8":"category-nogomet","9":"tag-nk-neretvanac"},"yoast_head":"<!-- This site is optimized with the Yoast SEO plugin v25.2 - https:\/\/yoast.com\/wordpress\/plugins\/seo\/ -->\n<title>Usvojena \u017ealba Neretvanca, vra\u0107aju mu se bodovi iz susreta s Neretvom - likemetkovic.hr<\/title>\n<meta name=\"robots\" content=\"index, follow, max-snippet:-1, max-image-preview:large, max-video-preview:-1\" \/>\n<link rel=\"canonical\" href=\"https:\/\/likemetkovic.hr\/portal\/usvojena-zalba-neretvanca-vracaju-mu-se-bodovi-iz-susreta-s-neretvom\/\" \/>\n<meta property=\"og:locale\" content=\"hr_HR\" \/>\n<meta property=\"og:type\" content=\"article\" \/>\n<meta property=\"og:title\" content=\"Usvojena \u017ealba Neretvanca, vra\u0107aju mu se bodovi iz susreta s Neretvom - likemetkovic.hr\" \/>\n<meta property=\"og:description\" content=\"Komisija za \u017ealbe NS Split, u sastavu\u00a0Ante Dev\u010di\u0107, Arian \u010custovi\u0107, kao \u010dlanova i\u00a0Paule E\u0161kinja Ore\u0161kovi\u0107 kao predsjednice, povodom \u017ealbe NK Neretvanac Opuzen, ulo\u017eene na Odluku Povjerenika za natjecanje 3. NL jug od 17. listopada 2022. godine, o registraciji utakmice 7. kola 3. NL jug izme\u0111u Neretvanca i Neretve odigrane dana 9. 10. 2022., godine sa [&hellip;]\" \/>\n<meta property=\"og:url\" content=\"https:\/\/likemetkovic.hr\/portal\/usvojena-zalba-neretvanca-vracaju-mu-se-bodovi-iz-susreta-s-neretvom\/\" \/>\n<meta property=\"og:site_name\" content=\"likemetkovic.hr\" \/>\n<meta property=\"article:publisher\" content=\"https:\/\/www.facebook.com\/likemetkovic.hr\/\" \/>\n<meta property=\"article:published_time\" content=\"2022-11-26T06:53:15+00:00\" \/>\n<meta property=\"article:modified_time\" content=\"2022-11-26T06:57:26+00:00\" \/>\n<meta property=\"og:image\" content=\"https:\/\/likemetkovic.hr\/portal\/wp-content\/uploads\/2022\/10\/nk-neretvanac_neretva091022_10.jpg\" \/>\n\t<meta property=\"og:image:width\" content=\"800\" \/>\n\t<meta property=\"og:image:height\" content=\"533\" \/>\n\t<meta property=\"og:image:type\" content=\"image\/jpeg\" \/>\n<meta name=\"author\" content=\"LIKEmetkovic.hr\" \/>\n<meta name=\"twitter:card\" content=\"summary_large_image\" \/>\n<meta name=\"twitter:label1\" content=\"Napisao\/la\" \/>\n\t<meta name=\"twitter:data1\" content=\"LIKEmetkovic.hr\" \/>\n\t<meta name=\"twitter:label2\" content=\"Procijenjeno vrijeme \u010ditanja\" \/>\n\t<meta name=\"twitter:data2\" content=\"2 minute\" \/>\n<script type=\"application\/ld+json\" class=\"yoast-schema-graph\">{\"@context\":\"https:\/\/schema.org\",\"@graph\":[{\"@type\":\"WebPage\",\"@id\":\"https:\/\/likemetkovic.hr\/portal\/usvojena-zalba-neretvanca-vracaju-mu-se-bodovi-iz-susreta-s-neretvom\/\",\"url\":\"https:\/\/likemetkovic.hr\/portal\/usvojena-zalba-neretvanca-vracaju-mu-se-bodovi-iz-susreta-s-neretvom\/\",\"name\":\"Usvojena \u017ealba Neretvanca, vra\u0107aju mu se bodovi iz susreta s Neretvom - likemetkovic.hr\",\"isPartOf\":{\"@id\":\"https:\/\/likemetkovic.hr\/#website\"},\"primaryImageOfPage\":{\"@id\":\"https:\/\/likemetkovic.hr\/portal\/usvojena-zalba-neretvanca-vracaju-mu-se-bodovi-iz-susreta-s-neretvom\/#primaryimage\"},\"image\":{\"@id\":\"https:\/\/likemetkovic.hr\/portal\/usvojena-zalba-neretvanca-vracaju-mu-se-bodovi-iz-susreta-s-neretvom\/#primaryimage\"},\"thumbnailUrl\":\"https:\/\/likemetkovic.hr\/portal\/wp-content\/uploads\/2022\/10\/nk-neretvanac_neretva091022_10.jpg\",\"datePublished\":\"2022-11-26T06:53:15+00:00\",\"dateModified\":\"2022-11-26T06:57:26+00:00\",\"author\":{\"@id\":\"https:\/\/likemetkovic.hr\/#\/schema\/person\/a42711f3385a0e2be6f7e0443bfb28f0\"},\"breadcrumb\":{\"@id\":\"https:\/\/likemetkovic.hr\/portal\/usvojena-zalba-neretvanca-vracaju-mu-se-bodovi-iz-susreta-s-neretvom\/#breadcrumb\"},\"inLanguage\":\"hr\",\"potentialAction\":[{\"@type\":\"ReadAction\",\"target\":[\"https:\/\/likemetkovic.hr\/portal\/usvojena-zalba-neretvanca-vracaju-mu-se-bodovi-iz-susreta-s-neretvom\/\"]}]},{\"@type\":\"ImageObject\",\"inLanguage\":\"hr\",\"@id\":\"https:\/\/likemetkovic.hr\/portal\/usvojena-zalba-neretvanca-vracaju-mu-se-bodovi-iz-susreta-s-neretvom\/#primaryimage\",\"url\":\"https:\/\/likemetkovic.hr\/portal\/wp-content\/uploads\/2022\/10\/nk-neretvanac_neretva091022_10.jpg\",\"contentUrl\":\"https:\/\/likemetkovic.hr\/portal\/wp-content\/uploads\/2022\/10\/nk-neretvanac_neretva091022_10.jpg\",\"width\":800,\"height\":533},{\"@type\":\"BreadcrumbList\",\"@id\":\"https:\/\/likemetkovic.hr\/portal\/usvojena-zalba-neretvanca-vracaju-mu-se-bodovi-iz-susreta-s-neretvom\/#breadcrumb\",\"itemListElement\":[{\"@type\":\"ListItem\",\"position\":1,\"name\":\"Po\u010detna stranica\",\"item\":\"https:\/\/likemetkovic.hr\/portal\/\"},{\"@type\":\"ListItem\",\"position\":2,\"name\":\"Usvojena \u017ealba Neretvanca, vra\u0107aju mu se bodovi iz susreta s Neretvom\"}]},{\"@type\":\"WebSite\",\"@id\":\"https:\/\/likemetkovic.hr\/#website\",\"url\":\"https:\/\/likemetkovic.hr\/\",\"name\":\"likemetkovic.hr\",\"description\":\"Misli pozitivno... \u010ditaj LIKE\",\"potentialAction\":[{\"@type\":\"SearchAction\",\"target\":{\"@type\":\"EntryPoint\",\"urlTemplate\":\"https:\/\/likemetkovic.hr\/?s={search_term_string}\"},\"query-input\":{\"@type\":\"PropertyValueSpecification\",\"valueRequired\":true,\"valueName\":\"search_term_string\"}}],\"inLanguage\":\"hr\"},{\"@type\":\"Person\",\"@id\":\"https:\/\/likemetkovic.hr\/#\/schema\/person\/a42711f3385a0e2be6f7e0443bfb28f0\",\"name\":\"LIKEmetkovic.hr\",\"sameAs\":[\"http:\/\/likemetkovic.hr\"],\"url\":\"https:\/\/likemetkovic.hr\/portal\/author\/likemetkovic-hr\/\"}]}<\/script>\n<!-- \/ Yoast SEO plugin. -->","yoast_head_json":{"title":"Usvojena \u017ealba Neretvanca, vra\u0107aju mu se bodovi iz susreta s Neretvom - likemetkovic.hr","robots":{"index":"index","follow":"follow","max-snippet":"max-snippet:-1","max-image-preview":"max-image-preview:large","max-video-preview":"max-video-preview:-1"},"canonical":"https:\/\/likemetkovic.hr\/portal\/usvojena-zalba-neretvanca-vracaju-mu-se-bodovi-iz-susreta-s-neretvom\/","og_locale":"hr_HR","og_type":"article","og_title":"Usvojena \u017ealba Neretvanca, vra\u0107aju mu se bodovi iz susreta s Neretvom - likemetkovic.hr","og_description":"Komisija za \u017ealbe NS Split, u sastavu\u00a0Ante Dev\u010di\u0107, Arian \u010custovi\u0107, kao \u010dlanova i\u00a0Paule E\u0161kinja Ore\u0161kovi\u0107 kao predsjednice, povodom \u017ealbe NK Neretvanac Opuzen, ulo\u017eene na Odluku Povjerenika za natjecanje 3. NL jug od 17. listopada 2022. godine, o registraciji utakmice 7. kola 3. NL jug izme\u0111u Neretvanca i Neretve odigrane dana 9. 10. 2022., godine sa [&hellip;]","og_url":"https:\/\/likemetkovic.hr\/portal\/usvojena-zalba-neretvanca-vracaju-mu-se-bodovi-iz-susreta-s-neretvom\/","og_site_name":"likemetkovic.hr","article_publisher":"https:\/\/www.facebook.com\/likemetkovic.hr\/","article_published_time":"2022-11-26T06:53:15+00:00","article_modified_time":"2022-11-26T06:57:26+00:00","og_image":[{"width":800,"height":533,"url":"https:\/\/likemetkovic.hr\/portal\/wp-content\/uploads\/2022\/10\/nk-neretvanac_neretva091022_10.jpg","type":"image\/jpeg"}],"author":"LIKEmetkovic.hr","twitter_card":"summary_large_image","twitter_misc":{"Napisao\/la":"LIKEmetkovic.hr","Procijenjeno vrijeme \u010ditanja":"2 minute"},"schema":{"@context":"https:\/\/schema.org","@graph":[{"@type":"WebPage","@id":"https:\/\/likemetkovic.hr\/portal\/usvojena-zalba-neretvanca-vracaju-mu-se-bodovi-iz-susreta-s-neretvom\/","url":"https:\/\/likemetkovic.hr\/portal\/usvojena-zalba-neretvanca-vracaju-mu-se-bodovi-iz-susreta-s-neretvom\/","name":"Usvojena \u017ealba Neretvanca, vra\u0107aju mu se bodovi iz susreta s Neretvom - likemetkovic.hr","isPartOf":{"@id":"https:\/\/likemetkovic.hr\/#website"},"primaryImageOfPage":{"@id":"https:\/\/likemetkovic.hr\/portal\/usvojena-zalba-neretvanca-vracaju-mu-se-bodovi-iz-susreta-s-neretvom\/#primaryimage"},"image":{"@id":"https:\/\/likemetkovic.hr\/portal\/usvojena-zalba-neretvanca-vracaju-mu-se-bodovi-iz-susreta-s-neretvom\/#primaryimage"},"thumbnailUrl":"https:\/\/likemetkovic.hr\/portal\/wp-content\/uploads\/2022\/10\/nk-neretvanac_neretva091022_10.jpg","datePublished":"2022-11-26T06:53:15+00:00","dateModified":"2022-11-26T06:57:26+00:00","author":{"@id":"https:\/\/likemetkovic.hr\/#\/schema\/person\/a42711f3385a0e2be6f7e0443bfb28f0"},"breadcrumb":{"@id":"https:\/\/likemetkovic.hr\/portal\/usvojena-zalba-neretvanca-vracaju-mu-se-bodovi-iz-susreta-s-neretvom\/#breadcrumb"},"inLanguage":"hr","potentialAction":[{"@type":"ReadAction","target":["https:\/\/likemetkovic.hr\/portal\/usvojena-zalba-neretvanca-vracaju-mu-se-bodovi-iz-susreta-s-neretvom\/"]}]},{"@type":"ImageObject","inLanguage":"hr","@id":"https:\/\/likemetkovic.hr\/portal\/usvojena-zalba-neretvanca-vracaju-mu-se-bodovi-iz-susreta-s-neretvom\/#primaryimage","url":"https:\/\/likemetkovic.hr\/portal\/wp-content\/uploads\/2022\/10\/nk-neretvanac_neretva091022_10.jpg","contentUrl":"https:\/\/likemetkovic.hr\/portal\/wp-content\/uploads\/2022\/10\/nk-neretvanac_neretva091022_10.jpg","width":800,"height":533},{"@type":"BreadcrumbList","@id":"https:\/\/likemetkovic.hr\/portal\/usvojena-zalba-neretvanca-vracaju-mu-se-bodovi-iz-susreta-s-neretvom\/#breadcrumb","itemListElement":[{"@type":"ListItem","position":1,"name":"Po\u010detna stranica","item":"https:\/\/likemetkovic.hr\/portal\/"},{"@type":"ListItem","position":2,"name":"Usvojena \u017ealba Neretvanca, vra\u0107aju mu se bodovi iz susreta s Neretvom"}]},{"@type":"WebSite","@id":"https:\/\/likemetkovic.hr\/#website","url":"https:\/\/likemetkovic.hr\/","name":"likemetkovic.hr","description":"Misli pozitivno... \u010ditaj LIKE","potentialAction":[{"@type":"SearchAction","target":{"@type":"EntryPoint","urlTemplate":"https:\/\/likemetkovic.hr\/?s={search_term_string}"},"query-input":{"@type":"PropertyValueSpecification","valueRequired":true,"valueName":"search_term_string"}}],"inLanguage":"hr"},{"@type":"Person","@id":"https:\/\/likemetkovic.hr\/#\/schema\/person\/a42711f3385a0e2be6f7e0443bfb28f0","name":"LIKEmetkovic.hr","sameAs":["http:\/\/likemetkovic.hr"],"url":"https:\/\/likemetkovic.hr\/portal\/author\/likemetkovic-hr\/"}]}},"_links":{"self":[{"href":"https:\/\/likemetkovic.hr\/portal\/wp-json\/wp\/v2\/posts\/138290","targetHints":{"allow":["GET"]}}],"collection":[{"href":"https:\/\/likemetkovic.hr\/portal\/wp-json\/wp\/v2\/posts"}],"about":[{"href":"https:\/\/likemetkovic.hr\/portal\/wp-json\/wp\/v2\/types\/post"}],"author":[{"embeddable":true,"href":"https:\/\/likemetkovic.hr\/portal\/wp-json\/wp\/v2\/users\/7"}],"replies":[{"embeddable":true,"href":"https:\/\/likemetkovic.hr\/portal\/wp-json\/wp\/v2\/comments?post=138290"}],"version-history":[{"count":3,"href":"https:\/\/likemetkovic.hr\/portal\/wp-json\/wp\/v2\/posts\/138290\/revisions"}],"predecessor-version":[{"id":138294,"href":"https:\/\/likemetkovic.hr\/portal\/wp-json\/wp\/v2\/posts\/138290\/revisions\/138294"}],"wp:featuredmedia":[{"embeddable":true,"href":"https:\/\/likemetkovic.hr\/portal\/wp-json\/wp\/v2\/media\/136882"}],"wp:attachment":[{"href":"https:\/\/likemetkovic.hr\/portal\/wp-json\/wp\/v2\/media?parent=138290"}],"wp:term":[{"taxonomy":"category","embeddable":true,"href":"https:\/\/likemetkovic.hr\/portal\/wp-json\/wp\/v2\/categories?post=138290"},{"taxonomy":"post_tag","embeddable":true,"href":"https:\/\/likemetkovic.hr\/portal\/wp-json\/wp\/v2\/tags?post=138290"}],"curies":[{"name":"wp","href":"https:\/\/api.w.org\/{rel}","templated":true}]}}