{"id":138484,"date":"2022-12-01T17:02:21","date_gmt":"2022-12-01T16:02:21","guid":{"rendered":"https:\/\/likemetkovic.hr\/portal\/?p=138484"},"modified":"2022-12-01T17:02:21","modified_gmt":"2022-12-01T16:02:21","slug":"plocanski-malisani-od-danas-nemaju-svoga-izabranog-lijecnika-rjesenje-se-nudi-u-vrgorcu","status":"publish","type":"post","link":"https:\/\/likemetkovic.hr\/portal\/plocanski-malisani-od-danas-nemaju-svoga-izabranog-lijecnika-rjesenje-se-nudi-u-vrgorcu\/","title":{"rendered":"Plo\u010danski mali\u0161ani od danas nemaju svoga izabranog lije\u010dnika. Rje\u0161enje se nudi u Vrgorcu"},"content":{"rendered":"<p>Plo\u010danski mali\u0161ani od danas nemaju svoga izabranog lije\u010dnika.<\/p>\n<p>Vrata jedine pedijatrijske ambulante su se zatvorila, jer je 67-godi\u0161nji doktor oti\u0161ao u mirovinu. Gdje \u0107e mali Plo\u010dani na preglede, a zima je vrijeme u\u010destalih prehlada, gripa, upala grla i drugih infekcija, nitko sa sigurno\u0161\u0107u ne mo\u017ee re\u0107i, pi\u0161e <a href=\"https:\/\/slobodnadalmacija.hr\/dalmacija\/s-mora-i-kraja\/pronasli-smo-rjesenje-za-brojne-malisane-koji-su-naprasno-ostali-bez-lijecnicke-skrbi-roditelji-dodite-u-nasu-ordinaciju-u-vrgorac-i-upisite-djecu-vrata-su-vam-otvorena-1245280\" target=\"_blank\" rel=\"noopener\">Slobodna Dalmacija<\/a>.<\/p>\n<p>Prvi logi\u010dan izbor\u00a0je Metkovi\u0107 gdje su trenuta\u010dno aktivne tri mlade pedijatrice. Neslu\u017ebeno, dio djece i mladih s u\u0161\u0107a Neretve ve\u0107 je kod njih upisan, jer su roditelji, znaju\u0107i da \u0107e Plo\u010de ostati bez pedijatra, djecu upisali u metkovske ordinacije.<\/p>\n<p>Podsjetimo, ovo nije prvi problem oko\u00a0pedijatrijske ambulante u Plo\u010dama. Prvi cirkus je nastao prije desetak godina kada je pedijatrica dr.\u00a0<strong>Berslava \u0160velh Krsnik<\/strong>\u00a0zaklju\u010dila svoju karijeru, a prije negoli je do\u0161ao fri\u0161ko umirovljeni dr.\u00a0<strong>Latif Uzunaj<\/strong>. Problem je tada\u00a0rije\u0161en u zadnji \u010das &#8220;uvozom&#8221; lije\u010dnika sa Kosova.<\/p>\n<p>No, ordinacija je stalno visila u zraku zbog nedovoljnog broja pacijenata koji su se razi\u0161li po pedijatrijskim ordinacijama u bli\u017eoj okolici od Metkovi\u0107a, preko Makarske pa do Vrgorca. Me\u0111utim, problem je sada\u00a0potpuno eskalirao odlaskom dr. Uzunaja u mirovinu i definitivnim ga\u0161enjem ambulante.<\/p>\n<p>Male pacijente sada i slu\u017ebeno treba negdje zbrinuti, a to zahtijeva upis kod novog lije\u010dnika u drugom gradu ako se ne na\u0111e neki pedijatar na tr\u017ei\u0161tu rada koji bi bio voljan urgentno do\u0107i u Plo\u010de. Specijalisti\u010dke ordinacije Doma zdravlja u Metkovi\u0107u su pretrpane, pa nije realno za o\u010dekivati da bi mogle upisati plo\u010dansku djecu.<\/p>\n<p>No, to nikako ne zna\u010di da male pacijente koje roditelji dovezu ne\u0107e biti pregledani u Metkovi\u0107u.<\/p>\n<p>&#8211; Iznimno su velike gu\u017eve i \u010dekanja, pa pedijatri \u010desto rade do 22 sata kako bi pregledali bolesnu djecu &#8211; rekao nam je\u00a0<strong>Vjekoslav \u010cuvalo<\/strong>, ravnatelj Doma zdravlja, koji nije mogao detaljnije govoriti o mogu\u0107em zbrinjavanju mali\u0161ana iz susjednoga grada sve\u00a0dok ne porazgovara s pedijatricama.<\/p>\n<p>Prema limitima Hrvatskog zavoda za zdravstveno osiguranje (HZZO), pedijatrijska ordinacija mo\u017ee imati od 715 do 1190 malih pacijenata na koje se dobiva &#8220;glavarina&#8221;. Sve iznad tog broja se ne mo\u017ee naplatiti od HZZO-a, dakle ako lije\u010dnik pregleda &#8220;prekobrojne&#8221; koji su mu iznad limita to radi &#8211; besplatno.<\/p>\n<p>Me\u0111utim, druga pri\u010da je u Vrgorcu koji bilje\u017ei trendove depopulacije i iseljavanja, pa je tako i manji broj djece, te je i pedijatrijska ordinacija na minimalnom broju. Tamo\u0161nja pedijatrica dr.\u00a0<strong>Nada Jelavi\u0107<\/strong>\u00a0ra\u0161irenih ruku do\u010dekuje Plo\u010dane.<\/p>\n<p>&#8211; Svi koji \u017eele do\u0107i kod mene, vrata su im otvorena. Ve\u0107 imam upisane djece s podru\u010dja Plo\u010da i Metkovi\u0107a. Roditelji imaju slobodan izbor pedijatra za svoju djecu pa idu tamo gdje im vi\u0161e odgovara &#8211; kazala nam je dr. Jelavi\u0107.<\/p>\n<p>U Vrgorcu na\u017ealost nema dovoljan broj djece, u ambulanti ih imaju upisanih manje od 700, pa ima mjesta za nezbrinutu plo\u010dansku dje\u010dicu.<\/p>\n<p>Pi\u0161e: Stanislav Soldo \/ <a href=\"https:\/\/slobodnadalmacija.hr\/dalmacija\/s-mora-i-kraja\/pronasli-smo-rjesenje-za-brojne-malisane-koji-su-naprasno-ostali-bez-lijecnicke-skrbi-roditelji-dodite-u-nasu-ordinaciju-u-vrgorac-i-upisite-djecu-vrata-su-vam-otvorena-1245280\" target=\"_blank\" rel=\"noopener\">Slobodna Dalmacija<\/a><\/p>\n","protected":false},"excerpt":{"rendered":"<p>Plo\u010danski mali\u0161ani od danas nemaju svoga izabranog lije\u010dnika. Vrata jedine pedijatrijske ambulante su se zatvorila, jer je 67-godi\u0161nji doktor oti\u0161ao u mirovinu. Gdje \u0107e mali Plo\u010dani na preglede, a zima je vrijeme u\u010destalih prehlada, gripa, upala grla i drugih infekcija, nitko sa sigurno\u0161\u0107u ne mo\u017ee re\u0107i, pi\u0161e Slobodna Dalmacija. Prvi logi\u010dan izbor\u00a0je Metkovi\u0107 gdje su [&hellip;]<\/p>\n","protected":false},"author":7,"featured_media":82626,"comment_status":"open","ping_status":"open","sticky":false,"template":"","format":"standard","meta":{"footnotes":""},"categories":[283,11],"tags":[7077,5225,1304],"class_list":{"0":"post-138484","1":"post","2":"type-post","3":"status-publish","4":"format-standard","5":"has-post-thumbnail","7":"category-a","8":"category-metkovic-dolina","9":"tag-dom-zdravlja-ploce","10":"tag-pedijatar","11":"tag-vrgorac"},"yoast_head":"<!-- This site is optimized with the Yoast SEO plugin v25.2 - https:\/\/yoast.com\/wordpress\/plugins\/seo\/ -->\n<title>Plo\u010danski mali\u0161ani od danas nemaju svoga izabranog lije\u010dnika. Rje\u0161enje se nudi u Vrgorcu - likemetkovic.hr<\/title>\n<meta name=\"robots\" content=\"index, follow, max-snippet:-1, max-image-preview:large, max-video-preview:-1\" \/>\n<link rel=\"canonical\" href=\"https:\/\/likemetkovic.hr\/portal\/plocanski-malisani-od-danas-nemaju-svoga-izabranog-lijecnika-rjesenje-se-nudi-u-vrgorcu\/\" \/>\n<meta property=\"og:locale\" content=\"hr_HR\" \/>\n<meta property=\"og:type\" content=\"article\" \/>\n<meta property=\"og:title\" content=\"Plo\u010danski mali\u0161ani od danas nemaju svoga izabranog lije\u010dnika. Rje\u0161enje se nudi u Vrgorcu - likemetkovic.hr\" \/>\n<meta property=\"og:description\" content=\"Plo\u010danski mali\u0161ani od danas nemaju svoga izabranog lije\u010dnika. Vrata jedine pedijatrijske ambulante su se zatvorila, jer je 67-godi\u0161nji doktor oti\u0161ao u mirovinu. Gdje \u0107e mali Plo\u010dani na preglede, a zima je vrijeme u\u010destalih prehlada, gripa, upala grla i drugih infekcija, nitko sa sigurno\u0161\u0107u ne mo\u017ee re\u0107i, pi\u0161e Slobodna Dalmacija. Prvi logi\u010dan izbor\u00a0je Metkovi\u0107 gdje su [&hellip;]\" \/>\n<meta property=\"og:url\" content=\"https:\/\/likemetkovic.hr\/portal\/plocanski-malisani-od-danas-nemaju-svoga-izabranog-lijecnika-rjesenje-se-nudi-u-vrgorcu\/\" \/>\n<meta property=\"og:site_name\" content=\"likemetkovic.hr\" \/>\n<meta property=\"article:publisher\" content=\"https:\/\/www.facebook.com\/likemetkovic.hr\/\" \/>\n<meta property=\"article:published_time\" content=\"2022-12-01T16:02:21+00:00\" \/>\n<meta property=\"og:image\" content=\"https:\/\/likemetkovic.hr\/portal\/wp-content\/uploads\/2019\/06\/pedijatar.jpg\" \/>\n\t<meta property=\"og:image:width\" content=\"800\" \/>\n\t<meta property=\"og:image:height\" content=\"533\" \/>\n\t<meta property=\"og:image:type\" content=\"image\/jpeg\" \/>\n<meta name=\"author\" content=\"LIKEmetkovic.hr\" \/>\n<meta name=\"twitter:card\" content=\"summary_large_image\" \/>\n<meta name=\"twitter:label1\" content=\"Napisao\/la\" \/>\n\t<meta name=\"twitter:data1\" content=\"LIKEmetkovic.hr\" \/>\n\t<meta name=\"twitter:label2\" content=\"Procijenjeno vrijeme \u010ditanja\" \/>\n\t<meta name=\"twitter:data2\" content=\"3 minute\" \/>\n<script type=\"application\/ld+json\" class=\"yoast-schema-graph\">{\"@context\":\"https:\/\/schema.org\",\"@graph\":[{\"@type\":\"WebPage\",\"@id\":\"https:\/\/likemetkovic.hr\/portal\/plocanski-malisani-od-danas-nemaju-svoga-izabranog-lijecnika-rjesenje-se-nudi-u-vrgorcu\/\",\"url\":\"https:\/\/likemetkovic.hr\/portal\/plocanski-malisani-od-danas-nemaju-svoga-izabranog-lijecnika-rjesenje-se-nudi-u-vrgorcu\/\",\"name\":\"Plo\u010danski mali\u0161ani od danas nemaju svoga izabranog lije\u010dnika. Rje\u0161enje se nudi u Vrgorcu - likemetkovic.hr\",\"isPartOf\":{\"@id\":\"https:\/\/likemetkovic.hr\/#website\"},\"primaryImageOfPage\":{\"@id\":\"https:\/\/likemetkovic.hr\/portal\/plocanski-malisani-od-danas-nemaju-svoga-izabranog-lijecnika-rjesenje-se-nudi-u-vrgorcu\/#primaryimage\"},\"image\":{\"@id\":\"https:\/\/likemetkovic.hr\/portal\/plocanski-malisani-od-danas-nemaju-svoga-izabranog-lijecnika-rjesenje-se-nudi-u-vrgorcu\/#primaryimage\"},\"thumbnailUrl\":\"https:\/\/likemetkovic.hr\/portal\/wp-content\/uploads\/2019\/06\/pedijatar.jpg\",\"datePublished\":\"2022-12-01T16:02:21+00:00\",\"author\":{\"@id\":\"https:\/\/likemetkovic.hr\/#\/schema\/person\/a42711f3385a0e2be6f7e0443bfb28f0\"},\"breadcrumb\":{\"@id\":\"https:\/\/likemetkovic.hr\/portal\/plocanski-malisani-od-danas-nemaju-svoga-izabranog-lijecnika-rjesenje-se-nudi-u-vrgorcu\/#breadcrumb\"},\"inLanguage\":\"hr\",\"potentialAction\":[{\"@type\":\"ReadAction\",\"target\":[\"https:\/\/likemetkovic.hr\/portal\/plocanski-malisani-od-danas-nemaju-svoga-izabranog-lijecnika-rjesenje-se-nudi-u-vrgorcu\/\"]}]},{\"@type\":\"ImageObject\",\"inLanguage\":\"hr\",\"@id\":\"https:\/\/likemetkovic.hr\/portal\/plocanski-malisani-od-danas-nemaju-svoga-izabranog-lijecnika-rjesenje-se-nudi-u-vrgorcu\/#primaryimage\",\"url\":\"https:\/\/likemetkovic.hr\/portal\/wp-content\/uploads\/2019\/06\/pedijatar.jpg\",\"contentUrl\":\"https:\/\/likemetkovic.hr\/portal\/wp-content\/uploads\/2019\/06\/pedijatar.jpg\",\"width\":800,\"height\":533},{\"@type\":\"BreadcrumbList\",\"@id\":\"https:\/\/likemetkovic.hr\/portal\/plocanski-malisani-od-danas-nemaju-svoga-izabranog-lijecnika-rjesenje-se-nudi-u-vrgorcu\/#breadcrumb\",\"itemListElement\":[{\"@type\":\"ListItem\",\"position\":1,\"name\":\"Po\u010detna stranica\",\"item\":\"https:\/\/likemetkovic.hr\/portal\/\"},{\"@type\":\"ListItem\",\"position\":2,\"name\":\"Plo\u010danski mali\u0161ani od danas nemaju svoga izabranog lije\u010dnika. Rje\u0161enje se nudi u Vrgorcu\"}]},{\"@type\":\"WebSite\",\"@id\":\"https:\/\/likemetkovic.hr\/#website\",\"url\":\"https:\/\/likemetkovic.hr\/\",\"name\":\"likemetkovic.hr\",\"description\":\"Misli pozitivno... \u010ditaj LIKE\",\"potentialAction\":[{\"@type\":\"SearchAction\",\"target\":{\"@type\":\"EntryPoint\",\"urlTemplate\":\"https:\/\/likemetkovic.hr\/?s={search_term_string}\"},\"query-input\":{\"@type\":\"PropertyValueSpecification\",\"valueRequired\":true,\"valueName\":\"search_term_string\"}}],\"inLanguage\":\"hr\"},{\"@type\":\"Person\",\"@id\":\"https:\/\/likemetkovic.hr\/#\/schema\/person\/a42711f3385a0e2be6f7e0443bfb28f0\",\"name\":\"LIKEmetkovic.hr\",\"sameAs\":[\"http:\/\/likemetkovic.hr\"],\"url\":\"https:\/\/likemetkovic.hr\/portal\/author\/likemetkovic-hr\/\"}]}<\/script>\n<!-- \/ Yoast SEO plugin. -->","yoast_head_json":{"title":"Plo\u010danski mali\u0161ani od danas nemaju svoga izabranog lije\u010dnika. Rje\u0161enje se nudi u Vrgorcu - likemetkovic.hr","robots":{"index":"index","follow":"follow","max-snippet":"max-snippet:-1","max-image-preview":"max-image-preview:large","max-video-preview":"max-video-preview:-1"},"canonical":"https:\/\/likemetkovic.hr\/portal\/plocanski-malisani-od-danas-nemaju-svoga-izabranog-lijecnika-rjesenje-se-nudi-u-vrgorcu\/","og_locale":"hr_HR","og_type":"article","og_title":"Plo\u010danski mali\u0161ani od danas nemaju svoga izabranog lije\u010dnika. Rje\u0161enje se nudi u Vrgorcu - likemetkovic.hr","og_description":"Plo\u010danski mali\u0161ani od danas nemaju svoga izabranog lije\u010dnika. Vrata jedine pedijatrijske ambulante su se zatvorila, jer je 67-godi\u0161nji doktor oti\u0161ao u mirovinu. Gdje \u0107e mali Plo\u010dani na preglede, a zima je vrijeme u\u010destalih prehlada, gripa, upala grla i drugih infekcija, nitko sa sigurno\u0161\u0107u ne mo\u017ee re\u0107i, pi\u0161e Slobodna Dalmacija. Prvi logi\u010dan izbor\u00a0je Metkovi\u0107 gdje su [&hellip;]","og_url":"https:\/\/likemetkovic.hr\/portal\/plocanski-malisani-od-danas-nemaju-svoga-izabranog-lijecnika-rjesenje-se-nudi-u-vrgorcu\/","og_site_name":"likemetkovic.hr","article_publisher":"https:\/\/www.facebook.com\/likemetkovic.hr\/","article_published_time":"2022-12-01T16:02:21+00:00","og_image":[{"width":800,"height":533,"url":"https:\/\/likemetkovic.hr\/portal\/wp-content\/uploads\/2019\/06\/pedijatar.jpg","type":"image\/jpeg"}],"author":"LIKEmetkovic.hr","twitter_card":"summary_large_image","twitter_misc":{"Napisao\/la":"LIKEmetkovic.hr","Procijenjeno vrijeme \u010ditanja":"3 minute"},"schema":{"@context":"https:\/\/schema.org","@graph":[{"@type":"WebPage","@id":"https:\/\/likemetkovic.hr\/portal\/plocanski-malisani-od-danas-nemaju-svoga-izabranog-lijecnika-rjesenje-se-nudi-u-vrgorcu\/","url":"https:\/\/likemetkovic.hr\/portal\/plocanski-malisani-od-danas-nemaju-svoga-izabranog-lijecnika-rjesenje-se-nudi-u-vrgorcu\/","name":"Plo\u010danski mali\u0161ani od danas nemaju svoga izabranog lije\u010dnika. Rje\u0161enje se nudi u Vrgorcu - likemetkovic.hr","isPartOf":{"@id":"https:\/\/likemetkovic.hr\/#website"},"primaryImageOfPage":{"@id":"https:\/\/likemetkovic.hr\/portal\/plocanski-malisani-od-danas-nemaju-svoga-izabranog-lijecnika-rjesenje-se-nudi-u-vrgorcu\/#primaryimage"},"image":{"@id":"https:\/\/likemetkovic.hr\/portal\/plocanski-malisani-od-danas-nemaju-svoga-izabranog-lijecnika-rjesenje-se-nudi-u-vrgorcu\/#primaryimage"},"thumbnailUrl":"https:\/\/likemetkovic.hr\/portal\/wp-content\/uploads\/2019\/06\/pedijatar.jpg","datePublished":"2022-12-01T16:02:21+00:00","author":{"@id":"https:\/\/likemetkovic.hr\/#\/schema\/person\/a42711f3385a0e2be6f7e0443bfb28f0"},"breadcrumb":{"@id":"https:\/\/likemetkovic.hr\/portal\/plocanski-malisani-od-danas-nemaju-svoga-izabranog-lijecnika-rjesenje-se-nudi-u-vrgorcu\/#breadcrumb"},"inLanguage":"hr","potentialAction":[{"@type":"ReadAction","target":["https:\/\/likemetkovic.hr\/portal\/plocanski-malisani-od-danas-nemaju-svoga-izabranog-lijecnika-rjesenje-se-nudi-u-vrgorcu\/"]}]},{"@type":"ImageObject","inLanguage":"hr","@id":"https:\/\/likemetkovic.hr\/portal\/plocanski-malisani-od-danas-nemaju-svoga-izabranog-lijecnika-rjesenje-se-nudi-u-vrgorcu\/#primaryimage","url":"https:\/\/likemetkovic.hr\/portal\/wp-content\/uploads\/2019\/06\/pedijatar.jpg","contentUrl":"https:\/\/likemetkovic.hr\/portal\/wp-content\/uploads\/2019\/06\/pedijatar.jpg","width":800,"height":533},{"@type":"BreadcrumbList","@id":"https:\/\/likemetkovic.hr\/portal\/plocanski-malisani-od-danas-nemaju-svoga-izabranog-lijecnika-rjesenje-se-nudi-u-vrgorcu\/#breadcrumb","itemListElement":[{"@type":"ListItem","position":1,"name":"Po\u010detna stranica","item":"https:\/\/likemetkovic.hr\/portal\/"},{"@type":"ListItem","position":2,"name":"Plo\u010danski mali\u0161ani od danas nemaju svoga izabranog lije\u010dnika. Rje\u0161enje se nudi u Vrgorcu"}]},{"@type":"WebSite","@id":"https:\/\/likemetkovic.hr\/#website","url":"https:\/\/likemetkovic.hr\/","name":"likemetkovic.hr","description":"Misli pozitivno... \u010ditaj LIKE","potentialAction":[{"@type":"SearchAction","target":{"@type":"EntryPoint","urlTemplate":"https:\/\/likemetkovic.hr\/?s={search_term_string}"},"query-input":{"@type":"PropertyValueSpecification","valueRequired":true,"valueName":"search_term_string"}}],"inLanguage":"hr"},{"@type":"Person","@id":"https:\/\/likemetkovic.hr\/#\/schema\/person\/a42711f3385a0e2be6f7e0443bfb28f0","name":"LIKEmetkovic.hr","sameAs":["http:\/\/likemetkovic.hr"],"url":"https:\/\/likemetkovic.hr\/portal\/author\/likemetkovic-hr\/"}]}},"_links":{"self":[{"href":"https:\/\/likemetkovic.hr\/portal\/wp-json\/wp\/v2\/posts\/138484","targetHints":{"allow":["GET"]}}],"collection":[{"href":"https:\/\/likemetkovic.hr\/portal\/wp-json\/wp\/v2\/posts"}],"about":[{"href":"https:\/\/likemetkovic.hr\/portal\/wp-json\/wp\/v2\/types\/post"}],"author":[{"embeddable":true,"href":"https:\/\/likemetkovic.hr\/portal\/wp-json\/wp\/v2\/users\/7"}],"replies":[{"embeddable":true,"href":"https:\/\/likemetkovic.hr\/portal\/wp-json\/wp\/v2\/comments?post=138484"}],"version-history":[{"count":1,"href":"https:\/\/likemetkovic.hr\/portal\/wp-json\/wp\/v2\/posts\/138484\/revisions"}],"predecessor-version":[{"id":138485,"href":"https:\/\/likemetkovic.hr\/portal\/wp-json\/wp\/v2\/posts\/138484\/revisions\/138485"}],"wp:featuredmedia":[{"embeddable":true,"href":"https:\/\/likemetkovic.hr\/portal\/wp-json\/wp\/v2\/media\/82626"}],"wp:attachment":[{"href":"https:\/\/likemetkovic.hr\/portal\/wp-json\/wp\/v2\/media?parent=138484"}],"wp:term":[{"taxonomy":"category","embeddable":true,"href":"https:\/\/likemetkovic.hr\/portal\/wp-json\/wp\/v2\/categories?post=138484"},{"taxonomy":"post_tag","embeddable":true,"href":"https:\/\/likemetkovic.hr\/portal\/wp-json\/wp\/v2\/tags?post=138484"}],"curies":[{"name":"wp","href":"https:\/\/api.w.org\/{rel}","templated":true}]}}