{"id":138919,"date":"2022-12-16T17:01:41","date_gmt":"2022-12-16T16:01:41","guid":{"rendered":"https:\/\/likemetkovic.hr\/portal\/?p=138919"},"modified":"2022-12-16T17:04:11","modified_gmt":"2022-12-16T16:04:11","slug":"laura-soce-je-slijepa-i-ima-cerebralnu-paralizu-zavrsila-je-fakultet-moj-tata-je-sa-mnom-ucio","status":"publish","type":"post","link":"https:\/\/likemetkovic.hr\/portal\/laura-soce-je-slijepa-i-ima-cerebralnu-paralizu-zavrsila-je-fakultet-moj-tata-je-sa-mnom-ucio\/","title":{"rendered":"Laura So\u010de je slijepa i ima cerebralnu paralizu, zavr\u0161ila je fakultet: &#8216;Moj tata je sa mnom u\u010dio&#8217;"},"content":{"rendered":"<p><strong>Laura So\u010de<\/strong>, \u010diji su roditelji iz Metkovi\u0107a, je prvostupnica teologije. Zavr\u0161ila je fakultet uz pomo\u0107 svog oca unato\u010d tome \u0161to je slijepa i ima cerebralnu paralizu. Nije imala osobnog asistenta. Emotivni govor rasplakao je okupljene prosvjednike&#8230;, objavio je <a href=\"https:\/\/www.24sata.hr\/news\/laura-je-slijepa-i-ima-cerebralnu-paralizu-zavrsila-je-fakultet-moj-tata-je-sa-mnom-ucio-879886\" target=\"_blank\" rel=\"noopener\">24sata<\/a>.<\/p>\n<p>Prosvjed osoba s invaliditetom i roditelja djece s te\u0161ko\u0107ama zapo\u010deo je na Markovom trgu u 12 sati. Okupljenima su se obratili roditelji djece s te\u0161ko\u0107ama, ali i osobe s invaliditetom koji tra\u017ee pravedniji Zakon o osobnim asistentima.<\/p>\n<p>Okupljenim prosvjednicima obratila se i Laura, 25-godi\u0161njakinja koja ima cerebralnu paralizu i potpuno je slijepa.<\/p>\n<p>&#8211; Znam da ste se okupili zbog iste problematike s kojom se ja suo\u010davam &#8211; zapo\u010dela je Laura.<\/p>\n<p>&#8211; Pitali su me za\u0161to mi treba osobni asistent, rekla sam im da moji roditelji trebaju imati normalan \u017eivot. Institucije nam to uskra\u0107uju, za\u0161to nam to radite? Za\u0161to nam ne omogu\u0107ite normalan \u017eivot koji zaslu\u017euje svaka normalna osoba? Glumite da ste uz nas. Meni su \u010desto govorili da od mene ne\u0107e biti ni\u0161ta, pogledajte me danas. Ja sam prvostupnica teologije, unato\u010d cerebralnoj paralizi, pokazujem da se treba boriti &#8211; ispri\u010dala je Laura So\u010de.<\/p>\n<p><img decoding=\"async\" class=\"alignnone size-medium wp-image-138920\" src=\"https:\/\/likemetkovic.hr\/portal\/wp-content\/uploads\/2022\/12\/lara-soce-800x450.jpg\" alt=\"\" width=\"800\" height=\"450\" srcset=\"https:\/\/likemetkovic.hr\/portal\/wp-content\/uploads\/2022\/12\/lara-soce-800x450.jpg 800w, https:\/\/likemetkovic.hr\/portal\/wp-content\/uploads\/2022\/12\/lara-soce-768x432.jpg 768w, https:\/\/likemetkovic.hr\/portal\/wp-content\/uploads\/2022\/12\/lara-soce-150x84.jpg 150w, https:\/\/likemetkovic.hr\/portal\/wp-content\/uploads\/2022\/12\/lara-soce-300x169.jpg 300w, https:\/\/likemetkovic.hr\/portal\/wp-content\/uploads\/2022\/12\/lara-soce-696x391.jpg 696w, https:\/\/likemetkovic.hr\/portal\/wp-content\/uploads\/2022\/12\/lara-soce-747x420.jpg 747w, https:\/\/likemetkovic.hr\/portal\/wp-content\/uploads\/2022\/12\/lara-soce.jpg 900w\" sizes=\"(max-width: 800px) 100vw, 800px\" \/><\/p>\n<p>&#8211; Postavljam pitanje Pileti\u0107u kako bi vama bilo da s vama na fakultetu sjedi tata i da on mora u\u010diti&#8230; A vi imate pravo na osobnog asistenta. Dragi moji ljudi, poru\u010dujem vam, ne odustajte od va\u0161e djece iako vam govore da od njih ne\u0107e biti ni\u0161ta, nego dignite glavu i borite se &#8211; poru\u010dila je Laura.<\/p>\n<p>&#8211; Bilo je jako te\u0161ko. Padala sam tri godine maturu, govorili su mi da od mene ne\u0107e biti ni\u0161ta &#8211; ispri\u010dala nam je Laura.<\/p>\n<p>Video njezina obra\u0107anja mo\u017eete pogledati na portalu <a href=\"https:\/\/www.24sata.hr\/news\/laura-je-slijepa-i-ima-cerebralnu-paralizu-zavrsila-je-fakultet-moj-tata-je-sa-mnom-ucio-879886\" target=\"_blank\" rel=\"noopener\">24sata<\/a>.<\/p>\n","protected":false},"excerpt":{"rendered":"<p>Laura So\u010de, \u010diji su roditelji iz Metkovi\u0107a, je prvostupnica teologije. Zavr\u0161ila je fakultet uz pomo\u0107 svog oca unato\u010d tome \u0161to je slijepa i ima cerebralnu paralizu. Nije imala osobnog asistenta. Emotivni govor rasplakao je okupljene prosvjednike&#8230;, objavio je 24sata. Prosvjed osoba s invaliditetom i roditelja djece s te\u0161ko\u0107ama zapo\u010deo je na Markovom trgu u 12 [&hellip;]<\/p>\n","protected":false},"author":7,"featured_media":138920,"comment_status":"open","ping_status":"open","sticky":false,"template":"","format":"standard","meta":{"footnotes":""},"categories":[296,1027],"tags":[11315,1525,1887],"class_list":{"0":"post-138919","1":"post","2":"type-post","3":"status-publish","4":"format-standard","5":"has-post-thumbnail","7":"category-ab","8":"category-hrvatska","9":"tag-lara-soce","10":"tag-osobe-s-invaliditetom","11":"tag-prosvjed"},"yoast_head":"<!-- This site is optimized with the Yoast SEO plugin v25.2 - https:\/\/yoast.com\/wordpress\/plugins\/seo\/ -->\n<title>Laura So\u010de je slijepa i ima cerebralnu paralizu, zavr\u0161ila je fakultet: &#039;Moj tata je sa mnom u\u010dio&#039; - likemetkovic.hr<\/title>\n<meta name=\"robots\" content=\"index, follow, max-snippet:-1, max-image-preview:large, max-video-preview:-1\" \/>\n<link rel=\"canonical\" href=\"https:\/\/likemetkovic.hr\/portal\/laura-soce-je-slijepa-i-ima-cerebralnu-paralizu-zavrsila-je-fakultet-moj-tata-je-sa-mnom-ucio\/\" \/>\n<meta property=\"og:locale\" content=\"hr_HR\" \/>\n<meta property=\"og:type\" content=\"article\" \/>\n<meta property=\"og:title\" content=\"Laura So\u010de je slijepa i ima cerebralnu paralizu, zavr\u0161ila je fakultet: &#039;Moj tata je sa mnom u\u010dio&#039; - likemetkovic.hr\" \/>\n<meta property=\"og:description\" content=\"Laura So\u010de, \u010diji su roditelji iz Metkovi\u0107a, je prvostupnica teologije. Zavr\u0161ila je fakultet uz pomo\u0107 svog oca unato\u010d tome \u0161to je slijepa i ima cerebralnu paralizu. Nije imala osobnog asistenta. Emotivni govor rasplakao je okupljene prosvjednike&#8230;, objavio je 24sata. Prosvjed osoba s invaliditetom i roditelja djece s te\u0161ko\u0107ama zapo\u010deo je na Markovom trgu u 12 [&hellip;]\" \/>\n<meta property=\"og:url\" content=\"https:\/\/likemetkovic.hr\/portal\/laura-soce-je-slijepa-i-ima-cerebralnu-paralizu-zavrsila-je-fakultet-moj-tata-je-sa-mnom-ucio\/\" \/>\n<meta property=\"og:site_name\" content=\"likemetkovic.hr\" \/>\n<meta property=\"article:publisher\" content=\"https:\/\/www.facebook.com\/likemetkovic.hr\/\" \/>\n<meta property=\"article:published_time\" content=\"2022-12-16T16:01:41+00:00\" \/>\n<meta property=\"article:modified_time\" content=\"2022-12-16T16:04:11+00:00\" \/>\n<meta property=\"og:image\" content=\"https:\/\/likemetkovic.hr\/portal\/wp-content\/uploads\/2022\/12\/lara-soce.jpg\" \/>\n\t<meta property=\"og:image:width\" content=\"900\" \/>\n\t<meta property=\"og:image:height\" content=\"506\" \/>\n\t<meta property=\"og:image:type\" content=\"image\/jpeg\" \/>\n<meta name=\"author\" content=\"LIKEmetkovic.hr\" \/>\n<meta name=\"twitter:card\" content=\"summary_large_image\" \/>\n<meta name=\"twitter:label1\" content=\"Napisao\/la\" \/>\n\t<meta name=\"twitter:data1\" content=\"LIKEmetkovic.hr\" \/>\n\t<meta name=\"twitter:label2\" content=\"Procijenjeno vrijeme \u010ditanja\" \/>\n\t<meta name=\"twitter:data2\" content=\"2 minute\" \/>\n<script type=\"application\/ld+json\" class=\"yoast-schema-graph\">{\"@context\":\"https:\/\/schema.org\",\"@graph\":[{\"@type\":\"WebPage\",\"@id\":\"https:\/\/likemetkovic.hr\/portal\/laura-soce-je-slijepa-i-ima-cerebralnu-paralizu-zavrsila-je-fakultet-moj-tata-je-sa-mnom-ucio\/\",\"url\":\"https:\/\/likemetkovic.hr\/portal\/laura-soce-je-slijepa-i-ima-cerebralnu-paralizu-zavrsila-je-fakultet-moj-tata-je-sa-mnom-ucio\/\",\"name\":\"Laura So\u010de je slijepa i ima cerebralnu paralizu, zavr\u0161ila je fakultet: 'Moj tata je sa mnom u\u010dio' - likemetkovic.hr\",\"isPartOf\":{\"@id\":\"https:\/\/likemetkovic.hr\/#website\"},\"primaryImageOfPage\":{\"@id\":\"https:\/\/likemetkovic.hr\/portal\/laura-soce-je-slijepa-i-ima-cerebralnu-paralizu-zavrsila-je-fakultet-moj-tata-je-sa-mnom-ucio\/#primaryimage\"},\"image\":{\"@id\":\"https:\/\/likemetkovic.hr\/portal\/laura-soce-je-slijepa-i-ima-cerebralnu-paralizu-zavrsila-je-fakultet-moj-tata-je-sa-mnom-ucio\/#primaryimage\"},\"thumbnailUrl\":\"https:\/\/likemetkovic.hr\/portal\/wp-content\/uploads\/2022\/12\/lara-soce.jpg\",\"datePublished\":\"2022-12-16T16:01:41+00:00\",\"dateModified\":\"2022-12-16T16:04:11+00:00\",\"author\":{\"@id\":\"https:\/\/likemetkovic.hr\/#\/schema\/person\/a42711f3385a0e2be6f7e0443bfb28f0\"},\"breadcrumb\":{\"@id\":\"https:\/\/likemetkovic.hr\/portal\/laura-soce-je-slijepa-i-ima-cerebralnu-paralizu-zavrsila-je-fakultet-moj-tata-je-sa-mnom-ucio\/#breadcrumb\"},\"inLanguage\":\"hr\",\"potentialAction\":[{\"@type\":\"ReadAction\",\"target\":[\"https:\/\/likemetkovic.hr\/portal\/laura-soce-je-slijepa-i-ima-cerebralnu-paralizu-zavrsila-je-fakultet-moj-tata-je-sa-mnom-ucio\/\"]}]},{\"@type\":\"ImageObject\",\"inLanguage\":\"hr\",\"@id\":\"https:\/\/likemetkovic.hr\/portal\/laura-soce-je-slijepa-i-ima-cerebralnu-paralizu-zavrsila-je-fakultet-moj-tata-je-sa-mnom-ucio\/#primaryimage\",\"url\":\"https:\/\/likemetkovic.hr\/portal\/wp-content\/uploads\/2022\/12\/lara-soce.jpg\",\"contentUrl\":\"https:\/\/likemetkovic.hr\/portal\/wp-content\/uploads\/2022\/12\/lara-soce.jpg\",\"width\":900,\"height\":506},{\"@type\":\"BreadcrumbList\",\"@id\":\"https:\/\/likemetkovic.hr\/portal\/laura-soce-je-slijepa-i-ima-cerebralnu-paralizu-zavrsila-je-fakultet-moj-tata-je-sa-mnom-ucio\/#breadcrumb\",\"itemListElement\":[{\"@type\":\"ListItem\",\"position\":1,\"name\":\"Po\u010detna stranica\",\"item\":\"https:\/\/likemetkovic.hr\/portal\/\"},{\"@type\":\"ListItem\",\"position\":2,\"name\":\"Laura So\u010de je slijepa i ima cerebralnu paralizu, zavr\u0161ila je fakultet: &#8216;Moj tata je sa mnom u\u010dio&#8217;\"}]},{\"@type\":\"WebSite\",\"@id\":\"https:\/\/likemetkovic.hr\/#website\",\"url\":\"https:\/\/likemetkovic.hr\/\",\"name\":\"likemetkovic.hr\",\"description\":\"Misli pozitivno... \u010ditaj LIKE\",\"potentialAction\":[{\"@type\":\"SearchAction\",\"target\":{\"@type\":\"EntryPoint\",\"urlTemplate\":\"https:\/\/likemetkovic.hr\/?s={search_term_string}\"},\"query-input\":{\"@type\":\"PropertyValueSpecification\",\"valueRequired\":true,\"valueName\":\"search_term_string\"}}],\"inLanguage\":\"hr\"},{\"@type\":\"Person\",\"@id\":\"https:\/\/likemetkovic.hr\/#\/schema\/person\/a42711f3385a0e2be6f7e0443bfb28f0\",\"name\":\"LIKEmetkovic.hr\",\"sameAs\":[\"http:\/\/likemetkovic.hr\"],\"url\":\"https:\/\/likemetkovic.hr\/portal\/author\/likemetkovic-hr\/\"}]}<\/script>\n<!-- \/ Yoast SEO plugin. -->","yoast_head_json":{"title":"Laura So\u010de je slijepa i ima cerebralnu paralizu, zavr\u0161ila je fakultet: 'Moj tata je sa mnom u\u010dio' - likemetkovic.hr","robots":{"index":"index","follow":"follow","max-snippet":"max-snippet:-1","max-image-preview":"max-image-preview:large","max-video-preview":"max-video-preview:-1"},"canonical":"https:\/\/likemetkovic.hr\/portal\/laura-soce-je-slijepa-i-ima-cerebralnu-paralizu-zavrsila-je-fakultet-moj-tata-je-sa-mnom-ucio\/","og_locale":"hr_HR","og_type":"article","og_title":"Laura So\u010de je slijepa i ima cerebralnu paralizu, zavr\u0161ila je fakultet: 'Moj tata je sa mnom u\u010dio' - likemetkovic.hr","og_description":"Laura So\u010de, \u010diji su roditelji iz Metkovi\u0107a, je prvostupnica teologije. Zavr\u0161ila je fakultet uz pomo\u0107 svog oca unato\u010d tome \u0161to je slijepa i ima cerebralnu paralizu. Nije imala osobnog asistenta. Emotivni govor rasplakao je okupljene prosvjednike&#8230;, objavio je 24sata. Prosvjed osoba s invaliditetom i roditelja djece s te\u0161ko\u0107ama zapo\u010deo je na Markovom trgu u 12 [&hellip;]","og_url":"https:\/\/likemetkovic.hr\/portal\/laura-soce-je-slijepa-i-ima-cerebralnu-paralizu-zavrsila-je-fakultet-moj-tata-je-sa-mnom-ucio\/","og_site_name":"likemetkovic.hr","article_publisher":"https:\/\/www.facebook.com\/likemetkovic.hr\/","article_published_time":"2022-12-16T16:01:41+00:00","article_modified_time":"2022-12-16T16:04:11+00:00","og_image":[{"width":900,"height":506,"url":"https:\/\/likemetkovic.hr\/portal\/wp-content\/uploads\/2022\/12\/lara-soce.jpg","type":"image\/jpeg"}],"author":"LIKEmetkovic.hr","twitter_card":"summary_large_image","twitter_misc":{"Napisao\/la":"LIKEmetkovic.hr","Procijenjeno vrijeme \u010ditanja":"2 minute"},"schema":{"@context":"https:\/\/schema.org","@graph":[{"@type":"WebPage","@id":"https:\/\/likemetkovic.hr\/portal\/laura-soce-je-slijepa-i-ima-cerebralnu-paralizu-zavrsila-je-fakultet-moj-tata-je-sa-mnom-ucio\/","url":"https:\/\/likemetkovic.hr\/portal\/laura-soce-je-slijepa-i-ima-cerebralnu-paralizu-zavrsila-je-fakultet-moj-tata-je-sa-mnom-ucio\/","name":"Laura So\u010de je slijepa i ima cerebralnu paralizu, zavr\u0161ila je fakultet: 'Moj tata je sa mnom u\u010dio' - likemetkovic.hr","isPartOf":{"@id":"https:\/\/likemetkovic.hr\/#website"},"primaryImageOfPage":{"@id":"https:\/\/likemetkovic.hr\/portal\/laura-soce-je-slijepa-i-ima-cerebralnu-paralizu-zavrsila-je-fakultet-moj-tata-je-sa-mnom-ucio\/#primaryimage"},"image":{"@id":"https:\/\/likemetkovic.hr\/portal\/laura-soce-je-slijepa-i-ima-cerebralnu-paralizu-zavrsila-je-fakultet-moj-tata-je-sa-mnom-ucio\/#primaryimage"},"thumbnailUrl":"https:\/\/likemetkovic.hr\/portal\/wp-content\/uploads\/2022\/12\/lara-soce.jpg","datePublished":"2022-12-16T16:01:41+00:00","dateModified":"2022-12-16T16:04:11+00:00","author":{"@id":"https:\/\/likemetkovic.hr\/#\/schema\/person\/a42711f3385a0e2be6f7e0443bfb28f0"},"breadcrumb":{"@id":"https:\/\/likemetkovic.hr\/portal\/laura-soce-je-slijepa-i-ima-cerebralnu-paralizu-zavrsila-je-fakultet-moj-tata-je-sa-mnom-ucio\/#breadcrumb"},"inLanguage":"hr","potentialAction":[{"@type":"ReadAction","target":["https:\/\/likemetkovic.hr\/portal\/laura-soce-je-slijepa-i-ima-cerebralnu-paralizu-zavrsila-je-fakultet-moj-tata-je-sa-mnom-ucio\/"]}]},{"@type":"ImageObject","inLanguage":"hr","@id":"https:\/\/likemetkovic.hr\/portal\/laura-soce-je-slijepa-i-ima-cerebralnu-paralizu-zavrsila-je-fakultet-moj-tata-je-sa-mnom-ucio\/#primaryimage","url":"https:\/\/likemetkovic.hr\/portal\/wp-content\/uploads\/2022\/12\/lara-soce.jpg","contentUrl":"https:\/\/likemetkovic.hr\/portal\/wp-content\/uploads\/2022\/12\/lara-soce.jpg","width":900,"height":506},{"@type":"BreadcrumbList","@id":"https:\/\/likemetkovic.hr\/portal\/laura-soce-je-slijepa-i-ima-cerebralnu-paralizu-zavrsila-je-fakultet-moj-tata-je-sa-mnom-ucio\/#breadcrumb","itemListElement":[{"@type":"ListItem","position":1,"name":"Po\u010detna stranica","item":"https:\/\/likemetkovic.hr\/portal\/"},{"@type":"ListItem","position":2,"name":"Laura So\u010de je slijepa i ima cerebralnu paralizu, zavr\u0161ila je fakultet: &#8216;Moj tata je sa mnom u\u010dio&#8217;"}]},{"@type":"WebSite","@id":"https:\/\/likemetkovic.hr\/#website","url":"https:\/\/likemetkovic.hr\/","name":"likemetkovic.hr","description":"Misli pozitivno... \u010ditaj LIKE","potentialAction":[{"@type":"SearchAction","target":{"@type":"EntryPoint","urlTemplate":"https:\/\/likemetkovic.hr\/?s={search_term_string}"},"query-input":{"@type":"PropertyValueSpecification","valueRequired":true,"valueName":"search_term_string"}}],"inLanguage":"hr"},{"@type":"Person","@id":"https:\/\/likemetkovic.hr\/#\/schema\/person\/a42711f3385a0e2be6f7e0443bfb28f0","name":"LIKEmetkovic.hr","sameAs":["http:\/\/likemetkovic.hr"],"url":"https:\/\/likemetkovic.hr\/portal\/author\/likemetkovic-hr\/"}]}},"_links":{"self":[{"href":"https:\/\/likemetkovic.hr\/portal\/wp-json\/wp\/v2\/posts\/138919","targetHints":{"allow":["GET"]}}],"collection":[{"href":"https:\/\/likemetkovic.hr\/portal\/wp-json\/wp\/v2\/posts"}],"about":[{"href":"https:\/\/likemetkovic.hr\/portal\/wp-json\/wp\/v2\/types\/post"}],"author":[{"embeddable":true,"href":"https:\/\/likemetkovic.hr\/portal\/wp-json\/wp\/v2\/users\/7"}],"replies":[{"embeddable":true,"href":"https:\/\/likemetkovic.hr\/portal\/wp-json\/wp\/v2\/comments?post=138919"}],"version-history":[{"count":2,"href":"https:\/\/likemetkovic.hr\/portal\/wp-json\/wp\/v2\/posts\/138919\/revisions"}],"predecessor-version":[{"id":138922,"href":"https:\/\/likemetkovic.hr\/portal\/wp-json\/wp\/v2\/posts\/138919\/revisions\/138922"}],"wp:featuredmedia":[{"embeddable":true,"href":"https:\/\/likemetkovic.hr\/portal\/wp-json\/wp\/v2\/media\/138920"}],"wp:attachment":[{"href":"https:\/\/likemetkovic.hr\/portal\/wp-json\/wp\/v2\/media?parent=138919"}],"wp:term":[{"taxonomy":"category","embeddable":true,"href":"https:\/\/likemetkovic.hr\/portal\/wp-json\/wp\/v2\/categories?post=138919"},{"taxonomy":"post_tag","embeddable":true,"href":"https:\/\/likemetkovic.hr\/portal\/wp-json\/wp\/v2\/tags?post=138919"}],"curies":[{"name":"wp","href":"https:\/\/api.w.org\/{rel}","templated":true}]}}