{"id":139417,"date":"2023-01-01T11:38:41","date_gmt":"2023-01-01T10:38:41","guid":{"rendered":"https:\/\/likemetkovic.hr\/portal\/?p=139417"},"modified":"2023-01-01T11:39:24","modified_gmt":"2023-01-01T10:39:24","slug":"prvo-jutro-na-schengenskoj-granici-promet-je-slab-evo-kada-se-ocekuju-prve-guzve","status":"publish","type":"post","link":"https:\/\/likemetkovic.hr\/portal\/prvo-jutro-na-schengenskoj-granici-promet-je-slab-evo-kada-se-ocekuju-prve-guzve\/","title":{"rendered":"Prvo jutro na \u0161engenskoj granici: Promet je slab, evo kada se o\u010dekuju prve gu\u017eve"},"content":{"rendered":"<p>Prvog dana primjene \u0161engenskih pravila na grani\u010dnim prijelazima u Dolini Neretve nema nikakvih problema. Promet je iznimno slab, pro\u0111e tek neko osobno vozilo. Uglavnom lokalni stanovnici koji idu u novogodi\u0161nji posjet rodbini i prijateljima. Zna\u010dajniji promet na izlazu mo\u017ee se o\u010dekivati tek u utorak kada zavr\u0161ava produ\u017eeni novogodi\u0161nji vikend za gra\u0111ane BIH gdje se dr\u017eavni blagdani slave dva dana, a kad padnu u nedjelju onda se produ\u017euju za jo\u0161 jedan dan, pi\u0161e <a href=\"https:\/\/dubrovacki.slobodnadalmacija.hr\/dubrovnik\/zupanija\/neretva\/na-granicama-nigdje-nikoga-povecan-promet-se-ocekuje-tek-u-utorak-kada-u-bih-zavrsavaju-novogodisnji-praznici-1253273\" target=\"_blank\" rel=\"noopener\">Dubrova\u010dki vjesnik.<\/a><\/p>\n<p>Grani\u010dni re\u017eim je ostao isti za lokalno stanovni\u0161tvo iz pograni\u010dnog podru\u010dja te hrvatske dr\u017eavljane koji imaju stalno prebivali\u0161te u tre\u0107im zemljama (BiH, Srbija, Crna Gora). Za njih vrijede pravila kao i za gra\u0111ane Europske unije. Me\u0111utim promjena ima za dr\u017eavljane tre\u0107ih zemalja, kojima je \u0161engenskim pravilima ograni\u010den boravak u RH u trajanju od najvi\u0161e 90 dana. Primjena posebnog sustava kontrole putnika ETIAS koji tako\u0111er vrijedi za dr\u017eavljane tre\u0107ih zemalja je odgo\u0111ena do kraja ove godine pa gra\u0111ani BIH i dalje na ulazu u RH ne moraju platiti 7 eura.<\/p>\n<p>Prema \u0161engenskim pravilima dr\u017eavljani tre\u0107ih zemalja, dakle i BiH, u Hrvatskoj mogu boraviti kratkotrajno, ukoliko ispunjavaju sve propisane uvjete, u trajanju najvi\u0161e do 90 dana unutar razdoblja od 180 dana. Ako je osoba na \u0161engenskom prostoru boravila 90 dana, mora napustiti taj prostor, a du\u017eina prethodnog boravka ra\u010duna se za razdoblje 180 dana koje prethodi svakom danu boravka. Tako na primjer, ako je osoba u proteklih kalendarskih 180 dana boravila 45 dana na \u0161engenskom prostoru, ona mo\u017ee na podru\u010dju bilo koje dr\u017eave EU-a boraviti jo\u0161 45 dana-poja\u0161njavaju iz MUP-a RH.<\/p>\n<p>Vrijeme boravka se ra\u010duna pomo\u0107u takozvanog \u0161engenskog kalkulatora. U \u0161engenski kalkulator se upisuju svi datumi ulaska i izlaska iz Republike Hrvatske prema grani\u010dnim \u0161tambiljima otisnutim u putovnici u prethodnih 180 dana.<\/p>\n<p>Za vrijeme kratkotrajnog boravka dr\u017eavljanin tre\u0107e zemlje mora imati prijavljen smje\u0161taj.<\/p>\n<p>\u0160to se ti\u010de unosa u RH razli\u010ditih roba i hrane iz primjerice BiH tu se ni\u0161ta nije promijenilo sa ulaskom u Schengen. I dalje su na potpunoj zabrani meso i mlije\u010dni proizvodi. Me\u0111utim, mo\u017ee se unijeti ograni\u010dena koli\u010dina vo\u0107a i povr\u0107a te jaja, proizvoda od jaja i meda. Dopu\u0161tene su i ograni\u010dene koli\u010dine ribe i ribljih proizvoda.<\/p>\n<p>Pi\u0161e: Stanislav Soldo \/\u00a0<a href=\"https:\/\/dubrovacki.slobodnadalmacija.hr\/dubrovnik\/zupanija\/neretva\/na-granicama-nigdje-nikoga-povecan-promet-se-ocekuje-tek-u-utorak-kada-u-bih-zavrsavaju-novogodisnji-praznici-1253273\" target=\"_blank\" rel=\"noopener\">Dubrova\u010dki vjesnik<\/a><\/p>\n","protected":false},"excerpt":{"rendered":"<p>Prvog dana primjene \u0161engenskih pravila na grani\u010dnim prijelazima u Dolini Neretve nema nikakvih problema. Promet je iznimno slab, pro\u0111e tek neko osobno vozilo. Uglavnom lokalni stanovnici koji idu u novogodi\u0161nji posjet rodbini i prijateljima. Zna\u010dajniji promet na izlazu mo\u017ee se o\u010dekivati tek u utorak kada zavr\u0161ava produ\u017eeni novogodi\u0161nji vikend za gra\u0111ane BIH gdje se dr\u017eavni [&hellip;]<\/p>\n","protected":false},"author":7,"featured_media":48309,"comment_status":"open","ping_status":"open","sticky":false,"template":"","format":"standard","meta":{"footnotes":""},"categories":[296,1027],"tags":[10292],"class_list":{"0":"post-139417","1":"post","2":"type-post","3":"status-publish","4":"format-standard","5":"has-post-thumbnail","7":"category-ab","8":"category-hrvatska","9":"tag-sengenski-prostor"},"yoast_head":"<!-- This site is optimized with the Yoast SEO plugin v25.2 - https:\/\/yoast.com\/wordpress\/plugins\/seo\/ -->\n<title>Prvo jutro na \u0161engenskoj granici: Promet je slab, evo kada se o\u010dekuju prve gu\u017eve - likemetkovic.hr<\/title>\n<meta name=\"robots\" content=\"index, follow, max-snippet:-1, max-image-preview:large, max-video-preview:-1\" \/>\n<link rel=\"canonical\" href=\"https:\/\/likemetkovic.hr\/portal\/prvo-jutro-na-schengenskoj-granici-promet-je-slab-evo-kada-se-ocekuju-prve-guzve\/\" \/>\n<meta property=\"og:locale\" content=\"hr_HR\" \/>\n<meta property=\"og:type\" content=\"article\" \/>\n<meta property=\"og:title\" content=\"Prvo jutro na \u0161engenskoj granici: Promet je slab, evo kada se o\u010dekuju prve gu\u017eve - likemetkovic.hr\" \/>\n<meta property=\"og:description\" content=\"Prvog dana primjene \u0161engenskih pravila na grani\u010dnim prijelazima u Dolini Neretve nema nikakvih problema. Promet je iznimno slab, pro\u0111e tek neko osobno vozilo. Uglavnom lokalni stanovnici koji idu u novogodi\u0161nji posjet rodbini i prijateljima. Zna\u010dajniji promet na izlazu mo\u017ee se o\u010dekivati tek u utorak kada zavr\u0161ava produ\u017eeni novogodi\u0161nji vikend za gra\u0111ane BIH gdje se dr\u017eavni [&hellip;]\" \/>\n<meta property=\"og:url\" content=\"https:\/\/likemetkovic.hr\/portal\/prvo-jutro-na-schengenskoj-granici-promet-je-slab-evo-kada-se-ocekuju-prve-guzve\/\" \/>\n<meta property=\"og:site_name\" content=\"likemetkovic.hr\" \/>\n<meta property=\"article:publisher\" content=\"https:\/\/www.facebook.com\/likemetkovic.hr\/\" \/>\n<meta property=\"article:published_time\" content=\"2023-01-01T10:38:41+00:00\" \/>\n<meta property=\"article:modified_time\" content=\"2023-01-01T10:39:24+00:00\" \/>\n<meta property=\"og:image\" content=\"https:\/\/likemetkovic.hr\/portal\/wp-content\/uploads\/2017\/10\/DSC_0252.jpg\" \/>\n\t<meta property=\"og:image:width\" content=\"900\" \/>\n\t<meta property=\"og:image:height\" content=\"600\" \/>\n\t<meta property=\"og:image:type\" content=\"image\/jpeg\" \/>\n<meta name=\"author\" content=\"LIKEmetkovic.hr\" \/>\n<meta name=\"twitter:card\" content=\"summary_large_image\" \/>\n<meta name=\"twitter:label1\" content=\"Napisao\/la\" \/>\n\t<meta name=\"twitter:data1\" content=\"LIKEmetkovic.hr\" \/>\n\t<meta name=\"twitter:label2\" content=\"Procijenjeno vrijeme \u010ditanja\" \/>\n\t<meta name=\"twitter:data2\" content=\"2 minute\" \/>\n<script type=\"application\/ld+json\" class=\"yoast-schema-graph\">{\"@context\":\"https:\/\/schema.org\",\"@graph\":[{\"@type\":\"WebPage\",\"@id\":\"https:\/\/likemetkovic.hr\/portal\/prvo-jutro-na-schengenskoj-granici-promet-je-slab-evo-kada-se-ocekuju-prve-guzve\/\",\"url\":\"https:\/\/likemetkovic.hr\/portal\/prvo-jutro-na-schengenskoj-granici-promet-je-slab-evo-kada-se-ocekuju-prve-guzve\/\",\"name\":\"Prvo jutro na \u0161engenskoj granici: Promet je slab, evo kada se o\u010dekuju prve gu\u017eve - likemetkovic.hr\",\"isPartOf\":{\"@id\":\"https:\/\/likemetkovic.hr\/#website\"},\"primaryImageOfPage\":{\"@id\":\"https:\/\/likemetkovic.hr\/portal\/prvo-jutro-na-schengenskoj-granici-promet-je-slab-evo-kada-se-ocekuju-prve-guzve\/#primaryimage\"},\"image\":{\"@id\":\"https:\/\/likemetkovic.hr\/portal\/prvo-jutro-na-schengenskoj-granici-promet-je-slab-evo-kada-se-ocekuju-prve-guzve\/#primaryimage\"},\"thumbnailUrl\":\"https:\/\/likemetkovic.hr\/portal\/wp-content\/uploads\/2017\/10\/DSC_0252.jpg\",\"datePublished\":\"2023-01-01T10:38:41+00:00\",\"dateModified\":\"2023-01-01T10:39:24+00:00\",\"author\":{\"@id\":\"https:\/\/likemetkovic.hr\/#\/schema\/person\/a42711f3385a0e2be6f7e0443bfb28f0\"},\"breadcrumb\":{\"@id\":\"https:\/\/likemetkovic.hr\/portal\/prvo-jutro-na-schengenskoj-granici-promet-je-slab-evo-kada-se-ocekuju-prve-guzve\/#breadcrumb\"},\"inLanguage\":\"hr\",\"potentialAction\":[{\"@type\":\"ReadAction\",\"target\":[\"https:\/\/likemetkovic.hr\/portal\/prvo-jutro-na-schengenskoj-granici-promet-je-slab-evo-kada-se-ocekuju-prve-guzve\/\"]}]},{\"@type\":\"ImageObject\",\"inLanguage\":\"hr\",\"@id\":\"https:\/\/likemetkovic.hr\/portal\/prvo-jutro-na-schengenskoj-granici-promet-je-slab-evo-kada-se-ocekuju-prve-guzve\/#primaryimage\",\"url\":\"https:\/\/likemetkovic.hr\/portal\/wp-content\/uploads\/2017\/10\/DSC_0252.jpg\",\"contentUrl\":\"https:\/\/likemetkovic.hr\/portal\/wp-content\/uploads\/2017\/10\/DSC_0252.jpg\",\"width\":900,\"height\":600},{\"@type\":\"BreadcrumbList\",\"@id\":\"https:\/\/likemetkovic.hr\/portal\/prvo-jutro-na-schengenskoj-granici-promet-je-slab-evo-kada-se-ocekuju-prve-guzve\/#breadcrumb\",\"itemListElement\":[{\"@type\":\"ListItem\",\"position\":1,\"name\":\"Po\u010detna stranica\",\"item\":\"https:\/\/likemetkovic.hr\/portal\/\"},{\"@type\":\"ListItem\",\"position\":2,\"name\":\"Prvo jutro na \u0161engenskoj granici: Promet je slab, evo kada se o\u010dekuju prve gu\u017eve\"}]},{\"@type\":\"WebSite\",\"@id\":\"https:\/\/likemetkovic.hr\/#website\",\"url\":\"https:\/\/likemetkovic.hr\/\",\"name\":\"likemetkovic.hr\",\"description\":\"Misli pozitivno... \u010ditaj LIKE\",\"potentialAction\":[{\"@type\":\"SearchAction\",\"target\":{\"@type\":\"EntryPoint\",\"urlTemplate\":\"https:\/\/likemetkovic.hr\/?s={search_term_string}\"},\"query-input\":{\"@type\":\"PropertyValueSpecification\",\"valueRequired\":true,\"valueName\":\"search_term_string\"}}],\"inLanguage\":\"hr\"},{\"@type\":\"Person\",\"@id\":\"https:\/\/likemetkovic.hr\/#\/schema\/person\/a42711f3385a0e2be6f7e0443bfb28f0\",\"name\":\"LIKEmetkovic.hr\",\"sameAs\":[\"http:\/\/likemetkovic.hr\"],\"url\":\"https:\/\/likemetkovic.hr\/portal\/author\/likemetkovic-hr\/\"}]}<\/script>\n<!-- \/ Yoast SEO plugin. -->","yoast_head_json":{"title":"Prvo jutro na \u0161engenskoj granici: Promet je slab, evo kada se o\u010dekuju prve gu\u017eve - likemetkovic.hr","robots":{"index":"index","follow":"follow","max-snippet":"max-snippet:-1","max-image-preview":"max-image-preview:large","max-video-preview":"max-video-preview:-1"},"canonical":"https:\/\/likemetkovic.hr\/portal\/prvo-jutro-na-schengenskoj-granici-promet-je-slab-evo-kada-se-ocekuju-prve-guzve\/","og_locale":"hr_HR","og_type":"article","og_title":"Prvo jutro na \u0161engenskoj granici: Promet je slab, evo kada se o\u010dekuju prve gu\u017eve - likemetkovic.hr","og_description":"Prvog dana primjene \u0161engenskih pravila na grani\u010dnim prijelazima u Dolini Neretve nema nikakvih problema. Promet je iznimno slab, pro\u0111e tek neko osobno vozilo. Uglavnom lokalni stanovnici koji idu u novogodi\u0161nji posjet rodbini i prijateljima. Zna\u010dajniji promet na izlazu mo\u017ee se o\u010dekivati tek u utorak kada zavr\u0161ava produ\u017eeni novogodi\u0161nji vikend za gra\u0111ane BIH gdje se dr\u017eavni [&hellip;]","og_url":"https:\/\/likemetkovic.hr\/portal\/prvo-jutro-na-schengenskoj-granici-promet-je-slab-evo-kada-se-ocekuju-prve-guzve\/","og_site_name":"likemetkovic.hr","article_publisher":"https:\/\/www.facebook.com\/likemetkovic.hr\/","article_published_time":"2023-01-01T10:38:41+00:00","article_modified_time":"2023-01-01T10:39:24+00:00","og_image":[{"width":900,"height":600,"url":"https:\/\/likemetkovic.hr\/portal\/wp-content\/uploads\/2017\/10\/DSC_0252.jpg","type":"image\/jpeg"}],"author":"LIKEmetkovic.hr","twitter_card":"summary_large_image","twitter_misc":{"Napisao\/la":"LIKEmetkovic.hr","Procijenjeno vrijeme \u010ditanja":"2 minute"},"schema":{"@context":"https:\/\/schema.org","@graph":[{"@type":"WebPage","@id":"https:\/\/likemetkovic.hr\/portal\/prvo-jutro-na-schengenskoj-granici-promet-je-slab-evo-kada-se-ocekuju-prve-guzve\/","url":"https:\/\/likemetkovic.hr\/portal\/prvo-jutro-na-schengenskoj-granici-promet-je-slab-evo-kada-se-ocekuju-prve-guzve\/","name":"Prvo jutro na \u0161engenskoj granici: Promet je slab, evo kada se o\u010dekuju prve gu\u017eve - likemetkovic.hr","isPartOf":{"@id":"https:\/\/likemetkovic.hr\/#website"},"primaryImageOfPage":{"@id":"https:\/\/likemetkovic.hr\/portal\/prvo-jutro-na-schengenskoj-granici-promet-je-slab-evo-kada-se-ocekuju-prve-guzve\/#primaryimage"},"image":{"@id":"https:\/\/likemetkovic.hr\/portal\/prvo-jutro-na-schengenskoj-granici-promet-je-slab-evo-kada-se-ocekuju-prve-guzve\/#primaryimage"},"thumbnailUrl":"https:\/\/likemetkovic.hr\/portal\/wp-content\/uploads\/2017\/10\/DSC_0252.jpg","datePublished":"2023-01-01T10:38:41+00:00","dateModified":"2023-01-01T10:39:24+00:00","author":{"@id":"https:\/\/likemetkovic.hr\/#\/schema\/person\/a42711f3385a0e2be6f7e0443bfb28f0"},"breadcrumb":{"@id":"https:\/\/likemetkovic.hr\/portal\/prvo-jutro-na-schengenskoj-granici-promet-je-slab-evo-kada-se-ocekuju-prve-guzve\/#breadcrumb"},"inLanguage":"hr","potentialAction":[{"@type":"ReadAction","target":["https:\/\/likemetkovic.hr\/portal\/prvo-jutro-na-schengenskoj-granici-promet-je-slab-evo-kada-se-ocekuju-prve-guzve\/"]}]},{"@type":"ImageObject","inLanguage":"hr","@id":"https:\/\/likemetkovic.hr\/portal\/prvo-jutro-na-schengenskoj-granici-promet-je-slab-evo-kada-se-ocekuju-prve-guzve\/#primaryimage","url":"https:\/\/likemetkovic.hr\/portal\/wp-content\/uploads\/2017\/10\/DSC_0252.jpg","contentUrl":"https:\/\/likemetkovic.hr\/portal\/wp-content\/uploads\/2017\/10\/DSC_0252.jpg","width":900,"height":600},{"@type":"BreadcrumbList","@id":"https:\/\/likemetkovic.hr\/portal\/prvo-jutro-na-schengenskoj-granici-promet-je-slab-evo-kada-se-ocekuju-prve-guzve\/#breadcrumb","itemListElement":[{"@type":"ListItem","position":1,"name":"Po\u010detna stranica","item":"https:\/\/likemetkovic.hr\/portal\/"},{"@type":"ListItem","position":2,"name":"Prvo jutro na \u0161engenskoj granici: Promet je slab, evo kada se o\u010dekuju prve gu\u017eve"}]},{"@type":"WebSite","@id":"https:\/\/likemetkovic.hr\/#website","url":"https:\/\/likemetkovic.hr\/","name":"likemetkovic.hr","description":"Misli pozitivno... \u010ditaj LIKE","potentialAction":[{"@type":"SearchAction","target":{"@type":"EntryPoint","urlTemplate":"https:\/\/likemetkovic.hr\/?s={search_term_string}"},"query-input":{"@type":"PropertyValueSpecification","valueRequired":true,"valueName":"search_term_string"}}],"inLanguage":"hr"},{"@type":"Person","@id":"https:\/\/likemetkovic.hr\/#\/schema\/person\/a42711f3385a0e2be6f7e0443bfb28f0","name":"LIKEmetkovic.hr","sameAs":["http:\/\/likemetkovic.hr"],"url":"https:\/\/likemetkovic.hr\/portal\/author\/likemetkovic-hr\/"}]}},"_links":{"self":[{"href":"https:\/\/likemetkovic.hr\/portal\/wp-json\/wp\/v2\/posts\/139417","targetHints":{"allow":["GET"]}}],"collection":[{"href":"https:\/\/likemetkovic.hr\/portal\/wp-json\/wp\/v2\/posts"}],"about":[{"href":"https:\/\/likemetkovic.hr\/portal\/wp-json\/wp\/v2\/types\/post"}],"author":[{"embeddable":true,"href":"https:\/\/likemetkovic.hr\/portal\/wp-json\/wp\/v2\/users\/7"}],"replies":[{"embeddable":true,"href":"https:\/\/likemetkovic.hr\/portal\/wp-json\/wp\/v2\/comments?post=139417"}],"version-history":[{"count":2,"href":"https:\/\/likemetkovic.hr\/portal\/wp-json\/wp\/v2\/posts\/139417\/revisions"}],"predecessor-version":[{"id":139419,"href":"https:\/\/likemetkovic.hr\/portal\/wp-json\/wp\/v2\/posts\/139417\/revisions\/139419"}],"wp:featuredmedia":[{"embeddable":true,"href":"https:\/\/likemetkovic.hr\/portal\/wp-json\/wp\/v2\/media\/48309"}],"wp:attachment":[{"href":"https:\/\/likemetkovic.hr\/portal\/wp-json\/wp\/v2\/media?parent=139417"}],"wp:term":[{"taxonomy":"category","embeddable":true,"href":"https:\/\/likemetkovic.hr\/portal\/wp-json\/wp\/v2\/categories?post=139417"},{"taxonomy":"post_tag","embeddable":true,"href":"https:\/\/likemetkovic.hr\/portal\/wp-json\/wp\/v2\/tags?post=139417"}],"curies":[{"name":"wp","href":"https:\/\/api.w.org\/{rel}","templated":true}]}}