{"id":139507,"date":"2023-01-06T16:45:58","date_gmt":"2023-01-06T15:45:58","guid":{"rendered":"https:\/\/likemetkovic.hr\/portal\/?p=139507"},"modified":"2023-01-06T16:45:58","modified_gmt":"2023-01-06T15:45:58","slug":"duje-krsticevic-i-lara-boksic-medu-najboljim-mtb-biciklistima-u-2022-godini","status":"publish","type":"post","link":"https:\/\/likemetkovic.hr\/portal\/duje-krsticevic-i-lara-boksic-medu-najboljim-mtb-biciklistima-u-2022-godini\/","title":{"rendered":"Duje Krsti\u010devi\u0107 i Lara Bok\u0161i\u0107 me\u0111u najboljim MTB biciklistima u 2022. godini"},"content":{"rendered":"<p>Progla\u0161eni su najbolji MTB biciklisti za 2022 godinu. Me\u0111u najboljima su se na\u0161la i na\u0161a 2 dragulja Duje Krsti\u010devi\u0107 (U9M) i Lara Bok\u0161i\u0107 (U15W).<\/p>\n<p>\u010cestitke na\u0161im malim genijalcima, objavio je BK Metkovi\u0107.<\/p>\n<p><img decoding=\"async\" class=\"alignnone size-medium wp-image-139508\" src=\"https:\/\/likemetkovic.hr\/portal\/wp-content\/uploads\/2023\/01\/mtb-2022-640x800.jpg\" alt=\"\" width=\"640\" height=\"800\" srcset=\"https:\/\/likemetkovic.hr\/portal\/wp-content\/uploads\/2023\/01\/mtb-2022-640x800.jpg 640w, https:\/\/likemetkovic.hr\/portal\/wp-content\/uploads\/2023\/01\/mtb-2022-150x188.jpg 150w, https:\/\/likemetkovic.hr\/portal\/wp-content\/uploads\/2023\/01\/mtb-2022-300x375.jpg 300w, https:\/\/likemetkovic.hr\/portal\/wp-content\/uploads\/2023\/01\/mtb-2022-696x870.jpg 696w, https:\/\/likemetkovic.hr\/portal\/wp-content\/uploads\/2023\/01\/mtb-2022-336x420.jpg 336w, https:\/\/likemetkovic.hr\/portal\/wp-content\/uploads\/2023\/01\/mtb-2022.jpg 720w\" sizes=\"(max-width: 640px) 100vw, 640px\" \/><\/p>\n","protected":false},"excerpt":{"rendered":"<p>Progla\u0161eni su najbolji MTB biciklisti za 2022 godinu. Me\u0111u najboljima su se na\u0161la i na\u0161a 2 dragulja Duje Krsti\u010devi\u0107 (U9M) i Lara Bok\u0161i\u0107 (U15W). \u010cestitke na\u0161im malim genijalcima, objavio je BK Metkovi\u0107.<\/p>\n","protected":false},"author":7,"featured_media":139509,"comment_status":"open","ping_status":"open","sticky":false,"template":"","format":"standard","meta":{"footnotes":""},"categories":[283,34],"tags":[11350,11348,11349],"class_list":{"0":"post-139507","1":"post","2":"type-post","3":"status-publish","4":"format-standard","5":"has-post-thumbnail","7":"category-a","8":"category-biciklizam","9":"tag-duje-krsticevic","10":"tag-kb-metkovic","11":"tag-lara-boksic"},"yoast_head":"<!-- This site is optimized with the Yoast SEO plugin v25.2 - https:\/\/yoast.com\/wordpress\/plugins\/seo\/ -->\n<title>Duje Krsti\u010devi\u0107 i Lara Bok\u0161i\u0107 me\u0111u najboljim MTB biciklistima u 2022. godini - likemetkovic.hr<\/title>\n<meta name=\"robots\" content=\"index, follow, max-snippet:-1, max-image-preview:large, max-video-preview:-1\" \/>\n<link rel=\"canonical\" href=\"https:\/\/likemetkovic.hr\/portal\/duje-krsticevic-i-lara-boksic-medu-najboljim-mtb-biciklistima-u-2022-godini\/\" \/>\n<meta property=\"og:locale\" content=\"hr_HR\" \/>\n<meta property=\"og:type\" content=\"article\" \/>\n<meta property=\"og:title\" content=\"Duje Krsti\u010devi\u0107 i Lara Bok\u0161i\u0107 me\u0111u najboljim MTB biciklistima u 2022. godini - likemetkovic.hr\" \/>\n<meta property=\"og:description\" content=\"Progla\u0161eni su najbolji MTB biciklisti za 2022 godinu. Me\u0111u najboljima su se na\u0161la i na\u0161a 2 dragulja Duje Krsti\u010devi\u0107 (U9M) i Lara Bok\u0161i\u0107 (U15W). \u010cestitke na\u0161im malim genijalcima, objavio je BK Metkovi\u0107.\" \/>\n<meta property=\"og:url\" content=\"https:\/\/likemetkovic.hr\/portal\/duje-krsticevic-i-lara-boksic-medu-najboljim-mtb-biciklistima-u-2022-godini\/\" \/>\n<meta property=\"og:site_name\" content=\"likemetkovic.hr\" \/>\n<meta property=\"article:publisher\" content=\"https:\/\/www.facebook.com\/likemetkovic.hr\/\" \/>\n<meta property=\"article:published_time\" content=\"2023-01-06T15:45:58+00:00\" \/>\n<meta property=\"og:image\" content=\"https:\/\/likemetkovic.hr\/portal\/wp-content\/uploads\/2023\/01\/mtb-metkovic.jpg\" \/>\n\t<meta property=\"og:image:width\" content=\"800\" \/>\n\t<meta property=\"og:image:height\" content=\"500\" \/>\n\t<meta property=\"og:image:type\" content=\"image\/jpeg\" \/>\n<meta name=\"author\" content=\"LIKEmetkovic.hr\" \/>\n<meta name=\"twitter:card\" content=\"summary_large_image\" \/>\n<meta name=\"twitter:label1\" content=\"Napisao\/la\" \/>\n\t<meta name=\"twitter:data1\" content=\"LIKEmetkovic.hr\" \/>\n\t<meta name=\"twitter:label2\" content=\"Procijenjeno vrijeme \u010ditanja\" \/>\n\t<meta name=\"twitter:data2\" content=\"1 minuta\" \/>\n<script type=\"application\/ld+json\" class=\"yoast-schema-graph\">{\"@context\":\"https:\/\/schema.org\",\"@graph\":[{\"@type\":\"WebPage\",\"@id\":\"https:\/\/likemetkovic.hr\/portal\/duje-krsticevic-i-lara-boksic-medu-najboljim-mtb-biciklistima-u-2022-godini\/\",\"url\":\"https:\/\/likemetkovic.hr\/portal\/duje-krsticevic-i-lara-boksic-medu-najboljim-mtb-biciklistima-u-2022-godini\/\",\"name\":\"Duje Krsti\u010devi\u0107 i Lara Bok\u0161i\u0107 me\u0111u najboljim MTB biciklistima u 2022. godini - likemetkovic.hr\",\"isPartOf\":{\"@id\":\"https:\/\/likemetkovic.hr\/#website\"},\"primaryImageOfPage\":{\"@id\":\"https:\/\/likemetkovic.hr\/portal\/duje-krsticevic-i-lara-boksic-medu-najboljim-mtb-biciklistima-u-2022-godini\/#primaryimage\"},\"image\":{\"@id\":\"https:\/\/likemetkovic.hr\/portal\/duje-krsticevic-i-lara-boksic-medu-najboljim-mtb-biciklistima-u-2022-godini\/#primaryimage\"},\"thumbnailUrl\":\"https:\/\/likemetkovic.hr\/portal\/wp-content\/uploads\/2023\/01\/mtb-metkovic.jpg\",\"datePublished\":\"2023-01-06T15:45:58+00:00\",\"author\":{\"@id\":\"https:\/\/likemetkovic.hr\/#\/schema\/person\/a42711f3385a0e2be6f7e0443bfb28f0\"},\"breadcrumb\":{\"@id\":\"https:\/\/likemetkovic.hr\/portal\/duje-krsticevic-i-lara-boksic-medu-najboljim-mtb-biciklistima-u-2022-godini\/#breadcrumb\"},\"inLanguage\":\"hr\",\"potentialAction\":[{\"@type\":\"ReadAction\",\"target\":[\"https:\/\/likemetkovic.hr\/portal\/duje-krsticevic-i-lara-boksic-medu-najboljim-mtb-biciklistima-u-2022-godini\/\"]}]},{\"@type\":\"ImageObject\",\"inLanguage\":\"hr\",\"@id\":\"https:\/\/likemetkovic.hr\/portal\/duje-krsticevic-i-lara-boksic-medu-najboljim-mtb-biciklistima-u-2022-godini\/#primaryimage\",\"url\":\"https:\/\/likemetkovic.hr\/portal\/wp-content\/uploads\/2023\/01\/mtb-metkovic.jpg\",\"contentUrl\":\"https:\/\/likemetkovic.hr\/portal\/wp-content\/uploads\/2023\/01\/mtb-metkovic.jpg\",\"width\":800,\"height\":500},{\"@type\":\"BreadcrumbList\",\"@id\":\"https:\/\/likemetkovic.hr\/portal\/duje-krsticevic-i-lara-boksic-medu-najboljim-mtb-biciklistima-u-2022-godini\/#breadcrumb\",\"itemListElement\":[{\"@type\":\"ListItem\",\"position\":1,\"name\":\"Po\u010detna stranica\",\"item\":\"https:\/\/likemetkovic.hr\/portal\/\"},{\"@type\":\"ListItem\",\"position\":2,\"name\":\"Duje Krsti\u010devi\u0107 i Lara Bok\u0161i\u0107 me\u0111u najboljim MTB biciklistima u 2022. godini\"}]},{\"@type\":\"WebSite\",\"@id\":\"https:\/\/likemetkovic.hr\/#website\",\"url\":\"https:\/\/likemetkovic.hr\/\",\"name\":\"likemetkovic.hr\",\"description\":\"Misli pozitivno... \u010ditaj LIKE\",\"potentialAction\":[{\"@type\":\"SearchAction\",\"target\":{\"@type\":\"EntryPoint\",\"urlTemplate\":\"https:\/\/likemetkovic.hr\/?s={search_term_string}\"},\"query-input\":{\"@type\":\"PropertyValueSpecification\",\"valueRequired\":true,\"valueName\":\"search_term_string\"}}],\"inLanguage\":\"hr\"},{\"@type\":\"Person\",\"@id\":\"https:\/\/likemetkovic.hr\/#\/schema\/person\/a42711f3385a0e2be6f7e0443bfb28f0\",\"name\":\"LIKEmetkovic.hr\",\"sameAs\":[\"http:\/\/likemetkovic.hr\"],\"url\":\"https:\/\/likemetkovic.hr\/portal\/author\/likemetkovic-hr\/\"}]}<\/script>\n<!-- \/ Yoast SEO plugin. -->","yoast_head_json":{"title":"Duje Krsti\u010devi\u0107 i Lara Bok\u0161i\u0107 me\u0111u najboljim MTB biciklistima u 2022. godini - likemetkovic.hr","robots":{"index":"index","follow":"follow","max-snippet":"max-snippet:-1","max-image-preview":"max-image-preview:large","max-video-preview":"max-video-preview:-1"},"canonical":"https:\/\/likemetkovic.hr\/portal\/duje-krsticevic-i-lara-boksic-medu-najboljim-mtb-biciklistima-u-2022-godini\/","og_locale":"hr_HR","og_type":"article","og_title":"Duje Krsti\u010devi\u0107 i Lara Bok\u0161i\u0107 me\u0111u najboljim MTB biciklistima u 2022. godini - likemetkovic.hr","og_description":"Progla\u0161eni su najbolji MTB biciklisti za 2022 godinu. Me\u0111u najboljima su se na\u0161la i na\u0161a 2 dragulja Duje Krsti\u010devi\u0107 (U9M) i Lara Bok\u0161i\u0107 (U15W). \u010cestitke na\u0161im malim genijalcima, objavio je BK Metkovi\u0107.","og_url":"https:\/\/likemetkovic.hr\/portal\/duje-krsticevic-i-lara-boksic-medu-najboljim-mtb-biciklistima-u-2022-godini\/","og_site_name":"likemetkovic.hr","article_publisher":"https:\/\/www.facebook.com\/likemetkovic.hr\/","article_published_time":"2023-01-06T15:45:58+00:00","og_image":[{"width":800,"height":500,"url":"https:\/\/likemetkovic.hr\/portal\/wp-content\/uploads\/2023\/01\/mtb-metkovic.jpg","type":"image\/jpeg"}],"author":"LIKEmetkovic.hr","twitter_card":"summary_large_image","twitter_misc":{"Napisao\/la":"LIKEmetkovic.hr","Procijenjeno vrijeme \u010ditanja":"1 minuta"},"schema":{"@context":"https:\/\/schema.org","@graph":[{"@type":"WebPage","@id":"https:\/\/likemetkovic.hr\/portal\/duje-krsticevic-i-lara-boksic-medu-najboljim-mtb-biciklistima-u-2022-godini\/","url":"https:\/\/likemetkovic.hr\/portal\/duje-krsticevic-i-lara-boksic-medu-najboljim-mtb-biciklistima-u-2022-godini\/","name":"Duje Krsti\u010devi\u0107 i Lara Bok\u0161i\u0107 me\u0111u najboljim MTB biciklistima u 2022. godini - likemetkovic.hr","isPartOf":{"@id":"https:\/\/likemetkovic.hr\/#website"},"primaryImageOfPage":{"@id":"https:\/\/likemetkovic.hr\/portal\/duje-krsticevic-i-lara-boksic-medu-najboljim-mtb-biciklistima-u-2022-godini\/#primaryimage"},"image":{"@id":"https:\/\/likemetkovic.hr\/portal\/duje-krsticevic-i-lara-boksic-medu-najboljim-mtb-biciklistima-u-2022-godini\/#primaryimage"},"thumbnailUrl":"https:\/\/likemetkovic.hr\/portal\/wp-content\/uploads\/2023\/01\/mtb-metkovic.jpg","datePublished":"2023-01-06T15:45:58+00:00","author":{"@id":"https:\/\/likemetkovic.hr\/#\/schema\/person\/a42711f3385a0e2be6f7e0443bfb28f0"},"breadcrumb":{"@id":"https:\/\/likemetkovic.hr\/portal\/duje-krsticevic-i-lara-boksic-medu-najboljim-mtb-biciklistima-u-2022-godini\/#breadcrumb"},"inLanguage":"hr","potentialAction":[{"@type":"ReadAction","target":["https:\/\/likemetkovic.hr\/portal\/duje-krsticevic-i-lara-boksic-medu-najboljim-mtb-biciklistima-u-2022-godini\/"]}]},{"@type":"ImageObject","inLanguage":"hr","@id":"https:\/\/likemetkovic.hr\/portal\/duje-krsticevic-i-lara-boksic-medu-najboljim-mtb-biciklistima-u-2022-godini\/#primaryimage","url":"https:\/\/likemetkovic.hr\/portal\/wp-content\/uploads\/2023\/01\/mtb-metkovic.jpg","contentUrl":"https:\/\/likemetkovic.hr\/portal\/wp-content\/uploads\/2023\/01\/mtb-metkovic.jpg","width":800,"height":500},{"@type":"BreadcrumbList","@id":"https:\/\/likemetkovic.hr\/portal\/duje-krsticevic-i-lara-boksic-medu-najboljim-mtb-biciklistima-u-2022-godini\/#breadcrumb","itemListElement":[{"@type":"ListItem","position":1,"name":"Po\u010detna stranica","item":"https:\/\/likemetkovic.hr\/portal\/"},{"@type":"ListItem","position":2,"name":"Duje Krsti\u010devi\u0107 i Lara Bok\u0161i\u0107 me\u0111u najboljim MTB biciklistima u 2022. godini"}]},{"@type":"WebSite","@id":"https:\/\/likemetkovic.hr\/#website","url":"https:\/\/likemetkovic.hr\/","name":"likemetkovic.hr","description":"Misli pozitivno... \u010ditaj LIKE","potentialAction":[{"@type":"SearchAction","target":{"@type":"EntryPoint","urlTemplate":"https:\/\/likemetkovic.hr\/?s={search_term_string}"},"query-input":{"@type":"PropertyValueSpecification","valueRequired":true,"valueName":"search_term_string"}}],"inLanguage":"hr"},{"@type":"Person","@id":"https:\/\/likemetkovic.hr\/#\/schema\/person\/a42711f3385a0e2be6f7e0443bfb28f0","name":"LIKEmetkovic.hr","sameAs":["http:\/\/likemetkovic.hr"],"url":"https:\/\/likemetkovic.hr\/portal\/author\/likemetkovic-hr\/"}]}},"_links":{"self":[{"href":"https:\/\/likemetkovic.hr\/portal\/wp-json\/wp\/v2\/posts\/139507","targetHints":{"allow":["GET"]}}],"collection":[{"href":"https:\/\/likemetkovic.hr\/portal\/wp-json\/wp\/v2\/posts"}],"about":[{"href":"https:\/\/likemetkovic.hr\/portal\/wp-json\/wp\/v2\/types\/post"}],"author":[{"embeddable":true,"href":"https:\/\/likemetkovic.hr\/portal\/wp-json\/wp\/v2\/users\/7"}],"replies":[{"embeddable":true,"href":"https:\/\/likemetkovic.hr\/portal\/wp-json\/wp\/v2\/comments?post=139507"}],"version-history":[{"count":1,"href":"https:\/\/likemetkovic.hr\/portal\/wp-json\/wp\/v2\/posts\/139507\/revisions"}],"predecessor-version":[{"id":139510,"href":"https:\/\/likemetkovic.hr\/portal\/wp-json\/wp\/v2\/posts\/139507\/revisions\/139510"}],"wp:featuredmedia":[{"embeddable":true,"href":"https:\/\/likemetkovic.hr\/portal\/wp-json\/wp\/v2\/media\/139509"}],"wp:attachment":[{"href":"https:\/\/likemetkovic.hr\/portal\/wp-json\/wp\/v2\/media?parent=139507"}],"wp:term":[{"taxonomy":"category","embeddable":true,"href":"https:\/\/likemetkovic.hr\/portal\/wp-json\/wp\/v2\/categories?post=139507"},{"taxonomy":"post_tag","embeddable":true,"href":"https:\/\/likemetkovic.hr\/portal\/wp-json\/wp\/v2\/tags?post=139507"}],"curies":[{"name":"wp","href":"https:\/\/api.w.org\/{rel}","templated":true}]}}