{"id":139522,"date":"2023-01-07T19:17:59","date_gmt":"2023-01-07T18:17:59","guid":{"rendered":"https:\/\/likemetkovic.hr\/portal\/?p=139522"},"modified":"2023-01-07T19:18:58","modified_gmt":"2023-01-07T18:18:58","slug":"veterani-neretve-u-zavrsnici-medunarodnog-turnira-u-beliscu","status":"publish","type":"post","link":"https:\/\/likemetkovic.hr\/portal\/veterani-neretve-u-zavrsnici-medunarodnog-turnira-u-beliscu\/","title":{"rendered":"Veterani Neretve u zavr\u0161nici me\u0111unarodnog turnira u Beli\u0161\u0107u"},"content":{"rendered":"<p>S dvije pobjede i dvije nerije\u0161ene utakmice veterani NK Neretve osvojili su prvo mjesto u vrlo izjedna\u010denoj skupini te osigurali polufinale i ponovnu borbu za medalje na tradicionalnom me\u0111unarodnom veteranskom turniru u Beli\u0161\u0107u.<\/p>\n<p>U polufinalu se sutra, u nedjelju, 8. sije\u010dnja u 10:00 sastaju NK Velebit Benkovac &#8211; Mijo Automobili Vi\u0161njevac, te u 10:30 NK Neretva Metkovi\u0107 &#8211; Policijska postaja Beli\u0161\u0107e. Utakmica za bron\u010danu medalju je u 11:20 te finale u 12:00 sati.<\/p>\n<div dir=\"auto\">NK Neretva: Zoran Bubalo (C), Danijel Le\u017eeni\u0107, Ivan Galov, <span class=\"xt0psk2\">Mi\u0161o Obradovi\u0107<\/span>, Goran Galov, <span class=\"xt0psk2\">Mile Bebi\u0107,\u00a0<\/span><span class=\"xt0psk2\">Nino \u0160e\u0161elj,\u00a0<\/span>Darko Glavan, Frane Jerkovi\u0107 i <span class=\"xt0psk2\">Drago Bezer. <\/span>Predstavnik mom\u010dadi je <span class=\"xt0psk2\">Boris Galov.<\/span><\/div>\n<div dir=\"auto\"><iframe style=\"border: none; overflow: hidden;\" src=\"https:\/\/www.facebook.com\/plugins\/post.php?href=https%3A%2F%2Fwww.facebook.com%2Fveterani.neretve%2Fposts%2Fpfbid02C7rZf2QbzMD5PHWdDGJnrj2PXxo7XSCUFSEmjy4vjJef7uDfWpsRTdW194e2vniwl&amp;show_text=true&amp;width=500\" width=\"500\" height=\"812\" frameborder=\"0\" scrolling=\"no\" allowfullscreen=\"allowfullscreen\"><\/iframe><\/div>\n","protected":false},"excerpt":{"rendered":"<p>S dvije pobjede i dvije nerije\u0161ene utakmice veterani NK Neretve osvojili su prvo mjesto u vrlo izjedna\u010denoj skupini te osigurali polufinale i ponovnu borbu za medalje na tradicionalnom me\u0111unarodnom veteranskom turniru u Beli\u0161\u0107u. U polufinalu se sutra, u nedjelju, 8. sije\u010dnja u 10:00 sastaju NK Velebit Benkovac &#8211; Mijo Automobili Vi\u0161njevac, te u 10:30 NK [&hellip;]<\/p>\n","protected":false},"author":7,"featured_media":139523,"comment_status":"open","ping_status":"open","sticky":false,"template":"","format":"standard","meta":{"footnotes":""},"categories":[283,30],"tags":[4576],"class_list":{"0":"post-139522","1":"post","2":"type-post","3":"status-publish","4":"format-standard","5":"has-post-thumbnail","7":"category-a","8":"category-nogomet","9":"tag-nk-neretva-veterani"},"yoast_head":"<!-- This site is optimized with the Yoast SEO plugin v25.2 - https:\/\/yoast.com\/wordpress\/plugins\/seo\/ -->\n<title>Veterani Neretve u zavr\u0161nici me\u0111unarodnog turnira u Beli\u0161\u0107u - likemetkovic.hr<\/title>\n<meta name=\"robots\" content=\"index, follow, max-snippet:-1, max-image-preview:large, max-video-preview:-1\" \/>\n<link rel=\"canonical\" href=\"https:\/\/likemetkovic.hr\/portal\/veterani-neretve-u-zavrsnici-medunarodnog-turnira-u-beliscu\/\" \/>\n<meta property=\"og:locale\" content=\"hr_HR\" \/>\n<meta property=\"og:type\" content=\"article\" \/>\n<meta property=\"og:title\" content=\"Veterani Neretve u zavr\u0161nici me\u0111unarodnog turnira u Beli\u0161\u0107u - likemetkovic.hr\" \/>\n<meta property=\"og:description\" content=\"S dvije pobjede i dvije nerije\u0161ene utakmice veterani NK Neretve osvojili su prvo mjesto u vrlo izjedna\u010denoj skupini te osigurali polufinale i ponovnu borbu za medalje na tradicionalnom me\u0111unarodnom veteranskom turniru u Beli\u0161\u0107u. U polufinalu se sutra, u nedjelju, 8. sije\u010dnja u 10:00 sastaju NK Velebit Benkovac &#8211; Mijo Automobili Vi\u0161njevac, te u 10:30 NK [&hellip;]\" \/>\n<meta property=\"og:url\" content=\"https:\/\/likemetkovic.hr\/portal\/veterani-neretve-u-zavrsnici-medunarodnog-turnira-u-beliscu\/\" \/>\n<meta property=\"og:site_name\" content=\"likemetkovic.hr\" \/>\n<meta property=\"article:publisher\" content=\"https:\/\/www.facebook.com\/likemetkovic.hr\/\" \/>\n<meta property=\"article:published_time\" content=\"2023-01-07T18:17:59+00:00\" \/>\n<meta property=\"article:modified_time\" content=\"2023-01-07T18:18:58+00:00\" \/>\n<meta property=\"og:image\" content=\"https:\/\/likemetkovic.hr\/portal\/wp-content\/uploads\/2023\/01\/nk-neretva-veterani2023.jpg\" \/>\n\t<meta property=\"og:image:width\" content=\"900\" \/>\n\t<meta property=\"og:image:height\" content=\"507\" \/>\n\t<meta property=\"og:image:type\" content=\"image\/jpeg\" \/>\n<meta name=\"author\" content=\"LIKEmetkovic.hr\" \/>\n<meta name=\"twitter:card\" content=\"summary_large_image\" \/>\n<meta name=\"twitter:label1\" content=\"Napisao\/la\" \/>\n\t<meta name=\"twitter:data1\" content=\"LIKEmetkovic.hr\" \/>\n\t<meta name=\"twitter:label2\" content=\"Procijenjeno vrijeme \u010ditanja\" \/>\n\t<meta name=\"twitter:data2\" content=\"1 minuta\" \/>\n<script type=\"application\/ld+json\" class=\"yoast-schema-graph\">{\"@context\":\"https:\/\/schema.org\",\"@graph\":[{\"@type\":\"WebPage\",\"@id\":\"https:\/\/likemetkovic.hr\/portal\/veterani-neretve-u-zavrsnici-medunarodnog-turnira-u-beliscu\/\",\"url\":\"https:\/\/likemetkovic.hr\/portal\/veterani-neretve-u-zavrsnici-medunarodnog-turnira-u-beliscu\/\",\"name\":\"Veterani Neretve u zavr\u0161nici me\u0111unarodnog turnira u Beli\u0161\u0107u - likemetkovic.hr\",\"isPartOf\":{\"@id\":\"https:\/\/likemetkovic.hr\/#website\"},\"primaryImageOfPage\":{\"@id\":\"https:\/\/likemetkovic.hr\/portal\/veterani-neretve-u-zavrsnici-medunarodnog-turnira-u-beliscu\/#primaryimage\"},\"image\":{\"@id\":\"https:\/\/likemetkovic.hr\/portal\/veterani-neretve-u-zavrsnici-medunarodnog-turnira-u-beliscu\/#primaryimage\"},\"thumbnailUrl\":\"https:\/\/likemetkovic.hr\/portal\/wp-content\/uploads\/2023\/01\/nk-neretva-veterani2023.jpg\",\"datePublished\":\"2023-01-07T18:17:59+00:00\",\"dateModified\":\"2023-01-07T18:18:58+00:00\",\"author\":{\"@id\":\"https:\/\/likemetkovic.hr\/#\/schema\/person\/a42711f3385a0e2be6f7e0443bfb28f0\"},\"breadcrumb\":{\"@id\":\"https:\/\/likemetkovic.hr\/portal\/veterani-neretve-u-zavrsnici-medunarodnog-turnira-u-beliscu\/#breadcrumb\"},\"inLanguage\":\"hr\",\"potentialAction\":[{\"@type\":\"ReadAction\",\"target\":[\"https:\/\/likemetkovic.hr\/portal\/veterani-neretve-u-zavrsnici-medunarodnog-turnira-u-beliscu\/\"]}]},{\"@type\":\"ImageObject\",\"inLanguage\":\"hr\",\"@id\":\"https:\/\/likemetkovic.hr\/portal\/veterani-neretve-u-zavrsnici-medunarodnog-turnira-u-beliscu\/#primaryimage\",\"url\":\"https:\/\/likemetkovic.hr\/portal\/wp-content\/uploads\/2023\/01\/nk-neretva-veterani2023.jpg\",\"contentUrl\":\"https:\/\/likemetkovic.hr\/portal\/wp-content\/uploads\/2023\/01\/nk-neretva-veterani2023.jpg\",\"width\":900,\"height\":507},{\"@type\":\"BreadcrumbList\",\"@id\":\"https:\/\/likemetkovic.hr\/portal\/veterani-neretve-u-zavrsnici-medunarodnog-turnira-u-beliscu\/#breadcrumb\",\"itemListElement\":[{\"@type\":\"ListItem\",\"position\":1,\"name\":\"Po\u010detna stranica\",\"item\":\"https:\/\/likemetkovic.hr\/portal\/\"},{\"@type\":\"ListItem\",\"position\":2,\"name\":\"Veterani Neretve u zavr\u0161nici me\u0111unarodnog turnira u Beli\u0161\u0107u\"}]},{\"@type\":\"WebSite\",\"@id\":\"https:\/\/likemetkovic.hr\/#website\",\"url\":\"https:\/\/likemetkovic.hr\/\",\"name\":\"likemetkovic.hr\",\"description\":\"Misli pozitivno... \u010ditaj LIKE\",\"potentialAction\":[{\"@type\":\"SearchAction\",\"target\":{\"@type\":\"EntryPoint\",\"urlTemplate\":\"https:\/\/likemetkovic.hr\/?s={search_term_string}\"},\"query-input\":{\"@type\":\"PropertyValueSpecification\",\"valueRequired\":true,\"valueName\":\"search_term_string\"}}],\"inLanguage\":\"hr\"},{\"@type\":\"Person\",\"@id\":\"https:\/\/likemetkovic.hr\/#\/schema\/person\/a42711f3385a0e2be6f7e0443bfb28f0\",\"name\":\"LIKEmetkovic.hr\",\"sameAs\":[\"http:\/\/likemetkovic.hr\"],\"url\":\"https:\/\/likemetkovic.hr\/portal\/author\/likemetkovic-hr\/\"}]}<\/script>\n<!-- \/ Yoast SEO plugin. -->","yoast_head_json":{"title":"Veterani Neretve u zavr\u0161nici me\u0111unarodnog turnira u Beli\u0161\u0107u - likemetkovic.hr","robots":{"index":"index","follow":"follow","max-snippet":"max-snippet:-1","max-image-preview":"max-image-preview:large","max-video-preview":"max-video-preview:-1"},"canonical":"https:\/\/likemetkovic.hr\/portal\/veterani-neretve-u-zavrsnici-medunarodnog-turnira-u-beliscu\/","og_locale":"hr_HR","og_type":"article","og_title":"Veterani Neretve u zavr\u0161nici me\u0111unarodnog turnira u Beli\u0161\u0107u - likemetkovic.hr","og_description":"S dvije pobjede i dvije nerije\u0161ene utakmice veterani NK Neretve osvojili su prvo mjesto u vrlo izjedna\u010denoj skupini te osigurali polufinale i ponovnu borbu za medalje na tradicionalnom me\u0111unarodnom veteranskom turniru u Beli\u0161\u0107u. U polufinalu se sutra, u nedjelju, 8. sije\u010dnja u 10:00 sastaju NK Velebit Benkovac &#8211; Mijo Automobili Vi\u0161njevac, te u 10:30 NK [&hellip;]","og_url":"https:\/\/likemetkovic.hr\/portal\/veterani-neretve-u-zavrsnici-medunarodnog-turnira-u-beliscu\/","og_site_name":"likemetkovic.hr","article_publisher":"https:\/\/www.facebook.com\/likemetkovic.hr\/","article_published_time":"2023-01-07T18:17:59+00:00","article_modified_time":"2023-01-07T18:18:58+00:00","og_image":[{"width":900,"height":507,"url":"https:\/\/likemetkovic.hr\/portal\/wp-content\/uploads\/2023\/01\/nk-neretva-veterani2023.jpg","type":"image\/jpeg"}],"author":"LIKEmetkovic.hr","twitter_card":"summary_large_image","twitter_misc":{"Napisao\/la":"LIKEmetkovic.hr","Procijenjeno vrijeme \u010ditanja":"1 minuta"},"schema":{"@context":"https:\/\/schema.org","@graph":[{"@type":"WebPage","@id":"https:\/\/likemetkovic.hr\/portal\/veterani-neretve-u-zavrsnici-medunarodnog-turnira-u-beliscu\/","url":"https:\/\/likemetkovic.hr\/portal\/veterani-neretve-u-zavrsnici-medunarodnog-turnira-u-beliscu\/","name":"Veterani Neretve u zavr\u0161nici me\u0111unarodnog turnira u Beli\u0161\u0107u - likemetkovic.hr","isPartOf":{"@id":"https:\/\/likemetkovic.hr\/#website"},"primaryImageOfPage":{"@id":"https:\/\/likemetkovic.hr\/portal\/veterani-neretve-u-zavrsnici-medunarodnog-turnira-u-beliscu\/#primaryimage"},"image":{"@id":"https:\/\/likemetkovic.hr\/portal\/veterani-neretve-u-zavrsnici-medunarodnog-turnira-u-beliscu\/#primaryimage"},"thumbnailUrl":"https:\/\/likemetkovic.hr\/portal\/wp-content\/uploads\/2023\/01\/nk-neretva-veterani2023.jpg","datePublished":"2023-01-07T18:17:59+00:00","dateModified":"2023-01-07T18:18:58+00:00","author":{"@id":"https:\/\/likemetkovic.hr\/#\/schema\/person\/a42711f3385a0e2be6f7e0443bfb28f0"},"breadcrumb":{"@id":"https:\/\/likemetkovic.hr\/portal\/veterani-neretve-u-zavrsnici-medunarodnog-turnira-u-beliscu\/#breadcrumb"},"inLanguage":"hr","potentialAction":[{"@type":"ReadAction","target":["https:\/\/likemetkovic.hr\/portal\/veterani-neretve-u-zavrsnici-medunarodnog-turnira-u-beliscu\/"]}]},{"@type":"ImageObject","inLanguage":"hr","@id":"https:\/\/likemetkovic.hr\/portal\/veterani-neretve-u-zavrsnici-medunarodnog-turnira-u-beliscu\/#primaryimage","url":"https:\/\/likemetkovic.hr\/portal\/wp-content\/uploads\/2023\/01\/nk-neretva-veterani2023.jpg","contentUrl":"https:\/\/likemetkovic.hr\/portal\/wp-content\/uploads\/2023\/01\/nk-neretva-veterani2023.jpg","width":900,"height":507},{"@type":"BreadcrumbList","@id":"https:\/\/likemetkovic.hr\/portal\/veterani-neretve-u-zavrsnici-medunarodnog-turnira-u-beliscu\/#breadcrumb","itemListElement":[{"@type":"ListItem","position":1,"name":"Po\u010detna stranica","item":"https:\/\/likemetkovic.hr\/portal\/"},{"@type":"ListItem","position":2,"name":"Veterani Neretve u zavr\u0161nici me\u0111unarodnog turnira u Beli\u0161\u0107u"}]},{"@type":"WebSite","@id":"https:\/\/likemetkovic.hr\/#website","url":"https:\/\/likemetkovic.hr\/","name":"likemetkovic.hr","description":"Misli pozitivno... \u010ditaj LIKE","potentialAction":[{"@type":"SearchAction","target":{"@type":"EntryPoint","urlTemplate":"https:\/\/likemetkovic.hr\/?s={search_term_string}"},"query-input":{"@type":"PropertyValueSpecification","valueRequired":true,"valueName":"search_term_string"}}],"inLanguage":"hr"},{"@type":"Person","@id":"https:\/\/likemetkovic.hr\/#\/schema\/person\/a42711f3385a0e2be6f7e0443bfb28f0","name":"LIKEmetkovic.hr","sameAs":["http:\/\/likemetkovic.hr"],"url":"https:\/\/likemetkovic.hr\/portal\/author\/likemetkovic-hr\/"}]}},"_links":{"self":[{"href":"https:\/\/likemetkovic.hr\/portal\/wp-json\/wp\/v2\/posts\/139522","targetHints":{"allow":["GET"]}}],"collection":[{"href":"https:\/\/likemetkovic.hr\/portal\/wp-json\/wp\/v2\/posts"}],"about":[{"href":"https:\/\/likemetkovic.hr\/portal\/wp-json\/wp\/v2\/types\/post"}],"author":[{"embeddable":true,"href":"https:\/\/likemetkovic.hr\/portal\/wp-json\/wp\/v2\/users\/7"}],"replies":[{"embeddable":true,"href":"https:\/\/likemetkovic.hr\/portal\/wp-json\/wp\/v2\/comments?post=139522"}],"version-history":[{"count":2,"href":"https:\/\/likemetkovic.hr\/portal\/wp-json\/wp\/v2\/posts\/139522\/revisions"}],"predecessor-version":[{"id":139525,"href":"https:\/\/likemetkovic.hr\/portal\/wp-json\/wp\/v2\/posts\/139522\/revisions\/139525"}],"wp:featuredmedia":[{"embeddable":true,"href":"https:\/\/likemetkovic.hr\/portal\/wp-json\/wp\/v2\/media\/139523"}],"wp:attachment":[{"href":"https:\/\/likemetkovic.hr\/portal\/wp-json\/wp\/v2\/media?parent=139522"}],"wp:term":[{"taxonomy":"category","embeddable":true,"href":"https:\/\/likemetkovic.hr\/portal\/wp-json\/wp\/v2\/categories?post=139522"},{"taxonomy":"post_tag","embeddable":true,"href":"https:\/\/likemetkovic.hr\/portal\/wp-json\/wp\/v2\/tags?post=139522"}],"curies":[{"name":"wp","href":"https:\/\/api.w.org\/{rel}","templated":true}]}}