{"id":139562,"date":"2023-01-10T09:56:54","date_gmt":"2023-01-10T08:56:54","guid":{"rendered":"https:\/\/likemetkovic.hr\/portal\/?p=139562"},"modified":"2023-01-10T09:56:54","modified_gmt":"2023-01-10T08:56:54","slug":"iz-mup-a-porucuju-kako-ce-pritisak-migranata-na-hrvatsku-granicu-rasti","status":"publish","type":"post","link":"https:\/\/likemetkovic.hr\/portal\/iz-mup-a-porucuju-kako-ce-pritisak-migranata-na-hrvatsku-granicu-rasti\/","title":{"rendered":"Iz MUP-a poru\u010duju kako \u0107e pritisak migranata na hrvatsku granicu rasti"},"content":{"rendered":"<p>Republika Hrvatska je du\u017ena \u0161tititi vanjsku granicu \u0160engenskog prostora, a imaju\u0107i u vidu broj migranata na zapadno-balkanskoj ruti za pretpostaviti je da \u0107e se migracijski pritisak na vanjsku granicu nastaviti. Ta \u010dinjenica nije ni na koji na\u010din povezana sa ulaskom Hrvatske u Schengen a dio vanjske granice koji je, sukladno analizi, izlo\u017een najve\u0107em migracijskom pritisku i to \u0107e i ostati, jest sjeverni i sjeverozapadni dio kopnene granice s Bosnom i Hercegovinom, pi\u0161e <a href=\"https:\/\/dubrovacki.slobodnadalmacija.hr\/dubrovnik\/vijesti\/hrvatska-i-svijet\/iz-mup-a-porucuju-kako-ce-pritisak-migranata-na-hrvatske-granice-rasti-evo-u-kojem-roku-moraju-napustiti-nasu-zemlju-ako-ih-se-uhvati-1255320\" target=\"_blank\" rel=\"noopener\">Dubrova\u010dki vjesnik<\/a>.<\/p>\n<p>Odgovor je to Ministarstva unutarnjih poslova Republike Hrvatske o novoj-staroj ulozi i obvezama policije nakon ulaska Hrvatske u prostor Schengena. Dodatni povod upitu bilo je nedavno nasukavanje napu\u0161tenog broda za kojeg se opravdano pretpostavilo da su ga koristili te negdje na pu\u010dini Jadrana napustili ilegalni migranti s podru\u010dja Bliskog ili Srednjeg istoka. Tu je pretpostavku potvrdio i MUP: nasukano plovilo u Brni na Kor\u010duli vjerojatno su koristili migranti, ali su ga napustili prije ulaska u teritorijalno more RH, s obzirom na to da radarski trag objekta pokazuje da je ono plutalo bez pogona i u teritorijalnom moru RH se nije doticalo drugih plovila.<\/p>\n<p><img decoding=\"async\" class=\"alignnone size-full wp-image-139563\" src=\"https:\/\/likemetkovic.hr\/portal\/wp-content\/uploads\/2023\/01\/brod-brno-korcula.jpg\" alt=\"\" width=\"800\" height=\"600\" srcset=\"https:\/\/likemetkovic.hr\/portal\/wp-content\/uploads\/2023\/01\/brod-brno-korcula.jpg 800w, https:\/\/likemetkovic.hr\/portal\/wp-content\/uploads\/2023\/01\/brod-brno-korcula-768x576.jpg 768w, https:\/\/likemetkovic.hr\/portal\/wp-content\/uploads\/2023\/01\/brod-brno-korcula-150x113.jpg 150w, https:\/\/likemetkovic.hr\/portal\/wp-content\/uploads\/2023\/01\/brod-brno-korcula-300x225.jpg 300w, https:\/\/likemetkovic.hr\/portal\/wp-content\/uploads\/2023\/01\/brod-brno-korcula-696x522.jpg 696w, https:\/\/likemetkovic.hr\/portal\/wp-content\/uploads\/2023\/01\/brod-brno-korcula-560x420.jpg 560w, https:\/\/likemetkovic.hr\/portal\/wp-content\/uploads\/2023\/01\/brod-brno-korcula-80x60.jpg 80w, https:\/\/likemetkovic.hr\/portal\/wp-content\/uploads\/2023\/01\/brod-brno-korcula-265x198.jpg 265w\" sizes=\"(max-width: 800px) 100vw, 800px\" \/><\/p>\n<p>Na upit \u0161to pretpostavljaju kako \u0107e se na odluku migranata da izaberu ulazak u Europsku Uniju preko granice Hrvatske odraziti pri\u010de koje, kako smo \u010duli, me\u0111u njima kolaju kako \u201dhrvatska policija vi\u0161e ne primjenjuje tzv. <em>push back<\/em>\u00a0metode nego migrantima izri\u010du mjere udaljenja u roku tjedan dana\u201d, iz Uprave za granicu MUP RH su nam ustvrdili kako \u201dhrvatska policija nikada nije primjenjivala <em>push back<\/em>\u00a0metode, ve\u0107 za\u0161titu granice sukladno \u010dlanku 13. Zakonika o \u0161engenskim granicama, \u0161to \u0107e i nadalje \u010diniti.<\/p>\n<p>Na\u010din postupanja policije prema migrantima je propisan Zakonom o strancima koji je uskla\u0111en s Direktivom o povratku te Zakonom o me\u0111unarodnoj i privremenoj u za\u0161titi- ustvrdili su iz spomenute Uprave za granicu te dodali kako se \u201dsukladno navedenim propisima, prema svim migrantima zate\u010denima na vanjskoj granici te migrantima koji izraze namjeru za me\u0111unarodnu za\u0161titu, provodi postupak identifikacije i registracije koji uklju\u010duje uzimanje otisaka prstiju za EURODAC te, ako migranti nastave putovanje prema drugim dr\u017eavama \u010dlanicama, bit \u0107e vra\u0107eni u Republiku Hrvatsku u readmisijskom ili dublinskom postupku\u201d. A migrantima koji ne izraze namjeru za me\u0111unarodnu za\u0161titu u pravilu se izdaje se rje\u0161enje o povratku s rokom za dragovoljni odlazak iz EGP-a\u201d.<\/p>\n<p>Za manje upu\u0107ene \u010ditatelje recimo i to kako \u201dEURODAC\u201d, odnosno European Asylum Dactyloscopy Database predstavlja bazu podataka otisaka prstiju Europske unije za identifikaciju osoba-tra\u017eitelja azila i svih osoba koje neregularno prelaze granicu.<\/p>\n<p>Pi\u0161e: Ahmet Kalajd\u017ei\u0107 \/ <a href=\"https:\/\/dubrovacki.slobodnadalmacija.hr\/dubrovnik\/vijesti\/hrvatska-i-svijet\/iz-mup-a-porucuju-kako-ce-pritisak-migranata-na-hrvatske-granice-rasti-evo-u-kojem-roku-moraju-napustiti-nasu-zemlju-ako-ih-se-uhvati-1255320\" target=\"_blank\" rel=\"noopener\">Dubrova\u010dki vjesnik<\/a><\/p>\n<p>&nbsp;<\/p>\n","protected":false},"excerpt":{"rendered":"<p>Republika Hrvatska je du\u017ena \u0161tititi vanjsku granicu \u0160engenskog prostora, a imaju\u0107i u vidu broj migranata na zapadno-balkanskoj ruti za pretpostaviti je da \u0107e se migracijski pritisak na vanjsku granicu nastaviti. Ta \u010dinjenica nije ni na koji na\u010din povezana sa ulaskom Hrvatske u Schengen a dio vanjske granice koji je, sukladno analizi, izlo\u017een najve\u0107em migracijskom pritisku [&hellip;]<\/p>\n","protected":false},"author":7,"featured_media":114374,"comment_status":"open","ping_status":"open","sticky":false,"template":"","format":"standard","meta":{"footnotes":""},"categories":[296,1027],"tags":[3488],"class_list":{"0":"post-139562","1":"post","2":"type-post","3":"status-publish","4":"format-standard","5":"has-post-thumbnail","7":"category-ab","8":"category-hrvatska","9":"tag-migranti"},"yoast_head":"<!-- This site is optimized with the Yoast SEO plugin v25.2 - https:\/\/yoast.com\/wordpress\/plugins\/seo\/ -->\n<title>Iz MUP-a poru\u010duju kako \u0107e pritisak migranata na hrvatsku granicu rasti - likemetkovic.hr<\/title>\n<meta name=\"robots\" content=\"index, follow, max-snippet:-1, max-image-preview:large, max-video-preview:-1\" \/>\n<link rel=\"canonical\" href=\"https:\/\/likemetkovic.hr\/portal\/iz-mup-a-porucuju-kako-ce-pritisak-migranata-na-hrvatsku-granicu-rasti\/\" \/>\n<meta property=\"og:locale\" content=\"hr_HR\" \/>\n<meta property=\"og:type\" content=\"article\" \/>\n<meta property=\"og:title\" content=\"Iz MUP-a poru\u010duju kako \u0107e pritisak migranata na hrvatsku granicu rasti - likemetkovic.hr\" \/>\n<meta property=\"og:description\" content=\"Republika Hrvatska je du\u017ena \u0161tititi vanjsku granicu \u0160engenskog prostora, a imaju\u0107i u vidu broj migranata na zapadno-balkanskoj ruti za pretpostaviti je da \u0107e se migracijski pritisak na vanjsku granicu nastaviti. Ta \u010dinjenica nije ni na koji na\u010din povezana sa ulaskom Hrvatske u Schengen a dio vanjske granice koji je, sukladno analizi, izlo\u017een najve\u0107em migracijskom pritisku [&hellip;]\" \/>\n<meta property=\"og:url\" content=\"https:\/\/likemetkovic.hr\/portal\/iz-mup-a-porucuju-kako-ce-pritisak-migranata-na-hrvatsku-granicu-rasti\/\" \/>\n<meta property=\"og:site_name\" content=\"likemetkovic.hr\" \/>\n<meta property=\"article:publisher\" content=\"https:\/\/www.facebook.com\/likemetkovic.hr\/\" \/>\n<meta property=\"article:published_time\" content=\"2023-01-10T08:56:54+00:00\" \/>\n<meta property=\"og:image\" content=\"https:\/\/likemetkovic.hr\/portal\/wp-content\/uploads\/2021\/03\/migranti-bih.jpg\" \/>\n\t<meta property=\"og:image:width\" content=\"810\" \/>\n\t<meta property=\"og:image:height\" content=\"515\" \/>\n\t<meta property=\"og:image:type\" content=\"image\/jpeg\" \/>\n<meta name=\"author\" content=\"LIKEmetkovic.hr\" \/>\n<meta name=\"twitter:card\" content=\"summary_large_image\" \/>\n<meta name=\"twitter:label1\" content=\"Napisao\/la\" \/>\n\t<meta name=\"twitter:data1\" content=\"LIKEmetkovic.hr\" \/>\n\t<meta name=\"twitter:label2\" content=\"Procijenjeno vrijeme \u010ditanja\" \/>\n\t<meta name=\"twitter:data2\" content=\"3 minute\" \/>\n<script type=\"application\/ld+json\" class=\"yoast-schema-graph\">{\"@context\":\"https:\/\/schema.org\",\"@graph\":[{\"@type\":\"WebPage\",\"@id\":\"https:\/\/likemetkovic.hr\/portal\/iz-mup-a-porucuju-kako-ce-pritisak-migranata-na-hrvatsku-granicu-rasti\/\",\"url\":\"https:\/\/likemetkovic.hr\/portal\/iz-mup-a-porucuju-kako-ce-pritisak-migranata-na-hrvatsku-granicu-rasti\/\",\"name\":\"Iz MUP-a poru\u010duju kako \u0107e pritisak migranata na hrvatsku granicu rasti - likemetkovic.hr\",\"isPartOf\":{\"@id\":\"https:\/\/likemetkovic.hr\/#website\"},\"primaryImageOfPage\":{\"@id\":\"https:\/\/likemetkovic.hr\/portal\/iz-mup-a-porucuju-kako-ce-pritisak-migranata-na-hrvatsku-granicu-rasti\/#primaryimage\"},\"image\":{\"@id\":\"https:\/\/likemetkovic.hr\/portal\/iz-mup-a-porucuju-kako-ce-pritisak-migranata-na-hrvatsku-granicu-rasti\/#primaryimage\"},\"thumbnailUrl\":\"https:\/\/likemetkovic.hr\/portal\/wp-content\/uploads\/2021\/03\/migranti-bih.jpg\",\"datePublished\":\"2023-01-10T08:56:54+00:00\",\"author\":{\"@id\":\"https:\/\/likemetkovic.hr\/#\/schema\/person\/a42711f3385a0e2be6f7e0443bfb28f0\"},\"breadcrumb\":{\"@id\":\"https:\/\/likemetkovic.hr\/portal\/iz-mup-a-porucuju-kako-ce-pritisak-migranata-na-hrvatsku-granicu-rasti\/#breadcrumb\"},\"inLanguage\":\"hr\",\"potentialAction\":[{\"@type\":\"ReadAction\",\"target\":[\"https:\/\/likemetkovic.hr\/portal\/iz-mup-a-porucuju-kako-ce-pritisak-migranata-na-hrvatsku-granicu-rasti\/\"]}]},{\"@type\":\"ImageObject\",\"inLanguage\":\"hr\",\"@id\":\"https:\/\/likemetkovic.hr\/portal\/iz-mup-a-porucuju-kako-ce-pritisak-migranata-na-hrvatsku-granicu-rasti\/#primaryimage\",\"url\":\"https:\/\/likemetkovic.hr\/portal\/wp-content\/uploads\/2021\/03\/migranti-bih.jpg\",\"contentUrl\":\"https:\/\/likemetkovic.hr\/portal\/wp-content\/uploads\/2021\/03\/migranti-bih.jpg\",\"width\":810,\"height\":515},{\"@type\":\"BreadcrumbList\",\"@id\":\"https:\/\/likemetkovic.hr\/portal\/iz-mup-a-porucuju-kako-ce-pritisak-migranata-na-hrvatsku-granicu-rasti\/#breadcrumb\",\"itemListElement\":[{\"@type\":\"ListItem\",\"position\":1,\"name\":\"Po\u010detna stranica\",\"item\":\"https:\/\/likemetkovic.hr\/portal\/\"},{\"@type\":\"ListItem\",\"position\":2,\"name\":\"Iz MUP-a poru\u010duju kako \u0107e pritisak migranata na hrvatsku granicu rasti\"}]},{\"@type\":\"WebSite\",\"@id\":\"https:\/\/likemetkovic.hr\/#website\",\"url\":\"https:\/\/likemetkovic.hr\/\",\"name\":\"likemetkovic.hr\",\"description\":\"Misli pozitivno... \u010ditaj LIKE\",\"potentialAction\":[{\"@type\":\"SearchAction\",\"target\":{\"@type\":\"EntryPoint\",\"urlTemplate\":\"https:\/\/likemetkovic.hr\/?s={search_term_string}\"},\"query-input\":{\"@type\":\"PropertyValueSpecification\",\"valueRequired\":true,\"valueName\":\"search_term_string\"}}],\"inLanguage\":\"hr\"},{\"@type\":\"Person\",\"@id\":\"https:\/\/likemetkovic.hr\/#\/schema\/person\/a42711f3385a0e2be6f7e0443bfb28f0\",\"name\":\"LIKEmetkovic.hr\",\"sameAs\":[\"http:\/\/likemetkovic.hr\"],\"url\":\"https:\/\/likemetkovic.hr\/portal\/author\/likemetkovic-hr\/\"}]}<\/script>\n<!-- \/ Yoast SEO plugin. -->","yoast_head_json":{"title":"Iz MUP-a poru\u010duju kako \u0107e pritisak migranata na hrvatsku granicu rasti - likemetkovic.hr","robots":{"index":"index","follow":"follow","max-snippet":"max-snippet:-1","max-image-preview":"max-image-preview:large","max-video-preview":"max-video-preview:-1"},"canonical":"https:\/\/likemetkovic.hr\/portal\/iz-mup-a-porucuju-kako-ce-pritisak-migranata-na-hrvatsku-granicu-rasti\/","og_locale":"hr_HR","og_type":"article","og_title":"Iz MUP-a poru\u010duju kako \u0107e pritisak migranata na hrvatsku granicu rasti - likemetkovic.hr","og_description":"Republika Hrvatska je du\u017ena \u0161tititi vanjsku granicu \u0160engenskog prostora, a imaju\u0107i u vidu broj migranata na zapadno-balkanskoj ruti za pretpostaviti je da \u0107e se migracijski pritisak na vanjsku granicu nastaviti. Ta \u010dinjenica nije ni na koji na\u010din povezana sa ulaskom Hrvatske u Schengen a dio vanjske granice koji je, sukladno analizi, izlo\u017een najve\u0107em migracijskom pritisku [&hellip;]","og_url":"https:\/\/likemetkovic.hr\/portal\/iz-mup-a-porucuju-kako-ce-pritisak-migranata-na-hrvatsku-granicu-rasti\/","og_site_name":"likemetkovic.hr","article_publisher":"https:\/\/www.facebook.com\/likemetkovic.hr\/","article_published_time":"2023-01-10T08:56:54+00:00","og_image":[{"width":810,"height":515,"url":"https:\/\/likemetkovic.hr\/portal\/wp-content\/uploads\/2021\/03\/migranti-bih.jpg","type":"image\/jpeg"}],"author":"LIKEmetkovic.hr","twitter_card":"summary_large_image","twitter_misc":{"Napisao\/la":"LIKEmetkovic.hr","Procijenjeno vrijeme \u010ditanja":"3 minute"},"schema":{"@context":"https:\/\/schema.org","@graph":[{"@type":"WebPage","@id":"https:\/\/likemetkovic.hr\/portal\/iz-mup-a-porucuju-kako-ce-pritisak-migranata-na-hrvatsku-granicu-rasti\/","url":"https:\/\/likemetkovic.hr\/portal\/iz-mup-a-porucuju-kako-ce-pritisak-migranata-na-hrvatsku-granicu-rasti\/","name":"Iz MUP-a poru\u010duju kako \u0107e pritisak migranata na hrvatsku granicu rasti - likemetkovic.hr","isPartOf":{"@id":"https:\/\/likemetkovic.hr\/#website"},"primaryImageOfPage":{"@id":"https:\/\/likemetkovic.hr\/portal\/iz-mup-a-porucuju-kako-ce-pritisak-migranata-na-hrvatsku-granicu-rasti\/#primaryimage"},"image":{"@id":"https:\/\/likemetkovic.hr\/portal\/iz-mup-a-porucuju-kako-ce-pritisak-migranata-na-hrvatsku-granicu-rasti\/#primaryimage"},"thumbnailUrl":"https:\/\/likemetkovic.hr\/portal\/wp-content\/uploads\/2021\/03\/migranti-bih.jpg","datePublished":"2023-01-10T08:56:54+00:00","author":{"@id":"https:\/\/likemetkovic.hr\/#\/schema\/person\/a42711f3385a0e2be6f7e0443bfb28f0"},"breadcrumb":{"@id":"https:\/\/likemetkovic.hr\/portal\/iz-mup-a-porucuju-kako-ce-pritisak-migranata-na-hrvatsku-granicu-rasti\/#breadcrumb"},"inLanguage":"hr","potentialAction":[{"@type":"ReadAction","target":["https:\/\/likemetkovic.hr\/portal\/iz-mup-a-porucuju-kako-ce-pritisak-migranata-na-hrvatsku-granicu-rasti\/"]}]},{"@type":"ImageObject","inLanguage":"hr","@id":"https:\/\/likemetkovic.hr\/portal\/iz-mup-a-porucuju-kako-ce-pritisak-migranata-na-hrvatsku-granicu-rasti\/#primaryimage","url":"https:\/\/likemetkovic.hr\/portal\/wp-content\/uploads\/2021\/03\/migranti-bih.jpg","contentUrl":"https:\/\/likemetkovic.hr\/portal\/wp-content\/uploads\/2021\/03\/migranti-bih.jpg","width":810,"height":515},{"@type":"BreadcrumbList","@id":"https:\/\/likemetkovic.hr\/portal\/iz-mup-a-porucuju-kako-ce-pritisak-migranata-na-hrvatsku-granicu-rasti\/#breadcrumb","itemListElement":[{"@type":"ListItem","position":1,"name":"Po\u010detna stranica","item":"https:\/\/likemetkovic.hr\/portal\/"},{"@type":"ListItem","position":2,"name":"Iz MUP-a poru\u010duju kako \u0107e pritisak migranata na hrvatsku granicu rasti"}]},{"@type":"WebSite","@id":"https:\/\/likemetkovic.hr\/#website","url":"https:\/\/likemetkovic.hr\/","name":"likemetkovic.hr","description":"Misli pozitivno... \u010ditaj LIKE","potentialAction":[{"@type":"SearchAction","target":{"@type":"EntryPoint","urlTemplate":"https:\/\/likemetkovic.hr\/?s={search_term_string}"},"query-input":{"@type":"PropertyValueSpecification","valueRequired":true,"valueName":"search_term_string"}}],"inLanguage":"hr"},{"@type":"Person","@id":"https:\/\/likemetkovic.hr\/#\/schema\/person\/a42711f3385a0e2be6f7e0443bfb28f0","name":"LIKEmetkovic.hr","sameAs":["http:\/\/likemetkovic.hr"],"url":"https:\/\/likemetkovic.hr\/portal\/author\/likemetkovic-hr\/"}]}},"_links":{"self":[{"href":"https:\/\/likemetkovic.hr\/portal\/wp-json\/wp\/v2\/posts\/139562","targetHints":{"allow":["GET"]}}],"collection":[{"href":"https:\/\/likemetkovic.hr\/portal\/wp-json\/wp\/v2\/posts"}],"about":[{"href":"https:\/\/likemetkovic.hr\/portal\/wp-json\/wp\/v2\/types\/post"}],"author":[{"embeddable":true,"href":"https:\/\/likemetkovic.hr\/portal\/wp-json\/wp\/v2\/users\/7"}],"replies":[{"embeddable":true,"href":"https:\/\/likemetkovic.hr\/portal\/wp-json\/wp\/v2\/comments?post=139562"}],"version-history":[{"count":1,"href":"https:\/\/likemetkovic.hr\/portal\/wp-json\/wp\/v2\/posts\/139562\/revisions"}],"predecessor-version":[{"id":139564,"href":"https:\/\/likemetkovic.hr\/portal\/wp-json\/wp\/v2\/posts\/139562\/revisions\/139564"}],"wp:featuredmedia":[{"embeddable":true,"href":"https:\/\/likemetkovic.hr\/portal\/wp-json\/wp\/v2\/media\/114374"}],"wp:attachment":[{"href":"https:\/\/likemetkovic.hr\/portal\/wp-json\/wp\/v2\/media?parent=139562"}],"wp:term":[{"taxonomy":"category","embeddable":true,"href":"https:\/\/likemetkovic.hr\/portal\/wp-json\/wp\/v2\/categories?post=139562"},{"taxonomy":"post_tag","embeddable":true,"href":"https:\/\/likemetkovic.hr\/portal\/wp-json\/wp\/v2\/tags?post=139562"}],"curies":[{"name":"wp","href":"https:\/\/api.w.org\/{rel}","templated":true}]}}