{"id":139663,"date":"2023-01-15T10:36:20","date_gmt":"2023-01-15T09:36:20","guid":{"rendered":"https:\/\/likemetkovic.hr\/portal\/?p=139663"},"modified":"2023-01-15T10:36:20","modified_gmt":"2023-01-15T09:36:20","slug":"stizu-lose-vijesti-za-privatne-iznamljivace-hoce-li-zbog-toga-poskupjeti-najam-apartmana","status":"publish","type":"post","link":"https:\/\/likemetkovic.hr\/portal\/stizu-lose-vijesti-za-privatne-iznamljivace-hoce-li-zbog-toga-poskupjeti-najam-apartmana\/","title":{"rendered":"Sti\u017eu lo\u0161e vijesti za privatne iznamljiva\u010de: Ho\u0107e li zbog toga poskupjeti najam apartmana?"},"content":{"rendered":"<p>Ho\u0107e li privatnim iznajmljiva\u010dima pasti zarada u idu\u0107im godinama!? Europska komisija najavljuje uvo\u0111enje PDV-a i za privatni smje\u0161taj. No, pitanje je kada i za koga, tako da se mali iznajmljiva\u010di izgleda ipak ne trebaju jo\u0161 zabrinjavati. Ono \u0161to im stvara glavobolju jest pau\u0161alni porez na dohodak koji je u nekim \u017eupanijama ve\u0107 drasti\u010dno porastao, primjerice u Splitu s 350 na 1500 po krevetu. Na Kvarneru je slika umiruju\u0107a za iznajmljiva\u010de. Porez je u Rijeci sko\u010dio s oko 300 na 450 kuna, no u ostatku \u017eupanije uglavnom je ostao isti. Kako iznajmljiva\u010di i turisti\u010dki radnici gledaju na eventualna pove\u0107anja poreznih davanja?<\/p>\n<p>Punat, zatvorene ku\u0107e, pusto mjesto. Jo\u0161 je nekoliko godi\u0161njih doba do turisti\u010dke vreve. Iznajmljiva\u010di broje novac boje\u0107i se da bi im ga mogla uzeti dr\u017eava. Ne di\u017eite nam porez, zavapili su i poru\u010dili \u2013 radije hvatajte \u201ckrivolovce\u201d.<\/p>\n<p>\u201cCijene su ve\u0107 visoke, zna\u010di trebala bi se dr\u017eava ili te institucije preusmjeriti vi\u0161e prema nelojalnim iznajmljiva\u010dima koji iznajmljuju pod nazivom prijatelja i rade nama konkurenciju, zna\u010di mi pla\u0107amo poreze, mi dajemo dr\u017eavi sve\u201d, rekao nam je\u00a0<strong>Zlatko Brusi\u0107<\/strong>, mali iznajmljiva\u010d, pi\u0161e\u00a0<a href=\"https:\/\/n1info.hr\/vijesti\/lose-vijesti-za-privatni-smjestaj-skocio-pausalni-porez-najavljuju-i-veci-pdv\/\" target=\"_blank\" rel=\"noopener noreferrer\">N1<\/a>.<\/p>\n<p>U javnosti kolaju dezinformacije i nepoznavanje materije, tvrde na otoku. Pove\u0107anjem poreza na dohodak ilegalci bi jo\u0161 vi\u0161e profitirali.<\/p>\n<p>\u201cZna\u010di tu imamo tri puta vi\u0161e kapaciteta u takozvanom nekomercijalnom smje\u0161taju, nego \u0161to imamo u kategoriziranom smje\u0161taju. Drugim rije\u010dima, svaki tre\u0107i kupac nekretnine u Hrvatskoj je stranac, ali i hrvatski gra\u0111ani bi radije iznajmljivali takve nekretnine kao da ih izmamljuju podstanaru. A to mo\u017ee biti svaki dr\u017eavljanin iz EU koji mo\u017ee 90 dana boraviti u Hrvatskoj, bez obaveze da se ovdje prijavljuje, da pla\u0107a turisti\u010dku pristojbu. I tu se onda ne pla\u0107a ni porez na dohodak\u201d, poja\u0161njava turisti\u010dki konzultant\u00a0<strong>Nedo Pinezi\u0107<\/strong>.<\/p>\n<p>Pau\u0161alni porez na dohodak tako u Puntu ostaje 300 kuna po krevetu. Postoje i druge metode kako do\u0107i do prihoda, ka\u017eu u tamo\u0161njoj turisti\u010dkoj zajednici.<\/p>\n<p>\u201cMoje osobno i profesionalno mi\u0161ljenje je da ne treba za sada optere\u0107ivati male iznajmljiva\u010de. Mo\u017eda se mo\u017ee urediti i na druge na\u010dine, da ih se obvezuje s brojem kreveta, gdje bi onda morali otvarati obrte\u201d, mi\u0161ljenja je direktor TZ Punat\u00a0<strong>Branko Karabai\u0107<\/strong>.<\/p>\n<p>Ima\u0161 vi\u0161e od 20 kreveta \u2013 ide\u0161 u obrtnike. Da svi nameti ostaju isti, potvr\u0111uje nam i na\u010delnik op\u0107ine.<\/p>\n<p>\u201cAko smo i htjeli promijeniti odluku za ovu godinu, to smo trebali napraviti do kraja pro\u0161le godine. Tako da na\u0161i iznajmljiva\u010di mogu biti mirni i sigurni da se do kraja ove godine u op\u0107ini Punat ne\u0107e mijenjati cijene, \u0161to se ti\u010de pau\u0161alnog poreza\u201d, kazao nam je na\u010delnik op\u0107ine\u00a0<strong>Daniel Str\u010di\u0107<\/strong>.<\/p>\n<p>A na pitanje je li on za to da se pau\u0161alni porez podigne, odgovara da u ovom trenutku nije: \u201cNe bih htio govoriti predaleko u budu\u0107nost jer ne znamo \u0161to nosi, ali sada kakvo je stanje, ja nisam da se cijene dignu.\u201d Vi\u0161e o temi na <a href=\"https:\/\/www.poslovni.hr\/hrvatska\/stizu-lose-vijesti-za-privatne-iznamljivace-hoce-li-zbog-toga-poskupjeti-najama-apartmana-4371500\">poslovni.hr<\/a>.<\/p>\n","protected":false},"excerpt":{"rendered":"<p>Ho\u0107e li privatnim iznajmljiva\u010dima pasti zarada u idu\u0107im godinama!? Europska komisija najavljuje uvo\u0111enje PDV-a i za privatni smje\u0161taj. No, pitanje je kada i za koga, tako da se mali iznajmljiva\u010di izgleda ipak ne trebaju jo\u0161 zabrinjavati. Ono \u0161to im stvara glavobolju jest pau\u0161alni porez na dohodak koji je u nekim \u017eupanijama ve\u0107 drasti\u010dno porastao, primjerice [&hellip;]<\/p>\n","protected":false},"author":8,"featured_media":103512,"comment_status":"open","ping_status":"open","sticky":false,"template":"","format":"standard","meta":{"footnotes":""},"categories":[296,1027,290],"tags":[],"class_list":{"0":"post-139663","1":"post","2":"type-post","3":"status-publish","4":"format-standard","5":"has-post-thumbnail","7":"category-ab","8":"category-hrvatska","9":"category-politika"},"yoast_head":"<!-- This site is optimized with the Yoast SEO plugin v25.2 - https:\/\/yoast.com\/wordpress\/plugins\/seo\/ -->\n<title>Sti\u017eu lo\u0161e vijesti za privatne iznamljiva\u010de: Ho\u0107e li zbog toga poskupjeti najam apartmana? - likemetkovic.hr<\/title>\n<meta name=\"robots\" content=\"index, follow, max-snippet:-1, max-image-preview:large, max-video-preview:-1\" \/>\n<link rel=\"canonical\" href=\"https:\/\/likemetkovic.hr\/portal\/stizu-lose-vijesti-za-privatne-iznamljivace-hoce-li-zbog-toga-poskupjeti-najam-apartmana\/\" \/>\n<meta property=\"og:locale\" content=\"hr_HR\" \/>\n<meta property=\"og:type\" content=\"article\" \/>\n<meta property=\"og:title\" content=\"Sti\u017eu lo\u0161e vijesti za privatne iznamljiva\u010de: Ho\u0107e li zbog toga poskupjeti najam apartmana? - likemetkovic.hr\" \/>\n<meta property=\"og:description\" content=\"Ho\u0107e li privatnim iznajmljiva\u010dima pasti zarada u idu\u0107im godinama!? Europska komisija najavljuje uvo\u0111enje PDV-a i za privatni smje\u0161taj. No, pitanje je kada i za koga, tako da se mali iznajmljiva\u010di izgleda ipak ne trebaju jo\u0161 zabrinjavati. Ono \u0161to im stvara glavobolju jest pau\u0161alni porez na dohodak koji je u nekim \u017eupanijama ve\u0107 drasti\u010dno porastao, primjerice [&hellip;]\" \/>\n<meta property=\"og:url\" content=\"https:\/\/likemetkovic.hr\/portal\/stizu-lose-vijesti-za-privatne-iznamljivace-hoce-li-zbog-toga-poskupjeti-najam-apartmana\/\" \/>\n<meta property=\"og:site_name\" content=\"likemetkovic.hr\" \/>\n<meta property=\"article:publisher\" content=\"https:\/\/www.facebook.com\/likemetkovic.hr\/\" \/>\n<meta property=\"article:published_time\" content=\"2023-01-15T09:36:20+00:00\" \/>\n<meta property=\"og:image\" content=\"https:\/\/likemetkovic.hr\/portal\/wp-content\/uploads\/2020\/06\/apartmani.jpg\" \/>\n\t<meta property=\"og:image:width\" content=\"800\" \/>\n\t<meta property=\"og:image:height\" content=\"464\" \/>\n\t<meta property=\"og:image:type\" content=\"image\/jpeg\" \/>\n<meta name=\"author\" content=\"LIKEmetkovic.hr\" \/>\n<meta name=\"twitter:card\" content=\"summary_large_image\" \/>\n<meta name=\"twitter:label1\" content=\"Napisao\/la\" \/>\n\t<meta name=\"twitter:data1\" content=\"LIKEmetkovic.hr\" \/>\n\t<meta name=\"twitter:label2\" content=\"Procijenjeno vrijeme \u010ditanja\" \/>\n\t<meta name=\"twitter:data2\" content=\"3 minute\" \/>\n<script type=\"application\/ld+json\" class=\"yoast-schema-graph\">{\"@context\":\"https:\/\/schema.org\",\"@graph\":[{\"@type\":\"WebPage\",\"@id\":\"https:\/\/likemetkovic.hr\/portal\/stizu-lose-vijesti-za-privatne-iznamljivace-hoce-li-zbog-toga-poskupjeti-najam-apartmana\/\",\"url\":\"https:\/\/likemetkovic.hr\/portal\/stizu-lose-vijesti-za-privatne-iznamljivace-hoce-li-zbog-toga-poskupjeti-najam-apartmana\/\",\"name\":\"Sti\u017eu lo\u0161e vijesti za privatne iznamljiva\u010de: Ho\u0107e li zbog toga poskupjeti najam apartmana? - likemetkovic.hr\",\"isPartOf\":{\"@id\":\"https:\/\/likemetkovic.hr\/#website\"},\"primaryImageOfPage\":{\"@id\":\"https:\/\/likemetkovic.hr\/portal\/stizu-lose-vijesti-za-privatne-iznamljivace-hoce-li-zbog-toga-poskupjeti-najam-apartmana\/#primaryimage\"},\"image\":{\"@id\":\"https:\/\/likemetkovic.hr\/portal\/stizu-lose-vijesti-za-privatne-iznamljivace-hoce-li-zbog-toga-poskupjeti-najam-apartmana\/#primaryimage\"},\"thumbnailUrl\":\"https:\/\/likemetkovic.hr\/portal\/wp-content\/uploads\/2020\/06\/apartmani.jpg\",\"datePublished\":\"2023-01-15T09:36:20+00:00\",\"author\":{\"@id\":\"https:\/\/likemetkovic.hr\/#\/schema\/person\/adba0fd43631b5fc581c97e6ca793693\"},\"breadcrumb\":{\"@id\":\"https:\/\/likemetkovic.hr\/portal\/stizu-lose-vijesti-za-privatne-iznamljivace-hoce-li-zbog-toga-poskupjeti-najam-apartmana\/#breadcrumb\"},\"inLanguage\":\"hr\",\"potentialAction\":[{\"@type\":\"ReadAction\",\"target\":[\"https:\/\/likemetkovic.hr\/portal\/stizu-lose-vijesti-za-privatne-iznamljivace-hoce-li-zbog-toga-poskupjeti-najam-apartmana\/\"]}]},{\"@type\":\"ImageObject\",\"inLanguage\":\"hr\",\"@id\":\"https:\/\/likemetkovic.hr\/portal\/stizu-lose-vijesti-za-privatne-iznamljivace-hoce-li-zbog-toga-poskupjeti-najam-apartmana\/#primaryimage\",\"url\":\"https:\/\/likemetkovic.hr\/portal\/wp-content\/uploads\/2020\/06\/apartmani.jpg\",\"contentUrl\":\"https:\/\/likemetkovic.hr\/portal\/wp-content\/uploads\/2020\/06\/apartmani.jpg\",\"width\":800,\"height\":464},{\"@type\":\"BreadcrumbList\",\"@id\":\"https:\/\/likemetkovic.hr\/portal\/stizu-lose-vijesti-za-privatne-iznamljivace-hoce-li-zbog-toga-poskupjeti-najam-apartmana\/#breadcrumb\",\"itemListElement\":[{\"@type\":\"ListItem\",\"position\":1,\"name\":\"Po\u010detna stranica\",\"item\":\"https:\/\/likemetkovic.hr\/portal\/\"},{\"@type\":\"ListItem\",\"position\":2,\"name\":\"Sti\u017eu lo\u0161e vijesti za privatne iznamljiva\u010de: Ho\u0107e li zbog toga poskupjeti najam apartmana?\"}]},{\"@type\":\"WebSite\",\"@id\":\"https:\/\/likemetkovic.hr\/#website\",\"url\":\"https:\/\/likemetkovic.hr\/\",\"name\":\"likemetkovic.hr\",\"description\":\"Misli pozitivno... \u010ditaj LIKE\",\"potentialAction\":[{\"@type\":\"SearchAction\",\"target\":{\"@type\":\"EntryPoint\",\"urlTemplate\":\"https:\/\/likemetkovic.hr\/?s={search_term_string}\"},\"query-input\":{\"@type\":\"PropertyValueSpecification\",\"valueRequired\":true,\"valueName\":\"search_term_string\"}}],\"inLanguage\":\"hr\"},{\"@type\":\"Person\",\"@id\":\"https:\/\/likemetkovic.hr\/#\/schema\/person\/adba0fd43631b5fc581c97e6ca793693\",\"name\":\"LIKEmetkovic.hr\",\"url\":\"https:\/\/likemetkovic.hr\/portal\/author\/marijana\/\"}]}<\/script>\n<!-- \/ Yoast SEO plugin. -->","yoast_head_json":{"title":"Sti\u017eu lo\u0161e vijesti za privatne iznamljiva\u010de: Ho\u0107e li zbog toga poskupjeti najam apartmana? - likemetkovic.hr","robots":{"index":"index","follow":"follow","max-snippet":"max-snippet:-1","max-image-preview":"max-image-preview:large","max-video-preview":"max-video-preview:-1"},"canonical":"https:\/\/likemetkovic.hr\/portal\/stizu-lose-vijesti-za-privatne-iznamljivace-hoce-li-zbog-toga-poskupjeti-najam-apartmana\/","og_locale":"hr_HR","og_type":"article","og_title":"Sti\u017eu lo\u0161e vijesti za privatne iznamljiva\u010de: Ho\u0107e li zbog toga poskupjeti najam apartmana? - likemetkovic.hr","og_description":"Ho\u0107e li privatnim iznajmljiva\u010dima pasti zarada u idu\u0107im godinama!? Europska komisija najavljuje uvo\u0111enje PDV-a i za privatni smje\u0161taj. No, pitanje je kada i za koga, tako da se mali iznajmljiva\u010di izgleda ipak ne trebaju jo\u0161 zabrinjavati. Ono \u0161to im stvara glavobolju jest pau\u0161alni porez na dohodak koji je u nekim \u017eupanijama ve\u0107 drasti\u010dno porastao, primjerice [&hellip;]","og_url":"https:\/\/likemetkovic.hr\/portal\/stizu-lose-vijesti-za-privatne-iznamljivace-hoce-li-zbog-toga-poskupjeti-najam-apartmana\/","og_site_name":"likemetkovic.hr","article_publisher":"https:\/\/www.facebook.com\/likemetkovic.hr\/","article_published_time":"2023-01-15T09:36:20+00:00","og_image":[{"width":800,"height":464,"url":"https:\/\/likemetkovic.hr\/portal\/wp-content\/uploads\/2020\/06\/apartmani.jpg","type":"image\/jpeg"}],"author":"LIKEmetkovic.hr","twitter_card":"summary_large_image","twitter_misc":{"Napisao\/la":"LIKEmetkovic.hr","Procijenjeno vrijeme \u010ditanja":"3 minute"},"schema":{"@context":"https:\/\/schema.org","@graph":[{"@type":"WebPage","@id":"https:\/\/likemetkovic.hr\/portal\/stizu-lose-vijesti-za-privatne-iznamljivace-hoce-li-zbog-toga-poskupjeti-najam-apartmana\/","url":"https:\/\/likemetkovic.hr\/portal\/stizu-lose-vijesti-za-privatne-iznamljivace-hoce-li-zbog-toga-poskupjeti-najam-apartmana\/","name":"Sti\u017eu lo\u0161e vijesti za privatne iznamljiva\u010de: Ho\u0107e li zbog toga poskupjeti najam apartmana? - likemetkovic.hr","isPartOf":{"@id":"https:\/\/likemetkovic.hr\/#website"},"primaryImageOfPage":{"@id":"https:\/\/likemetkovic.hr\/portal\/stizu-lose-vijesti-za-privatne-iznamljivace-hoce-li-zbog-toga-poskupjeti-najam-apartmana\/#primaryimage"},"image":{"@id":"https:\/\/likemetkovic.hr\/portal\/stizu-lose-vijesti-za-privatne-iznamljivace-hoce-li-zbog-toga-poskupjeti-najam-apartmana\/#primaryimage"},"thumbnailUrl":"https:\/\/likemetkovic.hr\/portal\/wp-content\/uploads\/2020\/06\/apartmani.jpg","datePublished":"2023-01-15T09:36:20+00:00","author":{"@id":"https:\/\/likemetkovic.hr\/#\/schema\/person\/adba0fd43631b5fc581c97e6ca793693"},"breadcrumb":{"@id":"https:\/\/likemetkovic.hr\/portal\/stizu-lose-vijesti-za-privatne-iznamljivace-hoce-li-zbog-toga-poskupjeti-najam-apartmana\/#breadcrumb"},"inLanguage":"hr","potentialAction":[{"@type":"ReadAction","target":["https:\/\/likemetkovic.hr\/portal\/stizu-lose-vijesti-za-privatne-iznamljivace-hoce-li-zbog-toga-poskupjeti-najam-apartmana\/"]}]},{"@type":"ImageObject","inLanguage":"hr","@id":"https:\/\/likemetkovic.hr\/portal\/stizu-lose-vijesti-za-privatne-iznamljivace-hoce-li-zbog-toga-poskupjeti-najam-apartmana\/#primaryimage","url":"https:\/\/likemetkovic.hr\/portal\/wp-content\/uploads\/2020\/06\/apartmani.jpg","contentUrl":"https:\/\/likemetkovic.hr\/portal\/wp-content\/uploads\/2020\/06\/apartmani.jpg","width":800,"height":464},{"@type":"BreadcrumbList","@id":"https:\/\/likemetkovic.hr\/portal\/stizu-lose-vijesti-za-privatne-iznamljivace-hoce-li-zbog-toga-poskupjeti-najam-apartmana\/#breadcrumb","itemListElement":[{"@type":"ListItem","position":1,"name":"Po\u010detna stranica","item":"https:\/\/likemetkovic.hr\/portal\/"},{"@type":"ListItem","position":2,"name":"Sti\u017eu lo\u0161e vijesti za privatne iznamljiva\u010de: Ho\u0107e li zbog toga poskupjeti najam apartmana?"}]},{"@type":"WebSite","@id":"https:\/\/likemetkovic.hr\/#website","url":"https:\/\/likemetkovic.hr\/","name":"likemetkovic.hr","description":"Misli pozitivno... \u010ditaj LIKE","potentialAction":[{"@type":"SearchAction","target":{"@type":"EntryPoint","urlTemplate":"https:\/\/likemetkovic.hr\/?s={search_term_string}"},"query-input":{"@type":"PropertyValueSpecification","valueRequired":true,"valueName":"search_term_string"}}],"inLanguage":"hr"},{"@type":"Person","@id":"https:\/\/likemetkovic.hr\/#\/schema\/person\/adba0fd43631b5fc581c97e6ca793693","name":"LIKEmetkovic.hr","url":"https:\/\/likemetkovic.hr\/portal\/author\/marijana\/"}]}},"_links":{"self":[{"href":"https:\/\/likemetkovic.hr\/portal\/wp-json\/wp\/v2\/posts\/139663","targetHints":{"allow":["GET"]}}],"collection":[{"href":"https:\/\/likemetkovic.hr\/portal\/wp-json\/wp\/v2\/posts"}],"about":[{"href":"https:\/\/likemetkovic.hr\/portal\/wp-json\/wp\/v2\/types\/post"}],"author":[{"embeddable":true,"href":"https:\/\/likemetkovic.hr\/portal\/wp-json\/wp\/v2\/users\/8"}],"replies":[{"embeddable":true,"href":"https:\/\/likemetkovic.hr\/portal\/wp-json\/wp\/v2\/comments?post=139663"}],"version-history":[{"count":1,"href":"https:\/\/likemetkovic.hr\/portal\/wp-json\/wp\/v2\/posts\/139663\/revisions"}],"predecessor-version":[{"id":139664,"href":"https:\/\/likemetkovic.hr\/portal\/wp-json\/wp\/v2\/posts\/139663\/revisions\/139664"}],"wp:featuredmedia":[{"embeddable":true,"href":"https:\/\/likemetkovic.hr\/portal\/wp-json\/wp\/v2\/media\/103512"}],"wp:attachment":[{"href":"https:\/\/likemetkovic.hr\/portal\/wp-json\/wp\/v2\/media?parent=139663"}],"wp:term":[{"taxonomy":"category","embeddable":true,"href":"https:\/\/likemetkovic.hr\/portal\/wp-json\/wp\/v2\/categories?post=139663"},{"taxonomy":"post_tag","embeddable":true,"href":"https:\/\/likemetkovic.hr\/portal\/wp-json\/wp\/v2\/tags?post=139663"}],"curies":[{"name":"wp","href":"https:\/\/api.w.org\/{rel}","templated":true}]}}