{"id":139743,"date":"2023-01-18T13:36:22","date_gmt":"2023-01-18T12:36:22","guid":{"rendered":"https:\/\/likemetkovic.hr\/portal\/?p=139743"},"modified":"2023-01-18T13:51:51","modified_gmt":"2023-01-18T12:51:51","slug":"ukinut-jmbg-nakon-46-godina-odlazi-u-povijest","status":"publish","type":"post","link":"https:\/\/likemetkovic.hr\/portal\/ukinut-jmbg-nakon-46-godina-odlazi-u-povijest\/","title":{"rendered":"Ukinut JMBG: nakon 46 godina odlazi u povijest"},"content":{"rendered":"<p>Hrvatski\u00a0sabor danas \u0107e raspraviti kona\u010dni prijedlog Zakona o prestanku va\u017eenja Zakona o mati\u010dnom broju jer se danom prestanka va\u017eenja Zakona o mati\u010dnom, 1. sije\u010dnja 2023. godine, prestaju odre\u0111ivati mati\u010dni brojevi gra\u0111ana.<\/p>\n<p>&#8220;Mati\u010dni brojevi gra\u0111ana koji su odre\u0111eni do dana prestanka va\u017eenja Zakona o mati\u010dnom broju, ne\u0107e se brisati iz postoje\u0107ih evidencija te \u0107e se mo\u0107i koristiti za povezivanje i razmjenu podataka u onim slu\u010dajevima kad se povezivanje podataka ne\u0107e mo\u0107i izvr\u0161iti kori\u0161tenjem osobnoga identifikacijskog broja, me\u0111utim ne kao osnovna i stalna identifikacijska oznaka gra\u0111anina, ve\u0107 kao kontrolni mehanizam.<\/p>\n<p>Naime, osobi koja je preminula prije 31. prosinca 2008.g. odnosno osobe koje su nestale\/stradale tijekom Domovinskog rata ili \u010dlanovi obitelji stradalnika iz Domovinskog rata koji su preminuli prije stupanja na snagu Zakona o OIB-u, nije i ne mo\u017ee biti odre\u0111en i dodijeljen OIB jer se iste osobe ne smatraju obveznicima broja&#8221;, stoji u Zakonu.<\/p>\n<h4>Kati\u0107: Ne\u0107e se tra\u017eiti mati\u010dni broj gra\u0111ana u javnim ili privatnim institucijama<\/h4>\n<p>Dr\u017eavni tajnik u Ministarstvu unutarnjih poslova \u017darko Kati\u0107 izjavio je\u00a0 da se mati\u010dni broj gra\u0111ana, s prestankom va\u017eenja Zakona o mati\u010dnom broju, vi\u0161e ne\u0107e tra\u017eiti u slu\u017ebenim evidencijama ni u privatnom sektoru jer je na snazi Zakon o osobnom identifikacijskom broju.<\/p>\n<p>&#8220;Mati\u010dni broj gra\u0111ana vi\u0161e se ne\u0107e tra\u017eiti, kako u slu\u017ebenim evidencijama Hrvatske, tako i u privatnom sektoru (banke i sl). Ovim prestaje odre\u0111ivanje mati\u010dnog broja gra\u0111ana i potreba njegova tra\u017eenja bilo koje javne ili privatne institucije&#8221;, rekao je Kati\u0107 tijekom rasprave o kona\u010dnom prijedlogu Zakona o prestanku va\u017eenja Zakona o mati\u010dnom broju.<\/p>\n<p>Time je odgovorio Damiru Bajsu (NL) kojeg je zanimalo ima li bilo tko vi\u0161e pravo tra\u017eiti od gra\u0111ana mati\u010dni broj gra\u0111ana (MBG).<\/p>\n<p>Predstavljaju\u0107i prijedlog zakona Kati\u0107 je podsjetio je da je 1. sije\u010dnja 2009. na snagu stupio Zakon o osobnom identifikacijskom broju (OIB) kao stalna identifikacijska oznaka osobnog identifikacijskog broja, koji korisnici OIB-a koriste u slu\u017ebenim evidencijama, svakodnevnom radu i kod razmjene podataka.<\/p>\n<p>S obzirom na to da je OIB u\u0161ao u punu primjenu, institucije s njegovim kori\u0161tenjem mogu koristiti i sve ostale podatke koji se nalaze u tom sustavu (osobno ime, datum ro\u0111enja, prebivali\u0161te i sl). Time prestaje \u00a0potreba za odre\u0111ivanjem mati\u010dnih brojeva gra\u0111ana kao pomo\u0107ne identifikacijske oznake.<\/p>\n<p>Kati\u0107 ka\u017ee da se iz postoje\u0107ih evidencija ne\u0107e brisati mati\u010dni brojevi gra\u0111ana koji su odre\u0111eni do dana prestanka Zakona o mati\u010dnom broju, ve\u0107 \u0107e se koristiti za povezivanje i razmjenu podataka u slu\u010dajevima kada se povezivanje podataka ne\u0107e mo\u0107i obaviti kori\u0161tenjem OIB-a.<\/p>\n<p>Tijekom rasprave zastupnici su podr\u017eali prestanak va\u017eenja Zakona o mati\u010dnom broju, ali i upozorili da jo\u0161 uvijek postoji veliki broj evidencija koje vode razna tijela zasnovana po mati\u010dnom broju. Davor Dretar (Klub Domovinskog pokreta) upozorio je da \u0107emo i dalje imati dvostruku evidenciju kod nekih dr\u017eavnih tijela i banaka jer jo\u0161 uvijek gra\u0111ani, kada \u017eele otvoriti teku\u0107i ra\u010dun u banci, moraju u nekim bankama dati i svoj MBG.<\/p>\n<h4>Nakon 46 godina odlazi u povijest<\/h4>\n<p>JMBG je u Hrvatskoj uveden 1976. godine. Prilikom uvo\u0111enja se gra\u0111anima dodjeljivao po mjestu stanovanja, a nakon toga je dodjeljivan po mjestu ro\u0111enja. U JMBG-u su kodirani datum ro\u0111enja, regija ro\u0111enja, redni broj i spol.<\/p>\n<p>Od 2009. uveden je novi identifikacijski broj, tzv. osobni identifikacijski broj (OIB), koji mijenja JMBG, ali su u prijelaznom razdoblju oba broja bila u uporabi. Iako se danas isklju\u010divo koristi OIB, JMBG se i dalje izdaje i koristi za koordinaciju podataka me\u0111u dr\u017eavnim registrima<\/p>\n<h4>\u0160to stoji iza 13 znamenki JMBG-a?<\/h4>\n<p>U 13 znamenki JMBG-a su kodirani datum ro\u0111enja, regija ro\u0111enja, redni broj i spol. Prvih sedam znamenki JMBG-a ozna\u010dava va\u0161 datum ro\u0111enja, dvije znamenke nakon\u00a0toga su oznaka regije ro\u0111enja, sljede\u0107e tri znamenke ozna\u010davaju spol i redni broj, a zadnja, 13. znamenka je kontrolni broj.<\/p>\n","protected":false},"excerpt":{"rendered":"<p>Hrvatski\u00a0sabor danas \u0107e raspraviti kona\u010dni prijedlog Zakona o prestanku va\u017eenja Zakona o mati\u010dnom broju jer se danom prestanka va\u017eenja Zakona o mati\u010dnom, 1. sije\u010dnja 2023. godine, prestaju odre\u0111ivati mati\u010dni brojevi gra\u0111ana. &#8220;Mati\u010dni brojevi gra\u0111ana koji su odre\u0111eni do dana prestanka va\u017eenja Zakona o mati\u010dnom broju, ne\u0107e se brisati iz postoje\u0107ih evidencija te \u0107e se mo\u0107i [&hellip;]<\/p>\n","protected":false},"author":7,"featured_media":99870,"comment_status":"open","ping_status":"open","sticky":false,"template":"","format":"standard","meta":{"footnotes":""},"categories":[296,1027],"tags":[11374],"class_list":{"0":"post-139743","1":"post","2":"type-post","3":"status-publish","4":"format-standard","5":"has-post-thumbnail","7":"category-ab","8":"category-hrvatska","9":"tag-jmbg"},"yoast_head":"<!-- This site is optimized with the Yoast SEO plugin v25.2 - https:\/\/yoast.com\/wordpress\/plugins\/seo\/ -->\n<title>Ukinut JMBG: nakon 46 godina odlazi u povijest - likemetkovic.hr<\/title>\n<meta name=\"robots\" content=\"index, follow, max-snippet:-1, max-image-preview:large, max-video-preview:-1\" \/>\n<link rel=\"canonical\" href=\"https:\/\/likemetkovic.hr\/portal\/ukinut-jmbg-nakon-46-godina-odlazi-u-povijest\/\" \/>\n<meta property=\"og:locale\" content=\"hr_HR\" \/>\n<meta property=\"og:type\" content=\"article\" \/>\n<meta property=\"og:title\" content=\"Ukinut JMBG: nakon 46 godina odlazi u povijest - likemetkovic.hr\" \/>\n<meta property=\"og:description\" content=\"Hrvatski\u00a0sabor danas \u0107e raspraviti kona\u010dni prijedlog Zakona o prestanku va\u017eenja Zakona o mati\u010dnom broju jer se danom prestanka va\u017eenja Zakona o mati\u010dnom, 1. sije\u010dnja 2023. godine, prestaju odre\u0111ivati mati\u010dni brojevi gra\u0111ana. &#8220;Mati\u010dni brojevi gra\u0111ana koji su odre\u0111eni do dana prestanka va\u017eenja Zakona o mati\u010dnom broju, ne\u0107e se brisati iz postoje\u0107ih evidencija te \u0107e se mo\u0107i [&hellip;]\" \/>\n<meta property=\"og:url\" content=\"https:\/\/likemetkovic.hr\/portal\/ukinut-jmbg-nakon-46-godina-odlazi-u-povijest\/\" \/>\n<meta property=\"og:site_name\" content=\"likemetkovic.hr\" \/>\n<meta property=\"article:publisher\" content=\"https:\/\/www.facebook.com\/likemetkovic.hr\/\" \/>\n<meta property=\"article:published_time\" content=\"2023-01-18T12:36:22+00:00\" \/>\n<meta property=\"article:modified_time\" content=\"2023-01-18T12:51:51+00:00\" \/>\n<meta property=\"og:image\" content=\"https:\/\/likemetkovic.hr\/portal\/wp-content\/uploads\/2020\/04\/osobna-iskaznica.jpg\" \/>\n\t<meta property=\"og:image:width\" content=\"900\" \/>\n\t<meta property=\"og:image:height\" content=\"479\" \/>\n\t<meta property=\"og:image:type\" content=\"image\/jpeg\" \/>\n<meta name=\"author\" content=\"LIKEmetkovic.hr\" \/>\n<meta name=\"twitter:card\" content=\"summary_large_image\" \/>\n<meta name=\"twitter:label1\" content=\"Napisao\/la\" \/>\n\t<meta name=\"twitter:data1\" content=\"LIKEmetkovic.hr\" \/>\n\t<meta name=\"twitter:label2\" content=\"Procijenjeno vrijeme \u010ditanja\" \/>\n\t<meta name=\"twitter:data2\" content=\"4 minute\" \/>\n<script type=\"application\/ld+json\" class=\"yoast-schema-graph\">{\"@context\":\"https:\/\/schema.org\",\"@graph\":[{\"@type\":\"WebPage\",\"@id\":\"https:\/\/likemetkovic.hr\/portal\/ukinut-jmbg-nakon-46-godina-odlazi-u-povijest\/\",\"url\":\"https:\/\/likemetkovic.hr\/portal\/ukinut-jmbg-nakon-46-godina-odlazi-u-povijest\/\",\"name\":\"Ukinut JMBG: nakon 46 godina odlazi u povijest - likemetkovic.hr\",\"isPartOf\":{\"@id\":\"https:\/\/likemetkovic.hr\/#website\"},\"primaryImageOfPage\":{\"@id\":\"https:\/\/likemetkovic.hr\/portal\/ukinut-jmbg-nakon-46-godina-odlazi-u-povijest\/#primaryimage\"},\"image\":{\"@id\":\"https:\/\/likemetkovic.hr\/portal\/ukinut-jmbg-nakon-46-godina-odlazi-u-povijest\/#primaryimage\"},\"thumbnailUrl\":\"https:\/\/likemetkovic.hr\/portal\/wp-content\/uploads\/2020\/04\/osobna-iskaznica.jpg\",\"datePublished\":\"2023-01-18T12:36:22+00:00\",\"dateModified\":\"2023-01-18T12:51:51+00:00\",\"author\":{\"@id\":\"https:\/\/likemetkovic.hr\/#\/schema\/person\/a42711f3385a0e2be6f7e0443bfb28f0\"},\"breadcrumb\":{\"@id\":\"https:\/\/likemetkovic.hr\/portal\/ukinut-jmbg-nakon-46-godina-odlazi-u-povijest\/#breadcrumb\"},\"inLanguage\":\"hr\",\"potentialAction\":[{\"@type\":\"ReadAction\",\"target\":[\"https:\/\/likemetkovic.hr\/portal\/ukinut-jmbg-nakon-46-godina-odlazi-u-povijest\/\"]}]},{\"@type\":\"ImageObject\",\"inLanguage\":\"hr\",\"@id\":\"https:\/\/likemetkovic.hr\/portal\/ukinut-jmbg-nakon-46-godina-odlazi-u-povijest\/#primaryimage\",\"url\":\"https:\/\/likemetkovic.hr\/portal\/wp-content\/uploads\/2020\/04\/osobna-iskaznica.jpg\",\"contentUrl\":\"https:\/\/likemetkovic.hr\/portal\/wp-content\/uploads\/2020\/04\/osobna-iskaznica.jpg\",\"width\":900,\"height\":479},{\"@type\":\"BreadcrumbList\",\"@id\":\"https:\/\/likemetkovic.hr\/portal\/ukinut-jmbg-nakon-46-godina-odlazi-u-povijest\/#breadcrumb\",\"itemListElement\":[{\"@type\":\"ListItem\",\"position\":1,\"name\":\"Po\u010detna stranica\",\"item\":\"https:\/\/likemetkovic.hr\/portal\/\"},{\"@type\":\"ListItem\",\"position\":2,\"name\":\"Ukinut JMBG: nakon 46 godina odlazi u povijest\"}]},{\"@type\":\"WebSite\",\"@id\":\"https:\/\/likemetkovic.hr\/#website\",\"url\":\"https:\/\/likemetkovic.hr\/\",\"name\":\"likemetkovic.hr\",\"description\":\"Misli pozitivno... \u010ditaj LIKE\",\"potentialAction\":[{\"@type\":\"SearchAction\",\"target\":{\"@type\":\"EntryPoint\",\"urlTemplate\":\"https:\/\/likemetkovic.hr\/?s={search_term_string}\"},\"query-input\":{\"@type\":\"PropertyValueSpecification\",\"valueRequired\":true,\"valueName\":\"search_term_string\"}}],\"inLanguage\":\"hr\"},{\"@type\":\"Person\",\"@id\":\"https:\/\/likemetkovic.hr\/#\/schema\/person\/a42711f3385a0e2be6f7e0443bfb28f0\",\"name\":\"LIKEmetkovic.hr\",\"sameAs\":[\"http:\/\/likemetkovic.hr\"],\"url\":\"https:\/\/likemetkovic.hr\/portal\/author\/likemetkovic-hr\/\"}]}<\/script>\n<!-- \/ Yoast SEO plugin. -->","yoast_head_json":{"title":"Ukinut JMBG: nakon 46 godina odlazi u povijest - likemetkovic.hr","robots":{"index":"index","follow":"follow","max-snippet":"max-snippet:-1","max-image-preview":"max-image-preview:large","max-video-preview":"max-video-preview:-1"},"canonical":"https:\/\/likemetkovic.hr\/portal\/ukinut-jmbg-nakon-46-godina-odlazi-u-povijest\/","og_locale":"hr_HR","og_type":"article","og_title":"Ukinut JMBG: nakon 46 godina odlazi u povijest - likemetkovic.hr","og_description":"Hrvatski\u00a0sabor danas \u0107e raspraviti kona\u010dni prijedlog Zakona o prestanku va\u017eenja Zakona o mati\u010dnom broju jer se danom prestanka va\u017eenja Zakona o mati\u010dnom, 1. sije\u010dnja 2023. godine, prestaju odre\u0111ivati mati\u010dni brojevi gra\u0111ana. &#8220;Mati\u010dni brojevi gra\u0111ana koji su odre\u0111eni do dana prestanka va\u017eenja Zakona o mati\u010dnom broju, ne\u0107e se brisati iz postoje\u0107ih evidencija te \u0107e se mo\u0107i [&hellip;]","og_url":"https:\/\/likemetkovic.hr\/portal\/ukinut-jmbg-nakon-46-godina-odlazi-u-povijest\/","og_site_name":"likemetkovic.hr","article_publisher":"https:\/\/www.facebook.com\/likemetkovic.hr\/","article_published_time":"2023-01-18T12:36:22+00:00","article_modified_time":"2023-01-18T12:51:51+00:00","og_image":[{"width":900,"height":479,"url":"https:\/\/likemetkovic.hr\/portal\/wp-content\/uploads\/2020\/04\/osobna-iskaznica.jpg","type":"image\/jpeg"}],"author":"LIKEmetkovic.hr","twitter_card":"summary_large_image","twitter_misc":{"Napisao\/la":"LIKEmetkovic.hr","Procijenjeno vrijeme \u010ditanja":"4 minute"},"schema":{"@context":"https:\/\/schema.org","@graph":[{"@type":"WebPage","@id":"https:\/\/likemetkovic.hr\/portal\/ukinut-jmbg-nakon-46-godina-odlazi-u-povijest\/","url":"https:\/\/likemetkovic.hr\/portal\/ukinut-jmbg-nakon-46-godina-odlazi-u-povijest\/","name":"Ukinut JMBG: nakon 46 godina odlazi u povijest - likemetkovic.hr","isPartOf":{"@id":"https:\/\/likemetkovic.hr\/#website"},"primaryImageOfPage":{"@id":"https:\/\/likemetkovic.hr\/portal\/ukinut-jmbg-nakon-46-godina-odlazi-u-povijest\/#primaryimage"},"image":{"@id":"https:\/\/likemetkovic.hr\/portal\/ukinut-jmbg-nakon-46-godina-odlazi-u-povijest\/#primaryimage"},"thumbnailUrl":"https:\/\/likemetkovic.hr\/portal\/wp-content\/uploads\/2020\/04\/osobna-iskaznica.jpg","datePublished":"2023-01-18T12:36:22+00:00","dateModified":"2023-01-18T12:51:51+00:00","author":{"@id":"https:\/\/likemetkovic.hr\/#\/schema\/person\/a42711f3385a0e2be6f7e0443bfb28f0"},"breadcrumb":{"@id":"https:\/\/likemetkovic.hr\/portal\/ukinut-jmbg-nakon-46-godina-odlazi-u-povijest\/#breadcrumb"},"inLanguage":"hr","potentialAction":[{"@type":"ReadAction","target":["https:\/\/likemetkovic.hr\/portal\/ukinut-jmbg-nakon-46-godina-odlazi-u-povijest\/"]}]},{"@type":"ImageObject","inLanguage":"hr","@id":"https:\/\/likemetkovic.hr\/portal\/ukinut-jmbg-nakon-46-godina-odlazi-u-povijest\/#primaryimage","url":"https:\/\/likemetkovic.hr\/portal\/wp-content\/uploads\/2020\/04\/osobna-iskaznica.jpg","contentUrl":"https:\/\/likemetkovic.hr\/portal\/wp-content\/uploads\/2020\/04\/osobna-iskaznica.jpg","width":900,"height":479},{"@type":"BreadcrumbList","@id":"https:\/\/likemetkovic.hr\/portal\/ukinut-jmbg-nakon-46-godina-odlazi-u-povijest\/#breadcrumb","itemListElement":[{"@type":"ListItem","position":1,"name":"Po\u010detna stranica","item":"https:\/\/likemetkovic.hr\/portal\/"},{"@type":"ListItem","position":2,"name":"Ukinut JMBG: nakon 46 godina odlazi u povijest"}]},{"@type":"WebSite","@id":"https:\/\/likemetkovic.hr\/#website","url":"https:\/\/likemetkovic.hr\/","name":"likemetkovic.hr","description":"Misli pozitivno... \u010ditaj LIKE","potentialAction":[{"@type":"SearchAction","target":{"@type":"EntryPoint","urlTemplate":"https:\/\/likemetkovic.hr\/?s={search_term_string}"},"query-input":{"@type":"PropertyValueSpecification","valueRequired":true,"valueName":"search_term_string"}}],"inLanguage":"hr"},{"@type":"Person","@id":"https:\/\/likemetkovic.hr\/#\/schema\/person\/a42711f3385a0e2be6f7e0443bfb28f0","name":"LIKEmetkovic.hr","sameAs":["http:\/\/likemetkovic.hr"],"url":"https:\/\/likemetkovic.hr\/portal\/author\/likemetkovic-hr\/"}]}},"_links":{"self":[{"href":"https:\/\/likemetkovic.hr\/portal\/wp-json\/wp\/v2\/posts\/139743","targetHints":{"allow":["GET"]}}],"collection":[{"href":"https:\/\/likemetkovic.hr\/portal\/wp-json\/wp\/v2\/posts"}],"about":[{"href":"https:\/\/likemetkovic.hr\/portal\/wp-json\/wp\/v2\/types\/post"}],"author":[{"embeddable":true,"href":"https:\/\/likemetkovic.hr\/portal\/wp-json\/wp\/v2\/users\/7"}],"replies":[{"embeddable":true,"href":"https:\/\/likemetkovic.hr\/portal\/wp-json\/wp\/v2\/comments?post=139743"}],"version-history":[{"count":1,"href":"https:\/\/likemetkovic.hr\/portal\/wp-json\/wp\/v2\/posts\/139743\/revisions"}],"predecessor-version":[{"id":139744,"href":"https:\/\/likemetkovic.hr\/portal\/wp-json\/wp\/v2\/posts\/139743\/revisions\/139744"}],"wp:featuredmedia":[{"embeddable":true,"href":"https:\/\/likemetkovic.hr\/portal\/wp-json\/wp\/v2\/media\/99870"}],"wp:attachment":[{"href":"https:\/\/likemetkovic.hr\/portal\/wp-json\/wp\/v2\/media?parent=139743"}],"wp:term":[{"taxonomy":"category","embeddable":true,"href":"https:\/\/likemetkovic.hr\/portal\/wp-json\/wp\/v2\/categories?post=139743"},{"taxonomy":"post_tag","embeddable":true,"href":"https:\/\/likemetkovic.hr\/portal\/wp-json\/wp\/v2\/tags?post=139743"}],"curies":[{"name":"wp","href":"https:\/\/api.w.org\/{rel}","templated":true}]}}