{"id":140298,"date":"2023-02-08T08:04:12","date_gmt":"2023-02-08T07:04:12","guid":{"rendered":"https:\/\/likemetkovic.hr\/portal\/?p=140298"},"modified":"2023-02-08T08:04:12","modified_gmt":"2023-02-08T07:04:12","slug":"preminuo-je-trener-svih-trenera-miroslav-ciro-blazevic","status":"publish","type":"post","link":"https:\/\/likemetkovic.hr\/portal\/preminuo-je-trener-svih-trenera-miroslav-ciro-blazevic\/","title":{"rendered":"Preminuo je Trener svih trenera &#8211; Miroslav \u0106iro Bla\u017eevi\u0107"},"content":{"rendered":"<p>Tu\u017ena vijest za sve ljubitelje nogometa. Preminuo je Trener svih trenera &#8211; Miroslav \u0106iro Bla\u017eevi\u0107, prenosi <a href=\"https:\/\/www.tportal.hr\/sport\/clanak\/preminuo-je-miroslav-ciro-blazevic-20230208?utm_source=facebooktportal&amp;utm_medium=fanpagetportal&amp;utm_campaign=facebookshare&amp;fbclid=IwAR2t5R2Eg9-_Qn__4hL31EIW3AqO88Pm3XZ5FG3PRR9z8V2LVCvsgdqY348\" target=\"_blank\" rel=\"noopener\">tportal<\/a>.<\/p>\n<p>Bla\u017eevi\u0107 je preminuo nakon \u0161to se du\u017ee vrijeme borio sa zlo\u0107udnom bole\u0161\u0107u, koja je, na\u017ealost, metastazirala.<\/p>\n<p>Prvi put dijagnosticiran mu je karcinom prostate 2011. godine, no Bla\u017eevi\u0107 se othrvao opakoj bolesti. Godinu dana nakon toga operiran je i zbog melanoma u po\u010detnoj fazi. U rujnu 2019. te\u0161ka se bolest jo\u0161 jednom vratila, a na\u017ealost ovoga puta \u0106iro nije iza\u0161ao kao pobjednik.<\/p>\n<div id=\"bb-iawr-tportal_hr_instream-1606228803795617\" class=\"bb_iawr\">\n<div id=\"bb-wr-tportal_hr_instream-1606228803795617\" class=\"bb-media bb_wrapper bb-muted bb-phase-main bb-mode-video bb-state-paused\" data-sid=\"rM6bZS7AVy99\" data-currenttime=\"0\" data-duration=\"20\" data-isready=\"true\" data-autoplaynextremainingtime=\"0\">\n<div class=\"bb-layer bb-skin-layer bb-muted bb-phase-main bb-mode-video bb-state-paused\">\n<div class=\"bb-skin-container phase-init svelte-154w3x4 controls-visible\" tabindex=\"0\"><\/div>\n<\/div>\n<\/div>\n<\/div>\n<p>Jedno od posljednjih javnih pojavljivanja Bla\u017eevi\u0107 je imao sredinom prosinca pro\u0161le godine kada je u Zagrebu dobio nagradu &#8216;Vladimir Beara&#8217; za doprinos razvoju sportske kulture i dru\u0161tvene tolerancije.<\/p>\n<p>&#8216;Okupili ste se u velikom broju i ukazali ste mi veliku \u010dast. Ali, ovo je moje posljednje obra\u0107anje javnosti na jednom javnom skupu. Gotovo je. Nema vi\u0161e. Adio \u0106iro. Brojim zadnje dane, svjestan sam toga&#8217;, rekao je tada \u0106iro. Nakon \u0161to je dobio nagradu nije imao vi\u0161e snage za nikakve razgovore s medijima, razgovore koje je ina\u010de uvijek rado vodio i koje nikad nije odbijao.<\/p>\n<p>Njegovo trenersko umije\u0107e, a prije svega osobna karizma, osvajala je navija\u010de i ljude gdje god je radio.<\/p>\n<p>Bla\u017eevi\u0107 je slu\u017ebeno ro\u0111en 10. velja\u010de 1935. godine u Travniku, no \u0106iro je nekoliko puta objasnio kako se njegov otac Mato malo vi\u0161e zadr\u017eao u kafi\u0107u pa ga je kod mati\u010dara upisao dan kasnije.<\/p>\n<p>Nogometnu karijeru zapo\u010deo je 1954. godine u travni\u010dkom klubu &#8216;Bratstvo&#8217;. Potom je preselio u Dinamo, a 1955. odlazi u Lokomotivu, a zatim se vra\u0107a u Bosnu i Hercegovinu u Sarajevo, gdje igra do 1958. godine. U Hrvatsku se vratio 1958. godine, ali ovoga puta u Rijeku, gdje je igrao sve do 1961. godine. Potom godinu dana igra za \u0161vicarski nogometni klub Sion, a prvo mjesto trenera dobio je u ni\u017eeliga\u0161u FC Vevey.<\/p>\n<p>Trener svih trenera je u dugogodi\u0161njoj trenerskoj karijeri vodio 19 klubova u \u0160vicarskoj, Hrvatskoj, Gr\u010dkoj, Sloveniji, Bosni i Hercegovini, Kini i Iranu, a trenirao je i pet reprezentacija (\u0160vicarsku, Hrvatsku, Iran, BiH, kinesku U-23).<\/p>\n<div class=\"banner banner--InArticle_2 js_bannerLazyLoad adexElement\">\n<div id=\"inarticle_2_mob\">Me\u0111utim, dva velika rezultata obilje\u017eila su mu karijeru. Dinamov naslov prvaka biv\u0161e dr\u017eave 1982. godine, te bronca hrvatske reprezentacije na Svjetskom prvenstvu 1998. u Francuskoj.<\/div>\n<\/div>\n<p>&#8216;Uvijek \u201982. Nikada nije bilo dileme. Dinamo \u201982 je na prvom mjestu, pa onda dugo ni\u0161ta, pa moji Vatreni&#8217;, kazao je Bla\u017eevi\u0107 u prosincu 2021. na premijeri dokumentarnog filma o\u00a0<strong>Miroslavu &#8216;\u0106iri&#8217; Bla\u017eevi\u0107u<\/strong>\u00a0autora Sabahudina Topalbe\u0107irevi\u0107a.<\/p>\n<p>Popularni je \u0106iro na klupu Dinama zasjeo u prosincu 1980. godine nakon \u0161to je odstupio<strong>\u00a0Ivan \u0110alma Markovi\u0107<\/strong>\u00a0dva kola prije kraja jesenskoga dijela natjecanja U ta je zadnja dva prosina\u010dka kola mom\u010dad vodio njegov dotada\u0161nji asistent Rudolf Cvek u statusu v. d. trenera.<\/p>\n<p>Bla\u017eevi\u0107 je mom\u010dad krenuo brusiti na australskoj turneji u sije\u010dnju i velja\u010di 1981. godine, a debitirao je na Marakani odigrav\u0161i s Crvenom zvezdom 0-0. Bio je to senzacionalan remi s tada\u0161njim prvakom Jugoslavije jer je Dinamo u prolje\u0107e 1981. godine krenuo sa 14. mjesta. Na kraju je podigao mom\u010dad do petog mjesta.<\/p>\n<p>No, idu\u0107e sezone je uslijedila &#8216;Dinamova eksplozija&#8217;, a sve je kulminiralo nezaboravnim &#8216;plavim prolje\u0107em&#8217; 1982. kad je Dinamo predvo\u0111en\u00a0<strong>Velimirom Zajecom<\/strong>,\u00a0<strong>Zlatkom Kranj\u010darom<\/strong>,\u00a0<strong>Markom Mlinari\u0107em,<\/strong>\u00a0<strong>Stjepanom Deveri\u0107em<\/strong>&#8230;protutnjao do naslova prvaka. Prvog nakon 24 godine \u010dekanje. Godinu kasnije &#8216;plave&#8217; je vodio i do pokala pobjednika Kupa, posljednjeg Dinamova trofeja u biv\u0161oj SFRJ.<\/p>\n<p>Bla\u017eevi\u0107 je u prvom mandatu u Dinamu ostao do 1983. godine, vratio se potom 1986. i ostao do 1988., tre\u0107i put je Modre vodio od 1992. do 1994., a posljednji put u sezoni 2002.\/2003. kada se oprostio naslovom prvaka.<\/p>\n<p>Bla\u017eevi\u0107 je jedini trener koji je s Dinamom osvojio naslov prvaka i u biv\u0161oj dr\u017eavi i u HNL-u, jedini je trener koji je osvojio Kup i u doba SFRJ i u samostalnoj Hrvatskoj. Maksimirsku je mom\u010dad vodio u \u010dak \u010detiri razli\u010dita mandata u tri razli\u010dita desetlje\u0107a i osvojio tri naslova prvaka, dva Kupa i Superkup.<\/p>\n<p>Svakako najve\u0107i uspjeh u karijeri ostvario je na klupi hrvatske reprezentacije koju je vodio do tre\u0107eg mjesta na Svjetskom prvenstvu 1998. godine. Ukupno je &#8220;Vatrene&#8221; vodio rekordna 72 puta, no\u00a0<strong>Zlatko Dali\u0107<\/strong>\u00a0je tik iza njega sa 70 utakmica na klupi Hrvatske.<\/p>\n<p>Popularni \u0106iro je na hrvatskoj klupi debitirao 23. o\u017eujka 1994. pobjedom protiv \u0160panjolske sa 2-0 u prijateljskoj utakmici u Valenciji. Uslijedile su sjajno odra\u0111ene kvalifikacije za Europsko prvenstvo u Engleskoj 1996. u kojima je Hrvatska bila ispred Italije. Na EURO-u &#8220;Vatreni&#8221; su u premijeri pobijedili Tursku, potom detronizirali branitelje naslova Dance, izgubili od Portugala, da bi u \u010detvrtfinalu ispali od kasnijih prvaka Nijemaca.<\/p>\n<p>Vrhunac \u0106irina puta na hrvatskoj klupi bila je &#8220;francuska bronca&#8221;. U svom premijernom nastupu na World Cupu &#8220;Vatreni&#8221; su osvojili tre\u0107e mjesto. U skupini smo bili drugi iz Argentine, a potom smo dobili Rumunjsku (1-0), u \u010detvrtfinalu deklasirali Njema\u010dku (3-0), izgubili od Francuske u polufinalu (1-12), te slavili sa 2-1 protiv Nizozemske u utakmici za tre\u0107e mjesto (2-1).<\/p>\n<p>&#8220;Francuska 1998. je bilo posebno natjecanje za mene. Pobijedili smo brojne te\u0161ko\u0107e i te\u0161ke protivnike kako bismo do\u0161li do te medalje, taj je uspjeh mnogo zna\u010dio za sve ljude u domovini,&#8221; rekao je svojedobno \u0106iro.<\/p>\n<p>Od reprezentativne se klupe oprostio u jesen 2000. godine nakon lo\u0161eg otvaranja kvalifikacija za SP 2002. u Japanu i Ju\u017enoj Koreji, (Belgija 0-0, \u0160kotska 1-1). Reprezentaciju je ukupno vodio 72 puta ostvariv\u0161i 33 pobjede, 24 remija i 15 poraza.<\/p>\n<p>Osim hrvatske reprezentacije, Bla\u017eevi\u0107 je vodio nacionalne selekcije \u0160vicarske, Irana, Bosne i Hercegovine te Kine U-23, a na klupskom se planu oku\u0161ao u brojnim klubovima, uklju\u010duju\u0107i i Rijeku, Osijek, Varteks, Hajduk, Zagreb, Zadar, te u inozemstvu Nantes, PAOK, Grasshopper, Pri\u0161tinu, Muru&#8230;<\/p>\n<p>&#8220;Kad rezimiram cijeli svoj \u017eivot, onda imam potrebu da se zatvorim u svoja \u010detiri zida i da toliko pla\u010dem, da nikada ne prestanem. Ni\u0161ta me u \u017eivotu nije mimoi\u0161lo! Dva raka sam imao, a sada se, evo, pojavio i tre\u0107i. U djetinjstvu sam bio takva sirotinja da sam ga\u0107e na \u0161tapu nosio, a kasnije u mladosti, kada sam se ve\u0107 bio i o\u017eenio, supruga i ja nismo znali ho\u0107emo li imati za ru\u010dak ili ne\u0107emo. \u017divot mi je bio jedna obi\u010dna kalvarija i trebalo je sve to pro\u0107i. Ni ovaj trenerski posao, koji mo\u017eda izvana druga\u010dije izgleda, nije ni\u0161ta drugo nego jako malo satisfakcije, a puno razo\u010daranja,&#8221; napisao je \u0106iro u jednoj od svojih posljednjih objava.<\/p>\n<p>Bla\u017eevi\u0107 je vi\u0161e od 60 godina bio u braku sa suprugom Zdenkom s kojom je dobio troje djece, sina Miroslava Juniora te k\u0107eri Barbaru i Catherine.<\/p>\n<p>\u0106iro je jedini u povijesti tri puta dobio Dr\u017eavnu nagradu za \u0161port &#8220;Franjo Bu\u010dar&#8221; &#8211; 1998. godi\u0161nju nagradu za pojedince, zatim 1998. godi\u0161nju nagradu za mom\u010dadi kao \u010dlan reprezentacije, te 2007. nagradu za \u017eivotno djelo. Skup\u0161tina Hrvatskog nogometnog saveza na sjednici 22. prosinca 2021. dodijelila mu je titulu po\u010dasnog izbornika.<\/p>\n","protected":false},"excerpt":{"rendered":"<p>Tu\u017ena vijest za sve ljubitelje nogometa. Preminuo je Trener svih trenera &#8211; Miroslav \u0106iro Bla\u017eevi\u0107, prenosi tportal. Bla\u017eevi\u0107 je preminuo nakon \u0161to se du\u017ee vrijeme borio sa zlo\u0107udnom bole\u0161\u0107u, koja je, na\u017ealost, metastazirala. Prvi put dijagnosticiran mu je karcinom prostate 2011. godine, no Bla\u017eevi\u0107 se othrvao opakoj bolesti. Godinu dana nakon toga operiran je i [&hellip;]<\/p>\n","protected":false},"author":7,"featured_media":0,"comment_status":"open","ping_status":"open","sticky":false,"template":"","format":"standard","meta":{"footnotes":""},"categories":[296,30],"tags":[11427],"class_list":{"0":"post-140298","1":"post","2":"type-post","3":"status-publish","4":"format-standard","6":"category-ab","7":"category-nogomet","8":"tag-miroslav-ciro-blazevic"},"yoast_head":"<!-- This site is optimized with the Yoast SEO plugin v25.2 - https:\/\/yoast.com\/wordpress\/plugins\/seo\/ -->\n<title>Preminuo je Trener svih trenera - Miroslav \u0106iro Bla\u017eevi\u0107 - likemetkovic.hr<\/title>\n<meta name=\"robots\" content=\"index, follow, max-snippet:-1, max-image-preview:large, max-video-preview:-1\" \/>\n<link rel=\"canonical\" href=\"https:\/\/likemetkovic.hr\/portal\/preminuo-je-trener-svih-trenera-miroslav-ciro-blazevic\/\" \/>\n<meta property=\"og:locale\" content=\"hr_HR\" \/>\n<meta property=\"og:type\" content=\"article\" \/>\n<meta property=\"og:title\" content=\"Preminuo je Trener svih trenera - Miroslav \u0106iro Bla\u017eevi\u0107 - likemetkovic.hr\" \/>\n<meta property=\"og:description\" content=\"Tu\u017ena vijest za sve ljubitelje nogometa. Preminuo je Trener svih trenera &#8211; Miroslav \u0106iro Bla\u017eevi\u0107, prenosi tportal. Bla\u017eevi\u0107 je preminuo nakon \u0161to se du\u017ee vrijeme borio sa zlo\u0107udnom bole\u0161\u0107u, koja je, na\u017ealost, metastazirala. Prvi put dijagnosticiran mu je karcinom prostate 2011. godine, no Bla\u017eevi\u0107 se othrvao opakoj bolesti. Godinu dana nakon toga operiran je i [&hellip;]\" \/>\n<meta property=\"og:url\" content=\"https:\/\/likemetkovic.hr\/portal\/preminuo-je-trener-svih-trenera-miroslav-ciro-blazevic\/\" \/>\n<meta property=\"og:site_name\" content=\"likemetkovic.hr\" \/>\n<meta property=\"article:publisher\" content=\"https:\/\/www.facebook.com\/likemetkovic.hr\/\" \/>\n<meta property=\"article:published_time\" content=\"2023-02-08T07:04:12+00:00\" \/>\n<meta property=\"og:image\" content=\"https:\/\/likemetkovic.hr\/portal\/wp-content\/uploads\/2023\/02\/ciro-blazevic.jpg\" \/>\n\t<meta property=\"og:image:width\" content=\"900\" \/>\n\t<meta property=\"og:image:height\" content=\"471\" \/>\n\t<meta property=\"og:image:type\" content=\"image\/jpeg\" \/>\n<meta name=\"author\" content=\"LIKEmetkovic.hr\" \/>\n<meta name=\"twitter:card\" content=\"summary_large_image\" \/>\n<meta name=\"twitter:label1\" content=\"Napisao\/la\" \/>\n\t<meta name=\"twitter:data1\" content=\"LIKEmetkovic.hr\" \/>\n\t<meta name=\"twitter:label2\" content=\"Procijenjeno vrijeme \u010ditanja\" \/>\n\t<meta name=\"twitter:data2\" content=\"6 minuta\" \/>\n<script type=\"application\/ld+json\" class=\"yoast-schema-graph\">{\"@context\":\"https:\/\/schema.org\",\"@graph\":[{\"@type\":\"WebPage\",\"@id\":\"https:\/\/likemetkovic.hr\/portal\/preminuo-je-trener-svih-trenera-miroslav-ciro-blazevic\/\",\"url\":\"https:\/\/likemetkovic.hr\/portal\/preminuo-je-trener-svih-trenera-miroslav-ciro-blazevic\/\",\"name\":\"Preminuo je Trener svih trenera - Miroslav \u0106iro Bla\u017eevi\u0107 - likemetkovic.hr\",\"isPartOf\":{\"@id\":\"https:\/\/likemetkovic.hr\/#website\"},\"datePublished\":\"2023-02-08T07:04:12+00:00\",\"author\":{\"@id\":\"https:\/\/likemetkovic.hr\/#\/schema\/person\/a42711f3385a0e2be6f7e0443bfb28f0\"},\"breadcrumb\":{\"@id\":\"https:\/\/likemetkovic.hr\/portal\/preminuo-je-trener-svih-trenera-miroslav-ciro-blazevic\/#breadcrumb\"},\"inLanguage\":\"hr\",\"potentialAction\":[{\"@type\":\"ReadAction\",\"target\":[\"https:\/\/likemetkovic.hr\/portal\/preminuo-je-trener-svih-trenera-miroslav-ciro-blazevic\/\"]}]},{\"@type\":\"BreadcrumbList\",\"@id\":\"https:\/\/likemetkovic.hr\/portal\/preminuo-je-trener-svih-trenera-miroslav-ciro-blazevic\/#breadcrumb\",\"itemListElement\":[{\"@type\":\"ListItem\",\"position\":1,\"name\":\"Po\u010detna stranica\",\"item\":\"https:\/\/likemetkovic.hr\/portal\/\"},{\"@type\":\"ListItem\",\"position\":2,\"name\":\"Preminuo je Trener svih trenera &#8211; Miroslav \u0106iro Bla\u017eevi\u0107\"}]},{\"@type\":\"WebSite\",\"@id\":\"https:\/\/likemetkovic.hr\/#website\",\"url\":\"https:\/\/likemetkovic.hr\/\",\"name\":\"likemetkovic.hr\",\"description\":\"Misli pozitivno... \u010ditaj LIKE\",\"potentialAction\":[{\"@type\":\"SearchAction\",\"target\":{\"@type\":\"EntryPoint\",\"urlTemplate\":\"https:\/\/likemetkovic.hr\/?s={search_term_string}\"},\"query-input\":{\"@type\":\"PropertyValueSpecification\",\"valueRequired\":true,\"valueName\":\"search_term_string\"}}],\"inLanguage\":\"hr\"},{\"@type\":\"Person\",\"@id\":\"https:\/\/likemetkovic.hr\/#\/schema\/person\/a42711f3385a0e2be6f7e0443bfb28f0\",\"name\":\"LIKEmetkovic.hr\",\"sameAs\":[\"http:\/\/likemetkovic.hr\"],\"url\":\"https:\/\/likemetkovic.hr\/portal\/author\/likemetkovic-hr\/\"}]}<\/script>\n<!-- \/ Yoast SEO plugin. -->","yoast_head_json":{"title":"Preminuo je Trener svih trenera - Miroslav \u0106iro Bla\u017eevi\u0107 - likemetkovic.hr","robots":{"index":"index","follow":"follow","max-snippet":"max-snippet:-1","max-image-preview":"max-image-preview:large","max-video-preview":"max-video-preview:-1"},"canonical":"https:\/\/likemetkovic.hr\/portal\/preminuo-je-trener-svih-trenera-miroslav-ciro-blazevic\/","og_locale":"hr_HR","og_type":"article","og_title":"Preminuo je Trener svih trenera - Miroslav \u0106iro Bla\u017eevi\u0107 - likemetkovic.hr","og_description":"Tu\u017ena vijest za sve ljubitelje nogometa. Preminuo je Trener svih trenera &#8211; Miroslav \u0106iro Bla\u017eevi\u0107, prenosi tportal. Bla\u017eevi\u0107 je preminuo nakon \u0161to se du\u017ee vrijeme borio sa zlo\u0107udnom bole\u0161\u0107u, koja je, na\u017ealost, metastazirala. Prvi put dijagnosticiran mu je karcinom prostate 2011. godine, no Bla\u017eevi\u0107 se othrvao opakoj bolesti. Godinu dana nakon toga operiran je i [&hellip;]","og_url":"https:\/\/likemetkovic.hr\/portal\/preminuo-je-trener-svih-trenera-miroslav-ciro-blazevic\/","og_site_name":"likemetkovic.hr","article_publisher":"https:\/\/www.facebook.com\/likemetkovic.hr\/","article_published_time":"2023-02-08T07:04:12+00:00","og_image":[{"width":900,"height":471,"url":"https:\/\/likemetkovic.hr\/portal\/wp-content\/uploads\/2023\/02\/ciro-blazevic.jpg","type":"image\/jpeg"}],"author":"LIKEmetkovic.hr","twitter_card":"summary_large_image","twitter_misc":{"Napisao\/la":"LIKEmetkovic.hr","Procijenjeno vrijeme \u010ditanja":"6 minuta"},"schema":{"@context":"https:\/\/schema.org","@graph":[{"@type":"WebPage","@id":"https:\/\/likemetkovic.hr\/portal\/preminuo-je-trener-svih-trenera-miroslav-ciro-blazevic\/","url":"https:\/\/likemetkovic.hr\/portal\/preminuo-je-trener-svih-trenera-miroslav-ciro-blazevic\/","name":"Preminuo je Trener svih trenera - Miroslav \u0106iro Bla\u017eevi\u0107 - likemetkovic.hr","isPartOf":{"@id":"https:\/\/likemetkovic.hr\/#website"},"datePublished":"2023-02-08T07:04:12+00:00","author":{"@id":"https:\/\/likemetkovic.hr\/#\/schema\/person\/a42711f3385a0e2be6f7e0443bfb28f0"},"breadcrumb":{"@id":"https:\/\/likemetkovic.hr\/portal\/preminuo-je-trener-svih-trenera-miroslav-ciro-blazevic\/#breadcrumb"},"inLanguage":"hr","potentialAction":[{"@type":"ReadAction","target":["https:\/\/likemetkovic.hr\/portal\/preminuo-je-trener-svih-trenera-miroslav-ciro-blazevic\/"]}]},{"@type":"BreadcrumbList","@id":"https:\/\/likemetkovic.hr\/portal\/preminuo-je-trener-svih-trenera-miroslav-ciro-blazevic\/#breadcrumb","itemListElement":[{"@type":"ListItem","position":1,"name":"Po\u010detna stranica","item":"https:\/\/likemetkovic.hr\/portal\/"},{"@type":"ListItem","position":2,"name":"Preminuo je Trener svih trenera &#8211; Miroslav \u0106iro Bla\u017eevi\u0107"}]},{"@type":"WebSite","@id":"https:\/\/likemetkovic.hr\/#website","url":"https:\/\/likemetkovic.hr\/","name":"likemetkovic.hr","description":"Misli pozitivno... \u010ditaj LIKE","potentialAction":[{"@type":"SearchAction","target":{"@type":"EntryPoint","urlTemplate":"https:\/\/likemetkovic.hr\/?s={search_term_string}"},"query-input":{"@type":"PropertyValueSpecification","valueRequired":true,"valueName":"search_term_string"}}],"inLanguage":"hr"},{"@type":"Person","@id":"https:\/\/likemetkovic.hr\/#\/schema\/person\/a42711f3385a0e2be6f7e0443bfb28f0","name":"LIKEmetkovic.hr","sameAs":["http:\/\/likemetkovic.hr"],"url":"https:\/\/likemetkovic.hr\/portal\/author\/likemetkovic-hr\/"}]}},"_links":{"self":[{"href":"https:\/\/likemetkovic.hr\/portal\/wp-json\/wp\/v2\/posts\/140298","targetHints":{"allow":["GET"]}}],"collection":[{"href":"https:\/\/likemetkovic.hr\/portal\/wp-json\/wp\/v2\/posts"}],"about":[{"href":"https:\/\/likemetkovic.hr\/portal\/wp-json\/wp\/v2\/types\/post"}],"author":[{"embeddable":true,"href":"https:\/\/likemetkovic.hr\/portal\/wp-json\/wp\/v2\/users\/7"}],"replies":[{"embeddable":true,"href":"https:\/\/likemetkovic.hr\/portal\/wp-json\/wp\/v2\/comments?post=140298"}],"version-history":[{"count":1,"href":"https:\/\/likemetkovic.hr\/portal\/wp-json\/wp\/v2\/posts\/140298\/revisions"}],"predecessor-version":[{"id":140300,"href":"https:\/\/likemetkovic.hr\/portal\/wp-json\/wp\/v2\/posts\/140298\/revisions\/140300"}],"wp:attachment":[{"href":"https:\/\/likemetkovic.hr\/portal\/wp-json\/wp\/v2\/media?parent=140298"}],"wp:term":[{"taxonomy":"category","embeddable":true,"href":"https:\/\/likemetkovic.hr\/portal\/wp-json\/wp\/v2\/categories?post=140298"},{"taxonomy":"post_tag","embeddable":true,"href":"https:\/\/likemetkovic.hr\/portal\/wp-json\/wp\/v2\/tags?post=140298"}],"curies":[{"name":"wp","href":"https:\/\/api.w.org\/{rel}","templated":true}]}}