{"id":140686,"date":"2023-02-20T10:00:30","date_gmt":"2023-02-20T09:00:30","guid":{"rendered":"https:\/\/likemetkovic.hr\/portal\/?p=140686"},"modified":"2023-02-20T10:00:30","modified_gmt":"2023-02-20T09:00:30","slug":"vid-odrzan-8-memorijalni-mtb-biciklisticki-maraton-xcp-stipe-camber","status":"publish","type":"post","link":"https:\/\/likemetkovic.hr\/portal\/vid-odrzan-8-memorijalni-mtb-biciklisticki-maraton-xcp-stipe-camber\/","title":{"rendered":"VID | odr\u017ean 8. memorijalni MTB biciklisti\u010dki maraton XCP &#8216;Stipe \u010camber&#8217;"},"content":{"rendered":"<p>U organizaciji Biciklisti\u010dkoga kluba Metkovi\u0107 u Vidu je ju\u010der odr\u017ean Memorijalni MTB biciklisti\u010dki maraton XCP \u201eStipe \u010camber\u201c, utrka 7. kola XC Zimske lige Dalmacije.<\/p>\n<p>U konkurenciji seniora nastupilo je ukupno 98 biciklista i biciklistkinja, a u dje\u010djoj utrci njih 56. Na kraju utrke dodijeljene su medalje najboljima.<\/p>\n<p>Ukupan poredak utrka mo\u017eete pogledati na sljede\u0107im poveznicama:<\/p>\n<ul>\n<li>\n<p class=\"text-center text-outline\"><a role=\"link\" href=\"https:\/\/www.stoperica.live\/races\/269\">XCP Stipe \u010camber \u2013 7. kolo XCZLD 2022\/23<\/a><\/p>\n<\/li>\n<li>\n<p class=\"text-center text-outline\"><a role=\"link\" href=\"https:\/\/www.stoperica.live\/races\/268\">XCO Stipe \u010camber \u2013 7. kolo Dje\u010dje XCZLD 2022\/23<\/a><\/p>\n<\/li>\n<\/ul>\n<p>U nastavku pogledajte dio fotografija koje je snimio Branko Markota&#8230;<\/p>\n<p><iframe style=\"border: none; overflow: hidden;\" src=\"https:\/\/www.facebook.com\/plugins\/post.php?href=https%3A%2F%2Fwww.facebook.com%2Fvid.norin%2Fposts%2Fpfbid037TNADS8Xgaw4REQxL3A3tuXJAckKQpZAEg7ymH8MQ5qXDiraqqRMJLQD4JoBTi6Ul&amp;show_text=true&amp;width=500\" width=\"500\" height=\"652\" frameborder=\"0\" scrolling=\"no\" allowfullscreen=\"allowfullscreen\"><\/iframe><\/p>\n","protected":false},"excerpt":{"rendered":"<p>U organizaciji Biciklisti\u010dkoga kluba Metkovi\u0107 u Vidu je ju\u010der odr\u017ean Memorijalni MTB biciklisti\u010dki maraton XCP \u201eStipe \u010camber\u201c, utrka 7. kola XC Zimske lige Dalmacije. U konkurenciji seniora nastupilo je ukupno 98 biciklista i biciklistkinja, a u dje\u010djoj utrci njih 56. Na kraju utrke dodijeljene su medalje najboljima. Ukupan poredak utrka mo\u017eete pogledati na sljede\u0107im poveznicama: [&hellip;]<\/p>\n","protected":false},"author":7,"featured_media":140687,"comment_status":"open","ping_status":"open","sticky":false,"template":"","format":"standard","meta":{"footnotes":""},"categories":[283,34],"tags":[6886],"class_list":{"0":"post-140686","1":"post","2":"type-post","3":"status-publish","4":"format-standard","5":"has-post-thumbnail","7":"category-a","8":"category-biciklizam","9":"tag-xcp-stipe-camber"},"yoast_head":"<!-- This site is optimized with the Yoast SEO plugin v25.2 - https:\/\/yoast.com\/wordpress\/plugins\/seo\/ -->\n<title>VID | odr\u017ean 8. memorijalni MTB biciklisti\u010dki maraton XCP &#039;Stipe \u010camber&#039; - likemetkovic.hr<\/title>\n<meta name=\"robots\" content=\"index, follow, max-snippet:-1, max-image-preview:large, max-video-preview:-1\" \/>\n<link rel=\"canonical\" href=\"https:\/\/likemetkovic.hr\/portal\/vid-odrzan-8-memorijalni-mtb-biciklisticki-maraton-xcp-stipe-camber\/\" \/>\n<meta property=\"og:locale\" content=\"hr_HR\" \/>\n<meta property=\"og:type\" content=\"article\" \/>\n<meta property=\"og:title\" content=\"VID | odr\u017ean 8. memorijalni MTB biciklisti\u010dki maraton XCP &#039;Stipe \u010camber&#039; - likemetkovic.hr\" \/>\n<meta property=\"og:description\" content=\"U organizaciji Biciklisti\u010dkoga kluba Metkovi\u0107 u Vidu je ju\u010der odr\u017ean Memorijalni MTB biciklisti\u010dki maraton XCP \u201eStipe \u010camber\u201c, utrka 7. kola XC Zimske lige Dalmacije. U konkurenciji seniora nastupilo je ukupno 98 biciklista i biciklistkinja, a u dje\u010djoj utrci njih 56. Na kraju utrke dodijeljene su medalje najboljima. Ukupan poredak utrka mo\u017eete pogledati na sljede\u0107im poveznicama: [&hellip;]\" \/>\n<meta property=\"og:url\" content=\"https:\/\/likemetkovic.hr\/portal\/vid-odrzan-8-memorijalni-mtb-biciklisticki-maraton-xcp-stipe-camber\/\" \/>\n<meta property=\"og:site_name\" content=\"likemetkovic.hr\" \/>\n<meta property=\"article:publisher\" content=\"https:\/\/www.facebook.com\/likemetkovic.hr\/\" \/>\n<meta property=\"article:published_time\" content=\"2023-02-20T09:00:30+00:00\" \/>\n<meta property=\"og:image\" content=\"https:\/\/likemetkovic.hr\/portal\/wp-content\/uploads\/2023\/02\/camberica-2023.jpg\" \/>\n\t<meta property=\"og:image:width\" content=\"800\" \/>\n\t<meta property=\"og:image:height\" content=\"530\" \/>\n\t<meta property=\"og:image:type\" content=\"image\/jpeg\" \/>\n<meta name=\"author\" content=\"LIKEmetkovic.hr\" \/>\n<meta name=\"twitter:card\" content=\"summary_large_image\" \/>\n<meta name=\"twitter:label1\" content=\"Napisao\/la\" \/>\n\t<meta name=\"twitter:data1\" content=\"LIKEmetkovic.hr\" \/>\n\t<meta name=\"twitter:label2\" content=\"Procijenjeno vrijeme \u010ditanja\" \/>\n\t<meta name=\"twitter:data2\" content=\"1 minuta\" \/>\n<script type=\"application\/ld+json\" class=\"yoast-schema-graph\">{\"@context\":\"https:\/\/schema.org\",\"@graph\":[{\"@type\":\"WebPage\",\"@id\":\"https:\/\/likemetkovic.hr\/portal\/vid-odrzan-8-memorijalni-mtb-biciklisticki-maraton-xcp-stipe-camber\/\",\"url\":\"https:\/\/likemetkovic.hr\/portal\/vid-odrzan-8-memorijalni-mtb-biciklisticki-maraton-xcp-stipe-camber\/\",\"name\":\"VID | odr\u017ean 8. memorijalni MTB biciklisti\u010dki maraton XCP 'Stipe \u010camber' - likemetkovic.hr\",\"isPartOf\":{\"@id\":\"https:\/\/likemetkovic.hr\/#website\"},\"primaryImageOfPage\":{\"@id\":\"https:\/\/likemetkovic.hr\/portal\/vid-odrzan-8-memorijalni-mtb-biciklisticki-maraton-xcp-stipe-camber\/#primaryimage\"},\"image\":{\"@id\":\"https:\/\/likemetkovic.hr\/portal\/vid-odrzan-8-memorijalni-mtb-biciklisticki-maraton-xcp-stipe-camber\/#primaryimage\"},\"thumbnailUrl\":\"https:\/\/likemetkovic.hr\/portal\/wp-content\/uploads\/2023\/02\/camberica-2023.jpg\",\"datePublished\":\"2023-02-20T09:00:30+00:00\",\"author\":{\"@id\":\"https:\/\/likemetkovic.hr\/#\/schema\/person\/a42711f3385a0e2be6f7e0443bfb28f0\"},\"breadcrumb\":{\"@id\":\"https:\/\/likemetkovic.hr\/portal\/vid-odrzan-8-memorijalni-mtb-biciklisticki-maraton-xcp-stipe-camber\/#breadcrumb\"},\"inLanguage\":\"hr\",\"potentialAction\":[{\"@type\":\"ReadAction\",\"target\":[\"https:\/\/likemetkovic.hr\/portal\/vid-odrzan-8-memorijalni-mtb-biciklisticki-maraton-xcp-stipe-camber\/\"]}]},{\"@type\":\"ImageObject\",\"inLanguage\":\"hr\",\"@id\":\"https:\/\/likemetkovic.hr\/portal\/vid-odrzan-8-memorijalni-mtb-biciklisticki-maraton-xcp-stipe-camber\/#primaryimage\",\"url\":\"https:\/\/likemetkovic.hr\/portal\/wp-content\/uploads\/2023\/02\/camberica-2023.jpg\",\"contentUrl\":\"https:\/\/likemetkovic.hr\/portal\/wp-content\/uploads\/2023\/02\/camberica-2023.jpg\",\"width\":800,\"height\":530},{\"@type\":\"BreadcrumbList\",\"@id\":\"https:\/\/likemetkovic.hr\/portal\/vid-odrzan-8-memorijalni-mtb-biciklisticki-maraton-xcp-stipe-camber\/#breadcrumb\",\"itemListElement\":[{\"@type\":\"ListItem\",\"position\":1,\"name\":\"Po\u010detna stranica\",\"item\":\"https:\/\/likemetkovic.hr\/portal\/\"},{\"@type\":\"ListItem\",\"position\":2,\"name\":\"VID | odr\u017ean 8. memorijalni MTB biciklisti\u010dki maraton XCP &#8216;Stipe \u010camber&#8217;\"}]},{\"@type\":\"WebSite\",\"@id\":\"https:\/\/likemetkovic.hr\/#website\",\"url\":\"https:\/\/likemetkovic.hr\/\",\"name\":\"likemetkovic.hr\",\"description\":\"Misli pozitivno... \u010ditaj LIKE\",\"potentialAction\":[{\"@type\":\"SearchAction\",\"target\":{\"@type\":\"EntryPoint\",\"urlTemplate\":\"https:\/\/likemetkovic.hr\/?s={search_term_string}\"},\"query-input\":{\"@type\":\"PropertyValueSpecification\",\"valueRequired\":true,\"valueName\":\"search_term_string\"}}],\"inLanguage\":\"hr\"},{\"@type\":\"Person\",\"@id\":\"https:\/\/likemetkovic.hr\/#\/schema\/person\/a42711f3385a0e2be6f7e0443bfb28f0\",\"name\":\"LIKEmetkovic.hr\",\"sameAs\":[\"http:\/\/likemetkovic.hr\"],\"url\":\"https:\/\/likemetkovic.hr\/portal\/author\/likemetkovic-hr\/\"}]}<\/script>\n<!-- \/ Yoast SEO plugin. -->","yoast_head_json":{"title":"VID | odr\u017ean 8. memorijalni MTB biciklisti\u010dki maraton XCP 'Stipe \u010camber' - likemetkovic.hr","robots":{"index":"index","follow":"follow","max-snippet":"max-snippet:-1","max-image-preview":"max-image-preview:large","max-video-preview":"max-video-preview:-1"},"canonical":"https:\/\/likemetkovic.hr\/portal\/vid-odrzan-8-memorijalni-mtb-biciklisticki-maraton-xcp-stipe-camber\/","og_locale":"hr_HR","og_type":"article","og_title":"VID | odr\u017ean 8. memorijalni MTB biciklisti\u010dki maraton XCP 'Stipe \u010camber' - likemetkovic.hr","og_description":"U organizaciji Biciklisti\u010dkoga kluba Metkovi\u0107 u Vidu je ju\u010der odr\u017ean Memorijalni MTB biciklisti\u010dki maraton XCP \u201eStipe \u010camber\u201c, utrka 7. kola XC Zimske lige Dalmacije. U konkurenciji seniora nastupilo je ukupno 98 biciklista i biciklistkinja, a u dje\u010djoj utrci njih 56. Na kraju utrke dodijeljene su medalje najboljima. Ukupan poredak utrka mo\u017eete pogledati na sljede\u0107im poveznicama: [&hellip;]","og_url":"https:\/\/likemetkovic.hr\/portal\/vid-odrzan-8-memorijalni-mtb-biciklisticki-maraton-xcp-stipe-camber\/","og_site_name":"likemetkovic.hr","article_publisher":"https:\/\/www.facebook.com\/likemetkovic.hr\/","article_published_time":"2023-02-20T09:00:30+00:00","og_image":[{"width":800,"height":530,"url":"https:\/\/likemetkovic.hr\/portal\/wp-content\/uploads\/2023\/02\/camberica-2023.jpg","type":"image\/jpeg"}],"author":"LIKEmetkovic.hr","twitter_card":"summary_large_image","twitter_misc":{"Napisao\/la":"LIKEmetkovic.hr","Procijenjeno vrijeme \u010ditanja":"1 minuta"},"schema":{"@context":"https:\/\/schema.org","@graph":[{"@type":"WebPage","@id":"https:\/\/likemetkovic.hr\/portal\/vid-odrzan-8-memorijalni-mtb-biciklisticki-maraton-xcp-stipe-camber\/","url":"https:\/\/likemetkovic.hr\/portal\/vid-odrzan-8-memorijalni-mtb-biciklisticki-maraton-xcp-stipe-camber\/","name":"VID | odr\u017ean 8. memorijalni MTB biciklisti\u010dki maraton XCP 'Stipe \u010camber' - likemetkovic.hr","isPartOf":{"@id":"https:\/\/likemetkovic.hr\/#website"},"primaryImageOfPage":{"@id":"https:\/\/likemetkovic.hr\/portal\/vid-odrzan-8-memorijalni-mtb-biciklisticki-maraton-xcp-stipe-camber\/#primaryimage"},"image":{"@id":"https:\/\/likemetkovic.hr\/portal\/vid-odrzan-8-memorijalni-mtb-biciklisticki-maraton-xcp-stipe-camber\/#primaryimage"},"thumbnailUrl":"https:\/\/likemetkovic.hr\/portal\/wp-content\/uploads\/2023\/02\/camberica-2023.jpg","datePublished":"2023-02-20T09:00:30+00:00","author":{"@id":"https:\/\/likemetkovic.hr\/#\/schema\/person\/a42711f3385a0e2be6f7e0443bfb28f0"},"breadcrumb":{"@id":"https:\/\/likemetkovic.hr\/portal\/vid-odrzan-8-memorijalni-mtb-biciklisticki-maraton-xcp-stipe-camber\/#breadcrumb"},"inLanguage":"hr","potentialAction":[{"@type":"ReadAction","target":["https:\/\/likemetkovic.hr\/portal\/vid-odrzan-8-memorijalni-mtb-biciklisticki-maraton-xcp-stipe-camber\/"]}]},{"@type":"ImageObject","inLanguage":"hr","@id":"https:\/\/likemetkovic.hr\/portal\/vid-odrzan-8-memorijalni-mtb-biciklisticki-maraton-xcp-stipe-camber\/#primaryimage","url":"https:\/\/likemetkovic.hr\/portal\/wp-content\/uploads\/2023\/02\/camberica-2023.jpg","contentUrl":"https:\/\/likemetkovic.hr\/portal\/wp-content\/uploads\/2023\/02\/camberica-2023.jpg","width":800,"height":530},{"@type":"BreadcrumbList","@id":"https:\/\/likemetkovic.hr\/portal\/vid-odrzan-8-memorijalni-mtb-biciklisticki-maraton-xcp-stipe-camber\/#breadcrumb","itemListElement":[{"@type":"ListItem","position":1,"name":"Po\u010detna stranica","item":"https:\/\/likemetkovic.hr\/portal\/"},{"@type":"ListItem","position":2,"name":"VID | odr\u017ean 8. memorijalni MTB biciklisti\u010dki maraton XCP &#8216;Stipe \u010camber&#8217;"}]},{"@type":"WebSite","@id":"https:\/\/likemetkovic.hr\/#website","url":"https:\/\/likemetkovic.hr\/","name":"likemetkovic.hr","description":"Misli pozitivno... \u010ditaj LIKE","potentialAction":[{"@type":"SearchAction","target":{"@type":"EntryPoint","urlTemplate":"https:\/\/likemetkovic.hr\/?s={search_term_string}"},"query-input":{"@type":"PropertyValueSpecification","valueRequired":true,"valueName":"search_term_string"}}],"inLanguage":"hr"},{"@type":"Person","@id":"https:\/\/likemetkovic.hr\/#\/schema\/person\/a42711f3385a0e2be6f7e0443bfb28f0","name":"LIKEmetkovic.hr","sameAs":["http:\/\/likemetkovic.hr"],"url":"https:\/\/likemetkovic.hr\/portal\/author\/likemetkovic-hr\/"}]}},"_links":{"self":[{"href":"https:\/\/likemetkovic.hr\/portal\/wp-json\/wp\/v2\/posts\/140686","targetHints":{"allow":["GET"]}}],"collection":[{"href":"https:\/\/likemetkovic.hr\/portal\/wp-json\/wp\/v2\/posts"}],"about":[{"href":"https:\/\/likemetkovic.hr\/portal\/wp-json\/wp\/v2\/types\/post"}],"author":[{"embeddable":true,"href":"https:\/\/likemetkovic.hr\/portal\/wp-json\/wp\/v2\/users\/7"}],"replies":[{"embeddable":true,"href":"https:\/\/likemetkovic.hr\/portal\/wp-json\/wp\/v2\/comments?post=140686"}],"version-history":[{"count":1,"href":"https:\/\/likemetkovic.hr\/portal\/wp-json\/wp\/v2\/posts\/140686\/revisions"}],"predecessor-version":[{"id":140688,"href":"https:\/\/likemetkovic.hr\/portal\/wp-json\/wp\/v2\/posts\/140686\/revisions\/140688"}],"wp:featuredmedia":[{"embeddable":true,"href":"https:\/\/likemetkovic.hr\/portal\/wp-json\/wp\/v2\/media\/140687"}],"wp:attachment":[{"href":"https:\/\/likemetkovic.hr\/portal\/wp-json\/wp\/v2\/media?parent=140686"}],"wp:term":[{"taxonomy":"category","embeddable":true,"href":"https:\/\/likemetkovic.hr\/portal\/wp-json\/wp\/v2\/categories?post=140686"},{"taxonomy":"post_tag","embeddable":true,"href":"https:\/\/likemetkovic.hr\/portal\/wp-json\/wp\/v2\/tags?post=140686"}],"curies":[{"name":"wp","href":"https:\/\/api.w.org\/{rel}","templated":true}]}}