{"id":147703,"date":"2023-09-22T22:53:55","date_gmt":"2023-09-22T20:53:55","guid":{"rendered":"https:\/\/likemetkovic.hr\/portal\/?p=147703"},"modified":"2023-09-22T22:55:16","modified_gmt":"2023-09-22T20:55:16","slug":"neretvanski-dir-u-dvije-utrke-nastupit-ce-150-biciklista-iz-osam-zemalja","status":"publish","type":"post","link":"https:\/\/likemetkovic.hr\/portal\/neretvanski-dir-u-dvije-utrke-nastupit-ce-150-biciklista-iz-osam-zemalja\/","title":{"rendered":"NERETVANSKI \u0110IR | U dvije utrke nastupit \u0107e 150 biciklista iz osam zemalja"},"content":{"rendered":"<p>Povodom odr\u017eavanja 4. biciklisti\u010dke manifestacije <strong><em>Neretvanski \u0111ir<\/em><\/strong>, 23. i 24. rujna u Metkovi\u0107u, Biciklisti\u010dki klub Metkovi\u0107 je ve\u010deras odr\u017eao konferenciju za medije.<\/p>\n<p>Predsjednik BK Metkovi\u0107 <strong>Dalibor Talaji\u0107<\/strong> je iznio podatak da \u0107e nastupiti oko 150 biciklista iz Hrvatske, Poljske, Austrije, Slovenije, BiH, Slova\u010dke, Francuske pa \u010dak i iz Izraela. Manifestaciju je financijski podr\u017ealo Ministarstvo turizma i sporta uz podr\u0161ku Grada Metkovi\u0107a i brojnih sponzora.<\/p>\n<p>Odr\u017eat \u0107e se dvije biciklisti\u010dke utrke: u subotu, 23. rujna je MTB utrka<strong> u disciplini eliminator XCE \u201eMetkovi\u0107 2023\u201c<\/strong> koja je ujedno i dr\u017eavno prvenstvo Hrvatske, a u nedjelju, 24. rujna na rasporedu UCI class 1 <strong>me\u0111unarodna utrka XCO \u201ePredolac\u201c<\/strong> koja se boduje za XCO kup Hrvatske.<\/p>\n<p>Zbog odr\u017eavanja utrke <strong>u nedjelju \u0107e biti privremeno zatvoren promet Lova\u010dkim putem<\/strong>. Utrke \u0107e se odr\u017eavati u vremenu od 9 do 16 sati.<\/p>\n<p>Predvi\u0111en<strong> dje\u010dji MTB eliminator se odga\u0111a<\/strong> zbog najavljenih lo\u0161ih vremenskih prilika. Iz istog razloga se odga\u0111a biciklisti\u010dki poligon na Trgu kralja Tomislava, gdje je trebala biti i dodjela medalja.<\/p>\n<p>Odga\u0111a se <strong>i dio programa za djecu s pote\u0161ko\u0107ama<\/strong> koji je trebao biti odr\u017ean u sklopu Neretvanskog \u0111ira.\u00a0U dogovoru s UCDPDN Leptiri\u0107i program se odga\u0111a za idu\u0107i vikend,\u00a030. rujna ili 1. listopada.<\/p>\n<p>Na kraju se medijima obratio <strong>Ante Zovko<\/strong>, predsjednik Sportske zajednice Grada Metkovi\u0107a koji je za\u017eelio uspje\u0161no odr\u017eavanje utrka <em>Neretvanskog \u0111ira<\/em> na Predolcu.<\/p>\n<p><img decoding=\"async\" class=\"alignnone size-full wp-image-147706\" src=\"https:\/\/likemetkovic.hr\/portal\/wp-content\/uploads\/2023\/09\/neretvanski-dir-22-9-23-2.jpg\" alt=\"\" width=\"800\" height=\"533\" srcset=\"https:\/\/likemetkovic.hr\/portal\/wp-content\/uploads\/2023\/09\/neretvanski-dir-22-9-23-2.jpg 800w, https:\/\/likemetkovic.hr\/portal\/wp-content\/uploads\/2023\/09\/neretvanski-dir-22-9-23-2-768x512.jpg 768w, https:\/\/likemetkovic.hr\/portal\/wp-content\/uploads\/2023\/09\/neretvanski-dir-22-9-23-2-150x100.jpg 150w, https:\/\/likemetkovic.hr\/portal\/wp-content\/uploads\/2023\/09\/neretvanski-dir-22-9-23-2-300x200.jpg 300w, https:\/\/likemetkovic.hr\/portal\/wp-content\/uploads\/2023\/09\/neretvanski-dir-22-9-23-2-696x464.jpg 696w, https:\/\/likemetkovic.hr\/portal\/wp-content\/uploads\/2023\/09\/neretvanski-dir-22-9-23-2-630x420.jpg 630w\" sizes=\"(max-width: 800px) 100vw, 800px\" \/><\/p>\n","protected":false},"excerpt":{"rendered":"<p>Povodom odr\u017eavanja 4. biciklisti\u010dke manifestacije Neretvanski \u0111ir, 23. i 24. rujna u Metkovi\u0107u, Biciklisti\u010dki klub Metkovi\u0107 je ve\u010deras odr\u017eao konferenciju za medije. Predsjednik BK Metkovi\u0107 Dalibor Talaji\u0107 je iznio podatak da \u0107e nastupiti oko 150 biciklista iz Hrvatske, Poljske, Austrije, Slovenije, BiH, Slova\u010dke, Francuske pa \u010dak i iz Izraela. Manifestaciju je financijski podr\u017ealo Ministarstvo turizma [&hellip;]<\/p>\n","protected":false},"author":9,"featured_media":147706,"comment_status":"open","ping_status":"open","sticky":false,"template":"","format":"standard","meta":{"footnotes":""},"categories":[283,34],"tags":[5316,9975,9979],"class_list":{"0":"post-147703","1":"post","2":"type-post","3":"status-publish","4":"format-standard","5":"has-post-thumbnail","7":"category-a","8":"category-biciklizam","9":"tag-neretvanski-dir","10":"tag-xce-metkovic","11":"tag-xco-predolac"},"yoast_head":"<!-- This site is optimized with the Yoast SEO plugin v25.2 - https:\/\/yoast.com\/wordpress\/plugins\/seo\/ -->\n<title>NERETVANSKI \u0110IR | U dvije utrke nastupit \u0107e 150 biciklista iz osam zemalja - likemetkovic.hr<\/title>\n<meta name=\"robots\" content=\"index, follow, max-snippet:-1, max-image-preview:large, max-video-preview:-1\" \/>\n<link rel=\"canonical\" href=\"https:\/\/likemetkovic.hr\/portal\/neretvanski-dir-u-dvije-utrke-nastupit-ce-150-biciklista-iz-osam-zemalja\/\" \/>\n<meta property=\"og:locale\" content=\"hr_HR\" \/>\n<meta property=\"og:type\" content=\"article\" \/>\n<meta property=\"og:title\" content=\"NERETVANSKI \u0110IR | U dvije utrke nastupit \u0107e 150 biciklista iz osam zemalja - likemetkovic.hr\" \/>\n<meta property=\"og:description\" content=\"Povodom odr\u017eavanja 4. biciklisti\u010dke manifestacije Neretvanski \u0111ir, 23. i 24. rujna u Metkovi\u0107u, Biciklisti\u010dki klub Metkovi\u0107 je ve\u010deras odr\u017eao konferenciju za medije. Predsjednik BK Metkovi\u0107 Dalibor Talaji\u0107 je iznio podatak da \u0107e nastupiti oko 150 biciklista iz Hrvatske, Poljske, Austrije, Slovenije, BiH, Slova\u010dke, Francuske pa \u010dak i iz Izraela. Manifestaciju je financijski podr\u017ealo Ministarstvo turizma [&hellip;]\" \/>\n<meta property=\"og:url\" content=\"https:\/\/likemetkovic.hr\/portal\/neretvanski-dir-u-dvije-utrke-nastupit-ce-150-biciklista-iz-osam-zemalja\/\" \/>\n<meta property=\"og:site_name\" content=\"likemetkovic.hr\" \/>\n<meta property=\"article:publisher\" content=\"https:\/\/www.facebook.com\/likemetkovic.hr\/\" \/>\n<meta property=\"article:published_time\" content=\"2023-09-22T20:53:55+00:00\" \/>\n<meta property=\"article:modified_time\" content=\"2023-09-22T20:55:16+00:00\" \/>\n<meta property=\"og:image\" content=\"https:\/\/likemetkovic.hr\/portal\/wp-content\/uploads\/2023\/09\/neretvanski-dir-22-9-23-2.jpg\" \/>\n\t<meta property=\"og:image:width\" content=\"800\" \/>\n\t<meta property=\"og:image:height\" content=\"533\" \/>\n\t<meta property=\"og:image:type\" content=\"image\/jpeg\" \/>\n<meta name=\"author\" content=\"K. J.\" \/>\n<meta name=\"twitter:card\" content=\"summary_large_image\" \/>\n<meta name=\"twitter:label1\" content=\"Napisao\/la\" \/>\n\t<meta name=\"twitter:data1\" content=\"K. J.\" \/>\n\t<meta name=\"twitter:label2\" content=\"Procijenjeno vrijeme \u010ditanja\" \/>\n\t<meta name=\"twitter:data2\" content=\"2 minute\" \/>\n<script type=\"application\/ld+json\" class=\"yoast-schema-graph\">{\"@context\":\"https:\/\/schema.org\",\"@graph\":[{\"@type\":\"WebPage\",\"@id\":\"https:\/\/likemetkovic.hr\/portal\/neretvanski-dir-u-dvije-utrke-nastupit-ce-150-biciklista-iz-osam-zemalja\/\",\"url\":\"https:\/\/likemetkovic.hr\/portal\/neretvanski-dir-u-dvije-utrke-nastupit-ce-150-biciklista-iz-osam-zemalja\/\",\"name\":\"NERETVANSKI \u0110IR | U dvije utrke nastupit \u0107e 150 biciklista iz osam zemalja - likemetkovic.hr\",\"isPartOf\":{\"@id\":\"https:\/\/likemetkovic.hr\/#website\"},\"primaryImageOfPage\":{\"@id\":\"https:\/\/likemetkovic.hr\/portal\/neretvanski-dir-u-dvije-utrke-nastupit-ce-150-biciklista-iz-osam-zemalja\/#primaryimage\"},\"image\":{\"@id\":\"https:\/\/likemetkovic.hr\/portal\/neretvanski-dir-u-dvije-utrke-nastupit-ce-150-biciklista-iz-osam-zemalja\/#primaryimage\"},\"thumbnailUrl\":\"https:\/\/likemetkovic.hr\/portal\/wp-content\/uploads\/2023\/09\/neretvanski-dir-22-9-23-2.jpg\",\"datePublished\":\"2023-09-22T20:53:55+00:00\",\"dateModified\":\"2023-09-22T20:55:16+00:00\",\"author\":{\"@id\":\"https:\/\/likemetkovic.hr\/#\/schema\/person\/0a8b4ebfdfe1ff01192dccda40c5da0c\"},\"breadcrumb\":{\"@id\":\"https:\/\/likemetkovic.hr\/portal\/neretvanski-dir-u-dvije-utrke-nastupit-ce-150-biciklista-iz-osam-zemalja\/#breadcrumb\"},\"inLanguage\":\"hr\",\"potentialAction\":[{\"@type\":\"ReadAction\",\"target\":[\"https:\/\/likemetkovic.hr\/portal\/neretvanski-dir-u-dvije-utrke-nastupit-ce-150-biciklista-iz-osam-zemalja\/\"]}]},{\"@type\":\"ImageObject\",\"inLanguage\":\"hr\",\"@id\":\"https:\/\/likemetkovic.hr\/portal\/neretvanski-dir-u-dvije-utrke-nastupit-ce-150-biciklista-iz-osam-zemalja\/#primaryimage\",\"url\":\"https:\/\/likemetkovic.hr\/portal\/wp-content\/uploads\/2023\/09\/neretvanski-dir-22-9-23-2.jpg\",\"contentUrl\":\"https:\/\/likemetkovic.hr\/portal\/wp-content\/uploads\/2023\/09\/neretvanski-dir-22-9-23-2.jpg\",\"width\":800,\"height\":533},{\"@type\":\"BreadcrumbList\",\"@id\":\"https:\/\/likemetkovic.hr\/portal\/neretvanski-dir-u-dvije-utrke-nastupit-ce-150-biciklista-iz-osam-zemalja\/#breadcrumb\",\"itemListElement\":[{\"@type\":\"ListItem\",\"position\":1,\"name\":\"Po\u010detna stranica\",\"item\":\"https:\/\/likemetkovic.hr\/portal\/\"},{\"@type\":\"ListItem\",\"position\":2,\"name\":\"NERETVANSKI \u0110IR | U dvije utrke nastupit \u0107e 150 biciklista iz osam zemalja\"}]},{\"@type\":\"WebSite\",\"@id\":\"https:\/\/likemetkovic.hr\/#website\",\"url\":\"https:\/\/likemetkovic.hr\/\",\"name\":\"likemetkovic.hr\",\"description\":\"Misli pozitivno... \u010ditaj LIKE\",\"potentialAction\":[{\"@type\":\"SearchAction\",\"target\":{\"@type\":\"EntryPoint\",\"urlTemplate\":\"https:\/\/likemetkovic.hr\/?s={search_term_string}\"},\"query-input\":{\"@type\":\"PropertyValueSpecification\",\"valueRequired\":true,\"valueName\":\"search_term_string\"}}],\"inLanguage\":\"hr\"},{\"@type\":\"Person\",\"@id\":\"https:\/\/likemetkovic.hr\/#\/schema\/person\/0a8b4ebfdfe1ff01192dccda40c5da0c\",\"name\":\"K. J.\",\"url\":\"https:\/\/likemetkovic.hr\/portal\/author\/likemetkovic\/\"}]}<\/script>\n<!-- \/ Yoast SEO plugin. -->","yoast_head_json":{"title":"NERETVANSKI \u0110IR | U dvije utrke nastupit \u0107e 150 biciklista iz osam zemalja - likemetkovic.hr","robots":{"index":"index","follow":"follow","max-snippet":"max-snippet:-1","max-image-preview":"max-image-preview:large","max-video-preview":"max-video-preview:-1"},"canonical":"https:\/\/likemetkovic.hr\/portal\/neretvanski-dir-u-dvije-utrke-nastupit-ce-150-biciklista-iz-osam-zemalja\/","og_locale":"hr_HR","og_type":"article","og_title":"NERETVANSKI \u0110IR | U dvije utrke nastupit \u0107e 150 biciklista iz osam zemalja - likemetkovic.hr","og_description":"Povodom odr\u017eavanja 4. biciklisti\u010dke manifestacije Neretvanski \u0111ir, 23. i 24. rujna u Metkovi\u0107u, Biciklisti\u010dki klub Metkovi\u0107 je ve\u010deras odr\u017eao konferenciju za medije. Predsjednik BK Metkovi\u0107 Dalibor Talaji\u0107 je iznio podatak da \u0107e nastupiti oko 150 biciklista iz Hrvatske, Poljske, Austrije, Slovenije, BiH, Slova\u010dke, Francuske pa \u010dak i iz Izraela. Manifestaciju je financijski podr\u017ealo Ministarstvo turizma [&hellip;]","og_url":"https:\/\/likemetkovic.hr\/portal\/neretvanski-dir-u-dvije-utrke-nastupit-ce-150-biciklista-iz-osam-zemalja\/","og_site_name":"likemetkovic.hr","article_publisher":"https:\/\/www.facebook.com\/likemetkovic.hr\/","article_published_time":"2023-09-22T20:53:55+00:00","article_modified_time":"2023-09-22T20:55:16+00:00","og_image":[{"width":800,"height":533,"url":"https:\/\/likemetkovic.hr\/portal\/wp-content\/uploads\/2023\/09\/neretvanski-dir-22-9-23-2.jpg","type":"image\/jpeg"}],"author":"K. J.","twitter_card":"summary_large_image","twitter_misc":{"Napisao\/la":"K. J.","Procijenjeno vrijeme \u010ditanja":"2 minute"},"schema":{"@context":"https:\/\/schema.org","@graph":[{"@type":"WebPage","@id":"https:\/\/likemetkovic.hr\/portal\/neretvanski-dir-u-dvije-utrke-nastupit-ce-150-biciklista-iz-osam-zemalja\/","url":"https:\/\/likemetkovic.hr\/portal\/neretvanski-dir-u-dvije-utrke-nastupit-ce-150-biciklista-iz-osam-zemalja\/","name":"NERETVANSKI \u0110IR | U dvije utrke nastupit \u0107e 150 biciklista iz osam zemalja - likemetkovic.hr","isPartOf":{"@id":"https:\/\/likemetkovic.hr\/#website"},"primaryImageOfPage":{"@id":"https:\/\/likemetkovic.hr\/portal\/neretvanski-dir-u-dvije-utrke-nastupit-ce-150-biciklista-iz-osam-zemalja\/#primaryimage"},"image":{"@id":"https:\/\/likemetkovic.hr\/portal\/neretvanski-dir-u-dvije-utrke-nastupit-ce-150-biciklista-iz-osam-zemalja\/#primaryimage"},"thumbnailUrl":"https:\/\/likemetkovic.hr\/portal\/wp-content\/uploads\/2023\/09\/neretvanski-dir-22-9-23-2.jpg","datePublished":"2023-09-22T20:53:55+00:00","dateModified":"2023-09-22T20:55:16+00:00","author":{"@id":"https:\/\/likemetkovic.hr\/#\/schema\/person\/0a8b4ebfdfe1ff01192dccda40c5da0c"},"breadcrumb":{"@id":"https:\/\/likemetkovic.hr\/portal\/neretvanski-dir-u-dvije-utrke-nastupit-ce-150-biciklista-iz-osam-zemalja\/#breadcrumb"},"inLanguage":"hr","potentialAction":[{"@type":"ReadAction","target":["https:\/\/likemetkovic.hr\/portal\/neretvanski-dir-u-dvije-utrke-nastupit-ce-150-biciklista-iz-osam-zemalja\/"]}]},{"@type":"ImageObject","inLanguage":"hr","@id":"https:\/\/likemetkovic.hr\/portal\/neretvanski-dir-u-dvije-utrke-nastupit-ce-150-biciklista-iz-osam-zemalja\/#primaryimage","url":"https:\/\/likemetkovic.hr\/portal\/wp-content\/uploads\/2023\/09\/neretvanski-dir-22-9-23-2.jpg","contentUrl":"https:\/\/likemetkovic.hr\/portal\/wp-content\/uploads\/2023\/09\/neretvanski-dir-22-9-23-2.jpg","width":800,"height":533},{"@type":"BreadcrumbList","@id":"https:\/\/likemetkovic.hr\/portal\/neretvanski-dir-u-dvije-utrke-nastupit-ce-150-biciklista-iz-osam-zemalja\/#breadcrumb","itemListElement":[{"@type":"ListItem","position":1,"name":"Po\u010detna stranica","item":"https:\/\/likemetkovic.hr\/portal\/"},{"@type":"ListItem","position":2,"name":"NERETVANSKI \u0110IR | U dvije utrke nastupit \u0107e 150 biciklista iz osam zemalja"}]},{"@type":"WebSite","@id":"https:\/\/likemetkovic.hr\/#website","url":"https:\/\/likemetkovic.hr\/","name":"likemetkovic.hr","description":"Misli pozitivno... \u010ditaj LIKE","potentialAction":[{"@type":"SearchAction","target":{"@type":"EntryPoint","urlTemplate":"https:\/\/likemetkovic.hr\/?s={search_term_string}"},"query-input":{"@type":"PropertyValueSpecification","valueRequired":true,"valueName":"search_term_string"}}],"inLanguage":"hr"},{"@type":"Person","@id":"https:\/\/likemetkovic.hr\/#\/schema\/person\/0a8b4ebfdfe1ff01192dccda40c5da0c","name":"K. J.","url":"https:\/\/likemetkovic.hr\/portal\/author\/likemetkovic\/"}]}},"_links":{"self":[{"href":"https:\/\/likemetkovic.hr\/portal\/wp-json\/wp\/v2\/posts\/147703","targetHints":{"allow":["GET"]}}],"collection":[{"href":"https:\/\/likemetkovic.hr\/portal\/wp-json\/wp\/v2\/posts"}],"about":[{"href":"https:\/\/likemetkovic.hr\/portal\/wp-json\/wp\/v2\/types\/post"}],"author":[{"embeddable":true,"href":"https:\/\/likemetkovic.hr\/portal\/wp-json\/wp\/v2\/users\/9"}],"replies":[{"embeddable":true,"href":"https:\/\/likemetkovic.hr\/portal\/wp-json\/wp\/v2\/comments?post=147703"}],"version-history":[{"count":3,"href":"https:\/\/likemetkovic.hr\/portal\/wp-json\/wp\/v2\/posts\/147703\/revisions"}],"predecessor-version":[{"id":147708,"href":"https:\/\/likemetkovic.hr\/portal\/wp-json\/wp\/v2\/posts\/147703\/revisions\/147708"}],"wp:featuredmedia":[{"embeddable":true,"href":"https:\/\/likemetkovic.hr\/portal\/wp-json\/wp\/v2\/media\/147706"}],"wp:attachment":[{"href":"https:\/\/likemetkovic.hr\/portal\/wp-json\/wp\/v2\/media?parent=147703"}],"wp:term":[{"taxonomy":"category","embeddable":true,"href":"https:\/\/likemetkovic.hr\/portal\/wp-json\/wp\/v2\/categories?post=147703"},{"taxonomy":"post_tag","embeddable":true,"href":"https:\/\/likemetkovic.hr\/portal\/wp-json\/wp\/v2\/tags?post=147703"}],"curies":[{"name":"wp","href":"https:\/\/api.w.org\/{rel}","templated":true}]}}