{"id":147829,"date":"2023-09-27T15:21:25","date_gmt":"2023-09-27T13:21:25","guid":{"rendered":"https:\/\/likemetkovic.hr\/portal\/?p=147829"},"modified":"2023-09-27T15:21:25","modified_gmt":"2023-09-27T13:21:25","slug":"obiljezen-dan-policije-medu-pohvaljenima-su-policajci-jure-zderic-ivica-suton-i-petar-volarevic","status":"publish","type":"post","link":"https:\/\/likemetkovic.hr\/portal\/obiljezen-dan-policije-medu-pohvaljenima-su-policajci-jure-zderic-ivica-suton-i-petar-volarevic\/","title":{"rendered":"Obilje\u017een Dan policije: me\u0111u pohvaljenima su policajci Jure \u017dderi\u0107, Ivica Suton i Petar Volarevi\u0107"},"content":{"rendered":"<p>Danas je PU dubrova\u010dko-neretvanska obilje\u017eila Dan policije. Molitvu je predvodio policijski kapelan fra Ivica Kiril koji je, \u010destitaju\u0107i blagdan za\u0161titnika sv. Mihovila, zahvalio policijskim slu\u017ebenicima za sve \u0161to \u010dine slijede\u0107i sv. Mihovila u obrani dobra od zla.<\/p>\n<p>Uz predstavnike Policijske uprave dubrova\u010dko-neretvanske, vijence su polo\u017eili i svije\u0107e zapalili \u010dlanovi obitelji poginulih pripadnika Domovinskog rata, izaslanstva \u017dupanije dubrova\u010dko-neretvanske, Grada Dubrovnika i predstavnici udruga proisteklih iz Domovinskog rata.<\/p>\n<p>Na prigodnoj sve\u010danosti u Policijskoj upravi povodom Dana policije, na\u010delnik Policijske uprave Ivan Pavli\u010devi\u0107 zahvalio je brojnim institucijama na dugogodi\u0161njoj suradnji.<\/p>\n<p>Ovogodi\u0161nju zahvalnicu za dugogodi\u0161nju suradnju dobili su Osnovna \u0161kola Ivana Gunduli\u0107a na \u010delu s ravnateljicom te \u0161kole Vedranom Elez i Sredna turisti\u010dka i ugostiteljska \u0161kola Dubrovnik na \u010delu s ravnateljom te \u0161kole Antunom Peru\u0161inom.<\/p>\n<p>Javnom pohvalom na\u010delnika Policijske uprave na prijedlog njihovih rukovoditelja ove je godine <strong>pohvaljeno 32 policijskih slu\u017ebenika\/ca i djelatnika<\/strong> koji su tijekom protekle godine u obavljanju svojih poslova i radnih zadataka posebno istaknuli zalaganjem i motivirano\u0161\u0107u te profesionalnim odnosom prema svojim radnim obvezama, kolegama i strankama ili su svojim sportskim uspjesima promovirali Policijsku upravu dubrova\u010dko-neretvansku.<\/p>\n<p><strong>Javno pohvaljeni policijski slu\u017ebenici\/ce i djelatnici\/-ce su:<\/strong><\/p>\n<p><strong>Marija Rihter<\/strong>\u00a0&#8211; djelatnica Ureda na\u010delnika Policijske uprave<br \/>\n<strong>Anica Batisti\u0107<\/strong>\u00a0&#8211; djelatnica Policijske postaje Kor\u010dula<br \/>\n<strong>Ivana Hiltner<\/strong>\u00a0\u2013 policijska slu\u017ebenica PP Dubrovnik,<br \/>\n<strong>Ane Guljelmovi\u0107<\/strong>\u00a0\u2013 djelatnica Postaje grani\u010dne policije Gruda<br \/>\n<strong>Renata Beni\u0107<\/strong>\u00a0\u2013 djelatnica Slu\u017ebe upravnih poslova, dr\u017eavljanstava i stranaca<br \/>\n<strong>Domagoj Vizintini<\/strong>\u00a0\u2013 policijski slu\u017ebenik Mobilne jedinice grani\u010dne policije Jug<br \/>\n<strong>Boris Ra\u0161ica<\/strong>\u00a0&#8211;\u00a0 policijski slu\u017ebenik Interventne jedinice policije<br \/>\n<strong>Jure \u017dderi\u0107<\/strong>\u00a0\u2013 policijski slu\u017ebenik PP Metkovi\u0107<br \/>\n<strong>Ivica Suton<\/strong>\u00a0&#8211; policijski slu\u017ebenik PGP Metkovi\u0107<br \/>\n<strong>Vedran Crni\u0107<\/strong>\u00a0&#8211; policijski slu\u017ebenik PP Lastovo<br \/>\n<strong>Mato Lu\u010di\u0107<\/strong>\u00a0&#8211; policijski slu\u017ebenik PP Ston<br \/>\n<strong>Marko Panduri\u0107<\/strong>\u00a0&#8211; policijski slu\u017ebenik PGP Gruda<\/p>\n<p><strong>Zbog svojih sportskih uspjeha pohvaljeni su:<\/strong><\/p>\n<p><strong>Petar Volarevi\u0107<\/strong>\u00a0\u2013 policijski slu\u017ebenik IJP koji ve\u0107 niz godina osvaja visoka prva mjesta na vi\u0161e zahtjevnih natjecanja u Hrvatskoj i inozemstvu uklju\u010duju\u0107i i ono za najspremnijeg policajca Hrvatske, kojom titulom se okitio i ove godine.<br \/>\n<strong>Marin Lipovac<\/strong>\u00a0\u2013 policijski slu\u017ebenik IJP koji je na nedavnom dr\u017eavnom natjecanju u kajaku i kanuu odnio \u010dak dvije zlatne i jednu srebrenu medalju<br \/>\n<strong>Malonogometni tim Policijske uprave dubrova\u010dko-neretvanske<\/strong> (Petar Marevi\u0107; Boris Pavkovi\u0107; Ivan Markovi\u0107; Robert Pijevi\u0107; Dani Dominikovi\u0107; Marijo Batinovi\u0107; Tomislav Domi\u0107; Mario Mari\u0107; Josip Stjepanovi\u0107; Marin Bari\u0161i\u0107; Pavo \u010can\u010dar) na \u010delu s njihovim voditeljem Juricom Batinovi\u0107em koji osim \u0161to redovno osvajaju prva mjesta na svim policijskim malonogometnim turnirima, osvajaju i prva mjesta za najboljeg golmana i za <em>fair play<\/em> igru.<br \/>\n<u><\/u><\/p>\n<p><strong><u>Policijska uprava dubrova\u010dko-neretvanska tradicionalno svake godine organizira interna sportska natjecanja \u010diji su pobjednici:<\/u><\/strong><\/p>\n<p>Za osvojena prva mjesta u natjecanju strelja\u0161tva u ukupnom poretku i prakti\u010dnom strelja\u0161tvu pehar je osvojio <strong>Petar Volarevi\u0107<\/strong>\u00a0iz IJP<br \/>\nPehar za osvojeno prvo mjesto u preciznom strelja\u0161tvu osvojio je\u00a0<strong>Leonardo Buli\u0107<\/strong>\u00a0iz Ureda na\u010delnika Policijske uprave dubrova\u010dko-neretvanske<br \/>\nZa osvojeno prvo mjesto u natjecanju stolnog tenisa pehar je osvojio\u00a0<strong>DAMIR PARMA\u0106<\/strong><br \/>\nZa osvojeno prvo mjesto u natjecanju stolnog tenisa u parovima prvo mjesto su osvojili\u00a0<strong>DARKO BO\u017dI\u0106<\/strong>\u00a0\u00a0i\u00a0<strong>DARIO MARI\u0106<\/strong><br \/>\nA ve\u0107 tre\u0107u godinu zaredom najbolja malonogometna ekipa na malonogometnom turniru policijskih postaja Policijske uprave je ona<strong> Policijske postaje Ston<\/strong><\/p>\n<p>\u010cestitke javno pohvaljenim kolegicama i kolegama, a svim policijskim slu\u017ebenicima i slu\u017ebenicama \u017eelimo sretan Dan policije!<\/p>\n","protected":false},"excerpt":{"rendered":"<p>Danas je PU dubrova\u010dko-neretvanska obilje\u017eila Dan policije. Molitvu je predvodio policijski kapelan fra Ivica Kiril koji je, \u010destitaju\u0107i blagdan za\u0161titnika sv. Mihovila, zahvalio policijskim slu\u017ebenicima za sve \u0161to \u010dine slijede\u0107i sv. Mihovila u obrani dobra od zla. Uz predstavnike Policijske uprave dubrova\u010dko-neretvanske, vijence su polo\u017eili i svije\u0107e zapalili \u010dlanovi obitelji poginulih pripadnika Domovinskog rata, izaslanstva [&hellip;]<\/p>\n","protected":false},"author":9,"featured_media":147830,"comment_status":"open","ping_status":"open","sticky":false,"template":"","format":"standard","meta":{"footnotes":""},"categories":[283,300],"tags":[1447],"class_list":{"0":"post-147829","1":"post","2":"type-post","3":"status-publish","4":"format-standard","5":"has-post-thumbnail","7":"category-a","8":"category-zupanija","9":"tag-dan-policije"},"yoast_head":"<!-- This site is optimized with the Yoast SEO plugin v25.2 - https:\/\/yoast.com\/wordpress\/plugins\/seo\/ -->\n<title>Obilje\u017een Dan policije: me\u0111u pohvaljenima su policajci Jure \u017dderi\u0107, Ivica Suton i Petar Volarevi\u0107 - likemetkovic.hr<\/title>\n<meta name=\"robots\" content=\"index, follow, max-snippet:-1, max-image-preview:large, max-video-preview:-1\" \/>\n<link rel=\"canonical\" href=\"https:\/\/likemetkovic.hr\/portal\/obiljezen-dan-policije-medu-pohvaljenima-su-policajci-jure-zderic-ivica-suton-i-petar-volarevic\/\" \/>\n<meta property=\"og:locale\" content=\"hr_HR\" \/>\n<meta property=\"og:type\" content=\"article\" \/>\n<meta property=\"og:title\" content=\"Obilje\u017een Dan policije: me\u0111u pohvaljenima su policajci Jure \u017dderi\u0107, Ivica Suton i Petar Volarevi\u0107 - likemetkovic.hr\" \/>\n<meta property=\"og:description\" content=\"Danas je PU dubrova\u010dko-neretvanska obilje\u017eila Dan policije. Molitvu je predvodio policijski kapelan fra Ivica Kiril koji je, \u010destitaju\u0107i blagdan za\u0161titnika sv. Mihovila, zahvalio policijskim slu\u017ebenicima za sve \u0161to \u010dine slijede\u0107i sv. Mihovila u obrani dobra od zla. Uz predstavnike Policijske uprave dubrova\u010dko-neretvanske, vijence su polo\u017eili i svije\u0107e zapalili \u010dlanovi obitelji poginulih pripadnika Domovinskog rata, izaslanstva [&hellip;]\" \/>\n<meta property=\"og:url\" content=\"https:\/\/likemetkovic.hr\/portal\/obiljezen-dan-policije-medu-pohvaljenima-su-policajci-jure-zderic-ivica-suton-i-petar-volarevic\/\" \/>\n<meta property=\"og:site_name\" content=\"likemetkovic.hr\" \/>\n<meta property=\"article:publisher\" content=\"https:\/\/www.facebook.com\/likemetkovic.hr\/\" \/>\n<meta property=\"article:published_time\" content=\"2023-09-27T13:21:25+00:00\" \/>\n<meta property=\"og:image\" content=\"https:\/\/likemetkovic.hr\/portal\/wp-content\/uploads\/2023\/09\/dan-policije.jpg\" \/>\n\t<meta property=\"og:image:width\" content=\"750\" \/>\n\t<meta property=\"og:image:height\" content=\"500\" \/>\n\t<meta property=\"og:image:type\" content=\"image\/jpeg\" \/>\n<meta name=\"author\" content=\"K. J.\" \/>\n<meta name=\"twitter:card\" content=\"summary_large_image\" \/>\n<meta name=\"twitter:label1\" content=\"Napisao\/la\" \/>\n\t<meta name=\"twitter:data1\" content=\"K. J.\" \/>\n\t<meta name=\"twitter:label2\" content=\"Procijenjeno vrijeme \u010ditanja\" \/>\n\t<meta name=\"twitter:data2\" content=\"3 minute\" \/>\n<script type=\"application\/ld+json\" class=\"yoast-schema-graph\">{\"@context\":\"https:\/\/schema.org\",\"@graph\":[{\"@type\":\"WebPage\",\"@id\":\"https:\/\/likemetkovic.hr\/portal\/obiljezen-dan-policije-medu-pohvaljenima-su-policajci-jure-zderic-ivica-suton-i-petar-volarevic\/\",\"url\":\"https:\/\/likemetkovic.hr\/portal\/obiljezen-dan-policije-medu-pohvaljenima-su-policajci-jure-zderic-ivica-suton-i-petar-volarevic\/\",\"name\":\"Obilje\u017een Dan policije: me\u0111u pohvaljenima su policajci Jure \u017dderi\u0107, Ivica Suton i Petar Volarevi\u0107 - likemetkovic.hr\",\"isPartOf\":{\"@id\":\"https:\/\/likemetkovic.hr\/#website\"},\"primaryImageOfPage\":{\"@id\":\"https:\/\/likemetkovic.hr\/portal\/obiljezen-dan-policije-medu-pohvaljenima-su-policajci-jure-zderic-ivica-suton-i-petar-volarevic\/#primaryimage\"},\"image\":{\"@id\":\"https:\/\/likemetkovic.hr\/portal\/obiljezen-dan-policije-medu-pohvaljenima-su-policajci-jure-zderic-ivica-suton-i-petar-volarevic\/#primaryimage\"},\"thumbnailUrl\":\"https:\/\/likemetkovic.hr\/portal\/wp-content\/uploads\/2023\/09\/dan-policije.jpg\",\"datePublished\":\"2023-09-27T13:21:25+00:00\",\"author\":{\"@id\":\"https:\/\/likemetkovic.hr\/#\/schema\/person\/0a8b4ebfdfe1ff01192dccda40c5da0c\"},\"breadcrumb\":{\"@id\":\"https:\/\/likemetkovic.hr\/portal\/obiljezen-dan-policije-medu-pohvaljenima-su-policajci-jure-zderic-ivica-suton-i-petar-volarevic\/#breadcrumb\"},\"inLanguage\":\"hr\",\"potentialAction\":[{\"@type\":\"ReadAction\",\"target\":[\"https:\/\/likemetkovic.hr\/portal\/obiljezen-dan-policije-medu-pohvaljenima-su-policajci-jure-zderic-ivica-suton-i-petar-volarevic\/\"]}]},{\"@type\":\"ImageObject\",\"inLanguage\":\"hr\",\"@id\":\"https:\/\/likemetkovic.hr\/portal\/obiljezen-dan-policije-medu-pohvaljenima-su-policajci-jure-zderic-ivica-suton-i-petar-volarevic\/#primaryimage\",\"url\":\"https:\/\/likemetkovic.hr\/portal\/wp-content\/uploads\/2023\/09\/dan-policije.jpg\",\"contentUrl\":\"https:\/\/likemetkovic.hr\/portal\/wp-content\/uploads\/2023\/09\/dan-policije.jpg\",\"width\":750,\"height\":500},{\"@type\":\"BreadcrumbList\",\"@id\":\"https:\/\/likemetkovic.hr\/portal\/obiljezen-dan-policije-medu-pohvaljenima-su-policajci-jure-zderic-ivica-suton-i-petar-volarevic\/#breadcrumb\",\"itemListElement\":[{\"@type\":\"ListItem\",\"position\":1,\"name\":\"Po\u010detna stranica\",\"item\":\"https:\/\/likemetkovic.hr\/portal\/\"},{\"@type\":\"ListItem\",\"position\":2,\"name\":\"Obilje\u017een Dan policije: me\u0111u pohvaljenima su policajci Jure \u017dderi\u0107, Ivica Suton i Petar Volarevi\u0107\"}]},{\"@type\":\"WebSite\",\"@id\":\"https:\/\/likemetkovic.hr\/#website\",\"url\":\"https:\/\/likemetkovic.hr\/\",\"name\":\"likemetkovic.hr\",\"description\":\"Misli pozitivno... \u010ditaj LIKE\",\"potentialAction\":[{\"@type\":\"SearchAction\",\"target\":{\"@type\":\"EntryPoint\",\"urlTemplate\":\"https:\/\/likemetkovic.hr\/?s={search_term_string}\"},\"query-input\":{\"@type\":\"PropertyValueSpecification\",\"valueRequired\":true,\"valueName\":\"search_term_string\"}}],\"inLanguage\":\"hr\"},{\"@type\":\"Person\",\"@id\":\"https:\/\/likemetkovic.hr\/#\/schema\/person\/0a8b4ebfdfe1ff01192dccda40c5da0c\",\"name\":\"K. J.\",\"url\":\"https:\/\/likemetkovic.hr\/portal\/author\/likemetkovic\/\"}]}<\/script>\n<!-- \/ Yoast SEO plugin. -->","yoast_head_json":{"title":"Obilje\u017een Dan policije: me\u0111u pohvaljenima su policajci Jure \u017dderi\u0107, Ivica Suton i Petar Volarevi\u0107 - likemetkovic.hr","robots":{"index":"index","follow":"follow","max-snippet":"max-snippet:-1","max-image-preview":"max-image-preview:large","max-video-preview":"max-video-preview:-1"},"canonical":"https:\/\/likemetkovic.hr\/portal\/obiljezen-dan-policije-medu-pohvaljenima-su-policajci-jure-zderic-ivica-suton-i-petar-volarevic\/","og_locale":"hr_HR","og_type":"article","og_title":"Obilje\u017een Dan policije: me\u0111u pohvaljenima su policajci Jure \u017dderi\u0107, Ivica Suton i Petar Volarevi\u0107 - likemetkovic.hr","og_description":"Danas je PU dubrova\u010dko-neretvanska obilje\u017eila Dan policije. Molitvu je predvodio policijski kapelan fra Ivica Kiril koji je, \u010destitaju\u0107i blagdan za\u0161titnika sv. Mihovila, zahvalio policijskim slu\u017ebenicima za sve \u0161to \u010dine slijede\u0107i sv. Mihovila u obrani dobra od zla. Uz predstavnike Policijske uprave dubrova\u010dko-neretvanske, vijence su polo\u017eili i svije\u0107e zapalili \u010dlanovi obitelji poginulih pripadnika Domovinskog rata, izaslanstva [&hellip;]","og_url":"https:\/\/likemetkovic.hr\/portal\/obiljezen-dan-policije-medu-pohvaljenima-su-policajci-jure-zderic-ivica-suton-i-petar-volarevic\/","og_site_name":"likemetkovic.hr","article_publisher":"https:\/\/www.facebook.com\/likemetkovic.hr\/","article_published_time":"2023-09-27T13:21:25+00:00","og_image":[{"width":750,"height":500,"url":"https:\/\/likemetkovic.hr\/portal\/wp-content\/uploads\/2023\/09\/dan-policije.jpg","type":"image\/jpeg"}],"author":"K. J.","twitter_card":"summary_large_image","twitter_misc":{"Napisao\/la":"K. J.","Procijenjeno vrijeme \u010ditanja":"3 minute"},"schema":{"@context":"https:\/\/schema.org","@graph":[{"@type":"WebPage","@id":"https:\/\/likemetkovic.hr\/portal\/obiljezen-dan-policije-medu-pohvaljenima-su-policajci-jure-zderic-ivica-suton-i-petar-volarevic\/","url":"https:\/\/likemetkovic.hr\/portal\/obiljezen-dan-policije-medu-pohvaljenima-su-policajci-jure-zderic-ivica-suton-i-petar-volarevic\/","name":"Obilje\u017een Dan policije: me\u0111u pohvaljenima su policajci Jure \u017dderi\u0107, Ivica Suton i Petar Volarevi\u0107 - likemetkovic.hr","isPartOf":{"@id":"https:\/\/likemetkovic.hr\/#website"},"primaryImageOfPage":{"@id":"https:\/\/likemetkovic.hr\/portal\/obiljezen-dan-policije-medu-pohvaljenima-su-policajci-jure-zderic-ivica-suton-i-petar-volarevic\/#primaryimage"},"image":{"@id":"https:\/\/likemetkovic.hr\/portal\/obiljezen-dan-policije-medu-pohvaljenima-su-policajci-jure-zderic-ivica-suton-i-petar-volarevic\/#primaryimage"},"thumbnailUrl":"https:\/\/likemetkovic.hr\/portal\/wp-content\/uploads\/2023\/09\/dan-policije.jpg","datePublished":"2023-09-27T13:21:25+00:00","author":{"@id":"https:\/\/likemetkovic.hr\/#\/schema\/person\/0a8b4ebfdfe1ff01192dccda40c5da0c"},"breadcrumb":{"@id":"https:\/\/likemetkovic.hr\/portal\/obiljezen-dan-policije-medu-pohvaljenima-su-policajci-jure-zderic-ivica-suton-i-petar-volarevic\/#breadcrumb"},"inLanguage":"hr","potentialAction":[{"@type":"ReadAction","target":["https:\/\/likemetkovic.hr\/portal\/obiljezen-dan-policije-medu-pohvaljenima-su-policajci-jure-zderic-ivica-suton-i-petar-volarevic\/"]}]},{"@type":"ImageObject","inLanguage":"hr","@id":"https:\/\/likemetkovic.hr\/portal\/obiljezen-dan-policije-medu-pohvaljenima-su-policajci-jure-zderic-ivica-suton-i-petar-volarevic\/#primaryimage","url":"https:\/\/likemetkovic.hr\/portal\/wp-content\/uploads\/2023\/09\/dan-policije.jpg","contentUrl":"https:\/\/likemetkovic.hr\/portal\/wp-content\/uploads\/2023\/09\/dan-policije.jpg","width":750,"height":500},{"@type":"BreadcrumbList","@id":"https:\/\/likemetkovic.hr\/portal\/obiljezen-dan-policije-medu-pohvaljenima-su-policajci-jure-zderic-ivica-suton-i-petar-volarevic\/#breadcrumb","itemListElement":[{"@type":"ListItem","position":1,"name":"Po\u010detna stranica","item":"https:\/\/likemetkovic.hr\/portal\/"},{"@type":"ListItem","position":2,"name":"Obilje\u017een Dan policije: me\u0111u pohvaljenima su policajci Jure \u017dderi\u0107, Ivica Suton i Petar Volarevi\u0107"}]},{"@type":"WebSite","@id":"https:\/\/likemetkovic.hr\/#website","url":"https:\/\/likemetkovic.hr\/","name":"likemetkovic.hr","description":"Misli pozitivno... \u010ditaj LIKE","potentialAction":[{"@type":"SearchAction","target":{"@type":"EntryPoint","urlTemplate":"https:\/\/likemetkovic.hr\/?s={search_term_string}"},"query-input":{"@type":"PropertyValueSpecification","valueRequired":true,"valueName":"search_term_string"}}],"inLanguage":"hr"},{"@type":"Person","@id":"https:\/\/likemetkovic.hr\/#\/schema\/person\/0a8b4ebfdfe1ff01192dccda40c5da0c","name":"K. J.","url":"https:\/\/likemetkovic.hr\/portal\/author\/likemetkovic\/"}]}},"_links":{"self":[{"href":"https:\/\/likemetkovic.hr\/portal\/wp-json\/wp\/v2\/posts\/147829","targetHints":{"allow":["GET"]}}],"collection":[{"href":"https:\/\/likemetkovic.hr\/portal\/wp-json\/wp\/v2\/posts"}],"about":[{"href":"https:\/\/likemetkovic.hr\/portal\/wp-json\/wp\/v2\/types\/post"}],"author":[{"embeddable":true,"href":"https:\/\/likemetkovic.hr\/portal\/wp-json\/wp\/v2\/users\/9"}],"replies":[{"embeddable":true,"href":"https:\/\/likemetkovic.hr\/portal\/wp-json\/wp\/v2\/comments?post=147829"}],"version-history":[{"count":1,"href":"https:\/\/likemetkovic.hr\/portal\/wp-json\/wp\/v2\/posts\/147829\/revisions"}],"predecessor-version":[{"id":147831,"href":"https:\/\/likemetkovic.hr\/portal\/wp-json\/wp\/v2\/posts\/147829\/revisions\/147831"}],"wp:featuredmedia":[{"embeddable":true,"href":"https:\/\/likemetkovic.hr\/portal\/wp-json\/wp\/v2\/media\/147830"}],"wp:attachment":[{"href":"https:\/\/likemetkovic.hr\/portal\/wp-json\/wp\/v2\/media?parent=147829"}],"wp:term":[{"taxonomy":"category","embeddable":true,"href":"https:\/\/likemetkovic.hr\/portal\/wp-json\/wp\/v2\/categories?post=147829"},{"taxonomy":"post_tag","embeddable":true,"href":"https:\/\/likemetkovic.hr\/portal\/wp-json\/wp\/v2\/tags?post=147829"}],"curies":[{"name":"wp","href":"https:\/\/api.w.org\/{rel}","templated":true}]}}