{"id":149667,"date":"2023-12-04T21:11:28","date_gmt":"2023-12-04T20:11:28","guid":{"rendered":"https:\/\/likemetkovic.hr\/portal\/?p=149667"},"modified":"2023-12-05T12:23:52","modified_gmt":"2023-12-05T11:23:52","slug":"u-metkovicu-predstavljen-splitski-evandelistar-iz-12-st-velebno-djelo-nase-kulturne-bastine","status":"publish","type":"post","link":"https:\/\/likemetkovic.hr\/portal\/u-metkovicu-predstavljen-splitski-evandelistar-iz-12-st-velebno-djelo-nase-kulturne-bastine\/","title":{"rendered":"U Metkovi\u0107u predstavljen &#8216;Splitski evan\u0111elistar iz 12. st.&#8217;, velebno djelo na\u0161e kulturne ba\u0161tine"},"content":{"rendered":"<p>Da velebno djelo kulturne ba\u0161tine i kr\u0161\u0107anske vjere u svjetskim razmjerima, <strong>Splitski evan\u0111elistar iz 12. st.<\/strong><em> iza\u0111e iz vitrine<\/em> Riznice splitske katedrale, zaslu\u017ena su dva franjevca, profesora na Katoli\u010dkom bogoslovnom fakultetu u Splitu, liturgi\u010dar dr. fra <strong>Domagoj Volarevi\u0107<\/strong>\u00a0i bibli\u010dar dr. fra\u00a0<strong>Domagoj Runje.<\/strong><\/p>\n<p>Oni su napisali opse\u017enu studiju na hrvatskom i engleskom jeziku o kodeksu 625 C Kaptolskog arhiva u Splitu koji nosi naziv <em>Evangeliarium Spalatense saeculi XII. <\/em>Izdanje je tiskano u 250 primjeraka i ima dva volumena: prijepis samog Evan\u0111elistara i studiju.<\/p>\n\r\n                <style type=\"text\/css\">\r\n                    \r\n                    #tdi_1  .td-doubleSlider-2 .td-item1 {\r\n                        background: url(https:\/\/likemetkovic.hr\/portal\/wp-content\/uploads\/2023\/12\/splitski-evandelistar-predstavljanje041223-80x60.jpg) 0 0 no-repeat;\r\n                    }\r\n                    #tdi_1  .td-doubleSlider-2 .td-item2 {\r\n                        background: url(https:\/\/likemetkovic.hr\/portal\/wp-content\/uploads\/2023\/12\/splitski-evandelistar-predstavljanje041223_3-80x60.jpg) 0 0 no-repeat;\r\n                    }\r\n                    #tdi_1  .td-doubleSlider-2 .td-item3 {\r\n                        background: url(https:\/\/likemetkovic.hr\/portal\/wp-content\/uploads\/2023\/12\/splitski-evandelistar-predstavljanje041223_4-80x60.jpg) 0 0 no-repeat;\r\n                    }\r\n                    #tdi_1  .td-doubleSlider-2 .td-item4 {\r\n                        background: url(https:\/\/likemetkovic.hr\/portal\/wp-content\/uploads\/2023\/12\/splitski-evandelistar-predstavljanje041223_6-80x60.jpg) 0 0 no-repeat;\r\n                    }\r\n                    #tdi_1  .td-doubleSlider-2 .td-item5 {\r\n                        background: url(https:\/\/likemetkovic.hr\/portal\/wp-content\/uploads\/2023\/12\/splitski-evandelistar-predstavljanje041223_7-80x60.jpg) 0 0 no-repeat;\r\n                    }\r\n                    #tdi_1  .td-doubleSlider-2 .td-item6 {\r\n                        background: url(https:\/\/likemetkovic.hr\/portal\/wp-content\/uploads\/2023\/12\/splitski-evandelistar-predstavljanje041223_8-80x60.jpg) 0 0 no-repeat;\r\n                    }\r\n                    #tdi_1  .td-doubleSlider-2 .td-item7 {\r\n                        background: url(https:\/\/likemetkovic.hr\/portal\/wp-content\/uploads\/2023\/12\/splitski-evandelistar-predstavljanje041223_5-80x60.jpg) 0 0 no-repeat;\r\n                    }\r\n                <\/style>\r\n\r\n                <div id=\"tdi_1\" class=\"td-gallery td-slide-on-2-columns\">\r\n                    <div class=\"post_td_gallery\">\r\n                        <div class=\"td-gallery-slide-top\">\r\n                           <div class=\"td-gallery-title\"><\/div>\r\n\r\n                            <div class=\"td-gallery-controls-wrapper\">\r\n                                <div class=\"td-gallery-slide-count\"><span class=\"td-gallery-slide-item-focus\">1<\/span> of 7<\/div>\r\n                                <div class=\"td-gallery-slide-prev-next-but\">\r\n                                    <i class = \"td-icon-left doubleSliderPrevButton\"><\/i>\r\n                                    <i class = \"td-icon-right doubleSliderNextButton\"><\/i>\r\n                                <\/div>\r\n                            <\/div>\r\n                        <\/div>\r\n\r\n                        <div class = \"td-doubleSlider-1 \">\r\n                            <div class = \"td-slider\">\r\n                                \r\n                    <div class = \"td-slide-item td-item1\">\r\n                        <figure class=\"td-slide-galery-figure td-slide-popup-gallery\">\r\n                            <a class=\"slide-gallery-image-link\" href=\"https:\/\/likemetkovic.hr\/portal\/wp-content\/uploads\/2023\/12\/splitski-evandelistar-predstavljanje041223.jpg\" title=\"splitski evan\u0111elistar predstavljanje041223\"  data-caption=\"\"  data-description=\"\">\r\n                                <img decoding=\"async\" src=\"https:\/\/likemetkovic.hr\/portal\/wp-content\/uploads\/2023\/12\/splitski-evandelistar-predstavljanje041223-630x420.jpg\" srcset=\"https:\/\/likemetkovic.hr\/portal\/wp-content\/uploads\/2023\/12\/splitski-evandelistar-predstavljanje041223-630x420.jpg 630w, https:\/\/likemetkovic.hr\/portal\/wp-content\/uploads\/2023\/12\/splitski-evandelistar-predstavljanje041223-768x512.jpg 768w, https:\/\/likemetkovic.hr\/portal\/wp-content\/uploads\/2023\/12\/splitski-evandelistar-predstavljanje041223-150x100.jpg 150w, https:\/\/likemetkovic.hr\/portal\/wp-content\/uploads\/2023\/12\/splitski-evandelistar-predstavljanje041223-300x200.jpg 300w, https:\/\/likemetkovic.hr\/portal\/wp-content\/uploads\/2023\/12\/splitski-evandelistar-predstavljanje041223-696x464.jpg 696w, https:\/\/likemetkovic.hr\/portal\/wp-content\/uploads\/2023\/12\/splitski-evandelistar-predstavljanje041223.jpg 800w\" sizes=\"(max-width: 630px) 100vw, 630px\" alt=\"\">\r\n                            <\/a>\r\n                            \r\n                        <\/figure>\r\n                    <\/div>\r\n                    <div class = \"td-slide-item td-item2\">\r\n                        <figure class=\"td-slide-galery-figure td-slide-popup-gallery\">\r\n                            <a class=\"slide-gallery-image-link\" href=\"https:\/\/likemetkovic.hr\/portal\/wp-content\/uploads\/2023\/12\/splitski-evandelistar-predstavljanje041223_3.jpg\" title=\"splitski evan\u0111elistar predstavljanje041223_3\"  data-caption=\"\"  data-description=\"\">\r\n                                <img decoding=\"async\" src=\"https:\/\/likemetkovic.hr\/portal\/wp-content\/uploads\/2023\/12\/splitski-evandelistar-predstavljanje041223_3-630x420.jpg\" srcset=\"https:\/\/likemetkovic.hr\/portal\/wp-content\/uploads\/2023\/12\/splitski-evandelistar-predstavljanje041223_3-630x420.jpg 630w, https:\/\/likemetkovic.hr\/portal\/wp-content\/uploads\/2023\/12\/splitski-evandelistar-predstavljanje041223_3-768x512.jpg 768w, https:\/\/likemetkovic.hr\/portal\/wp-content\/uploads\/2023\/12\/splitski-evandelistar-predstavljanje041223_3-150x100.jpg 150w, https:\/\/likemetkovic.hr\/portal\/wp-content\/uploads\/2023\/12\/splitski-evandelistar-predstavljanje041223_3-300x200.jpg 300w, https:\/\/likemetkovic.hr\/portal\/wp-content\/uploads\/2023\/12\/splitski-evandelistar-predstavljanje041223_3-696x464.jpg 696w, https:\/\/likemetkovic.hr\/portal\/wp-content\/uploads\/2023\/12\/splitski-evandelistar-predstavljanje041223_3.jpg 800w\" sizes=\"(max-width: 630px) 100vw, 630px\" alt=\"\">\r\n                            <\/a>\r\n                            \r\n                        <\/figure>\r\n                    <\/div>\r\n                    <div class = \"td-slide-item td-item3\">\r\n                        <figure class=\"td-slide-galery-figure td-slide-popup-gallery\">\r\n                            <a class=\"slide-gallery-image-link\" href=\"https:\/\/likemetkovic.hr\/portal\/wp-content\/uploads\/2023\/12\/splitski-evandelistar-predstavljanje041223_4.jpg\" title=\"splitski evan\u0111elistar predstavljanje041223_4\"  data-caption=\"\"  data-description=\"\">\r\n                                <img decoding=\"async\" src=\"https:\/\/likemetkovic.hr\/portal\/wp-content\/uploads\/2023\/12\/splitski-evandelistar-predstavljanje041223_4-630x420.jpg\" srcset=\"https:\/\/likemetkovic.hr\/portal\/wp-content\/uploads\/2023\/12\/splitski-evandelistar-predstavljanje041223_4-630x420.jpg 630w, https:\/\/likemetkovic.hr\/portal\/wp-content\/uploads\/2023\/12\/splitski-evandelistar-predstavljanje041223_4-768x512.jpg 768w, https:\/\/likemetkovic.hr\/portal\/wp-content\/uploads\/2023\/12\/splitski-evandelistar-predstavljanje041223_4-150x100.jpg 150w, https:\/\/likemetkovic.hr\/portal\/wp-content\/uploads\/2023\/12\/splitski-evandelistar-predstavljanje041223_4-300x200.jpg 300w, https:\/\/likemetkovic.hr\/portal\/wp-content\/uploads\/2023\/12\/splitski-evandelistar-predstavljanje041223_4-696x464.jpg 696w, https:\/\/likemetkovic.hr\/portal\/wp-content\/uploads\/2023\/12\/splitski-evandelistar-predstavljanje041223_4.jpg 800w\" sizes=\"(max-width: 630px) 100vw, 630px\" alt=\"\">\r\n                            <\/a>\r\n                            \r\n                        <\/figure>\r\n                    <\/div>\r\n                    <div class = \"td-slide-item td-item4\">\r\n                        <figure class=\"td-slide-galery-figure td-slide-popup-gallery\">\r\n                            <a class=\"slide-gallery-image-link\" href=\"https:\/\/likemetkovic.hr\/portal\/wp-content\/uploads\/2023\/12\/splitski-evandelistar-predstavljanje041223_6.jpg\" title=\"splitski evan\u0111elistar predstavljanje041223_6\"  data-caption=\"\"  data-description=\"\">\r\n                                <img decoding=\"async\" src=\"https:\/\/likemetkovic.hr\/portal\/wp-content\/uploads\/2023\/12\/splitski-evandelistar-predstavljanje041223_6-630x420.jpg\" srcset=\"https:\/\/likemetkovic.hr\/portal\/wp-content\/uploads\/2023\/12\/splitski-evandelistar-predstavljanje041223_6-630x420.jpg 630w, https:\/\/likemetkovic.hr\/portal\/wp-content\/uploads\/2023\/12\/splitski-evandelistar-predstavljanje041223_6-768x512.jpg 768w, https:\/\/likemetkovic.hr\/portal\/wp-content\/uploads\/2023\/12\/splitski-evandelistar-predstavljanje041223_6-150x100.jpg 150w, https:\/\/likemetkovic.hr\/portal\/wp-content\/uploads\/2023\/12\/splitski-evandelistar-predstavljanje041223_6-300x200.jpg 300w, https:\/\/likemetkovic.hr\/portal\/wp-content\/uploads\/2023\/12\/splitski-evandelistar-predstavljanje041223_6-696x464.jpg 696w, https:\/\/likemetkovic.hr\/portal\/wp-content\/uploads\/2023\/12\/splitski-evandelistar-predstavljanje041223_6.jpg 800w\" sizes=\"(max-width: 630px) 100vw, 630px\" alt=\"\">\r\n                            <\/a>\r\n                            \r\n                        <\/figure>\r\n                    <\/div>\r\n                    <div class = \"td-slide-item td-item5\">\r\n                        <figure class=\"td-slide-galery-figure td-slide-popup-gallery\">\r\n                            <a class=\"slide-gallery-image-link\" href=\"https:\/\/likemetkovic.hr\/portal\/wp-content\/uploads\/2023\/12\/splitski-evandelistar-predstavljanje041223_7.jpg\" title=\"splitski evan\u0111elistar predstavljanje041223_7\"  data-caption=\"\"  data-description=\"\">\r\n                                <img decoding=\"async\" src=\"https:\/\/likemetkovic.hr\/portal\/wp-content\/uploads\/2023\/12\/splitski-evandelistar-predstavljanje041223_7-630x420.jpg\" srcset=\"https:\/\/likemetkovic.hr\/portal\/wp-content\/uploads\/2023\/12\/splitski-evandelistar-predstavljanje041223_7-630x420.jpg 630w, https:\/\/likemetkovic.hr\/portal\/wp-content\/uploads\/2023\/12\/splitski-evandelistar-predstavljanje041223_7-768x512.jpg 768w, https:\/\/likemetkovic.hr\/portal\/wp-content\/uploads\/2023\/12\/splitski-evandelistar-predstavljanje041223_7-150x100.jpg 150w, https:\/\/likemetkovic.hr\/portal\/wp-content\/uploads\/2023\/12\/splitski-evandelistar-predstavljanje041223_7-300x200.jpg 300w, https:\/\/likemetkovic.hr\/portal\/wp-content\/uploads\/2023\/12\/splitski-evandelistar-predstavljanje041223_7-696x464.jpg 696w, https:\/\/likemetkovic.hr\/portal\/wp-content\/uploads\/2023\/12\/splitski-evandelistar-predstavljanje041223_7.jpg 800w\" sizes=\"(max-width: 630px) 100vw, 630px\" alt=\"\">\r\n                            <\/a>\r\n                            \r\n                        <\/figure>\r\n                    <\/div>\r\n                    <div class = \"td-slide-item td-item6\">\r\n                        <figure class=\"td-slide-galery-figure td-slide-popup-gallery\">\r\n                            <a class=\"slide-gallery-image-link\" href=\"https:\/\/likemetkovic.hr\/portal\/wp-content\/uploads\/2023\/12\/splitski-evandelistar-predstavljanje041223_8.jpg\" title=\"splitski evan\u0111elistar predstavljanje041223_8\"  data-caption=\"\"  data-description=\"\">\r\n                                <img decoding=\"async\" src=\"https:\/\/likemetkovic.hr\/portal\/wp-content\/uploads\/2023\/12\/splitski-evandelistar-predstavljanje041223_8-630x420.jpg\" srcset=\"https:\/\/likemetkovic.hr\/portal\/wp-content\/uploads\/2023\/12\/splitski-evandelistar-predstavljanje041223_8-630x420.jpg 630w, https:\/\/likemetkovic.hr\/portal\/wp-content\/uploads\/2023\/12\/splitski-evandelistar-predstavljanje041223_8-768x512.jpg 768w, https:\/\/likemetkovic.hr\/portal\/wp-content\/uploads\/2023\/12\/splitski-evandelistar-predstavljanje041223_8-150x100.jpg 150w, https:\/\/likemetkovic.hr\/portal\/wp-content\/uploads\/2023\/12\/splitski-evandelistar-predstavljanje041223_8-300x200.jpg 300w, https:\/\/likemetkovic.hr\/portal\/wp-content\/uploads\/2023\/12\/splitski-evandelistar-predstavljanje041223_8-696x464.jpg 696w, https:\/\/likemetkovic.hr\/portal\/wp-content\/uploads\/2023\/12\/splitski-evandelistar-predstavljanje041223_8.jpg 800w\" sizes=\"(max-width: 630px) 100vw, 630px\" alt=\"\">\r\n                            <\/a>\r\n                            \r\n                        <\/figure>\r\n                    <\/div>\r\n                    <div class = \"td-slide-item td-item7\">\r\n                        <figure class=\"td-slide-galery-figure td-slide-popup-gallery\">\r\n                            <a class=\"slide-gallery-image-link\" href=\"https:\/\/likemetkovic.hr\/portal\/wp-content\/uploads\/2023\/12\/splitski-evandelistar-predstavljanje041223_5.jpg\" title=\"splitski evan\u0111elistar predstavljanje041223_5\"  data-caption=\"\"  data-description=\"\">\r\n                                <img decoding=\"async\" src=\"https:\/\/likemetkovic.hr\/portal\/wp-content\/uploads\/2023\/12\/splitski-evandelistar-predstavljanje041223_5-630x420.jpg\" srcset=\"https:\/\/likemetkovic.hr\/portal\/wp-content\/uploads\/2023\/12\/splitski-evandelistar-predstavljanje041223_5-630x420.jpg 630w, https:\/\/likemetkovic.hr\/portal\/wp-content\/uploads\/2023\/12\/splitski-evandelistar-predstavljanje041223_5-768x512.jpg 768w, https:\/\/likemetkovic.hr\/portal\/wp-content\/uploads\/2023\/12\/splitski-evandelistar-predstavljanje041223_5-150x100.jpg 150w, https:\/\/likemetkovic.hr\/portal\/wp-content\/uploads\/2023\/12\/splitski-evandelistar-predstavljanje041223_5-300x200.jpg 300w, https:\/\/likemetkovic.hr\/portal\/wp-content\/uploads\/2023\/12\/splitski-evandelistar-predstavljanje041223_5-696x464.jpg 696w, https:\/\/likemetkovic.hr\/portal\/wp-content\/uploads\/2023\/12\/splitski-evandelistar-predstavljanje041223_5.jpg 800w\" sizes=\"(max-width: 630px) 100vw, 630px\" alt=\"\">\r\n                            <\/a>\r\n                            \r\n                        <\/figure>\r\n                    <\/div>\r\n                            <\/div>\r\n                        <\/div>\r\n\r\n                        <div class = \"td-doubleSlider-2\">\r\n                            <div class = \"td-slider\">\r\n                                \r\n                    <div class = \"td-button td-item1\">\r\n                        <div class = \"td-border\"><\/div>\r\n                    <\/div>\r\n                    <div class = \"td-button td-item2\">\r\n                        <div class = \"td-border\"><\/div>\r\n                    <\/div>\r\n                    <div class = \"td-button td-item3\">\r\n                        <div class = \"td-border\"><\/div>\r\n                    <\/div>\r\n                    <div class = \"td-button td-item4\">\r\n                        <div class = \"td-border\"><\/div>\r\n                    <\/div>\r\n                    <div class = \"td-button td-item5\">\r\n                        <div class = \"td-border\"><\/div>\r\n                    <\/div>\r\n                    <div class = \"td-button td-item6\">\r\n                        <div class = \"td-border\"><\/div>\r\n                    <\/div>\r\n                    <div class = \"td-button td-item7\">\r\n                        <div class = \"td-border\"><\/div>\r\n                    <\/div>\r\n                            <\/div>\r\n                        <\/div>\r\n\r\n                    <\/div>\r\n\r\n                <\/div>\r\n                \n<p>Kako je ve\u010deras u prepunoj Galeriji GKS-a u Metkovi\u0107u na predstavljanju naglasio recenzent kriti\u010dkog izdanja dr. fra<strong> Danimir Pezer<\/strong>, profesor na KBF-u u Sarajevu, <em>Splitski evan\u0111elistar iz 12. st.<\/em> je liturgijska knjiga s izabranim perikopama (\u010ditanjima) iz Evan\u0111elja\u00a0 i treba ga razlikovati od\u00a0\u010duvenoga <strong>Splitskoga Evangelijara<\/strong>, najstarije knjige na hrvatskom tlu koja se datira najkasnije u osamo stolje\u0107e i sadr\u017ei tekstove svih \u010detiriju evan\u0111elja. Posao koji su napravili ova dvojica franjevaca iz splitskog samostana na Trsteniku za njega je pravi rudarski posao dostojan nekog instituta.<\/p>\n<p>&#8211; <em>Autori su napravili kriti\u010dko izdanje cijelog kodeksa 625 C, tako da su sve kratice razrije\u0161ene. Kodeks je pisan srednjovjekovnim latinskim jezikom, a za ovo kriti\u010dko izdanje autori su izabrali klasi\u010dni latinski. Biblijski tekst Splitskog evan\u0111elistara vrlo je sli\u010dan tekstu Vulgata Clementina, uz minimalne razlike. Autori su ispravili gramati\u010dke pogre\u0161ke u tekstu i zabilje\u017eili ih u kriti\u010dkom aparatu. Kriti\u010dko izdanje kodeksa 625 C podijeljeno je u \u010detiri dijela: Uvodna studija, studija o jeziku Vulgate u 12. stolje\u0107u, uvodne napomene i Textus Receptus<\/em>, kazao je dr. Pezer.<\/p>\n<p>Urednik izdanja, povjesni\u010dar dr. don <strong>Josip Duki\u0107<\/strong>\u00a0je naglasio da biskupske i samostanske riznice, arhivi i knji\u017enice sadr\u017ee bogatstvo koje treba iznijeti pred javnost stru\u010dnim vi\u0161ejezi\u010dnim izdanjima. Upravo je to zadatak nakladnika Centara za epigrafi\u010dka, paleografska i povijesno-teolo\u0161ka istra\u017eivanja <em>Don Frane Buli\u0107<\/em>, te stru\u010dnjaka s KBF-a i Sveu\u010dili\u0161ta u Splitu. On je naglasio va\u017enost vrijedne srednjovjekovne gra\u0111e koja je slabo istra\u017eena.<\/p>\n<p><em>&#8211; Do ovog trenutka Centar je objavio pet knjiga \u2013 izvora, a pokrenuli smo i deset izdava\u010dkih nizova. S ovom knjigom smo zapo\u010deli s izdava\u010dkim nizom &#8216;Liturgijski kodeksi srednje Dalmacije&#8217;. Tako\u0111er, pokrenuli smo i izdava\u010dki niz &#8216;Turski izvori u srednjoj Dalmaciji&#8217; jer u franjeva\u010dkim samostanima i brojnim arhivima postoje vrijedni dokumenti iz na\u0161e povijesti koji se posebno ti\u010du Polji\u010dke kne\u017eevine<\/em>, kazao je Duki\u0107.<\/p>\n<p>Autor <strong>fra Domagoj Volarevi\u0107<\/strong> je zahvalio Bogu na daru strpljivosti te ljudima koji su pomogli da ovo djelo ugleda svjetlo dana kao i svima koji su ve\u010deras do\u0161li u Galeriju GKS-a.<\/p>\n<p><em>&#8211; Ne znamo ime pisara Splitskog evan\u0111elistara, ne znamo tko je ovu knjigu donio u Split iz ju\u017ene Njema\u010dke gdje je najvjerojatnije nastala te ne znamo tko se brinuo da bude sa\u010duvana. Svim tim anonimnim ljudima, tako\u0111er, \u017eelim od srca zahvaliti<\/em>, zaklju\u010dio je Volarevi\u0107.<\/p>\n<p>Predstavljanje ovoga vrijednog djela organizirao je<strong> Ogranak Matice hrvatske Metkovi\u0107<\/strong>, a izvedbom adventskih napjeva uveli\u010dao <strong>Mje\u0161oviti zbor \u017dupe sv. Ilije proroka<\/strong> Metkovi\u0107.<\/p>\n<p>Program predstavljanja je moderirala <strong>Zorana Veki\u0107<\/strong>, predsjednica Matice u Metkovi\u0107u.<\/p>\n<p>Na\u017ealost, zbog bolesti na predstavljanje <em>Splitskog evan\u0111elistara iz 12. st.<\/em> nisu mogli biti suautor kriti\u010dkog izdanja <strong>fra Domagoj Runje<\/strong> i prof. dr. sc.<strong> Ivan Basi\u0107<\/strong> s Filozofskog fakulteta Sveu\u010dili\u0161ta u Splitu.<\/p>\n","protected":false},"excerpt":{"rendered":"<p>Da velebno djelo kulturne ba\u0161tine i kr\u0161\u0107anske vjere u svjetskim razmjerima, Splitski evan\u0111elistar iz 12. st. iza\u0111e iz vitrine Riznice splitske katedrale, zaslu\u017ena su dva franjevca, profesora na Katoli\u010dkom bogoslovnom fakultetu u Splitu, liturgi\u010dar dr. fra Domagoj Volarevi\u0107\u00a0i bibli\u010dar dr. fra\u00a0Domagoj Runje. Oni su napisali opse\u017enu studiju na hrvatskom i engleskom jeziku o kodeksu 625 [&hellip;]<\/p>\n","protected":false},"author":9,"featured_media":149670,"comment_status":"open","ping_status":"open","sticky":false,"template":"","format":"standard","meta":{"footnotes":""},"categories":[283,1028,27],"tags":[12165,3910,12160],"class_list":{"0":"post-149667","1":"post","2":"type-post","3":"status-publish","4":"format-standard","5":"has-post-thumbnail","7":"category-a","8":"category-kultura-2","9":"category-vjera-i-zivot","10":"tag-fra-domagoj-runje","11":"tag-fra-domagoj-volarevic","12":"tag-splitski-evandelistar"},"yoast_head":"<!-- This site is optimized with the Yoast SEO plugin v25.2 - https:\/\/yoast.com\/wordpress\/plugins\/seo\/ -->\n<title>U Metkovi\u0107u predstavljen &#039;Splitski evan\u0111elistar iz 12. st.&#039;, velebno djelo na\u0161e kulturne ba\u0161tine - likemetkovic.hr<\/title>\n<meta name=\"robots\" content=\"index, follow, max-snippet:-1, max-image-preview:large, max-video-preview:-1\" \/>\n<link rel=\"canonical\" href=\"https:\/\/likemetkovic.hr\/portal\/u-metkovicu-predstavljen-splitski-evandelistar-iz-12-st-velebno-djelo-nase-kulturne-bastine\/\" \/>\n<meta property=\"og:locale\" content=\"hr_HR\" \/>\n<meta property=\"og:type\" content=\"article\" \/>\n<meta property=\"og:title\" content=\"U Metkovi\u0107u predstavljen &#039;Splitski evan\u0111elistar iz 12. st.&#039;, velebno djelo na\u0161e kulturne ba\u0161tine - likemetkovic.hr\" \/>\n<meta property=\"og:description\" content=\"Da velebno djelo kulturne ba\u0161tine i kr\u0161\u0107anske vjere u svjetskim razmjerima, Splitski evan\u0111elistar iz 12. st. iza\u0111e iz vitrine Riznice splitske katedrale, zaslu\u017ena su dva franjevca, profesora na Katoli\u010dkom bogoslovnom fakultetu u Splitu, liturgi\u010dar dr. fra Domagoj Volarevi\u0107\u00a0i bibli\u010dar dr. fra\u00a0Domagoj Runje. Oni su napisali opse\u017enu studiju na hrvatskom i engleskom jeziku o kodeksu 625 [&hellip;]\" \/>\n<meta property=\"og:url\" content=\"https:\/\/likemetkovic.hr\/portal\/u-metkovicu-predstavljen-splitski-evandelistar-iz-12-st-velebno-djelo-nase-kulturne-bastine\/\" \/>\n<meta property=\"og:site_name\" content=\"likemetkovic.hr\" \/>\n<meta property=\"article:publisher\" content=\"https:\/\/www.facebook.com\/likemetkovic.hr\/\" \/>\n<meta property=\"article:published_time\" content=\"2023-12-04T20:11:28+00:00\" \/>\n<meta property=\"article:modified_time\" content=\"2023-12-05T11:23:52+00:00\" \/>\n<meta property=\"og:image\" content=\"https:\/\/likemetkovic.hr\/portal\/wp-content\/uploads\/2023\/12\/splitski-evandelistar-predstavljanje041223_6.jpg\" \/>\n\t<meta property=\"og:image:width\" content=\"800\" \/>\n\t<meta property=\"og:image:height\" content=\"533\" \/>\n\t<meta property=\"og:image:type\" content=\"image\/jpeg\" \/>\n<meta name=\"author\" content=\"K. J.\" \/>\n<meta name=\"twitter:card\" content=\"summary_large_image\" \/>\n<meta name=\"twitter:label1\" content=\"Napisao\/la\" \/>\n\t<meta name=\"twitter:data1\" content=\"K. J.\" \/>\n\t<meta name=\"twitter:label2\" content=\"Procijenjeno vrijeme \u010ditanja\" \/>\n\t<meta name=\"twitter:data2\" content=\"3 minute\" \/>\n<script type=\"application\/ld+json\" class=\"yoast-schema-graph\">{\"@context\":\"https:\/\/schema.org\",\"@graph\":[{\"@type\":\"WebPage\",\"@id\":\"https:\/\/likemetkovic.hr\/portal\/u-metkovicu-predstavljen-splitski-evandelistar-iz-12-st-velebno-djelo-nase-kulturne-bastine\/\",\"url\":\"https:\/\/likemetkovic.hr\/portal\/u-metkovicu-predstavljen-splitski-evandelistar-iz-12-st-velebno-djelo-nase-kulturne-bastine\/\",\"name\":\"U Metkovi\u0107u predstavljen 'Splitski evan\u0111elistar iz 12. st.', velebno djelo na\u0161e kulturne ba\u0161tine - likemetkovic.hr\",\"isPartOf\":{\"@id\":\"https:\/\/likemetkovic.hr\/#website\"},\"primaryImageOfPage\":{\"@id\":\"https:\/\/likemetkovic.hr\/portal\/u-metkovicu-predstavljen-splitski-evandelistar-iz-12-st-velebno-djelo-nase-kulturne-bastine\/#primaryimage\"},\"image\":{\"@id\":\"https:\/\/likemetkovic.hr\/portal\/u-metkovicu-predstavljen-splitski-evandelistar-iz-12-st-velebno-djelo-nase-kulturne-bastine\/#primaryimage\"},\"thumbnailUrl\":\"https:\/\/likemetkovic.hr\/portal\/wp-content\/uploads\/2023\/12\/splitski-evandelistar-predstavljanje041223_6.jpg\",\"datePublished\":\"2023-12-04T20:11:28+00:00\",\"dateModified\":\"2023-12-05T11:23:52+00:00\",\"author\":{\"@id\":\"https:\/\/likemetkovic.hr\/#\/schema\/person\/0a8b4ebfdfe1ff01192dccda40c5da0c\"},\"breadcrumb\":{\"@id\":\"https:\/\/likemetkovic.hr\/portal\/u-metkovicu-predstavljen-splitski-evandelistar-iz-12-st-velebno-djelo-nase-kulturne-bastine\/#breadcrumb\"},\"inLanguage\":\"hr\",\"potentialAction\":[{\"@type\":\"ReadAction\",\"target\":[\"https:\/\/likemetkovic.hr\/portal\/u-metkovicu-predstavljen-splitski-evandelistar-iz-12-st-velebno-djelo-nase-kulturne-bastine\/\"]}]},{\"@type\":\"ImageObject\",\"inLanguage\":\"hr\",\"@id\":\"https:\/\/likemetkovic.hr\/portal\/u-metkovicu-predstavljen-splitski-evandelistar-iz-12-st-velebno-djelo-nase-kulturne-bastine\/#primaryimage\",\"url\":\"https:\/\/likemetkovic.hr\/portal\/wp-content\/uploads\/2023\/12\/splitski-evandelistar-predstavljanje041223_6.jpg\",\"contentUrl\":\"https:\/\/likemetkovic.hr\/portal\/wp-content\/uploads\/2023\/12\/splitski-evandelistar-predstavljanje041223_6.jpg\",\"width\":800,\"height\":533},{\"@type\":\"BreadcrumbList\",\"@id\":\"https:\/\/likemetkovic.hr\/portal\/u-metkovicu-predstavljen-splitski-evandelistar-iz-12-st-velebno-djelo-nase-kulturne-bastine\/#breadcrumb\",\"itemListElement\":[{\"@type\":\"ListItem\",\"position\":1,\"name\":\"Po\u010detna stranica\",\"item\":\"https:\/\/likemetkovic.hr\/portal\/\"},{\"@type\":\"ListItem\",\"position\":2,\"name\":\"U Metkovi\u0107u predstavljen &#8216;Splitski evan\u0111elistar iz 12. st.&#8217;, velebno djelo na\u0161e kulturne ba\u0161tine\"}]},{\"@type\":\"WebSite\",\"@id\":\"https:\/\/likemetkovic.hr\/#website\",\"url\":\"https:\/\/likemetkovic.hr\/\",\"name\":\"likemetkovic.hr\",\"description\":\"Misli pozitivno... \u010ditaj LIKE\",\"potentialAction\":[{\"@type\":\"SearchAction\",\"target\":{\"@type\":\"EntryPoint\",\"urlTemplate\":\"https:\/\/likemetkovic.hr\/?s={search_term_string}\"},\"query-input\":{\"@type\":\"PropertyValueSpecification\",\"valueRequired\":true,\"valueName\":\"search_term_string\"}}],\"inLanguage\":\"hr\"},{\"@type\":\"Person\",\"@id\":\"https:\/\/likemetkovic.hr\/#\/schema\/person\/0a8b4ebfdfe1ff01192dccda40c5da0c\",\"name\":\"K. J.\",\"url\":\"https:\/\/likemetkovic.hr\/portal\/author\/likemetkovic\/\"}]}<\/script>\n<!-- \/ Yoast SEO plugin. -->","yoast_head_json":{"title":"U Metkovi\u0107u predstavljen 'Splitski evan\u0111elistar iz 12. st.', velebno djelo na\u0161e kulturne ba\u0161tine - likemetkovic.hr","robots":{"index":"index","follow":"follow","max-snippet":"max-snippet:-1","max-image-preview":"max-image-preview:large","max-video-preview":"max-video-preview:-1"},"canonical":"https:\/\/likemetkovic.hr\/portal\/u-metkovicu-predstavljen-splitski-evandelistar-iz-12-st-velebno-djelo-nase-kulturne-bastine\/","og_locale":"hr_HR","og_type":"article","og_title":"U Metkovi\u0107u predstavljen 'Splitski evan\u0111elistar iz 12. st.', velebno djelo na\u0161e kulturne ba\u0161tine - likemetkovic.hr","og_description":"Da velebno djelo kulturne ba\u0161tine i kr\u0161\u0107anske vjere u svjetskim razmjerima, Splitski evan\u0111elistar iz 12. st. iza\u0111e iz vitrine Riznice splitske katedrale, zaslu\u017ena su dva franjevca, profesora na Katoli\u010dkom bogoslovnom fakultetu u Splitu, liturgi\u010dar dr. fra Domagoj Volarevi\u0107\u00a0i bibli\u010dar dr. fra\u00a0Domagoj Runje. Oni su napisali opse\u017enu studiju na hrvatskom i engleskom jeziku o kodeksu 625 [&hellip;]","og_url":"https:\/\/likemetkovic.hr\/portal\/u-metkovicu-predstavljen-splitski-evandelistar-iz-12-st-velebno-djelo-nase-kulturne-bastine\/","og_site_name":"likemetkovic.hr","article_publisher":"https:\/\/www.facebook.com\/likemetkovic.hr\/","article_published_time":"2023-12-04T20:11:28+00:00","article_modified_time":"2023-12-05T11:23:52+00:00","og_image":[{"width":800,"height":533,"url":"https:\/\/likemetkovic.hr\/portal\/wp-content\/uploads\/2023\/12\/splitski-evandelistar-predstavljanje041223_6.jpg","type":"image\/jpeg"}],"author":"K. J.","twitter_card":"summary_large_image","twitter_misc":{"Napisao\/la":"K. J.","Procijenjeno vrijeme \u010ditanja":"3 minute"},"schema":{"@context":"https:\/\/schema.org","@graph":[{"@type":"WebPage","@id":"https:\/\/likemetkovic.hr\/portal\/u-metkovicu-predstavljen-splitski-evandelistar-iz-12-st-velebno-djelo-nase-kulturne-bastine\/","url":"https:\/\/likemetkovic.hr\/portal\/u-metkovicu-predstavljen-splitski-evandelistar-iz-12-st-velebno-djelo-nase-kulturne-bastine\/","name":"U Metkovi\u0107u predstavljen 'Splitski evan\u0111elistar iz 12. st.', velebno djelo na\u0161e kulturne ba\u0161tine - likemetkovic.hr","isPartOf":{"@id":"https:\/\/likemetkovic.hr\/#website"},"primaryImageOfPage":{"@id":"https:\/\/likemetkovic.hr\/portal\/u-metkovicu-predstavljen-splitski-evandelistar-iz-12-st-velebno-djelo-nase-kulturne-bastine\/#primaryimage"},"image":{"@id":"https:\/\/likemetkovic.hr\/portal\/u-metkovicu-predstavljen-splitski-evandelistar-iz-12-st-velebno-djelo-nase-kulturne-bastine\/#primaryimage"},"thumbnailUrl":"https:\/\/likemetkovic.hr\/portal\/wp-content\/uploads\/2023\/12\/splitski-evandelistar-predstavljanje041223_6.jpg","datePublished":"2023-12-04T20:11:28+00:00","dateModified":"2023-12-05T11:23:52+00:00","author":{"@id":"https:\/\/likemetkovic.hr\/#\/schema\/person\/0a8b4ebfdfe1ff01192dccda40c5da0c"},"breadcrumb":{"@id":"https:\/\/likemetkovic.hr\/portal\/u-metkovicu-predstavljen-splitski-evandelistar-iz-12-st-velebno-djelo-nase-kulturne-bastine\/#breadcrumb"},"inLanguage":"hr","potentialAction":[{"@type":"ReadAction","target":["https:\/\/likemetkovic.hr\/portal\/u-metkovicu-predstavljen-splitski-evandelistar-iz-12-st-velebno-djelo-nase-kulturne-bastine\/"]}]},{"@type":"ImageObject","inLanguage":"hr","@id":"https:\/\/likemetkovic.hr\/portal\/u-metkovicu-predstavljen-splitski-evandelistar-iz-12-st-velebno-djelo-nase-kulturne-bastine\/#primaryimage","url":"https:\/\/likemetkovic.hr\/portal\/wp-content\/uploads\/2023\/12\/splitski-evandelistar-predstavljanje041223_6.jpg","contentUrl":"https:\/\/likemetkovic.hr\/portal\/wp-content\/uploads\/2023\/12\/splitski-evandelistar-predstavljanje041223_6.jpg","width":800,"height":533},{"@type":"BreadcrumbList","@id":"https:\/\/likemetkovic.hr\/portal\/u-metkovicu-predstavljen-splitski-evandelistar-iz-12-st-velebno-djelo-nase-kulturne-bastine\/#breadcrumb","itemListElement":[{"@type":"ListItem","position":1,"name":"Po\u010detna stranica","item":"https:\/\/likemetkovic.hr\/portal\/"},{"@type":"ListItem","position":2,"name":"U Metkovi\u0107u predstavljen &#8216;Splitski evan\u0111elistar iz 12. st.&#8217;, velebno djelo na\u0161e kulturne ba\u0161tine"}]},{"@type":"WebSite","@id":"https:\/\/likemetkovic.hr\/#website","url":"https:\/\/likemetkovic.hr\/","name":"likemetkovic.hr","description":"Misli pozitivno... \u010ditaj LIKE","potentialAction":[{"@type":"SearchAction","target":{"@type":"EntryPoint","urlTemplate":"https:\/\/likemetkovic.hr\/?s={search_term_string}"},"query-input":{"@type":"PropertyValueSpecification","valueRequired":true,"valueName":"search_term_string"}}],"inLanguage":"hr"},{"@type":"Person","@id":"https:\/\/likemetkovic.hr\/#\/schema\/person\/0a8b4ebfdfe1ff01192dccda40c5da0c","name":"K. J.","url":"https:\/\/likemetkovic.hr\/portal\/author\/likemetkovic\/"}]}},"_links":{"self":[{"href":"https:\/\/likemetkovic.hr\/portal\/wp-json\/wp\/v2\/posts\/149667","targetHints":{"allow":["GET"]}}],"collection":[{"href":"https:\/\/likemetkovic.hr\/portal\/wp-json\/wp\/v2\/posts"}],"about":[{"href":"https:\/\/likemetkovic.hr\/portal\/wp-json\/wp\/v2\/types\/post"}],"author":[{"embeddable":true,"href":"https:\/\/likemetkovic.hr\/portal\/wp-json\/wp\/v2\/users\/9"}],"replies":[{"embeddable":true,"href":"https:\/\/likemetkovic.hr\/portal\/wp-json\/wp\/v2\/comments?post=149667"}],"version-history":[{"count":6,"href":"https:\/\/likemetkovic.hr\/portal\/wp-json\/wp\/v2\/posts\/149667\/revisions"}],"predecessor-version":[{"id":149692,"href":"https:\/\/likemetkovic.hr\/portal\/wp-json\/wp\/v2\/posts\/149667\/revisions\/149692"}],"wp:featuredmedia":[{"embeddable":true,"href":"https:\/\/likemetkovic.hr\/portal\/wp-json\/wp\/v2\/media\/149670"}],"wp:attachment":[{"href":"https:\/\/likemetkovic.hr\/portal\/wp-json\/wp\/v2\/media?parent=149667"}],"wp:term":[{"taxonomy":"category","embeddable":true,"href":"https:\/\/likemetkovic.hr\/portal\/wp-json\/wp\/v2\/categories?post=149667"},{"taxonomy":"post_tag","embeddable":true,"href":"https:\/\/likemetkovic.hr\/portal\/wp-json\/wp\/v2\/tags?post=149667"}],"curies":[{"name":"wp","href":"https:\/\/api.w.org\/{rel}","templated":true}]}}