{"id":154606,"date":"2024-04-29T18:32:33","date_gmt":"2024-04-29T16:32:33","guid":{"rendered":"https:\/\/likemetkovic.hr\/portal\/?p=154606"},"modified":"2024-04-29T22:40:51","modified_gmt":"2024-04-29T20:40:51","slug":"najava-2","status":"publish","type":"post","link":"https:\/\/likemetkovic.hr\/portal\/najava-2\/","title":{"rendered":"NAJAVA! Gimnazija Metkovi\u0107 2. svibnja \u0107e odr\u017eati Dan otvorenih vrata"},"content":{"rendered":"<p>Dan otvorenih vrata Gimnazije Metkovi\u0107 odr\u017eat \u0107e se u \u010detvrtak, 2. svibnja 2024., za budu\u0107e u\u010denike Gimnazije, osma\u0161e i njihove roditelje, ali i sve posjetitelje iz Metkovi\u0107a i okolnih mjesta.<\/p>\n<p>S po\u010detkom u 10 sati odigrat \u0107e se utakmice izme\u0111u mom\u010dadi osma\u0161a i u\u010denika Gimnazije u gimnazijskoj \u0161portskoj dvorani, a od 11 sati u \u0161koli \u0107e biti predstavljene brojne aktivnosti koje su pripremili u\u010denici i profesori.<\/p>\n<p>Posjetitelje o\u010dekuju kvizovi, jezi\u010dne i matemati\u010dke igre, &#8220;escape room&#8221;-ovi, kodiranje, de\u0161ifriranje, mikroskopiranje, prezentacije, radionice slikanja i glazbe, 3-D printanje, hologrami i rasplesani roboti, recikliranje i mnoge druge zanimljivosti.<\/p>\n<p>Neka va\u0161a pri\u010da zapo\u010dne u Gimnaziji Metkovi\u0107!<\/p>\n","protected":false},"excerpt":{"rendered":"<p>Dan otvorenih vrata Gimnazije Metkovi\u0107 odr\u017eat \u0107e se u \u010detvrtak, 2. svibnja 2024., za budu\u0107e u\u010denike Gimnazije, osma\u0161e i njihove roditelje, ali i sve posjetitelje iz Metkovi\u0107a i okolnih mjesta. S po\u010detkom u 10 sati odigrat \u0107e se utakmice izme\u0111u mom\u010dadi osma\u0161a i u\u010denika Gimnazije u gimnazijskoj \u0161portskoj dvorani, a od 11 sati u \u0161koli [&hellip;]<\/p>\n","protected":false},"author":7,"featured_media":154607,"comment_status":"open","ping_status":"open","sticky":false,"template":"","format":"standard","meta":{"footnotes":""},"categories":[296,166],"tags":[10660,332],"class_list":{"0":"post-154606","1":"post","2":"type-post","3":"status-publish","4":"format-standard","5":"has-post-thumbnail","7":"category-ab","8":"category-skolstvo","9":"tag-dan-otvorenih-vrata","10":"tag-gimnazija-metkovic"},"yoast_head":"<!-- This site is optimized with the Yoast SEO plugin v25.2 - https:\/\/yoast.com\/wordpress\/plugins\/seo\/ -->\n<title>NAJAVA! Gimnazija Metkovi\u0107 2. svibnja \u0107e odr\u017eati Dan otvorenih vrata - likemetkovic.hr<\/title>\n<meta name=\"robots\" content=\"index, follow, max-snippet:-1, max-image-preview:large, max-video-preview:-1\" \/>\n<link rel=\"canonical\" href=\"https:\/\/likemetkovic.hr\/portal\/najava-2\/\" \/>\n<meta property=\"og:locale\" content=\"hr_HR\" \/>\n<meta property=\"og:type\" content=\"article\" \/>\n<meta property=\"og:title\" content=\"NAJAVA! Gimnazija Metkovi\u0107 2. svibnja \u0107e odr\u017eati Dan otvorenih vrata - likemetkovic.hr\" \/>\n<meta property=\"og:description\" content=\"Dan otvorenih vrata Gimnazije Metkovi\u0107 odr\u017eat \u0107e se u \u010detvrtak, 2. svibnja 2024., za budu\u0107e u\u010denike Gimnazije, osma\u0161e i njihove roditelje, ali i sve posjetitelje iz Metkovi\u0107a i okolnih mjesta. S po\u010detkom u 10 sati odigrat \u0107e se utakmice izme\u0111u mom\u010dadi osma\u0161a i u\u010denika Gimnazije u gimnazijskoj \u0161portskoj dvorani, a od 11 sati u \u0161koli [&hellip;]\" \/>\n<meta property=\"og:url\" content=\"https:\/\/likemetkovic.hr\/portal\/najava-2\/\" \/>\n<meta property=\"og:site_name\" content=\"likemetkovic.hr\" \/>\n<meta property=\"article:publisher\" content=\"https:\/\/www.facebook.com\/likemetkovic.hr\/\" \/>\n<meta property=\"article:published_time\" content=\"2024-04-29T16:32:33+00:00\" \/>\n<meta property=\"article:modified_time\" content=\"2024-04-29T20:40:51+00:00\" \/>\n<meta property=\"og:image\" content=\"https:\/\/likemetkovic.hr\/portal\/wp-content\/uploads\/2024\/04\/dan-otovrenih-vrata-gimnazija-metkovic.jpg\" \/>\n\t<meta property=\"og:image:width\" content=\"800\" \/>\n\t<meta property=\"og:image:height\" content=\"533\" \/>\n\t<meta property=\"og:image:type\" content=\"image\/jpeg\" \/>\n<meta name=\"author\" content=\"LIKEmetkovic.hr\" \/>\n<meta name=\"twitter:card\" content=\"summary_large_image\" \/>\n<meta name=\"twitter:label1\" content=\"Napisao\/la\" \/>\n\t<meta name=\"twitter:data1\" content=\"LIKEmetkovic.hr\" \/>\n\t<meta name=\"twitter:label2\" content=\"Procijenjeno vrijeme \u010ditanja\" \/>\n\t<meta name=\"twitter:data2\" content=\"1 minuta\" \/>\n<script type=\"application\/ld+json\" class=\"yoast-schema-graph\">{\"@context\":\"https:\/\/schema.org\",\"@graph\":[{\"@type\":\"WebPage\",\"@id\":\"https:\/\/likemetkovic.hr\/portal\/najava-2\/\",\"url\":\"https:\/\/likemetkovic.hr\/portal\/najava-2\/\",\"name\":\"NAJAVA! Gimnazija Metkovi\u0107 2. svibnja \u0107e odr\u017eati Dan otvorenih vrata - likemetkovic.hr\",\"isPartOf\":{\"@id\":\"https:\/\/likemetkovic.hr\/#website\"},\"primaryImageOfPage\":{\"@id\":\"https:\/\/likemetkovic.hr\/portal\/najava-2\/#primaryimage\"},\"image\":{\"@id\":\"https:\/\/likemetkovic.hr\/portal\/najava-2\/#primaryimage\"},\"thumbnailUrl\":\"https:\/\/likemetkovic.hr\/portal\/wp-content\/uploads\/2024\/04\/dan-otovrenih-vrata-gimnazija-metkovic.jpg\",\"datePublished\":\"2024-04-29T16:32:33+00:00\",\"dateModified\":\"2024-04-29T20:40:51+00:00\",\"author\":{\"@id\":\"https:\/\/likemetkovic.hr\/#\/schema\/person\/a42711f3385a0e2be6f7e0443bfb28f0\"},\"breadcrumb\":{\"@id\":\"https:\/\/likemetkovic.hr\/portal\/najava-2\/#breadcrumb\"},\"inLanguage\":\"hr\",\"potentialAction\":[{\"@type\":\"ReadAction\",\"target\":[\"https:\/\/likemetkovic.hr\/portal\/najava-2\/\"]}]},{\"@type\":\"ImageObject\",\"inLanguage\":\"hr\",\"@id\":\"https:\/\/likemetkovic.hr\/portal\/najava-2\/#primaryimage\",\"url\":\"https:\/\/likemetkovic.hr\/portal\/wp-content\/uploads\/2024\/04\/dan-otovrenih-vrata-gimnazija-metkovic.jpg\",\"contentUrl\":\"https:\/\/likemetkovic.hr\/portal\/wp-content\/uploads\/2024\/04\/dan-otovrenih-vrata-gimnazija-metkovic.jpg\",\"width\":800,\"height\":533},{\"@type\":\"BreadcrumbList\",\"@id\":\"https:\/\/likemetkovic.hr\/portal\/najava-2\/#breadcrumb\",\"itemListElement\":[{\"@type\":\"ListItem\",\"position\":1,\"name\":\"Po\u010detna stranica\",\"item\":\"https:\/\/likemetkovic.hr\/portal\/\"},{\"@type\":\"ListItem\",\"position\":2,\"name\":\"NAJAVA! Gimnazija Metkovi\u0107 2. svibnja \u0107e odr\u017eati Dan otvorenih vrata\"}]},{\"@type\":\"WebSite\",\"@id\":\"https:\/\/likemetkovic.hr\/#website\",\"url\":\"https:\/\/likemetkovic.hr\/\",\"name\":\"likemetkovic.hr\",\"description\":\"Misli pozitivno... \u010ditaj LIKE\",\"potentialAction\":[{\"@type\":\"SearchAction\",\"target\":{\"@type\":\"EntryPoint\",\"urlTemplate\":\"https:\/\/likemetkovic.hr\/?s={search_term_string}\"},\"query-input\":{\"@type\":\"PropertyValueSpecification\",\"valueRequired\":true,\"valueName\":\"search_term_string\"}}],\"inLanguage\":\"hr\"},{\"@type\":\"Person\",\"@id\":\"https:\/\/likemetkovic.hr\/#\/schema\/person\/a42711f3385a0e2be6f7e0443bfb28f0\",\"name\":\"LIKEmetkovic.hr\",\"sameAs\":[\"http:\/\/likemetkovic.hr\"],\"url\":\"https:\/\/likemetkovic.hr\/portal\/author\/likemetkovic-hr\/\"}]}<\/script>\n<!-- \/ Yoast SEO plugin. -->","yoast_head_json":{"title":"NAJAVA! Gimnazija Metkovi\u0107 2. svibnja \u0107e odr\u017eati Dan otvorenih vrata - likemetkovic.hr","robots":{"index":"index","follow":"follow","max-snippet":"max-snippet:-1","max-image-preview":"max-image-preview:large","max-video-preview":"max-video-preview:-1"},"canonical":"https:\/\/likemetkovic.hr\/portal\/najava-2\/","og_locale":"hr_HR","og_type":"article","og_title":"NAJAVA! Gimnazija Metkovi\u0107 2. svibnja \u0107e odr\u017eati Dan otvorenih vrata - likemetkovic.hr","og_description":"Dan otvorenih vrata Gimnazije Metkovi\u0107 odr\u017eat \u0107e se u \u010detvrtak, 2. svibnja 2024., za budu\u0107e u\u010denike Gimnazije, osma\u0161e i njihove roditelje, ali i sve posjetitelje iz Metkovi\u0107a i okolnih mjesta. S po\u010detkom u 10 sati odigrat \u0107e se utakmice izme\u0111u mom\u010dadi osma\u0161a i u\u010denika Gimnazije u gimnazijskoj \u0161portskoj dvorani, a od 11 sati u \u0161koli [&hellip;]","og_url":"https:\/\/likemetkovic.hr\/portal\/najava-2\/","og_site_name":"likemetkovic.hr","article_publisher":"https:\/\/www.facebook.com\/likemetkovic.hr\/","article_published_time":"2024-04-29T16:32:33+00:00","article_modified_time":"2024-04-29T20:40:51+00:00","og_image":[{"width":800,"height":533,"url":"https:\/\/likemetkovic.hr\/portal\/wp-content\/uploads\/2024\/04\/dan-otovrenih-vrata-gimnazija-metkovic.jpg","type":"image\/jpeg"}],"author":"LIKEmetkovic.hr","twitter_card":"summary_large_image","twitter_misc":{"Napisao\/la":"LIKEmetkovic.hr","Procijenjeno vrijeme \u010ditanja":"1 minuta"},"schema":{"@context":"https:\/\/schema.org","@graph":[{"@type":"WebPage","@id":"https:\/\/likemetkovic.hr\/portal\/najava-2\/","url":"https:\/\/likemetkovic.hr\/portal\/najava-2\/","name":"NAJAVA! Gimnazija Metkovi\u0107 2. svibnja \u0107e odr\u017eati Dan otvorenih vrata - likemetkovic.hr","isPartOf":{"@id":"https:\/\/likemetkovic.hr\/#website"},"primaryImageOfPage":{"@id":"https:\/\/likemetkovic.hr\/portal\/najava-2\/#primaryimage"},"image":{"@id":"https:\/\/likemetkovic.hr\/portal\/najava-2\/#primaryimage"},"thumbnailUrl":"https:\/\/likemetkovic.hr\/portal\/wp-content\/uploads\/2024\/04\/dan-otovrenih-vrata-gimnazija-metkovic.jpg","datePublished":"2024-04-29T16:32:33+00:00","dateModified":"2024-04-29T20:40:51+00:00","author":{"@id":"https:\/\/likemetkovic.hr\/#\/schema\/person\/a42711f3385a0e2be6f7e0443bfb28f0"},"breadcrumb":{"@id":"https:\/\/likemetkovic.hr\/portal\/najava-2\/#breadcrumb"},"inLanguage":"hr","potentialAction":[{"@type":"ReadAction","target":["https:\/\/likemetkovic.hr\/portal\/najava-2\/"]}]},{"@type":"ImageObject","inLanguage":"hr","@id":"https:\/\/likemetkovic.hr\/portal\/najava-2\/#primaryimage","url":"https:\/\/likemetkovic.hr\/portal\/wp-content\/uploads\/2024\/04\/dan-otovrenih-vrata-gimnazija-metkovic.jpg","contentUrl":"https:\/\/likemetkovic.hr\/portal\/wp-content\/uploads\/2024\/04\/dan-otovrenih-vrata-gimnazija-metkovic.jpg","width":800,"height":533},{"@type":"BreadcrumbList","@id":"https:\/\/likemetkovic.hr\/portal\/najava-2\/#breadcrumb","itemListElement":[{"@type":"ListItem","position":1,"name":"Po\u010detna stranica","item":"https:\/\/likemetkovic.hr\/portal\/"},{"@type":"ListItem","position":2,"name":"NAJAVA! Gimnazija Metkovi\u0107 2. svibnja \u0107e odr\u017eati Dan otvorenih vrata"}]},{"@type":"WebSite","@id":"https:\/\/likemetkovic.hr\/#website","url":"https:\/\/likemetkovic.hr\/","name":"likemetkovic.hr","description":"Misli pozitivno... \u010ditaj LIKE","potentialAction":[{"@type":"SearchAction","target":{"@type":"EntryPoint","urlTemplate":"https:\/\/likemetkovic.hr\/?s={search_term_string}"},"query-input":{"@type":"PropertyValueSpecification","valueRequired":true,"valueName":"search_term_string"}}],"inLanguage":"hr"},{"@type":"Person","@id":"https:\/\/likemetkovic.hr\/#\/schema\/person\/a42711f3385a0e2be6f7e0443bfb28f0","name":"LIKEmetkovic.hr","sameAs":["http:\/\/likemetkovic.hr"],"url":"https:\/\/likemetkovic.hr\/portal\/author\/likemetkovic-hr\/"}]}},"_links":{"self":[{"href":"https:\/\/likemetkovic.hr\/portal\/wp-json\/wp\/v2\/posts\/154606","targetHints":{"allow":["GET"]}}],"collection":[{"href":"https:\/\/likemetkovic.hr\/portal\/wp-json\/wp\/v2\/posts"}],"about":[{"href":"https:\/\/likemetkovic.hr\/portal\/wp-json\/wp\/v2\/types\/post"}],"author":[{"embeddable":true,"href":"https:\/\/likemetkovic.hr\/portal\/wp-json\/wp\/v2\/users\/7"}],"replies":[{"embeddable":true,"href":"https:\/\/likemetkovic.hr\/portal\/wp-json\/wp\/v2\/comments?post=154606"}],"version-history":[{"count":2,"href":"https:\/\/likemetkovic.hr\/portal\/wp-json\/wp\/v2\/posts\/154606\/revisions"}],"predecessor-version":[{"id":154609,"href":"https:\/\/likemetkovic.hr\/portal\/wp-json\/wp\/v2\/posts\/154606\/revisions\/154609"}],"wp:featuredmedia":[{"embeddable":true,"href":"https:\/\/likemetkovic.hr\/portal\/wp-json\/wp\/v2\/media\/154607"}],"wp:attachment":[{"href":"https:\/\/likemetkovic.hr\/portal\/wp-json\/wp\/v2\/media?parent=154606"}],"wp:term":[{"taxonomy":"category","embeddable":true,"href":"https:\/\/likemetkovic.hr\/portal\/wp-json\/wp\/v2\/categories?post=154606"},{"taxonomy":"post_tag","embeddable":true,"href":"https:\/\/likemetkovic.hr\/portal\/wp-json\/wp\/v2\/tags?post=154606"}],"curies":[{"name":"wp","href":"https:\/\/api.w.org\/{rel}","templated":true}]}}