{"id":155564,"date":"2024-05-29T19:36:11","date_gmt":"2024-05-29T17:36:11","guid":{"rendered":"https:\/\/likemetkovic.hr\/portal\/?p=155564"},"modified":"2024-05-29T19:36:11","modified_gmt":"2024-05-29T17:36:11","slug":"vlak-sarajevo-ploce-sarajevo-sezonska-linija-pocinje-28-lipnja-i-vozi-do-1-rujna","status":"publish","type":"post","link":"https:\/\/likemetkovic.hr\/portal\/vlak-sarajevo-ploce-sarajevo-sezonska-linija-pocinje-28-lipnja-i-vozi-do-1-rujna\/","title":{"rendered":"VLAK SARAJEVO \u2013 PLO\u010cE \u2013 SARAJEVO Sezonska linija po\u010dinje 28. lipnja i vozi do 1. rujna"},"content":{"rendered":"<p><span class=\"lead pt-0\">\u017deljeznice Federacije Bosne i Hercegovine izdale su priop\u0107enje u kojem obavje\u0161tavaju gra\u0111ane da \u0107e od 28.lipnja prometovati sezonski vlak iz Sarajeva do Plo\u010da.<\/span><\/p>\n<div id=\"text\" class=\"break-words mt-3 text-lg lg:text-xl space-y-4 mb-3 leading-6 md:leading-8 dark:text-gray-200\">\n<p>\u201cObavje\u0161tavamo cijenjene putnike da \u0107e sezonski putni\u010dki vlak Sarajevo \u2013 Plo\u010de \u2013 Sarajevo prometovati od 28. lipnja do prvog rujna ove godine u dane petak, subota i nedjelja\u201d, priop\u0107ili su iz \u017deljeznica FBiH.<\/p>\n<p>Vlak iz Sarajeva polazi u 7:15 sati, a u Plo\u010de sti\u017ee u 10:36. Povratak iz Plo\u010da je u 18:26, a dolazak u Sarajevo u 21:51 sati.<\/p>\n<p>Cijena karte u jednom smjeru je 25 KM, a povratna 41,40 KM i va\u017ei mjesec dana.<\/p>\n<p>Putnici koji imaju pravo na povlasticu od 30 posto \u2013 studenti, novinari, umirovljenici i grupe s vi\u0161e od \u0161est odraslih putnika, kartu u jednom pravcu \u0107e pla\u0107ati 18,60 KM, povratnu 37,20 KM.<\/p>\n<p>Putnici s povlasticama od 50 posto \u2013 djeca od 4 do 12 godina, slijepe osobe i njihova pratnja, grupe s vi\u0161e od 30 odraslih, kartu u jednom pravcu \u0107e pla\u0107ati 14,30 KM, a povratnu 28,60 KM.<\/p>\n<p>Iz \u017deljeznica FBiH tako\u0111er obavje\u0161tavaju da kartu treba kupovati najkasnije dan prije planiranog putovanja do 12 sati i na blagajni ostaviti podatke o imenu i prezimenu, godini ro\u0111enja i broju putovnice.<\/p>\n<div class=\"lg:max-w-2xl lg:mx-auto mt-3 text-lg md:text-xl mb-3 leading-6 md:leading-8 dark:text-gray-200\">\n<p>\u201cOva procedura je obavezna u cilju efikasnije carinske kontrole i kra\u0107eg zadr\u017eavanja pri prelasku dr\u017eavne granice izme\u0111u Bosne i Hercegovine i Republike Hrvatske u \u010capljini. Karte je mogu\u0107e kupiti na prodajnim mjestima u Sarajevu, Had\u017ei\u0107ima, Konjicu, Mostaru i \u010capljini. Ako putnik zapo\u010dinje putovanje u Plo\u010dama, kupit \u0107e je na dan putovanja kod konduktera u vlaku\u201d, naveli su.<\/p>\n<p>Putnici kartu pla\u0107aju u konvertibilnim markama ili u eurima i ne mogu je nabaviti online.<\/p>\n<p>Zbog uvo\u0111enja ovog sezonskog putni\u010dkog vlaka, od 28. lipnja do prvog rujna petkom, subotom i nedjeljom bit \u0107e pomjeren termin polaska poslijepodnevnog vlaka iz \u010capljine za Sarajevo u 19:29 sati, iz Mostara u 19:56, iz Konjica u 20:45 te iz Had\u017ei\u0107a u 21:34 sati.<\/p>\n<\/div>\n<\/div>\n","protected":false},"excerpt":{"rendered":"<p>\u017deljeznice Federacije Bosne i Hercegovine izdale su priop\u0107enje u kojem obavje\u0161tavaju gra\u0111ane da \u0107e od 28.lipnja prometovati sezonski vlak iz Sarajeva do Plo\u010da. \u201cObavje\u0161tavamo cijenjene putnike da \u0107e sezonski putni\u010dki vlak Sarajevo \u2013 Plo\u010de \u2013 Sarajevo prometovati od 28. lipnja do prvog rujna ove godine u dane petak, subota i nedjelja\u201d, priop\u0107ili su iz \u017deljeznica [&hellip;]<\/p>\n","protected":false},"author":7,"featured_media":133146,"comment_status":"open","ping_status":"open","sticky":false,"template":"","format":"standard","meta":{"footnotes":""},"categories":[296,11],"tags":[10357],"class_list":{"0":"post-155564","1":"post","2":"type-post","3":"status-publish","4":"format-standard","5":"has-post-thumbnail","7":"category-ab","8":"category-metkovic-dolina","9":"tag-linija-ploce-sarajevo"},"yoast_head":"<!-- This site is optimized with the Yoast SEO plugin v25.2 - https:\/\/yoast.com\/wordpress\/plugins\/seo\/ -->\n<title>VLAK SARAJEVO \u2013 PLO\u010cE \u2013 SARAJEVO Sezonska linija po\u010dinje 28. lipnja i vozi do 1. rujna - likemetkovic.hr<\/title>\n<meta name=\"robots\" content=\"index, follow, max-snippet:-1, max-image-preview:large, max-video-preview:-1\" \/>\n<link rel=\"canonical\" href=\"https:\/\/likemetkovic.hr\/portal\/vlak-sarajevo-ploce-sarajevo-sezonska-linija-pocinje-28-lipnja-i-vozi-do-1-rujna\/\" \/>\n<meta property=\"og:locale\" content=\"hr_HR\" \/>\n<meta property=\"og:type\" content=\"article\" \/>\n<meta property=\"og:title\" content=\"VLAK SARAJEVO \u2013 PLO\u010cE \u2013 SARAJEVO Sezonska linija po\u010dinje 28. lipnja i vozi do 1. rujna - likemetkovic.hr\" \/>\n<meta property=\"og:description\" content=\"\u017deljeznice Federacije Bosne i Hercegovine izdale su priop\u0107enje u kojem obavje\u0161tavaju gra\u0111ane da \u0107e od 28.lipnja prometovati sezonski vlak iz Sarajeva do Plo\u010da. \u201cObavje\u0161tavamo cijenjene putnike da \u0107e sezonski putni\u010dki vlak Sarajevo \u2013 Plo\u010de \u2013 Sarajevo prometovati od 28. lipnja do prvog rujna ove godine u dane petak, subota i nedjelja\u201d, priop\u0107ili su iz \u017deljeznica [&hellip;]\" \/>\n<meta property=\"og:url\" content=\"https:\/\/likemetkovic.hr\/portal\/vlak-sarajevo-ploce-sarajevo-sezonska-linija-pocinje-28-lipnja-i-vozi-do-1-rujna\/\" \/>\n<meta property=\"og:site_name\" content=\"likemetkovic.hr\" \/>\n<meta property=\"article:publisher\" content=\"https:\/\/www.facebook.com\/likemetkovic.hr\/\" \/>\n<meta property=\"article:published_time\" content=\"2024-05-29T17:36:11+00:00\" \/>\n<meta property=\"og:image\" content=\"https:\/\/likemetkovic.hr\/portal\/wp-content\/uploads\/2022\/07\/vlak-sarajevo-ploce010722_8.jpg\" \/>\n\t<meta property=\"og:image:width\" content=\"800\" \/>\n\t<meta property=\"og:image:height\" content=\"533\" \/>\n\t<meta property=\"og:image:type\" content=\"image\/jpeg\" \/>\n<meta name=\"author\" content=\"LIKEmetkovic.hr\" \/>\n<meta name=\"twitter:card\" content=\"summary_large_image\" \/>\n<meta name=\"twitter:label1\" content=\"Napisao\/la\" \/>\n\t<meta name=\"twitter:data1\" content=\"LIKEmetkovic.hr\" \/>\n\t<meta name=\"twitter:label2\" content=\"Procijenjeno vrijeme \u010ditanja\" \/>\n\t<meta name=\"twitter:data2\" content=\"2 minute\" \/>\n<script type=\"application\/ld+json\" class=\"yoast-schema-graph\">{\"@context\":\"https:\/\/schema.org\",\"@graph\":[{\"@type\":\"WebPage\",\"@id\":\"https:\/\/likemetkovic.hr\/portal\/vlak-sarajevo-ploce-sarajevo-sezonska-linija-pocinje-28-lipnja-i-vozi-do-1-rujna\/\",\"url\":\"https:\/\/likemetkovic.hr\/portal\/vlak-sarajevo-ploce-sarajevo-sezonska-linija-pocinje-28-lipnja-i-vozi-do-1-rujna\/\",\"name\":\"VLAK SARAJEVO \u2013 PLO\u010cE \u2013 SARAJEVO Sezonska linija po\u010dinje 28. lipnja i vozi do 1. rujna - likemetkovic.hr\",\"isPartOf\":{\"@id\":\"https:\/\/likemetkovic.hr\/#website\"},\"primaryImageOfPage\":{\"@id\":\"https:\/\/likemetkovic.hr\/portal\/vlak-sarajevo-ploce-sarajevo-sezonska-linija-pocinje-28-lipnja-i-vozi-do-1-rujna\/#primaryimage\"},\"image\":{\"@id\":\"https:\/\/likemetkovic.hr\/portal\/vlak-sarajevo-ploce-sarajevo-sezonska-linija-pocinje-28-lipnja-i-vozi-do-1-rujna\/#primaryimage\"},\"thumbnailUrl\":\"https:\/\/likemetkovic.hr\/portal\/wp-content\/uploads\/2022\/07\/vlak-sarajevo-ploce010722_8.jpg\",\"datePublished\":\"2024-05-29T17:36:11+00:00\",\"author\":{\"@id\":\"https:\/\/likemetkovic.hr\/#\/schema\/person\/a42711f3385a0e2be6f7e0443bfb28f0\"},\"breadcrumb\":{\"@id\":\"https:\/\/likemetkovic.hr\/portal\/vlak-sarajevo-ploce-sarajevo-sezonska-linija-pocinje-28-lipnja-i-vozi-do-1-rujna\/#breadcrumb\"},\"inLanguage\":\"hr\",\"potentialAction\":[{\"@type\":\"ReadAction\",\"target\":[\"https:\/\/likemetkovic.hr\/portal\/vlak-sarajevo-ploce-sarajevo-sezonska-linija-pocinje-28-lipnja-i-vozi-do-1-rujna\/\"]}]},{\"@type\":\"ImageObject\",\"inLanguage\":\"hr\",\"@id\":\"https:\/\/likemetkovic.hr\/portal\/vlak-sarajevo-ploce-sarajevo-sezonska-linija-pocinje-28-lipnja-i-vozi-do-1-rujna\/#primaryimage\",\"url\":\"https:\/\/likemetkovic.hr\/portal\/wp-content\/uploads\/2022\/07\/vlak-sarajevo-ploce010722_8.jpg\",\"contentUrl\":\"https:\/\/likemetkovic.hr\/portal\/wp-content\/uploads\/2022\/07\/vlak-sarajevo-ploce010722_8.jpg\",\"width\":800,\"height\":533},{\"@type\":\"BreadcrumbList\",\"@id\":\"https:\/\/likemetkovic.hr\/portal\/vlak-sarajevo-ploce-sarajevo-sezonska-linija-pocinje-28-lipnja-i-vozi-do-1-rujna\/#breadcrumb\",\"itemListElement\":[{\"@type\":\"ListItem\",\"position\":1,\"name\":\"Po\u010detna stranica\",\"item\":\"https:\/\/likemetkovic.hr\/portal\/\"},{\"@type\":\"ListItem\",\"position\":2,\"name\":\"VLAK SARAJEVO \u2013 PLO\u010cE \u2013 SARAJEVO Sezonska linija po\u010dinje 28. lipnja i vozi do 1. rujna\"}]},{\"@type\":\"WebSite\",\"@id\":\"https:\/\/likemetkovic.hr\/#website\",\"url\":\"https:\/\/likemetkovic.hr\/\",\"name\":\"likemetkovic.hr\",\"description\":\"Misli pozitivno... \u010ditaj LIKE\",\"potentialAction\":[{\"@type\":\"SearchAction\",\"target\":{\"@type\":\"EntryPoint\",\"urlTemplate\":\"https:\/\/likemetkovic.hr\/?s={search_term_string}\"},\"query-input\":{\"@type\":\"PropertyValueSpecification\",\"valueRequired\":true,\"valueName\":\"search_term_string\"}}],\"inLanguage\":\"hr\"},{\"@type\":\"Person\",\"@id\":\"https:\/\/likemetkovic.hr\/#\/schema\/person\/a42711f3385a0e2be6f7e0443bfb28f0\",\"name\":\"LIKEmetkovic.hr\",\"sameAs\":[\"http:\/\/likemetkovic.hr\"],\"url\":\"https:\/\/likemetkovic.hr\/portal\/author\/likemetkovic-hr\/\"}]}<\/script>\n<!-- \/ Yoast SEO plugin. -->","yoast_head_json":{"title":"VLAK SARAJEVO \u2013 PLO\u010cE \u2013 SARAJEVO Sezonska linija po\u010dinje 28. lipnja i vozi do 1. rujna - likemetkovic.hr","robots":{"index":"index","follow":"follow","max-snippet":"max-snippet:-1","max-image-preview":"max-image-preview:large","max-video-preview":"max-video-preview:-1"},"canonical":"https:\/\/likemetkovic.hr\/portal\/vlak-sarajevo-ploce-sarajevo-sezonska-linija-pocinje-28-lipnja-i-vozi-do-1-rujna\/","og_locale":"hr_HR","og_type":"article","og_title":"VLAK SARAJEVO \u2013 PLO\u010cE \u2013 SARAJEVO Sezonska linija po\u010dinje 28. lipnja i vozi do 1. rujna - likemetkovic.hr","og_description":"\u017deljeznice Federacije Bosne i Hercegovine izdale su priop\u0107enje u kojem obavje\u0161tavaju gra\u0111ane da \u0107e od 28.lipnja prometovati sezonski vlak iz Sarajeva do Plo\u010da. \u201cObavje\u0161tavamo cijenjene putnike da \u0107e sezonski putni\u010dki vlak Sarajevo \u2013 Plo\u010de \u2013 Sarajevo prometovati od 28. lipnja do prvog rujna ove godine u dane petak, subota i nedjelja\u201d, priop\u0107ili su iz \u017deljeznica [&hellip;]","og_url":"https:\/\/likemetkovic.hr\/portal\/vlak-sarajevo-ploce-sarajevo-sezonska-linija-pocinje-28-lipnja-i-vozi-do-1-rujna\/","og_site_name":"likemetkovic.hr","article_publisher":"https:\/\/www.facebook.com\/likemetkovic.hr\/","article_published_time":"2024-05-29T17:36:11+00:00","og_image":[{"width":800,"height":533,"url":"https:\/\/likemetkovic.hr\/portal\/wp-content\/uploads\/2022\/07\/vlak-sarajevo-ploce010722_8.jpg","type":"image\/jpeg"}],"author":"LIKEmetkovic.hr","twitter_card":"summary_large_image","twitter_misc":{"Napisao\/la":"LIKEmetkovic.hr","Procijenjeno vrijeme \u010ditanja":"2 minute"},"schema":{"@context":"https:\/\/schema.org","@graph":[{"@type":"WebPage","@id":"https:\/\/likemetkovic.hr\/portal\/vlak-sarajevo-ploce-sarajevo-sezonska-linija-pocinje-28-lipnja-i-vozi-do-1-rujna\/","url":"https:\/\/likemetkovic.hr\/portal\/vlak-sarajevo-ploce-sarajevo-sezonska-linija-pocinje-28-lipnja-i-vozi-do-1-rujna\/","name":"VLAK SARAJEVO \u2013 PLO\u010cE \u2013 SARAJEVO Sezonska linija po\u010dinje 28. lipnja i vozi do 1. rujna - likemetkovic.hr","isPartOf":{"@id":"https:\/\/likemetkovic.hr\/#website"},"primaryImageOfPage":{"@id":"https:\/\/likemetkovic.hr\/portal\/vlak-sarajevo-ploce-sarajevo-sezonska-linija-pocinje-28-lipnja-i-vozi-do-1-rujna\/#primaryimage"},"image":{"@id":"https:\/\/likemetkovic.hr\/portal\/vlak-sarajevo-ploce-sarajevo-sezonska-linija-pocinje-28-lipnja-i-vozi-do-1-rujna\/#primaryimage"},"thumbnailUrl":"https:\/\/likemetkovic.hr\/portal\/wp-content\/uploads\/2022\/07\/vlak-sarajevo-ploce010722_8.jpg","datePublished":"2024-05-29T17:36:11+00:00","author":{"@id":"https:\/\/likemetkovic.hr\/#\/schema\/person\/a42711f3385a0e2be6f7e0443bfb28f0"},"breadcrumb":{"@id":"https:\/\/likemetkovic.hr\/portal\/vlak-sarajevo-ploce-sarajevo-sezonska-linija-pocinje-28-lipnja-i-vozi-do-1-rujna\/#breadcrumb"},"inLanguage":"hr","potentialAction":[{"@type":"ReadAction","target":["https:\/\/likemetkovic.hr\/portal\/vlak-sarajevo-ploce-sarajevo-sezonska-linija-pocinje-28-lipnja-i-vozi-do-1-rujna\/"]}]},{"@type":"ImageObject","inLanguage":"hr","@id":"https:\/\/likemetkovic.hr\/portal\/vlak-sarajevo-ploce-sarajevo-sezonska-linija-pocinje-28-lipnja-i-vozi-do-1-rujna\/#primaryimage","url":"https:\/\/likemetkovic.hr\/portal\/wp-content\/uploads\/2022\/07\/vlak-sarajevo-ploce010722_8.jpg","contentUrl":"https:\/\/likemetkovic.hr\/portal\/wp-content\/uploads\/2022\/07\/vlak-sarajevo-ploce010722_8.jpg","width":800,"height":533},{"@type":"BreadcrumbList","@id":"https:\/\/likemetkovic.hr\/portal\/vlak-sarajevo-ploce-sarajevo-sezonska-linija-pocinje-28-lipnja-i-vozi-do-1-rujna\/#breadcrumb","itemListElement":[{"@type":"ListItem","position":1,"name":"Po\u010detna stranica","item":"https:\/\/likemetkovic.hr\/portal\/"},{"@type":"ListItem","position":2,"name":"VLAK SARAJEVO \u2013 PLO\u010cE \u2013 SARAJEVO Sezonska linija po\u010dinje 28. lipnja i vozi do 1. rujna"}]},{"@type":"WebSite","@id":"https:\/\/likemetkovic.hr\/#website","url":"https:\/\/likemetkovic.hr\/","name":"likemetkovic.hr","description":"Misli pozitivno... \u010ditaj LIKE","potentialAction":[{"@type":"SearchAction","target":{"@type":"EntryPoint","urlTemplate":"https:\/\/likemetkovic.hr\/?s={search_term_string}"},"query-input":{"@type":"PropertyValueSpecification","valueRequired":true,"valueName":"search_term_string"}}],"inLanguage":"hr"},{"@type":"Person","@id":"https:\/\/likemetkovic.hr\/#\/schema\/person\/a42711f3385a0e2be6f7e0443bfb28f0","name":"LIKEmetkovic.hr","sameAs":["http:\/\/likemetkovic.hr"],"url":"https:\/\/likemetkovic.hr\/portal\/author\/likemetkovic-hr\/"}]}},"_links":{"self":[{"href":"https:\/\/likemetkovic.hr\/portal\/wp-json\/wp\/v2\/posts\/155564","targetHints":{"allow":["GET"]}}],"collection":[{"href":"https:\/\/likemetkovic.hr\/portal\/wp-json\/wp\/v2\/posts"}],"about":[{"href":"https:\/\/likemetkovic.hr\/portal\/wp-json\/wp\/v2\/types\/post"}],"author":[{"embeddable":true,"href":"https:\/\/likemetkovic.hr\/portal\/wp-json\/wp\/v2\/users\/7"}],"replies":[{"embeddable":true,"href":"https:\/\/likemetkovic.hr\/portal\/wp-json\/wp\/v2\/comments?post=155564"}],"version-history":[{"count":1,"href":"https:\/\/likemetkovic.hr\/portal\/wp-json\/wp\/v2\/posts\/155564\/revisions"}],"predecessor-version":[{"id":155565,"href":"https:\/\/likemetkovic.hr\/portal\/wp-json\/wp\/v2\/posts\/155564\/revisions\/155565"}],"wp:featuredmedia":[{"embeddable":true,"href":"https:\/\/likemetkovic.hr\/portal\/wp-json\/wp\/v2\/media\/133146"}],"wp:attachment":[{"href":"https:\/\/likemetkovic.hr\/portal\/wp-json\/wp\/v2\/media?parent=155564"}],"wp:term":[{"taxonomy":"category","embeddable":true,"href":"https:\/\/likemetkovic.hr\/portal\/wp-json\/wp\/v2\/categories?post=155564"},{"taxonomy":"post_tag","embeddable":true,"href":"https:\/\/likemetkovic.hr\/portal\/wp-json\/wp\/v2\/tags?post=155564"}],"curies":[{"name":"wp","href":"https:\/\/api.w.org\/{rel}","templated":true}]}}