{"id":156540,"date":"2024-06-27T07:03:36","date_gmt":"2024-06-27T05:03:36","guid":{"rendered":"https:\/\/likemetkovic.hr\/portal\/?p=156540"},"modified":"2024-06-27T07:03:36","modified_gmt":"2024-06-27T05:03:36","slug":"hrt-u-dolini-neretve-nikad-ranije-pocela-berba-lubenica","status":"publish","type":"post","link":"https:\/\/likemetkovic.hr\/portal\/hrt-u-dolini-neretve-nikad-ranije-pocela-berba-lubenica\/","title":{"rendered":"HRT: U Dolini Neretve nikad ranije po\u010dela berba lubenica"},"content":{"rendered":"<div class=\"p-0 w-full mb-8 xl:mb-12 font-semibold xl:w-85 text-lg articleText\">\n<p>U Dolini Neretve po\u010dela je berba lubenica i dinja i to &#8211; najranije dosad. Na 250 hektara planira se ubrati oko 15 tisu\u0107a tona lubenica i oko tisu\u0107u tona dinja.<\/p>\n<\/div>\n<div class=\"p-0 mb-12 w-full xl:w-85 text-lg articleText\">\n<p>Prva otkupna cijena za proizvode nekoliko je centi ni\u017ea nego pro\u0161le godine, no porasla je ukupna proizvodnja. Berba \u0107e potrajati sve do prvih mandarina.<\/p>\n<p>Je li vo\u0107e ili povr\u0107e, vje\u010dna je dvojba. A je li prema nazivu dinja ili lubenica, polemika je na hrvatskom jugu. Kad vas ponude dinjom, jest \u0107ete lubenicu; kad zatra\u017eite dinju, dobit \u0107ete &#8221;pipun&#8221;.<\/p>\n<p>Jedno je sigurno &#8211; berba najtra\u017eenijih okusa po\u010dela je, a na tr\u017ei\u0161tu su ranije nego ina\u010de.<\/p>\n<p>&#8211; Zato \u0161to smo imali u \u010detvrtom mjesecu, neposredno nakon sadnje, izuzetno dobro, toplo vrijeme koje je isforsiralo vegetaciju i do\u0161li smo za berbu u odnosu na uobi\u010dajene godine i na lanjsku godinu jedno deset dana prije, kazala je agronom\u00a0<strong>Robert Doko<\/strong>.<\/p>\n<p>Police dijele s uvoznom robom, \u0161to, osim cijene, najvi\u0161e zabrinjava proizvo\u0111a\u010de. Ka\u017eu: nije te\u0161ko brati ni prodati, najte\u017ee je proizvesti i zaraditi.<\/p>\n<p>&#8211; Sve je okolo ekologija, zna\u010di ovi proizvodi s ovih podru\u010dja, oni bi trebali biti vrednovani kroz cijenu, ali nisu nikad bili i ne\u0107e biti dok je ovakvog ure\u0111enja na ovom tr\u017ei\u0161tu, rekao je proizvo\u0111a\u010d\u00a0<strong>Neven Mataga<\/strong>.<\/p>\n<p>&#8211; Imamo najsla\u0111u lubenicu u Europi, sla\u0111a nego turska i \u0161panjolska lubenica. Pa kad\u00a0 proba\u0161 gr\u010dku lubenicu, bacio bi je, ispri\u010dao je proizvo\u0111a\u010d\u00a0<strong>Gradimir \u0160e\u0161elj<\/strong>.<\/p>\n<p>Bacanje lubenica, ali s ruke na ruku nakon berbe, ovih je dana na neretvanskom podru\u010dju naj\u010de\u0161\u0107i prizor.<\/p>\n<p>&#8211; Nije te\u0161ko, lubenica je od 10-12 kilograma, uz dobru ekipu ide to, rekao je proizvo\u0111a\u010d\u00a0<strong>Toni Mataga<\/strong>.<\/p>\n<p>Iz ruku u sanduke, ravno u otkupne centre, sve do tr\u017ei\u0161ta.<\/p>\n<p>&#8211; Evo sad su i ove vru\u0107ine i mi se nadamo, svi centri su u akcijama, da \u0107e potro\u0161nja lubenice biti dobra i tako \u0107e se zadr\u017eati cijena. To ovisi samo o tr\u017ei\u0161tu, kazao je\u00a0<strong>Dragan Crnomarkovi\u0107<\/strong>, izvr\u0161ni direktor, ENNA fruit d.o.o.<\/p>\n<p>Tijekom vru\u0107ina, nedvojbeno, lubenice i dinje naj\u010de\u0161\u0107i su izbor, a ovaj dio Hrvatske sve popularniji turisti\u010dki odabir. U \u0161ali proizvo\u0111a\u010di ra\u010dunaju &#8211; nekoliko lubenica po turistu osigurat \u0107e doma\u0107u proizvodnju.<\/p>\n<p>Autor:\u00a0<a href=\"https:\/\/magazin.hrt.hr\/price-iz-hrvatske\/u-dolini-neretve-pocela-berba-lubenica-i-dinja-11628210\" target=\"_blank\" rel=\"noopener\">Mateja Delija\/N.J.\/Dnevnik\/HRT<\/a><br \/>\nFoto: snimka zaslona<\/p>\n<\/div>\n","protected":false},"excerpt":{"rendered":"<p>U Dolini Neretve po\u010dela je berba lubenica i dinja i to &#8211; najranije dosad. Na 250 hektara planira se ubrati oko 15 tisu\u0107a tona lubenica i oko tisu\u0107u tona dinja. Prva otkupna cijena za proizvode nekoliko je centi ni\u017ea nego pro\u0161le godine, no porasla je ukupna proizvodnja. Berba \u0107e potrajati sve do prvih mandarina. Je [&hellip;]<\/p>\n","protected":false},"author":7,"featured_media":156541,"comment_status":"open","ping_status":"open","sticky":false,"template":"","format":"standard","meta":{"footnotes":""},"categories":[283,837],"tags":[3412],"class_list":{"0":"post-156540","1":"post","2":"type-post","3":"status-publish","4":"format-standard","5":"has-post-thumbnail","7":"category-a","8":"category-poljoprivreda","9":"tag-lubenice"},"yoast_head":"<!-- This site is optimized with the Yoast SEO plugin v25.2 - https:\/\/yoast.com\/wordpress\/plugins\/seo\/ -->\n<title>HRT: U Dolini Neretve nikad ranije po\u010dela berba lubenica - likemetkovic.hr<\/title>\n<meta name=\"robots\" content=\"index, follow, max-snippet:-1, max-image-preview:large, max-video-preview:-1\" \/>\n<link rel=\"canonical\" href=\"https:\/\/likemetkovic.hr\/portal\/hrt-u-dolini-neretve-nikad-ranije-pocela-berba-lubenica\/\" \/>\n<meta property=\"og:locale\" content=\"hr_HR\" \/>\n<meta property=\"og:type\" content=\"article\" \/>\n<meta property=\"og:title\" content=\"HRT: U Dolini Neretve nikad ranije po\u010dela berba lubenica - likemetkovic.hr\" \/>\n<meta property=\"og:description\" content=\"U Dolini Neretve po\u010dela je berba lubenica i dinja i to &#8211; najranije dosad. Na 250 hektara planira se ubrati oko 15 tisu\u0107a tona lubenica i oko tisu\u0107u tona dinja. Prva otkupna cijena za proizvode nekoliko je centi ni\u017ea nego pro\u0161le godine, no porasla je ukupna proizvodnja. Berba \u0107e potrajati sve do prvih mandarina. Je [&hellip;]\" \/>\n<meta property=\"og:url\" content=\"https:\/\/likemetkovic.hr\/portal\/hrt-u-dolini-neretve-nikad-ranije-pocela-berba-lubenica\/\" \/>\n<meta property=\"og:site_name\" content=\"likemetkovic.hr\" \/>\n<meta property=\"article:publisher\" content=\"https:\/\/www.facebook.com\/likemetkovic.hr\/\" \/>\n<meta property=\"article:published_time\" content=\"2024-06-27T05:03:36+00:00\" \/>\n<meta property=\"og:image\" content=\"https:\/\/likemetkovic.hr\/portal\/wp-content\/uploads\/2024\/06\/lubenica.jpg\" \/>\n\t<meta property=\"og:image:width\" content=\"900\" \/>\n\t<meta property=\"og:image:height\" content=\"478\" \/>\n\t<meta property=\"og:image:type\" content=\"image\/jpeg\" \/>\n<meta name=\"author\" content=\"LIKEmetkovic.hr\" \/>\n<meta name=\"twitter:card\" content=\"summary_large_image\" \/>\n<meta name=\"twitter:label1\" content=\"Napisao\/la\" \/>\n\t<meta name=\"twitter:data1\" content=\"LIKEmetkovic.hr\" \/>\n\t<meta name=\"twitter:label2\" content=\"Procijenjeno vrijeme \u010ditanja\" \/>\n\t<meta name=\"twitter:data2\" content=\"3 minute\" \/>\n<script type=\"application\/ld+json\" class=\"yoast-schema-graph\">{\"@context\":\"https:\/\/schema.org\",\"@graph\":[{\"@type\":\"WebPage\",\"@id\":\"https:\/\/likemetkovic.hr\/portal\/hrt-u-dolini-neretve-nikad-ranije-pocela-berba-lubenica\/\",\"url\":\"https:\/\/likemetkovic.hr\/portal\/hrt-u-dolini-neretve-nikad-ranije-pocela-berba-lubenica\/\",\"name\":\"HRT: U Dolini Neretve nikad ranije po\u010dela berba lubenica - likemetkovic.hr\",\"isPartOf\":{\"@id\":\"https:\/\/likemetkovic.hr\/#website\"},\"primaryImageOfPage\":{\"@id\":\"https:\/\/likemetkovic.hr\/portal\/hrt-u-dolini-neretve-nikad-ranije-pocela-berba-lubenica\/#primaryimage\"},\"image\":{\"@id\":\"https:\/\/likemetkovic.hr\/portal\/hrt-u-dolini-neretve-nikad-ranije-pocela-berba-lubenica\/#primaryimage\"},\"thumbnailUrl\":\"https:\/\/likemetkovic.hr\/portal\/wp-content\/uploads\/2024\/06\/lubenica.jpg\",\"datePublished\":\"2024-06-27T05:03:36+00:00\",\"author\":{\"@id\":\"https:\/\/likemetkovic.hr\/#\/schema\/person\/a42711f3385a0e2be6f7e0443bfb28f0\"},\"breadcrumb\":{\"@id\":\"https:\/\/likemetkovic.hr\/portal\/hrt-u-dolini-neretve-nikad-ranije-pocela-berba-lubenica\/#breadcrumb\"},\"inLanguage\":\"hr\",\"potentialAction\":[{\"@type\":\"ReadAction\",\"target\":[\"https:\/\/likemetkovic.hr\/portal\/hrt-u-dolini-neretve-nikad-ranije-pocela-berba-lubenica\/\"]}]},{\"@type\":\"ImageObject\",\"inLanguage\":\"hr\",\"@id\":\"https:\/\/likemetkovic.hr\/portal\/hrt-u-dolini-neretve-nikad-ranije-pocela-berba-lubenica\/#primaryimage\",\"url\":\"https:\/\/likemetkovic.hr\/portal\/wp-content\/uploads\/2024\/06\/lubenica.jpg\",\"contentUrl\":\"https:\/\/likemetkovic.hr\/portal\/wp-content\/uploads\/2024\/06\/lubenica.jpg\",\"width\":900,\"height\":478},{\"@type\":\"BreadcrumbList\",\"@id\":\"https:\/\/likemetkovic.hr\/portal\/hrt-u-dolini-neretve-nikad-ranije-pocela-berba-lubenica\/#breadcrumb\",\"itemListElement\":[{\"@type\":\"ListItem\",\"position\":1,\"name\":\"Po\u010detna stranica\",\"item\":\"https:\/\/likemetkovic.hr\/portal\/\"},{\"@type\":\"ListItem\",\"position\":2,\"name\":\"HRT: U Dolini Neretve nikad ranije po\u010dela berba lubenica\"}]},{\"@type\":\"WebSite\",\"@id\":\"https:\/\/likemetkovic.hr\/#website\",\"url\":\"https:\/\/likemetkovic.hr\/\",\"name\":\"likemetkovic.hr\",\"description\":\"Misli pozitivno... \u010ditaj LIKE\",\"potentialAction\":[{\"@type\":\"SearchAction\",\"target\":{\"@type\":\"EntryPoint\",\"urlTemplate\":\"https:\/\/likemetkovic.hr\/?s={search_term_string}\"},\"query-input\":{\"@type\":\"PropertyValueSpecification\",\"valueRequired\":true,\"valueName\":\"search_term_string\"}}],\"inLanguage\":\"hr\"},{\"@type\":\"Person\",\"@id\":\"https:\/\/likemetkovic.hr\/#\/schema\/person\/a42711f3385a0e2be6f7e0443bfb28f0\",\"name\":\"LIKEmetkovic.hr\",\"sameAs\":[\"http:\/\/likemetkovic.hr\"],\"url\":\"https:\/\/likemetkovic.hr\/portal\/author\/likemetkovic-hr\/\"}]}<\/script>\n<!-- \/ Yoast SEO plugin. -->","yoast_head_json":{"title":"HRT: U Dolini Neretve nikad ranije po\u010dela berba lubenica - likemetkovic.hr","robots":{"index":"index","follow":"follow","max-snippet":"max-snippet:-1","max-image-preview":"max-image-preview:large","max-video-preview":"max-video-preview:-1"},"canonical":"https:\/\/likemetkovic.hr\/portal\/hrt-u-dolini-neretve-nikad-ranije-pocela-berba-lubenica\/","og_locale":"hr_HR","og_type":"article","og_title":"HRT: U Dolini Neretve nikad ranije po\u010dela berba lubenica - likemetkovic.hr","og_description":"U Dolini Neretve po\u010dela je berba lubenica i dinja i to &#8211; najranije dosad. Na 250 hektara planira se ubrati oko 15 tisu\u0107a tona lubenica i oko tisu\u0107u tona dinja. Prva otkupna cijena za proizvode nekoliko je centi ni\u017ea nego pro\u0161le godine, no porasla je ukupna proizvodnja. Berba \u0107e potrajati sve do prvih mandarina. Je [&hellip;]","og_url":"https:\/\/likemetkovic.hr\/portal\/hrt-u-dolini-neretve-nikad-ranije-pocela-berba-lubenica\/","og_site_name":"likemetkovic.hr","article_publisher":"https:\/\/www.facebook.com\/likemetkovic.hr\/","article_published_time":"2024-06-27T05:03:36+00:00","og_image":[{"width":900,"height":478,"url":"https:\/\/likemetkovic.hr\/portal\/wp-content\/uploads\/2024\/06\/lubenica.jpg","type":"image\/jpeg"}],"author":"LIKEmetkovic.hr","twitter_card":"summary_large_image","twitter_misc":{"Napisao\/la":"LIKEmetkovic.hr","Procijenjeno vrijeme \u010ditanja":"3 minute"},"schema":{"@context":"https:\/\/schema.org","@graph":[{"@type":"WebPage","@id":"https:\/\/likemetkovic.hr\/portal\/hrt-u-dolini-neretve-nikad-ranije-pocela-berba-lubenica\/","url":"https:\/\/likemetkovic.hr\/portal\/hrt-u-dolini-neretve-nikad-ranije-pocela-berba-lubenica\/","name":"HRT: U Dolini Neretve nikad ranije po\u010dela berba lubenica - likemetkovic.hr","isPartOf":{"@id":"https:\/\/likemetkovic.hr\/#website"},"primaryImageOfPage":{"@id":"https:\/\/likemetkovic.hr\/portal\/hrt-u-dolini-neretve-nikad-ranije-pocela-berba-lubenica\/#primaryimage"},"image":{"@id":"https:\/\/likemetkovic.hr\/portal\/hrt-u-dolini-neretve-nikad-ranije-pocela-berba-lubenica\/#primaryimage"},"thumbnailUrl":"https:\/\/likemetkovic.hr\/portal\/wp-content\/uploads\/2024\/06\/lubenica.jpg","datePublished":"2024-06-27T05:03:36+00:00","author":{"@id":"https:\/\/likemetkovic.hr\/#\/schema\/person\/a42711f3385a0e2be6f7e0443bfb28f0"},"breadcrumb":{"@id":"https:\/\/likemetkovic.hr\/portal\/hrt-u-dolini-neretve-nikad-ranije-pocela-berba-lubenica\/#breadcrumb"},"inLanguage":"hr","potentialAction":[{"@type":"ReadAction","target":["https:\/\/likemetkovic.hr\/portal\/hrt-u-dolini-neretve-nikad-ranije-pocela-berba-lubenica\/"]}]},{"@type":"ImageObject","inLanguage":"hr","@id":"https:\/\/likemetkovic.hr\/portal\/hrt-u-dolini-neretve-nikad-ranije-pocela-berba-lubenica\/#primaryimage","url":"https:\/\/likemetkovic.hr\/portal\/wp-content\/uploads\/2024\/06\/lubenica.jpg","contentUrl":"https:\/\/likemetkovic.hr\/portal\/wp-content\/uploads\/2024\/06\/lubenica.jpg","width":900,"height":478},{"@type":"BreadcrumbList","@id":"https:\/\/likemetkovic.hr\/portal\/hrt-u-dolini-neretve-nikad-ranije-pocela-berba-lubenica\/#breadcrumb","itemListElement":[{"@type":"ListItem","position":1,"name":"Po\u010detna stranica","item":"https:\/\/likemetkovic.hr\/portal\/"},{"@type":"ListItem","position":2,"name":"HRT: U Dolini Neretve nikad ranije po\u010dela berba lubenica"}]},{"@type":"WebSite","@id":"https:\/\/likemetkovic.hr\/#website","url":"https:\/\/likemetkovic.hr\/","name":"likemetkovic.hr","description":"Misli pozitivno... \u010ditaj LIKE","potentialAction":[{"@type":"SearchAction","target":{"@type":"EntryPoint","urlTemplate":"https:\/\/likemetkovic.hr\/?s={search_term_string}"},"query-input":{"@type":"PropertyValueSpecification","valueRequired":true,"valueName":"search_term_string"}}],"inLanguage":"hr"},{"@type":"Person","@id":"https:\/\/likemetkovic.hr\/#\/schema\/person\/a42711f3385a0e2be6f7e0443bfb28f0","name":"LIKEmetkovic.hr","sameAs":["http:\/\/likemetkovic.hr"],"url":"https:\/\/likemetkovic.hr\/portal\/author\/likemetkovic-hr\/"}]}},"_links":{"self":[{"href":"https:\/\/likemetkovic.hr\/portal\/wp-json\/wp\/v2\/posts\/156540","targetHints":{"allow":["GET"]}}],"collection":[{"href":"https:\/\/likemetkovic.hr\/portal\/wp-json\/wp\/v2\/posts"}],"about":[{"href":"https:\/\/likemetkovic.hr\/portal\/wp-json\/wp\/v2\/types\/post"}],"author":[{"embeddable":true,"href":"https:\/\/likemetkovic.hr\/portal\/wp-json\/wp\/v2\/users\/7"}],"replies":[{"embeddable":true,"href":"https:\/\/likemetkovic.hr\/portal\/wp-json\/wp\/v2\/comments?post=156540"}],"version-history":[{"count":1,"href":"https:\/\/likemetkovic.hr\/portal\/wp-json\/wp\/v2\/posts\/156540\/revisions"}],"predecessor-version":[{"id":156542,"href":"https:\/\/likemetkovic.hr\/portal\/wp-json\/wp\/v2\/posts\/156540\/revisions\/156542"}],"wp:featuredmedia":[{"embeddable":true,"href":"https:\/\/likemetkovic.hr\/portal\/wp-json\/wp\/v2\/media\/156541"}],"wp:attachment":[{"href":"https:\/\/likemetkovic.hr\/portal\/wp-json\/wp\/v2\/media?parent=156540"}],"wp:term":[{"taxonomy":"category","embeddable":true,"href":"https:\/\/likemetkovic.hr\/portal\/wp-json\/wp\/v2\/categories?post=156540"},{"taxonomy":"post_tag","embeddable":true,"href":"https:\/\/likemetkovic.hr\/portal\/wp-json\/wp\/v2\/tags?post=156540"}],"curies":[{"name":"wp","href":"https:\/\/api.w.org\/{rel}","templated":true}]}}