{"id":157141,"date":"2024-07-19T14:26:22","date_gmt":"2024-07-19T12:26:22","guid":{"rendered":"https:\/\/likemetkovic.hr\/portal\/?p=157141"},"modified":"2024-07-19T14:26:22","modified_gmt":"2024-07-19T12:26:22","slug":"sef-dhmz-a-najavio-kraj-toplinskog-vala-evo-kada-stize-promjena","status":"publish","type":"post","link":"https:\/\/likemetkovic.hr\/portal\/sef-dhmz-a-najavio-kraj-toplinskog-vala-evo-kada-stize-promjena\/","title":{"rendered":"\u0160ef DHMZ-a najavio kraj toplinskog vala: evo kada sti\u017ee promjena!"},"content":{"rendered":"<p><strong data-attribute-id=\"emphasized-text\">Toplinski val je na vrhuncu, paklene su vru\u0107ine diljem Hrvatske. Mnogi zbog toga strahuju od nevremena i oluja koja su ve\u0107 nekoliko puta poharale Hrvatsku. \u0160ef DHMZ-a otkrio je kada mo\u017eemo o\u010dekivati promjernu vremena.<\/strong><\/p>\n<p>\u201cKolege prognosti\u010dari o\u010dekuju da u no\u0107i s petka na subotu ipak dolazi odre\u0111ena promjena vremena. U ostatku sljede\u0107eg tjedna bit \u0107emo s temperaturama ispod 30 stupnjeva. Mo\u017eemo re\u0107i da ovaj drugi toplinski val ovog ljeta ide svome kraju\u201d, rekao je \u0161ef DHMZ-a Ivan G\u00fcttler za<a href=\"https:\/\/net.hr\/danas\/rtl-danas\/ivan-guttler-otkrio-prijeti-li-nam-tuca-obratite-paznju-na-nevrijeme-90dee44c-452e-11ef-9c09-72780b90502a\" target=\"_blank\" rel=\"noopener\">\u00a0RTL<\/a>.<\/p>\n<p>Sezonske prognoze za ovo\u00a0<a href=\"https:\/\/n1info.hr\/vrijeme\/diljem-europe-posebne-mjere-i-upozorenja-zbog-vrucina\/\" target=\"_blank\" rel=\"noopener\">ljeto<\/a>\u00a0su, kako ka\u017ee, op\u0107enito toplije od prosjeka, ali je sada te\u0161ko re\u0107i iz tjedna u tjedan kako \u0107e se situacija razvijati.<\/p>\n<p>\u201cDefinitivno \u0107e biti promjene ovaj vikend i onda \u0107e temperature biti svje\u017eije i poslije vjerojatno \u010de\u0161\u0107e oborine. Kraj srpnja ipak \u0107e donijeti malo olak\u0161anja\u201d, ka\u017ee G\u00fcttler.<\/p>\n","protected":false},"excerpt":{"rendered":"<p>Toplinski val je na vrhuncu, paklene su vru\u0107ine diljem Hrvatske. Mnogi zbog toga strahuju od nevremena i oluja koja su ve\u0107 nekoliko puta poharale Hrvatsku. \u0160ef DHMZ-a otkrio je kada mo\u017eemo o\u010dekivati promjernu vremena. \u201cKolege prognosti\u010dari o\u010dekuju da u no\u0107i s petka na subotu ipak dolazi odre\u0111ena promjena vremena. U ostatku sljede\u0107eg tjedna bit \u0107emo [&hellip;]<\/p>\n","protected":false},"author":9,"featured_media":156795,"comment_status":"open","ping_status":"open","sticky":false,"template":"","format":"standard","meta":{"footnotes":""},"categories":[296,1027],"tags":[3576,365],"class_list":{"0":"post-157141","1":"post","2":"type-post","3":"status-publish","4":"format-standard","5":"has-post-thumbnail","7":"category-ab","8":"category-hrvatska","9":"tag-toplinski-val","10":"tag-vremenska-prognoza"},"yoast_head":"<!-- This site is optimized with the Yoast SEO plugin v25.2 - https:\/\/yoast.com\/wordpress\/plugins\/seo\/ -->\n<title>\u0160ef DHMZ-a najavio kraj toplinskog vala: evo kada sti\u017ee promjena! - likemetkovic.hr<\/title>\n<meta name=\"robots\" content=\"index, follow, max-snippet:-1, max-image-preview:large, max-video-preview:-1\" \/>\n<link rel=\"canonical\" href=\"https:\/\/likemetkovic.hr\/portal\/sef-dhmz-a-najavio-kraj-toplinskog-vala-evo-kada-stize-promjena\/\" \/>\n<meta property=\"og:locale\" content=\"hr_HR\" \/>\n<meta property=\"og:type\" content=\"article\" \/>\n<meta property=\"og:title\" content=\"\u0160ef DHMZ-a najavio kraj toplinskog vala: evo kada sti\u017ee promjena! - likemetkovic.hr\" \/>\n<meta property=\"og:description\" content=\"Toplinski val je na vrhuncu, paklene su vru\u0107ine diljem Hrvatske. Mnogi zbog toga strahuju od nevremena i oluja koja su ve\u0107 nekoliko puta poharale Hrvatsku. \u0160ef DHMZ-a otkrio je kada mo\u017eemo o\u010dekivati promjernu vremena. \u201cKolege prognosti\u010dari o\u010dekuju da u no\u0107i s petka na subotu ipak dolazi odre\u0111ena promjena vremena. U ostatku sljede\u0107eg tjedna bit \u0107emo [&hellip;]\" \/>\n<meta property=\"og:url\" content=\"https:\/\/likemetkovic.hr\/portal\/sef-dhmz-a-najavio-kraj-toplinskog-vala-evo-kada-stize-promjena\/\" \/>\n<meta property=\"og:site_name\" content=\"likemetkovic.hr\" \/>\n<meta property=\"article:publisher\" content=\"https:\/\/www.facebook.com\/likemetkovic.hr\/\" \/>\n<meta property=\"article:published_time\" content=\"2024-07-19T12:26:22+00:00\" \/>\n<meta property=\"og:image\" content=\"https:\/\/likemetkovic.hr\/portal\/wp-content\/uploads\/2024\/07\/vrucina-termometar-080724.jpg\" \/>\n\t<meta property=\"og:image:width\" content=\"800\" \/>\n\t<meta property=\"og:image:height\" content=\"533\" \/>\n\t<meta property=\"og:image:type\" content=\"image\/jpeg\" \/>\n<meta name=\"author\" content=\"K. J.\" \/>\n<meta name=\"twitter:card\" content=\"summary_large_image\" \/>\n<meta name=\"twitter:label1\" content=\"Napisao\/la\" \/>\n\t<meta name=\"twitter:data1\" content=\"K. J.\" \/>\n\t<meta name=\"twitter:label2\" content=\"Procijenjeno vrijeme \u010ditanja\" \/>\n\t<meta name=\"twitter:data2\" content=\"1 minuta\" \/>\n<script type=\"application\/ld+json\" class=\"yoast-schema-graph\">{\"@context\":\"https:\/\/schema.org\",\"@graph\":[{\"@type\":\"WebPage\",\"@id\":\"https:\/\/likemetkovic.hr\/portal\/sef-dhmz-a-najavio-kraj-toplinskog-vala-evo-kada-stize-promjena\/\",\"url\":\"https:\/\/likemetkovic.hr\/portal\/sef-dhmz-a-najavio-kraj-toplinskog-vala-evo-kada-stize-promjena\/\",\"name\":\"\u0160ef DHMZ-a najavio kraj toplinskog vala: evo kada sti\u017ee promjena! - likemetkovic.hr\",\"isPartOf\":{\"@id\":\"https:\/\/likemetkovic.hr\/#website\"},\"primaryImageOfPage\":{\"@id\":\"https:\/\/likemetkovic.hr\/portal\/sef-dhmz-a-najavio-kraj-toplinskog-vala-evo-kada-stize-promjena\/#primaryimage\"},\"image\":{\"@id\":\"https:\/\/likemetkovic.hr\/portal\/sef-dhmz-a-najavio-kraj-toplinskog-vala-evo-kada-stize-promjena\/#primaryimage\"},\"thumbnailUrl\":\"https:\/\/likemetkovic.hr\/portal\/wp-content\/uploads\/2024\/07\/vrucina-termometar-080724.jpg\",\"datePublished\":\"2024-07-19T12:26:22+00:00\",\"author\":{\"@id\":\"https:\/\/likemetkovic.hr\/#\/schema\/person\/0a8b4ebfdfe1ff01192dccda40c5da0c\"},\"breadcrumb\":{\"@id\":\"https:\/\/likemetkovic.hr\/portal\/sef-dhmz-a-najavio-kraj-toplinskog-vala-evo-kada-stize-promjena\/#breadcrumb\"},\"inLanguage\":\"hr\",\"potentialAction\":[{\"@type\":\"ReadAction\",\"target\":[\"https:\/\/likemetkovic.hr\/portal\/sef-dhmz-a-najavio-kraj-toplinskog-vala-evo-kada-stize-promjena\/\"]}]},{\"@type\":\"ImageObject\",\"inLanguage\":\"hr\",\"@id\":\"https:\/\/likemetkovic.hr\/portal\/sef-dhmz-a-najavio-kraj-toplinskog-vala-evo-kada-stize-promjena\/#primaryimage\",\"url\":\"https:\/\/likemetkovic.hr\/portal\/wp-content\/uploads\/2024\/07\/vrucina-termometar-080724.jpg\",\"contentUrl\":\"https:\/\/likemetkovic.hr\/portal\/wp-content\/uploads\/2024\/07\/vrucina-termometar-080724.jpg\",\"width\":800,\"height\":533},{\"@type\":\"BreadcrumbList\",\"@id\":\"https:\/\/likemetkovic.hr\/portal\/sef-dhmz-a-najavio-kraj-toplinskog-vala-evo-kada-stize-promjena\/#breadcrumb\",\"itemListElement\":[{\"@type\":\"ListItem\",\"position\":1,\"name\":\"Po\u010detna stranica\",\"item\":\"https:\/\/likemetkovic.hr\/portal\/\"},{\"@type\":\"ListItem\",\"position\":2,\"name\":\"\u0160ef DHMZ-a najavio kraj toplinskog vala: evo kada sti\u017ee promjena!\"}]},{\"@type\":\"WebSite\",\"@id\":\"https:\/\/likemetkovic.hr\/#website\",\"url\":\"https:\/\/likemetkovic.hr\/\",\"name\":\"likemetkovic.hr\",\"description\":\"Misli pozitivno... \u010ditaj LIKE\",\"potentialAction\":[{\"@type\":\"SearchAction\",\"target\":{\"@type\":\"EntryPoint\",\"urlTemplate\":\"https:\/\/likemetkovic.hr\/?s={search_term_string}\"},\"query-input\":{\"@type\":\"PropertyValueSpecification\",\"valueRequired\":true,\"valueName\":\"search_term_string\"}}],\"inLanguage\":\"hr\"},{\"@type\":\"Person\",\"@id\":\"https:\/\/likemetkovic.hr\/#\/schema\/person\/0a8b4ebfdfe1ff01192dccda40c5da0c\",\"name\":\"K. J.\",\"url\":\"https:\/\/likemetkovic.hr\/portal\/author\/likemetkovic\/\"}]}<\/script>\n<!-- \/ Yoast SEO plugin. -->","yoast_head_json":{"title":"\u0160ef DHMZ-a najavio kraj toplinskog vala: evo kada sti\u017ee promjena! - likemetkovic.hr","robots":{"index":"index","follow":"follow","max-snippet":"max-snippet:-1","max-image-preview":"max-image-preview:large","max-video-preview":"max-video-preview:-1"},"canonical":"https:\/\/likemetkovic.hr\/portal\/sef-dhmz-a-najavio-kraj-toplinskog-vala-evo-kada-stize-promjena\/","og_locale":"hr_HR","og_type":"article","og_title":"\u0160ef DHMZ-a najavio kraj toplinskog vala: evo kada sti\u017ee promjena! - likemetkovic.hr","og_description":"Toplinski val je na vrhuncu, paklene su vru\u0107ine diljem Hrvatske. Mnogi zbog toga strahuju od nevremena i oluja koja su ve\u0107 nekoliko puta poharale Hrvatsku. \u0160ef DHMZ-a otkrio je kada mo\u017eemo o\u010dekivati promjernu vremena. \u201cKolege prognosti\u010dari o\u010dekuju da u no\u0107i s petka na subotu ipak dolazi odre\u0111ena promjena vremena. U ostatku sljede\u0107eg tjedna bit \u0107emo [&hellip;]","og_url":"https:\/\/likemetkovic.hr\/portal\/sef-dhmz-a-najavio-kraj-toplinskog-vala-evo-kada-stize-promjena\/","og_site_name":"likemetkovic.hr","article_publisher":"https:\/\/www.facebook.com\/likemetkovic.hr\/","article_published_time":"2024-07-19T12:26:22+00:00","og_image":[{"width":800,"height":533,"url":"https:\/\/likemetkovic.hr\/portal\/wp-content\/uploads\/2024\/07\/vrucina-termometar-080724.jpg","type":"image\/jpeg"}],"author":"K. J.","twitter_card":"summary_large_image","twitter_misc":{"Napisao\/la":"K. J.","Procijenjeno vrijeme \u010ditanja":"1 minuta"},"schema":{"@context":"https:\/\/schema.org","@graph":[{"@type":"WebPage","@id":"https:\/\/likemetkovic.hr\/portal\/sef-dhmz-a-najavio-kraj-toplinskog-vala-evo-kada-stize-promjena\/","url":"https:\/\/likemetkovic.hr\/portal\/sef-dhmz-a-najavio-kraj-toplinskog-vala-evo-kada-stize-promjena\/","name":"\u0160ef DHMZ-a najavio kraj toplinskog vala: evo kada sti\u017ee promjena! - likemetkovic.hr","isPartOf":{"@id":"https:\/\/likemetkovic.hr\/#website"},"primaryImageOfPage":{"@id":"https:\/\/likemetkovic.hr\/portal\/sef-dhmz-a-najavio-kraj-toplinskog-vala-evo-kada-stize-promjena\/#primaryimage"},"image":{"@id":"https:\/\/likemetkovic.hr\/portal\/sef-dhmz-a-najavio-kraj-toplinskog-vala-evo-kada-stize-promjena\/#primaryimage"},"thumbnailUrl":"https:\/\/likemetkovic.hr\/portal\/wp-content\/uploads\/2024\/07\/vrucina-termometar-080724.jpg","datePublished":"2024-07-19T12:26:22+00:00","author":{"@id":"https:\/\/likemetkovic.hr\/#\/schema\/person\/0a8b4ebfdfe1ff01192dccda40c5da0c"},"breadcrumb":{"@id":"https:\/\/likemetkovic.hr\/portal\/sef-dhmz-a-najavio-kraj-toplinskog-vala-evo-kada-stize-promjena\/#breadcrumb"},"inLanguage":"hr","potentialAction":[{"@type":"ReadAction","target":["https:\/\/likemetkovic.hr\/portal\/sef-dhmz-a-najavio-kraj-toplinskog-vala-evo-kada-stize-promjena\/"]}]},{"@type":"ImageObject","inLanguage":"hr","@id":"https:\/\/likemetkovic.hr\/portal\/sef-dhmz-a-najavio-kraj-toplinskog-vala-evo-kada-stize-promjena\/#primaryimage","url":"https:\/\/likemetkovic.hr\/portal\/wp-content\/uploads\/2024\/07\/vrucina-termometar-080724.jpg","contentUrl":"https:\/\/likemetkovic.hr\/portal\/wp-content\/uploads\/2024\/07\/vrucina-termometar-080724.jpg","width":800,"height":533},{"@type":"BreadcrumbList","@id":"https:\/\/likemetkovic.hr\/portal\/sef-dhmz-a-najavio-kraj-toplinskog-vala-evo-kada-stize-promjena\/#breadcrumb","itemListElement":[{"@type":"ListItem","position":1,"name":"Po\u010detna stranica","item":"https:\/\/likemetkovic.hr\/portal\/"},{"@type":"ListItem","position":2,"name":"\u0160ef DHMZ-a najavio kraj toplinskog vala: evo kada sti\u017ee promjena!"}]},{"@type":"WebSite","@id":"https:\/\/likemetkovic.hr\/#website","url":"https:\/\/likemetkovic.hr\/","name":"likemetkovic.hr","description":"Misli pozitivno... \u010ditaj LIKE","potentialAction":[{"@type":"SearchAction","target":{"@type":"EntryPoint","urlTemplate":"https:\/\/likemetkovic.hr\/?s={search_term_string}"},"query-input":{"@type":"PropertyValueSpecification","valueRequired":true,"valueName":"search_term_string"}}],"inLanguage":"hr"},{"@type":"Person","@id":"https:\/\/likemetkovic.hr\/#\/schema\/person\/0a8b4ebfdfe1ff01192dccda40c5da0c","name":"K. J.","url":"https:\/\/likemetkovic.hr\/portal\/author\/likemetkovic\/"}]}},"_links":{"self":[{"href":"https:\/\/likemetkovic.hr\/portal\/wp-json\/wp\/v2\/posts\/157141","targetHints":{"allow":["GET"]}}],"collection":[{"href":"https:\/\/likemetkovic.hr\/portal\/wp-json\/wp\/v2\/posts"}],"about":[{"href":"https:\/\/likemetkovic.hr\/portal\/wp-json\/wp\/v2\/types\/post"}],"author":[{"embeddable":true,"href":"https:\/\/likemetkovic.hr\/portal\/wp-json\/wp\/v2\/users\/9"}],"replies":[{"embeddable":true,"href":"https:\/\/likemetkovic.hr\/portal\/wp-json\/wp\/v2\/comments?post=157141"}],"version-history":[{"count":2,"href":"https:\/\/likemetkovic.hr\/portal\/wp-json\/wp\/v2\/posts\/157141\/revisions"}],"predecessor-version":[{"id":157143,"href":"https:\/\/likemetkovic.hr\/portal\/wp-json\/wp\/v2\/posts\/157141\/revisions\/157143"}],"wp:featuredmedia":[{"embeddable":true,"href":"https:\/\/likemetkovic.hr\/portal\/wp-json\/wp\/v2\/media\/156795"}],"wp:attachment":[{"href":"https:\/\/likemetkovic.hr\/portal\/wp-json\/wp\/v2\/media?parent=157141"}],"wp:term":[{"taxonomy":"category","embeddable":true,"href":"https:\/\/likemetkovic.hr\/portal\/wp-json\/wp\/v2\/categories?post=157141"},{"taxonomy":"post_tag","embeddable":true,"href":"https:\/\/likemetkovic.hr\/portal\/wp-json\/wp\/v2\/tags?post=157141"}],"curies":[{"name":"wp","href":"https:\/\/api.w.org\/{rel}","templated":true}]}}