{"id":157396,"date":"2024-07-25T13:45:01","date_gmt":"2024-07-25T11:45:01","guid":{"rendered":"https:\/\/likemetkovic.hr\/portal\/?p=157396"},"modified":"2024-07-25T13:47:38","modified_gmt":"2024-07-25T11:47:38","slug":"video-veliki-pozar-izbio-na-peljescu-ponikve-cesvenica-u-gasenju-sudjeluju-i-kanaderi","status":"publish","type":"post","link":"https:\/\/likemetkovic.hr\/portal\/video-veliki-pozar-izbio-na-peljescu-ponikve-cesvenica-u-gasenju-sudjeluju-i-kanaderi\/","title":{"rendered":"VIDEO Veliki po\u017ear izbio na Pelje\u0161cu (Ponikve-\u010cesvenica): u ga\u0161enju sudjeluju i kanaderi"},"content":{"rendered":"<p>Danas oko 11 sati izbio je po\u017ear na Pelje\u0161cu na predjelu vjetroparka Ponikve i \u010cesvenice. Za ga\u0161enje su anga\u017eirana dva specijalizirana protupo\u017earna zrakoplova.<\/p>\n<p>Ogroman stup dima vidi se i iz Metkovi\u0107a (u smjeru Vidonja). Na terenu svi gasitelji iz Slanog, Metkovi\u0107a, Dubrovnika i dobrovoljnih dru\u0161tava s Pelje\u0161ca. Za sada je na terenu oko 100 vatrogasaca. Poma\u017eu im i zra\u010dne snage.<\/p>\n<p>&#8211; <em>Po\u017eari\u0161te ne izgleda lijepo, dignuli smo u zrak \u010dak \u010detiri kanadera i puno vatrogasaca je na terenu. Objekti za sada nisu ugro\u017eeni, ali vatra se pro\u0161irila neposredno uz vjetroelektrane. Borimo se da po\u017ear ne pro\u0111e brdo na koje se sada nalazimo jer ako nam tu vatra pro\u0111e, onda ne\u0107e biti dobro i onda smo u problemima. A ve\u0107 sada je blizu toga&#8230;,<\/em> izjavio je za <a href=\"https:\/\/www.dalmacijadanas.hr\/video-veliki-pozar-na-peljescu-situacija-nije-dobra-zupanijski-zapovjednik-prode-li-vatra-brdo-u-problemima-smo-a-blizu-je\/?fbclid=IwZXh0bgNhZW0CMTEAAR3t7DGTm-lCc_ZRsmgu16kdO2n8i-4d2WCCtaQc5PoLmPGaCwUwxZL1h20_aem_DiPncSA0ZC_X2r68f_GS6A&amp;sfnsn=wa\" target=\"_blank\" rel=\"noopener\">Dalmaciju Danas<\/a> <strong>Stjepan <\/strong><strong>Simovi\u0107<\/strong>, \u017eupanijski vatrogasni zapovjednik.<\/p>\n<p><iframe style=\"border: none; overflow: hidden;\" src=\"https:\/\/www.facebook.com\/plugins\/video.php?height=315&amp;href=https%3A%2F%2Fwww.facebook.com%2FVatrogasciRH193%2Fvideos%2F1019880393064578%2F&amp;show_text=false&amp;width=560&amp;t=0\" width=\"560\" height=\"315\" frameborder=\"0\" scrolling=\"no\" allowfullscreen=\"allowfullscreen\"><\/iframe><\/p>\n<p>Foto naslovnice: Dubrova\u010dki vjesnik<\/p>\n","protected":false},"excerpt":{"rendered":"<p>Danas oko 11 sati izbio je po\u017ear na Pelje\u0161cu na predjelu vjetroparka Ponikve i \u010cesvenice. Za ga\u0161enje su anga\u017eirana dva specijalizirana protupo\u017earna zrakoplova. Ogroman stup dima vidi se i iz Metkovi\u0107a (u smjeru Vidonja). Na terenu svi gasitelji iz Slanog, Metkovi\u0107a, Dubrovnika i dobrovoljnih dru\u0161tava s Pelje\u0161ca. Za sada je na terenu oko 100 vatrogasaca. [&hellip;]<\/p>\n","protected":false},"author":7,"featured_media":157397,"comment_status":"open","ping_status":"open","sticky":false,"template":"","format":"standard","meta":{"footnotes":""},"categories":[283,300],"tags":[8958,438],"class_list":{"0":"post-157396","1":"post","2":"type-post","3":"status-publish","4":"format-standard","5":"has-post-thumbnail","7":"category-a","8":"category-zupanija","9":"tag-ponikve","10":"tag-pozar"},"yoast_head":"<!-- This site is optimized with the Yoast SEO plugin v25.2 - https:\/\/yoast.com\/wordpress\/plugins\/seo\/ -->\n<title>VIDEO Veliki po\u017ear izbio na Pelje\u0161cu (Ponikve-\u010cesvenica): u ga\u0161enju sudjeluju i kanaderi - likemetkovic.hr<\/title>\n<meta name=\"robots\" content=\"index, follow, max-snippet:-1, max-image-preview:large, max-video-preview:-1\" \/>\n<link rel=\"canonical\" href=\"https:\/\/likemetkovic.hr\/portal\/video-veliki-pozar-izbio-na-peljescu-ponikve-cesvenica-u-gasenju-sudjeluju-i-kanaderi\/\" \/>\n<meta property=\"og:locale\" content=\"hr_HR\" \/>\n<meta property=\"og:type\" content=\"article\" \/>\n<meta property=\"og:title\" content=\"VIDEO Veliki po\u017ear izbio na Pelje\u0161cu (Ponikve-\u010cesvenica): u ga\u0161enju sudjeluju i kanaderi - likemetkovic.hr\" \/>\n<meta property=\"og:description\" content=\"Danas oko 11 sati izbio je po\u017ear na Pelje\u0161cu na predjelu vjetroparka Ponikve i \u010cesvenice. Za ga\u0161enje su anga\u017eirana dva specijalizirana protupo\u017earna zrakoplova. Ogroman stup dima vidi se i iz Metkovi\u0107a (u smjeru Vidonja). Na terenu svi gasitelji iz Slanog, Metkovi\u0107a, Dubrovnika i dobrovoljnih dru\u0161tava s Pelje\u0161ca. Za sada je na terenu oko 100 vatrogasaca. [&hellip;]\" \/>\n<meta property=\"og:url\" content=\"https:\/\/likemetkovic.hr\/portal\/video-veliki-pozar-izbio-na-peljescu-ponikve-cesvenica-u-gasenju-sudjeluju-i-kanaderi\/\" \/>\n<meta property=\"og:site_name\" content=\"likemetkovic.hr\" \/>\n<meta property=\"article:publisher\" content=\"https:\/\/www.facebook.com\/likemetkovic.hr\/\" \/>\n<meta property=\"article:published_time\" content=\"2024-07-25T11:45:01+00:00\" \/>\n<meta property=\"article:modified_time\" content=\"2024-07-25T11:47:38+00:00\" \/>\n<meta property=\"og:image\" content=\"https:\/\/likemetkovic.hr\/portal\/wp-content\/uploads\/2024\/07\/pozar-ponikve-citateljDV-25-7-24.jpg\" \/>\n\t<meta property=\"og:image:width\" content=\"900\" \/>\n\t<meta property=\"og:image:height\" content=\"506\" \/>\n\t<meta property=\"og:image:type\" content=\"image\/jpeg\" \/>\n<meta name=\"author\" content=\"LIKEmetkovic.hr\" \/>\n<meta name=\"twitter:card\" content=\"summary_large_image\" \/>\n<meta name=\"twitter:label1\" content=\"Napisao\/la\" \/>\n\t<meta name=\"twitter:data1\" content=\"LIKEmetkovic.hr\" \/>\n\t<meta name=\"twitter:label2\" content=\"Procijenjeno vrijeme \u010ditanja\" \/>\n\t<meta name=\"twitter:data2\" content=\"1 minuta\" \/>\n<script type=\"application\/ld+json\" class=\"yoast-schema-graph\">{\"@context\":\"https:\/\/schema.org\",\"@graph\":[{\"@type\":\"WebPage\",\"@id\":\"https:\/\/likemetkovic.hr\/portal\/video-veliki-pozar-izbio-na-peljescu-ponikve-cesvenica-u-gasenju-sudjeluju-i-kanaderi\/\",\"url\":\"https:\/\/likemetkovic.hr\/portal\/video-veliki-pozar-izbio-na-peljescu-ponikve-cesvenica-u-gasenju-sudjeluju-i-kanaderi\/\",\"name\":\"VIDEO Veliki po\u017ear izbio na Pelje\u0161cu (Ponikve-\u010cesvenica): u ga\u0161enju sudjeluju i kanaderi - likemetkovic.hr\",\"isPartOf\":{\"@id\":\"https:\/\/likemetkovic.hr\/#website\"},\"primaryImageOfPage\":{\"@id\":\"https:\/\/likemetkovic.hr\/portal\/video-veliki-pozar-izbio-na-peljescu-ponikve-cesvenica-u-gasenju-sudjeluju-i-kanaderi\/#primaryimage\"},\"image\":{\"@id\":\"https:\/\/likemetkovic.hr\/portal\/video-veliki-pozar-izbio-na-peljescu-ponikve-cesvenica-u-gasenju-sudjeluju-i-kanaderi\/#primaryimage\"},\"thumbnailUrl\":\"https:\/\/likemetkovic.hr\/portal\/wp-content\/uploads\/2024\/07\/pozar-ponikve-citateljDV-25-7-24.jpg\",\"datePublished\":\"2024-07-25T11:45:01+00:00\",\"dateModified\":\"2024-07-25T11:47:38+00:00\",\"author\":{\"@id\":\"https:\/\/likemetkovic.hr\/#\/schema\/person\/a42711f3385a0e2be6f7e0443bfb28f0\"},\"breadcrumb\":{\"@id\":\"https:\/\/likemetkovic.hr\/portal\/video-veliki-pozar-izbio-na-peljescu-ponikve-cesvenica-u-gasenju-sudjeluju-i-kanaderi\/#breadcrumb\"},\"inLanguage\":\"hr\",\"potentialAction\":[{\"@type\":\"ReadAction\",\"target\":[\"https:\/\/likemetkovic.hr\/portal\/video-veliki-pozar-izbio-na-peljescu-ponikve-cesvenica-u-gasenju-sudjeluju-i-kanaderi\/\"]}]},{\"@type\":\"ImageObject\",\"inLanguage\":\"hr\",\"@id\":\"https:\/\/likemetkovic.hr\/portal\/video-veliki-pozar-izbio-na-peljescu-ponikve-cesvenica-u-gasenju-sudjeluju-i-kanaderi\/#primaryimage\",\"url\":\"https:\/\/likemetkovic.hr\/portal\/wp-content\/uploads\/2024\/07\/pozar-ponikve-citateljDV-25-7-24.jpg\",\"contentUrl\":\"https:\/\/likemetkovic.hr\/portal\/wp-content\/uploads\/2024\/07\/pozar-ponikve-citateljDV-25-7-24.jpg\",\"width\":900,\"height\":506},{\"@type\":\"BreadcrumbList\",\"@id\":\"https:\/\/likemetkovic.hr\/portal\/video-veliki-pozar-izbio-na-peljescu-ponikve-cesvenica-u-gasenju-sudjeluju-i-kanaderi\/#breadcrumb\",\"itemListElement\":[{\"@type\":\"ListItem\",\"position\":1,\"name\":\"Po\u010detna stranica\",\"item\":\"https:\/\/likemetkovic.hr\/portal\/\"},{\"@type\":\"ListItem\",\"position\":2,\"name\":\"VIDEO Veliki po\u017ear izbio na Pelje\u0161cu (Ponikve-\u010cesvenica): u ga\u0161enju sudjeluju i kanaderi\"}]},{\"@type\":\"WebSite\",\"@id\":\"https:\/\/likemetkovic.hr\/#website\",\"url\":\"https:\/\/likemetkovic.hr\/\",\"name\":\"likemetkovic.hr\",\"description\":\"Misli pozitivno... \u010ditaj LIKE\",\"potentialAction\":[{\"@type\":\"SearchAction\",\"target\":{\"@type\":\"EntryPoint\",\"urlTemplate\":\"https:\/\/likemetkovic.hr\/?s={search_term_string}\"},\"query-input\":{\"@type\":\"PropertyValueSpecification\",\"valueRequired\":true,\"valueName\":\"search_term_string\"}}],\"inLanguage\":\"hr\"},{\"@type\":\"Person\",\"@id\":\"https:\/\/likemetkovic.hr\/#\/schema\/person\/a42711f3385a0e2be6f7e0443bfb28f0\",\"name\":\"LIKEmetkovic.hr\",\"sameAs\":[\"http:\/\/likemetkovic.hr\"],\"url\":\"https:\/\/likemetkovic.hr\/portal\/author\/likemetkovic-hr\/\"}]}<\/script>\n<!-- \/ Yoast SEO plugin. -->","yoast_head_json":{"title":"VIDEO Veliki po\u017ear izbio na Pelje\u0161cu (Ponikve-\u010cesvenica): u ga\u0161enju sudjeluju i kanaderi - likemetkovic.hr","robots":{"index":"index","follow":"follow","max-snippet":"max-snippet:-1","max-image-preview":"max-image-preview:large","max-video-preview":"max-video-preview:-1"},"canonical":"https:\/\/likemetkovic.hr\/portal\/video-veliki-pozar-izbio-na-peljescu-ponikve-cesvenica-u-gasenju-sudjeluju-i-kanaderi\/","og_locale":"hr_HR","og_type":"article","og_title":"VIDEO Veliki po\u017ear izbio na Pelje\u0161cu (Ponikve-\u010cesvenica): u ga\u0161enju sudjeluju i kanaderi - likemetkovic.hr","og_description":"Danas oko 11 sati izbio je po\u017ear na Pelje\u0161cu na predjelu vjetroparka Ponikve i \u010cesvenice. Za ga\u0161enje su anga\u017eirana dva specijalizirana protupo\u017earna zrakoplova. Ogroman stup dima vidi se i iz Metkovi\u0107a (u smjeru Vidonja). Na terenu svi gasitelji iz Slanog, Metkovi\u0107a, Dubrovnika i dobrovoljnih dru\u0161tava s Pelje\u0161ca. Za sada je na terenu oko 100 vatrogasaca. [&hellip;]","og_url":"https:\/\/likemetkovic.hr\/portal\/video-veliki-pozar-izbio-na-peljescu-ponikve-cesvenica-u-gasenju-sudjeluju-i-kanaderi\/","og_site_name":"likemetkovic.hr","article_publisher":"https:\/\/www.facebook.com\/likemetkovic.hr\/","article_published_time":"2024-07-25T11:45:01+00:00","article_modified_time":"2024-07-25T11:47:38+00:00","og_image":[{"width":900,"height":506,"url":"https:\/\/likemetkovic.hr\/portal\/wp-content\/uploads\/2024\/07\/pozar-ponikve-citateljDV-25-7-24.jpg","type":"image\/jpeg"}],"author":"LIKEmetkovic.hr","twitter_card":"summary_large_image","twitter_misc":{"Napisao\/la":"LIKEmetkovic.hr","Procijenjeno vrijeme \u010ditanja":"1 minuta"},"schema":{"@context":"https:\/\/schema.org","@graph":[{"@type":"WebPage","@id":"https:\/\/likemetkovic.hr\/portal\/video-veliki-pozar-izbio-na-peljescu-ponikve-cesvenica-u-gasenju-sudjeluju-i-kanaderi\/","url":"https:\/\/likemetkovic.hr\/portal\/video-veliki-pozar-izbio-na-peljescu-ponikve-cesvenica-u-gasenju-sudjeluju-i-kanaderi\/","name":"VIDEO Veliki po\u017ear izbio na Pelje\u0161cu (Ponikve-\u010cesvenica): u ga\u0161enju sudjeluju i kanaderi - likemetkovic.hr","isPartOf":{"@id":"https:\/\/likemetkovic.hr\/#website"},"primaryImageOfPage":{"@id":"https:\/\/likemetkovic.hr\/portal\/video-veliki-pozar-izbio-na-peljescu-ponikve-cesvenica-u-gasenju-sudjeluju-i-kanaderi\/#primaryimage"},"image":{"@id":"https:\/\/likemetkovic.hr\/portal\/video-veliki-pozar-izbio-na-peljescu-ponikve-cesvenica-u-gasenju-sudjeluju-i-kanaderi\/#primaryimage"},"thumbnailUrl":"https:\/\/likemetkovic.hr\/portal\/wp-content\/uploads\/2024\/07\/pozar-ponikve-citateljDV-25-7-24.jpg","datePublished":"2024-07-25T11:45:01+00:00","dateModified":"2024-07-25T11:47:38+00:00","author":{"@id":"https:\/\/likemetkovic.hr\/#\/schema\/person\/a42711f3385a0e2be6f7e0443bfb28f0"},"breadcrumb":{"@id":"https:\/\/likemetkovic.hr\/portal\/video-veliki-pozar-izbio-na-peljescu-ponikve-cesvenica-u-gasenju-sudjeluju-i-kanaderi\/#breadcrumb"},"inLanguage":"hr","potentialAction":[{"@type":"ReadAction","target":["https:\/\/likemetkovic.hr\/portal\/video-veliki-pozar-izbio-na-peljescu-ponikve-cesvenica-u-gasenju-sudjeluju-i-kanaderi\/"]}]},{"@type":"ImageObject","inLanguage":"hr","@id":"https:\/\/likemetkovic.hr\/portal\/video-veliki-pozar-izbio-na-peljescu-ponikve-cesvenica-u-gasenju-sudjeluju-i-kanaderi\/#primaryimage","url":"https:\/\/likemetkovic.hr\/portal\/wp-content\/uploads\/2024\/07\/pozar-ponikve-citateljDV-25-7-24.jpg","contentUrl":"https:\/\/likemetkovic.hr\/portal\/wp-content\/uploads\/2024\/07\/pozar-ponikve-citateljDV-25-7-24.jpg","width":900,"height":506},{"@type":"BreadcrumbList","@id":"https:\/\/likemetkovic.hr\/portal\/video-veliki-pozar-izbio-na-peljescu-ponikve-cesvenica-u-gasenju-sudjeluju-i-kanaderi\/#breadcrumb","itemListElement":[{"@type":"ListItem","position":1,"name":"Po\u010detna stranica","item":"https:\/\/likemetkovic.hr\/portal\/"},{"@type":"ListItem","position":2,"name":"VIDEO Veliki po\u017ear izbio na Pelje\u0161cu (Ponikve-\u010cesvenica): u ga\u0161enju sudjeluju i kanaderi"}]},{"@type":"WebSite","@id":"https:\/\/likemetkovic.hr\/#website","url":"https:\/\/likemetkovic.hr\/","name":"likemetkovic.hr","description":"Misli pozitivno... \u010ditaj LIKE","potentialAction":[{"@type":"SearchAction","target":{"@type":"EntryPoint","urlTemplate":"https:\/\/likemetkovic.hr\/?s={search_term_string}"},"query-input":{"@type":"PropertyValueSpecification","valueRequired":true,"valueName":"search_term_string"}}],"inLanguage":"hr"},{"@type":"Person","@id":"https:\/\/likemetkovic.hr\/#\/schema\/person\/a42711f3385a0e2be6f7e0443bfb28f0","name":"LIKEmetkovic.hr","sameAs":["http:\/\/likemetkovic.hr"],"url":"https:\/\/likemetkovic.hr\/portal\/author\/likemetkovic-hr\/"}]}},"_links":{"self":[{"href":"https:\/\/likemetkovic.hr\/portal\/wp-json\/wp\/v2\/posts\/157396","targetHints":{"allow":["GET"]}}],"collection":[{"href":"https:\/\/likemetkovic.hr\/portal\/wp-json\/wp\/v2\/posts"}],"about":[{"href":"https:\/\/likemetkovic.hr\/portal\/wp-json\/wp\/v2\/types\/post"}],"author":[{"embeddable":true,"href":"https:\/\/likemetkovic.hr\/portal\/wp-json\/wp\/v2\/users\/7"}],"replies":[{"embeddable":true,"href":"https:\/\/likemetkovic.hr\/portal\/wp-json\/wp\/v2\/comments?post=157396"}],"version-history":[{"count":3,"href":"https:\/\/likemetkovic.hr\/portal\/wp-json\/wp\/v2\/posts\/157396\/revisions"}],"predecessor-version":[{"id":157400,"href":"https:\/\/likemetkovic.hr\/portal\/wp-json\/wp\/v2\/posts\/157396\/revisions\/157400"}],"wp:featuredmedia":[{"embeddable":true,"href":"https:\/\/likemetkovic.hr\/portal\/wp-json\/wp\/v2\/media\/157397"}],"wp:attachment":[{"href":"https:\/\/likemetkovic.hr\/portal\/wp-json\/wp\/v2\/media?parent=157396"}],"wp:term":[{"taxonomy":"category","embeddable":true,"href":"https:\/\/likemetkovic.hr\/portal\/wp-json\/wp\/v2\/categories?post=157396"},{"taxonomy":"post_tag","embeddable":true,"href":"https:\/\/likemetkovic.hr\/portal\/wp-json\/wp\/v2\/tags?post=157396"}],"curies":[{"name":"wp","href":"https:\/\/api.w.org\/{rel}","templated":true}]}}