{"id":157462,"date":"2024-07-26T08:06:59","date_gmt":"2024-07-26T06:06:59","guid":{"rendered":"https:\/\/likemetkovic.hr\/portal\/?p=157462"},"modified":"2024-07-26T08:06:59","modified_gmt":"2024-07-26T06:06:59","slug":"nezapamcen-pomor-dagnji-u-malostonskom-zaljevu-sumnja-se-na-visoke-temperature-mora","status":"publish","type":"post","link":"https:\/\/likemetkovic.hr\/portal\/nezapamcen-pomor-dagnji-u-malostonskom-zaljevu-sumnja-se-na-visoke-temperature-mora\/","title":{"rendered":"Nezapam\u0107en pomor dagnji u Malostonskom zaljevu: sumnja se na visoke temperature mora"},"content":{"rendered":"<p>U Malostonskom zaljevu doga\u0111a se nezapam\u0107eni pomor dagnji. Uzgajiva\u010di to pripisuju visokim temperaturama mora. Od jutra obilaze lokacije i utvr\u0111uju \u0161tetu, koja je, prema prvim procjenama, gotovo 80 posto u uvali Brijesta, poznatoj po najmasovnijoj \u0161koljkarskoj proizvodnji u tom kraju.<\/p>\n<p>Bra\u0107a Lazi\u0107 obiteljskim uzgojem dagnji bave se na povr\u0161ini od desetak hektara. Uginulo im ih je gotovo devedeset posto.<\/p>\n<p>&#8211; Pomor koji je nezapam\u0107en. Mi imamo 25 godina obrta, cijeli \u017eivot se bavimo ovim, i generacije prije nas. Nikada nisam ni \u010duo za ovakvo ne\u0161to, rekao je\u00a0<strong>Zdravko Lazi\u0107<\/strong>\u00a0za\u00a0<a href=\"https:\/\/vijesti.hrt.hr\/hrvatska\/pomor-dagnji-u-malostonskom-zaljevu-11676993\" target=\"_blank\" rel=\"noopener\">HRT\u00a0<\/a>u uvali Brijesta.<\/p>\n<p>Uzgajiva\u010di pretpostavljaju da je uzrok izrazita toplina mora, na ovome dijelu nezapam\u0107ena.<\/p>\n<p>&#8211; Mi smo imali izmjereno 29,6 stupnjeva. Ne znam, me\u0111utim, u momentima siguran sam da je bilo i preko 30 stupnjeva, ka\u017ee\u00a0<strong>Vicko Lazi\u0107.<\/strong><\/p>\n<p>U Brijesti od jutra na razli\u010ditim lokacijama o\u010dajni uzgajiva\u010di. Kamenice se, ka\u017eu, dr\u017ee, dagnje ugibaju.<\/p>\n<p>&#8211; Ne znam \u0161to uop\u0107e \u010diniti. Prodaja mi je skroz smanjena i idem na nepla\u0107eni godi\u0161nji. \u0160ta da radim sad? o\u010dajan je\u00a0<strong>Ivica Ba\u0107ina<\/strong>.<\/p>\n<p>&#8211; Kad vidi\u0161 kako je to bilo, to je bilo,\u00a0Bo\u017ee sa\u010duvaj. Krepano, ne zna\u0161 \u0161to \u0107e\u0161. Izvadi\u0161 pedeset kila, nema\u0161 deset, petnaest da ti je ostalo. Ne zna\u0161 ni\u0161ta, govori\u00a0<strong>Mila Prlaguzi\u0107.\u00a0<\/strong><\/p>\n<p><strong>Uvala Bistrina zasad bez pomora, mo\u017eda zbog vrulja\u00a0<\/strong><\/p>\n<p>Ugajiva\u010di u zaljevu Bistrina i susjedniim uvalama tvrde da kod njih zasad nema uginu\u0107a. Prate stanje.\u00a0Stru\u010dnjakinja iznosi da sve treba analizirati veterinarski inspektor i obja\u0161njava utjecaj vrulja na podru\u010dju Bistrine, \u0161to je za razliku od Brijeste, na \u0161koljke moglo utjecati povoljno.<\/p>\n<p>&#8211; Smatra se da je to otprilike 11 stupnjeva Celzijusa. Kada do\u0111e odre\u0111ena koli\u010dina slatke vode s tom temperaturom, jasno da onda i hladi to podru\u010dje, pogotovo u dubljim slojevima, pa je onda i ugro\u017eenost od povi\u0161enih temperatura manja, ali to su sad sve \u0161pekulacije, rekla je\u00a0 dr. sc.\u00a0Ana Brato\u0161 Cetini\u0107, s Odjela za primijenjenu ekologiju Sveu\u010dili\u0161ta u Dubrovniku.\u00a0\u0160koljkari od jutros vra\u0107aju kupce. Ka\u017eu, prodaju hranu i \u017eele da je potpuno zdrava. Ne \u017eele zata\u0161kavati.<\/p>\n<p>&#8211; Ka\u017eete ljudima kako je, i to je to. Ako bude sre\u0107e, bit \u0107e dostave u osmome mjesecu, a ako ne bude, dostave ne\u0107e biti do daljnjega i to je tako kako je, govori uzgajiva\u010d<strong>\u00a0Antonio Prlaguzi\u0107\u00a0<\/strong>za <a href=\"https:\/\/vijesti.hrt.hr\/hrvatska\/pomor-dagnji-u-malostonskom-zaljevu-11676993\" target=\"_blank\" rel=\"noopener\">HRT.<\/a><\/p>\n<p>Autor: Mateja Delija \/ HRT<br \/>\nFoto: snimka zaslona \/HRT<\/p>\n","protected":false},"excerpt":{"rendered":"<p>U Malostonskom zaljevu doga\u0111a se nezapam\u0107eni pomor dagnji. Uzgajiva\u010di to pripisuju visokim temperaturama mora. Od jutra obilaze lokacije i utvr\u0111uju \u0161tetu, koja je, prema prvim procjenama, gotovo 80 posto u uvali Brijesta, poznatoj po najmasovnijoj \u0161koljkarskoj proizvodnji u tom kraju. Bra\u0107a Lazi\u0107 obiteljskim uzgojem dagnji bave se na povr\u0161ini od desetak hektara. Uginulo im ih [&hellip;]<\/p>\n","protected":false},"author":7,"featured_media":157463,"comment_status":"open","ping_status":"open","sticky":false,"template":"","format":"standard","meta":{"footnotes":""},"categories":[296,300],"tags":[11641,4760,6711],"class_list":{"0":"post-157462","1":"post","2":"type-post","3":"status-publish","4":"format-standard","5":"has-post-thumbnail","7":"category-ab","8":"category-zupanija","9":"tag-dagnje","10":"tag-malostonski-zaljev","11":"tag-pomor"},"yoast_head":"<!-- This site is optimized with the Yoast SEO plugin v25.2 - https:\/\/yoast.com\/wordpress\/plugins\/seo\/ -->\n<title>Nezapam\u0107en pomor dagnji u Malostonskom zaljevu: sumnja se na visoke temperature mora - likemetkovic.hr<\/title>\n<meta name=\"robots\" content=\"index, follow, max-snippet:-1, max-image-preview:large, max-video-preview:-1\" \/>\n<link rel=\"canonical\" href=\"https:\/\/likemetkovic.hr\/portal\/nezapamcen-pomor-dagnji-u-malostonskom-zaljevu-sumnja-se-na-visoke-temperature-mora\/\" \/>\n<meta property=\"og:locale\" content=\"hr_HR\" \/>\n<meta property=\"og:type\" content=\"article\" \/>\n<meta property=\"og:title\" content=\"Nezapam\u0107en pomor dagnji u Malostonskom zaljevu: sumnja se na visoke temperature mora - likemetkovic.hr\" \/>\n<meta property=\"og:description\" content=\"U Malostonskom zaljevu doga\u0111a se nezapam\u0107eni pomor dagnji. Uzgajiva\u010di to pripisuju visokim temperaturama mora. Od jutra obilaze lokacije i utvr\u0111uju \u0161tetu, koja je, prema prvim procjenama, gotovo 80 posto u uvali Brijesta, poznatoj po najmasovnijoj \u0161koljkarskoj proizvodnji u tom kraju. Bra\u0107a Lazi\u0107 obiteljskim uzgojem dagnji bave se na povr\u0161ini od desetak hektara. Uginulo im ih [&hellip;]\" \/>\n<meta property=\"og:url\" content=\"https:\/\/likemetkovic.hr\/portal\/nezapamcen-pomor-dagnji-u-malostonskom-zaljevu-sumnja-se-na-visoke-temperature-mora\/\" \/>\n<meta property=\"og:site_name\" content=\"likemetkovic.hr\" \/>\n<meta property=\"article:publisher\" content=\"https:\/\/www.facebook.com\/likemetkovic.hr\/\" \/>\n<meta property=\"article:published_time\" content=\"2024-07-26T06:06:59+00:00\" \/>\n<meta property=\"og:image\" content=\"https:\/\/likemetkovic.hr\/portal\/wp-content\/uploads\/2024\/07\/dagnje-malostonski-hrtzaslon.jpg\" \/>\n\t<meta property=\"og:image:width\" content=\"800\" \/>\n\t<meta property=\"og:image:height\" content=\"530\" \/>\n\t<meta property=\"og:image:type\" content=\"image\/jpeg\" \/>\n<meta name=\"author\" content=\"LIKEmetkovic.hr\" \/>\n<meta name=\"twitter:card\" content=\"summary_large_image\" \/>\n<meta name=\"twitter:label1\" content=\"Napisao\/la\" \/>\n\t<meta name=\"twitter:data1\" content=\"LIKEmetkovic.hr\" \/>\n\t<meta name=\"twitter:label2\" content=\"Procijenjeno vrijeme \u010ditanja\" \/>\n\t<meta name=\"twitter:data2\" content=\"3 minute\" \/>\n<script type=\"application\/ld+json\" class=\"yoast-schema-graph\">{\"@context\":\"https:\/\/schema.org\",\"@graph\":[{\"@type\":\"WebPage\",\"@id\":\"https:\/\/likemetkovic.hr\/portal\/nezapamcen-pomor-dagnji-u-malostonskom-zaljevu-sumnja-se-na-visoke-temperature-mora\/\",\"url\":\"https:\/\/likemetkovic.hr\/portal\/nezapamcen-pomor-dagnji-u-malostonskom-zaljevu-sumnja-se-na-visoke-temperature-mora\/\",\"name\":\"Nezapam\u0107en pomor dagnji u Malostonskom zaljevu: sumnja se na visoke temperature mora - likemetkovic.hr\",\"isPartOf\":{\"@id\":\"https:\/\/likemetkovic.hr\/#website\"},\"primaryImageOfPage\":{\"@id\":\"https:\/\/likemetkovic.hr\/portal\/nezapamcen-pomor-dagnji-u-malostonskom-zaljevu-sumnja-se-na-visoke-temperature-mora\/#primaryimage\"},\"image\":{\"@id\":\"https:\/\/likemetkovic.hr\/portal\/nezapamcen-pomor-dagnji-u-malostonskom-zaljevu-sumnja-se-na-visoke-temperature-mora\/#primaryimage\"},\"thumbnailUrl\":\"https:\/\/likemetkovic.hr\/portal\/wp-content\/uploads\/2024\/07\/dagnje-malostonski-hrtzaslon.jpg\",\"datePublished\":\"2024-07-26T06:06:59+00:00\",\"author\":{\"@id\":\"https:\/\/likemetkovic.hr\/#\/schema\/person\/a42711f3385a0e2be6f7e0443bfb28f0\"},\"breadcrumb\":{\"@id\":\"https:\/\/likemetkovic.hr\/portal\/nezapamcen-pomor-dagnji-u-malostonskom-zaljevu-sumnja-se-na-visoke-temperature-mora\/#breadcrumb\"},\"inLanguage\":\"hr\",\"potentialAction\":[{\"@type\":\"ReadAction\",\"target\":[\"https:\/\/likemetkovic.hr\/portal\/nezapamcen-pomor-dagnji-u-malostonskom-zaljevu-sumnja-se-na-visoke-temperature-mora\/\"]}]},{\"@type\":\"ImageObject\",\"inLanguage\":\"hr\",\"@id\":\"https:\/\/likemetkovic.hr\/portal\/nezapamcen-pomor-dagnji-u-malostonskom-zaljevu-sumnja-se-na-visoke-temperature-mora\/#primaryimage\",\"url\":\"https:\/\/likemetkovic.hr\/portal\/wp-content\/uploads\/2024\/07\/dagnje-malostonski-hrtzaslon.jpg\",\"contentUrl\":\"https:\/\/likemetkovic.hr\/portal\/wp-content\/uploads\/2024\/07\/dagnje-malostonski-hrtzaslon.jpg\",\"width\":800,\"height\":530},{\"@type\":\"BreadcrumbList\",\"@id\":\"https:\/\/likemetkovic.hr\/portal\/nezapamcen-pomor-dagnji-u-malostonskom-zaljevu-sumnja-se-na-visoke-temperature-mora\/#breadcrumb\",\"itemListElement\":[{\"@type\":\"ListItem\",\"position\":1,\"name\":\"Po\u010detna stranica\",\"item\":\"https:\/\/likemetkovic.hr\/portal\/\"},{\"@type\":\"ListItem\",\"position\":2,\"name\":\"Nezapam\u0107en pomor dagnji u Malostonskom zaljevu: sumnja se na visoke temperature mora\"}]},{\"@type\":\"WebSite\",\"@id\":\"https:\/\/likemetkovic.hr\/#website\",\"url\":\"https:\/\/likemetkovic.hr\/\",\"name\":\"likemetkovic.hr\",\"description\":\"Misli pozitivno... \u010ditaj LIKE\",\"potentialAction\":[{\"@type\":\"SearchAction\",\"target\":{\"@type\":\"EntryPoint\",\"urlTemplate\":\"https:\/\/likemetkovic.hr\/?s={search_term_string}\"},\"query-input\":{\"@type\":\"PropertyValueSpecification\",\"valueRequired\":true,\"valueName\":\"search_term_string\"}}],\"inLanguage\":\"hr\"},{\"@type\":\"Person\",\"@id\":\"https:\/\/likemetkovic.hr\/#\/schema\/person\/a42711f3385a0e2be6f7e0443bfb28f0\",\"name\":\"LIKEmetkovic.hr\",\"sameAs\":[\"http:\/\/likemetkovic.hr\"],\"url\":\"https:\/\/likemetkovic.hr\/portal\/author\/likemetkovic-hr\/\"}]}<\/script>\n<!-- \/ Yoast SEO plugin. -->","yoast_head_json":{"title":"Nezapam\u0107en pomor dagnji u Malostonskom zaljevu: sumnja se na visoke temperature mora - likemetkovic.hr","robots":{"index":"index","follow":"follow","max-snippet":"max-snippet:-1","max-image-preview":"max-image-preview:large","max-video-preview":"max-video-preview:-1"},"canonical":"https:\/\/likemetkovic.hr\/portal\/nezapamcen-pomor-dagnji-u-malostonskom-zaljevu-sumnja-se-na-visoke-temperature-mora\/","og_locale":"hr_HR","og_type":"article","og_title":"Nezapam\u0107en pomor dagnji u Malostonskom zaljevu: sumnja se na visoke temperature mora - likemetkovic.hr","og_description":"U Malostonskom zaljevu doga\u0111a se nezapam\u0107eni pomor dagnji. Uzgajiva\u010di to pripisuju visokim temperaturama mora. Od jutra obilaze lokacije i utvr\u0111uju \u0161tetu, koja je, prema prvim procjenama, gotovo 80 posto u uvali Brijesta, poznatoj po najmasovnijoj \u0161koljkarskoj proizvodnji u tom kraju. Bra\u0107a Lazi\u0107 obiteljskim uzgojem dagnji bave se na povr\u0161ini od desetak hektara. Uginulo im ih [&hellip;]","og_url":"https:\/\/likemetkovic.hr\/portal\/nezapamcen-pomor-dagnji-u-malostonskom-zaljevu-sumnja-se-na-visoke-temperature-mora\/","og_site_name":"likemetkovic.hr","article_publisher":"https:\/\/www.facebook.com\/likemetkovic.hr\/","article_published_time":"2024-07-26T06:06:59+00:00","og_image":[{"width":800,"height":530,"url":"https:\/\/likemetkovic.hr\/portal\/wp-content\/uploads\/2024\/07\/dagnje-malostonski-hrtzaslon.jpg","type":"image\/jpeg"}],"author":"LIKEmetkovic.hr","twitter_card":"summary_large_image","twitter_misc":{"Napisao\/la":"LIKEmetkovic.hr","Procijenjeno vrijeme \u010ditanja":"3 minute"},"schema":{"@context":"https:\/\/schema.org","@graph":[{"@type":"WebPage","@id":"https:\/\/likemetkovic.hr\/portal\/nezapamcen-pomor-dagnji-u-malostonskom-zaljevu-sumnja-se-na-visoke-temperature-mora\/","url":"https:\/\/likemetkovic.hr\/portal\/nezapamcen-pomor-dagnji-u-malostonskom-zaljevu-sumnja-se-na-visoke-temperature-mora\/","name":"Nezapam\u0107en pomor dagnji u Malostonskom zaljevu: sumnja se na visoke temperature mora - likemetkovic.hr","isPartOf":{"@id":"https:\/\/likemetkovic.hr\/#website"},"primaryImageOfPage":{"@id":"https:\/\/likemetkovic.hr\/portal\/nezapamcen-pomor-dagnji-u-malostonskom-zaljevu-sumnja-se-na-visoke-temperature-mora\/#primaryimage"},"image":{"@id":"https:\/\/likemetkovic.hr\/portal\/nezapamcen-pomor-dagnji-u-malostonskom-zaljevu-sumnja-se-na-visoke-temperature-mora\/#primaryimage"},"thumbnailUrl":"https:\/\/likemetkovic.hr\/portal\/wp-content\/uploads\/2024\/07\/dagnje-malostonski-hrtzaslon.jpg","datePublished":"2024-07-26T06:06:59+00:00","author":{"@id":"https:\/\/likemetkovic.hr\/#\/schema\/person\/a42711f3385a0e2be6f7e0443bfb28f0"},"breadcrumb":{"@id":"https:\/\/likemetkovic.hr\/portal\/nezapamcen-pomor-dagnji-u-malostonskom-zaljevu-sumnja-se-na-visoke-temperature-mora\/#breadcrumb"},"inLanguage":"hr","potentialAction":[{"@type":"ReadAction","target":["https:\/\/likemetkovic.hr\/portal\/nezapamcen-pomor-dagnji-u-malostonskom-zaljevu-sumnja-se-na-visoke-temperature-mora\/"]}]},{"@type":"ImageObject","inLanguage":"hr","@id":"https:\/\/likemetkovic.hr\/portal\/nezapamcen-pomor-dagnji-u-malostonskom-zaljevu-sumnja-se-na-visoke-temperature-mora\/#primaryimage","url":"https:\/\/likemetkovic.hr\/portal\/wp-content\/uploads\/2024\/07\/dagnje-malostonski-hrtzaslon.jpg","contentUrl":"https:\/\/likemetkovic.hr\/portal\/wp-content\/uploads\/2024\/07\/dagnje-malostonski-hrtzaslon.jpg","width":800,"height":530},{"@type":"BreadcrumbList","@id":"https:\/\/likemetkovic.hr\/portal\/nezapamcen-pomor-dagnji-u-malostonskom-zaljevu-sumnja-se-na-visoke-temperature-mora\/#breadcrumb","itemListElement":[{"@type":"ListItem","position":1,"name":"Po\u010detna stranica","item":"https:\/\/likemetkovic.hr\/portal\/"},{"@type":"ListItem","position":2,"name":"Nezapam\u0107en pomor dagnji u Malostonskom zaljevu: sumnja se na visoke temperature mora"}]},{"@type":"WebSite","@id":"https:\/\/likemetkovic.hr\/#website","url":"https:\/\/likemetkovic.hr\/","name":"likemetkovic.hr","description":"Misli pozitivno... \u010ditaj LIKE","potentialAction":[{"@type":"SearchAction","target":{"@type":"EntryPoint","urlTemplate":"https:\/\/likemetkovic.hr\/?s={search_term_string}"},"query-input":{"@type":"PropertyValueSpecification","valueRequired":true,"valueName":"search_term_string"}}],"inLanguage":"hr"},{"@type":"Person","@id":"https:\/\/likemetkovic.hr\/#\/schema\/person\/a42711f3385a0e2be6f7e0443bfb28f0","name":"LIKEmetkovic.hr","sameAs":["http:\/\/likemetkovic.hr"],"url":"https:\/\/likemetkovic.hr\/portal\/author\/likemetkovic-hr\/"}]}},"_links":{"self":[{"href":"https:\/\/likemetkovic.hr\/portal\/wp-json\/wp\/v2\/posts\/157462","targetHints":{"allow":["GET"]}}],"collection":[{"href":"https:\/\/likemetkovic.hr\/portal\/wp-json\/wp\/v2\/posts"}],"about":[{"href":"https:\/\/likemetkovic.hr\/portal\/wp-json\/wp\/v2\/types\/post"}],"author":[{"embeddable":true,"href":"https:\/\/likemetkovic.hr\/portal\/wp-json\/wp\/v2\/users\/7"}],"replies":[{"embeddable":true,"href":"https:\/\/likemetkovic.hr\/portal\/wp-json\/wp\/v2\/comments?post=157462"}],"version-history":[{"count":1,"href":"https:\/\/likemetkovic.hr\/portal\/wp-json\/wp\/v2\/posts\/157462\/revisions"}],"predecessor-version":[{"id":157464,"href":"https:\/\/likemetkovic.hr\/portal\/wp-json\/wp\/v2\/posts\/157462\/revisions\/157464"}],"wp:featuredmedia":[{"embeddable":true,"href":"https:\/\/likemetkovic.hr\/portal\/wp-json\/wp\/v2\/media\/157463"}],"wp:attachment":[{"href":"https:\/\/likemetkovic.hr\/portal\/wp-json\/wp\/v2\/media?parent=157462"}],"wp:term":[{"taxonomy":"category","embeddable":true,"href":"https:\/\/likemetkovic.hr\/portal\/wp-json\/wp\/v2\/categories?post=157462"},{"taxonomy":"post_tag","embeddable":true,"href":"https:\/\/likemetkovic.hr\/portal\/wp-json\/wp\/v2\/tags?post=157462"}],"curies":[{"name":"wp","href":"https:\/\/api.w.org\/{rel}","templated":true}]}}