{"id":158801,"date":"2024-09-01T19:57:52","date_gmt":"2024-09-01T17:57:52","guid":{"rendered":"https:\/\/likemetkovic.hr\/portal\/?p=158801"},"modified":"2024-09-01T19:57:52","modified_gmt":"2024-09-01T17:57:52","slug":"glazba-ston-pod-vodstvom-drazena-laskaca-gostovala-na-danima-piva-u-karlovcu","status":"publish","type":"post","link":"https:\/\/likemetkovic.hr\/portal\/glazba-ston-pod-vodstvom-drazena-laskaca-gostovala-na-danima-piva-u-karlovcu\/","title":{"rendered":"Glazba Ston pod vodstvom Dra\u017eena Laska\u010da gostovala na Danima piva u Karlovcu"},"content":{"rendered":"<p><strong>Glazba Ston<\/strong> je pod vodstvom Dra\u017eena Laska\u010da gostovala ovaj vikend na Danima piva u Karlovcu.<\/p>\n<p>Karlovac je i ove godine bio doma\u0107in jedne od najpopularnijih manifestacija u Hrvatskoj &#8211; Dana piva, koja je privukla tisu\u0107e posjetitelja \u017eeljnih dobre zabave, vrhunske glazbe i, naravno, piva. Ovogodi\u0161nje izdanje festivala, koje je trajalo pet dana, obilje\u017eeno je bogatim programom koji je uklju\u010divao mnoge poznate izvo\u0111a\u010de, a me\u0111u njima i Glazbu Ston.<\/p>\n<p><img decoding=\"async\" class=\"alignnone size-full wp-image-158802\" src=\"https:\/\/likemetkovic.hr\/portal\/wp-content\/uploads\/2024\/09\/gradska-glazba-ston.jpg\" alt=\"\" width=\"800\" height=\"533\" srcset=\"https:\/\/likemetkovic.hr\/portal\/wp-content\/uploads\/2024\/09\/gradska-glazba-ston.jpg 800w, https:\/\/likemetkovic.hr\/portal\/wp-content\/uploads\/2024\/09\/gradska-glazba-ston-768x512.jpg 768w, https:\/\/likemetkovic.hr\/portal\/wp-content\/uploads\/2024\/09\/gradska-glazba-ston-150x100.jpg 150w, https:\/\/likemetkovic.hr\/portal\/wp-content\/uploads\/2024\/09\/gradska-glazba-ston-300x200.jpg 300w, https:\/\/likemetkovic.hr\/portal\/wp-content\/uploads\/2024\/09\/gradska-glazba-ston-696x464.jpg 696w, https:\/\/likemetkovic.hr\/portal\/wp-content\/uploads\/2024\/09\/gradska-glazba-ston-630x420.jpg 630w\" sizes=\"(max-width: 800px) 100vw, 800px\" \/><\/p>\n<p>Glazba Ston donijela je da\u0161ak juga u Karlovac. Njihov nastup na Danima piva bio je pravo osvje\u017eenje, ispunjen omiljenim dalmatinskim pjesmama koje su publiku podsjetile na more, sunce i opu\u0161tenu atmosferu Jadrana. Posebno se izdvojio trenutak kada je publika s Glazbom Ston zapjevala hit &#8220;Dalmatinac sam&#8221;, a neki su se, vo\u0111eni emocijama, u refrenu odlu\u010dili poigrati i zamijeniti tekst s &#8220;da ga volim ja, splitskog Hajduka&#8221;. Iako se radilo o kontinentalnom dijelu Hrvatske, nitko im nije zamjerio.<\/p>\n<p>Uz Glazbu Ston, na festivalu su nastupili i brojni drugi izvo\u0111a\u010di poput Vojka V, Tonyja Cetinskog, Kawasaki 3P-a, Mini Lazagne i \u017deljka Bebeka. Posjetitelji su mogli u\u017eivati ne samo u glazbi, ve\u0107 i u raznovrsnoj ponudi piva i hrane na vi\u0161e festivalskih zona, \u0161to je ovoj manifestaciji dalo dodatnu dimenziju u\u017eitka.<\/p>\n<p>Puha\u010dki orkestar Karlovac pozvan je sljede\u0107e ljeto u Ston. Karlov\u010dani \u0107e tako imati priliku pokazati svoje svira\u010dko umije\u0107e na 14. Festivalu puha\u010dkih orkestara u Stonu, \u0161to dodatno ja\u010da suradnju izme\u0111u ova dva grada.<\/p>\n<p>\u017delimo Glazbi Ston i Puha\u010dkom orkestru grada Karlovca puno uspjeha u budu\u0107oj suradnji te na budu\u0107im nastupima!<\/p>\n","protected":false},"excerpt":{"rendered":"<p>Glazba Ston je pod vodstvom Dra\u017eena Laska\u010da gostovala ovaj vikend na Danima piva u Karlovcu. Karlovac je i ove godine bio doma\u0107in jedne od najpopularnijih manifestacija u Hrvatskoj &#8211; Dana piva, koja je privukla tisu\u0107e posjetitelja \u017eeljnih dobre zabave, vrhunske glazbe i, naravno, piva. Ovogodi\u0161nje izdanje festivala, koje je trajalo pet dana, obilje\u017eeno je bogatim [&hellip;]<\/p>\n","protected":false},"author":9,"featured_media":158802,"comment_status":"open","ping_status":"open","sticky":false,"template":"","format":"standard","meta":{"footnotes":""},"categories":[296,300],"tags":[11789,9863],"class_list":{"0":"post-158801","1":"post","2":"type-post","3":"status-publish","4":"format-standard","5":"has-post-thumbnail","7":"category-ab","8":"category-zupanija","9":"tag-gradska-glazba-ston","10":"tag-karlovacki-dani-piva"},"yoast_head":"<!-- This site is optimized with the Yoast SEO plugin v25.2 - https:\/\/yoast.com\/wordpress\/plugins\/seo\/ -->\n<title>Glazba Ston pod vodstvom Dra\u017eena Laska\u010da gostovala na Danima piva u Karlovcu - likemetkovic.hr<\/title>\n<meta name=\"robots\" content=\"index, follow, max-snippet:-1, max-image-preview:large, max-video-preview:-1\" \/>\n<link rel=\"canonical\" href=\"https:\/\/likemetkovic.hr\/portal\/glazba-ston-pod-vodstvom-drazena-laskaca-gostovala-na-danima-piva-u-karlovcu\/\" \/>\n<meta property=\"og:locale\" content=\"hr_HR\" \/>\n<meta property=\"og:type\" content=\"article\" \/>\n<meta property=\"og:title\" content=\"Glazba Ston pod vodstvom Dra\u017eena Laska\u010da gostovala na Danima piva u Karlovcu - likemetkovic.hr\" \/>\n<meta property=\"og:description\" content=\"Glazba Ston je pod vodstvom Dra\u017eena Laska\u010da gostovala ovaj vikend na Danima piva u Karlovcu. Karlovac je i ove godine bio doma\u0107in jedne od najpopularnijih manifestacija u Hrvatskoj &#8211; Dana piva, koja je privukla tisu\u0107e posjetitelja \u017eeljnih dobre zabave, vrhunske glazbe i, naravno, piva. Ovogodi\u0161nje izdanje festivala, koje je trajalo pet dana, obilje\u017eeno je bogatim [&hellip;]\" \/>\n<meta property=\"og:url\" content=\"https:\/\/likemetkovic.hr\/portal\/glazba-ston-pod-vodstvom-drazena-laskaca-gostovala-na-danima-piva-u-karlovcu\/\" \/>\n<meta property=\"og:site_name\" content=\"likemetkovic.hr\" \/>\n<meta property=\"article:publisher\" content=\"https:\/\/www.facebook.com\/likemetkovic.hr\/\" \/>\n<meta property=\"article:published_time\" content=\"2024-09-01T17:57:52+00:00\" \/>\n<meta property=\"og:image\" content=\"https:\/\/likemetkovic.hr\/portal\/wp-content\/uploads\/2024\/09\/gradska-glazba-ston.jpg\" \/>\n\t<meta property=\"og:image:width\" content=\"800\" \/>\n\t<meta property=\"og:image:height\" content=\"533\" \/>\n\t<meta property=\"og:image:type\" content=\"image\/jpeg\" \/>\n<meta name=\"author\" content=\"K. J.\" \/>\n<meta name=\"twitter:card\" content=\"summary_large_image\" \/>\n<meta name=\"twitter:label1\" content=\"Napisao\/la\" \/>\n\t<meta name=\"twitter:data1\" content=\"K. J.\" \/>\n\t<meta name=\"twitter:label2\" content=\"Procijenjeno vrijeme \u010ditanja\" \/>\n\t<meta name=\"twitter:data2\" content=\"2 minute\" \/>\n<script type=\"application\/ld+json\" class=\"yoast-schema-graph\">{\"@context\":\"https:\/\/schema.org\",\"@graph\":[{\"@type\":\"WebPage\",\"@id\":\"https:\/\/likemetkovic.hr\/portal\/glazba-ston-pod-vodstvom-drazena-laskaca-gostovala-na-danima-piva-u-karlovcu\/\",\"url\":\"https:\/\/likemetkovic.hr\/portal\/glazba-ston-pod-vodstvom-drazena-laskaca-gostovala-na-danima-piva-u-karlovcu\/\",\"name\":\"Glazba Ston pod vodstvom Dra\u017eena Laska\u010da gostovala na Danima piva u Karlovcu - likemetkovic.hr\",\"isPartOf\":{\"@id\":\"https:\/\/likemetkovic.hr\/#website\"},\"primaryImageOfPage\":{\"@id\":\"https:\/\/likemetkovic.hr\/portal\/glazba-ston-pod-vodstvom-drazena-laskaca-gostovala-na-danima-piva-u-karlovcu\/#primaryimage\"},\"image\":{\"@id\":\"https:\/\/likemetkovic.hr\/portal\/glazba-ston-pod-vodstvom-drazena-laskaca-gostovala-na-danima-piva-u-karlovcu\/#primaryimage\"},\"thumbnailUrl\":\"https:\/\/likemetkovic.hr\/portal\/wp-content\/uploads\/2024\/09\/gradska-glazba-ston.jpg\",\"datePublished\":\"2024-09-01T17:57:52+00:00\",\"author\":{\"@id\":\"https:\/\/likemetkovic.hr\/#\/schema\/person\/0a8b4ebfdfe1ff01192dccda40c5da0c\"},\"breadcrumb\":{\"@id\":\"https:\/\/likemetkovic.hr\/portal\/glazba-ston-pod-vodstvom-drazena-laskaca-gostovala-na-danima-piva-u-karlovcu\/#breadcrumb\"},\"inLanguage\":\"hr\",\"potentialAction\":[{\"@type\":\"ReadAction\",\"target\":[\"https:\/\/likemetkovic.hr\/portal\/glazba-ston-pod-vodstvom-drazena-laskaca-gostovala-na-danima-piva-u-karlovcu\/\"]}]},{\"@type\":\"ImageObject\",\"inLanguage\":\"hr\",\"@id\":\"https:\/\/likemetkovic.hr\/portal\/glazba-ston-pod-vodstvom-drazena-laskaca-gostovala-na-danima-piva-u-karlovcu\/#primaryimage\",\"url\":\"https:\/\/likemetkovic.hr\/portal\/wp-content\/uploads\/2024\/09\/gradska-glazba-ston.jpg\",\"contentUrl\":\"https:\/\/likemetkovic.hr\/portal\/wp-content\/uploads\/2024\/09\/gradska-glazba-ston.jpg\",\"width\":800,\"height\":533},{\"@type\":\"BreadcrumbList\",\"@id\":\"https:\/\/likemetkovic.hr\/portal\/glazba-ston-pod-vodstvom-drazena-laskaca-gostovala-na-danima-piva-u-karlovcu\/#breadcrumb\",\"itemListElement\":[{\"@type\":\"ListItem\",\"position\":1,\"name\":\"Po\u010detna stranica\",\"item\":\"https:\/\/likemetkovic.hr\/portal\/\"},{\"@type\":\"ListItem\",\"position\":2,\"name\":\"Glazba Ston pod vodstvom Dra\u017eena Laska\u010da gostovala na Danima piva u Karlovcu\"}]},{\"@type\":\"WebSite\",\"@id\":\"https:\/\/likemetkovic.hr\/#website\",\"url\":\"https:\/\/likemetkovic.hr\/\",\"name\":\"likemetkovic.hr\",\"description\":\"Misli pozitivno... \u010ditaj LIKE\",\"potentialAction\":[{\"@type\":\"SearchAction\",\"target\":{\"@type\":\"EntryPoint\",\"urlTemplate\":\"https:\/\/likemetkovic.hr\/?s={search_term_string}\"},\"query-input\":{\"@type\":\"PropertyValueSpecification\",\"valueRequired\":true,\"valueName\":\"search_term_string\"}}],\"inLanguage\":\"hr\"},{\"@type\":\"Person\",\"@id\":\"https:\/\/likemetkovic.hr\/#\/schema\/person\/0a8b4ebfdfe1ff01192dccda40c5da0c\",\"name\":\"K. J.\",\"url\":\"https:\/\/likemetkovic.hr\/portal\/author\/likemetkovic\/\"}]}<\/script>\n<!-- \/ Yoast SEO plugin. -->","yoast_head_json":{"title":"Glazba Ston pod vodstvom Dra\u017eena Laska\u010da gostovala na Danima piva u Karlovcu - likemetkovic.hr","robots":{"index":"index","follow":"follow","max-snippet":"max-snippet:-1","max-image-preview":"max-image-preview:large","max-video-preview":"max-video-preview:-1"},"canonical":"https:\/\/likemetkovic.hr\/portal\/glazba-ston-pod-vodstvom-drazena-laskaca-gostovala-na-danima-piva-u-karlovcu\/","og_locale":"hr_HR","og_type":"article","og_title":"Glazba Ston pod vodstvom Dra\u017eena Laska\u010da gostovala na Danima piva u Karlovcu - likemetkovic.hr","og_description":"Glazba Ston je pod vodstvom Dra\u017eena Laska\u010da gostovala ovaj vikend na Danima piva u Karlovcu. Karlovac je i ove godine bio doma\u0107in jedne od najpopularnijih manifestacija u Hrvatskoj &#8211; Dana piva, koja je privukla tisu\u0107e posjetitelja \u017eeljnih dobre zabave, vrhunske glazbe i, naravno, piva. Ovogodi\u0161nje izdanje festivala, koje je trajalo pet dana, obilje\u017eeno je bogatim [&hellip;]","og_url":"https:\/\/likemetkovic.hr\/portal\/glazba-ston-pod-vodstvom-drazena-laskaca-gostovala-na-danima-piva-u-karlovcu\/","og_site_name":"likemetkovic.hr","article_publisher":"https:\/\/www.facebook.com\/likemetkovic.hr\/","article_published_time":"2024-09-01T17:57:52+00:00","og_image":[{"width":800,"height":533,"url":"https:\/\/likemetkovic.hr\/portal\/wp-content\/uploads\/2024\/09\/gradska-glazba-ston.jpg","type":"image\/jpeg"}],"author":"K. J.","twitter_card":"summary_large_image","twitter_misc":{"Napisao\/la":"K. J.","Procijenjeno vrijeme \u010ditanja":"2 minute"},"schema":{"@context":"https:\/\/schema.org","@graph":[{"@type":"WebPage","@id":"https:\/\/likemetkovic.hr\/portal\/glazba-ston-pod-vodstvom-drazena-laskaca-gostovala-na-danima-piva-u-karlovcu\/","url":"https:\/\/likemetkovic.hr\/portal\/glazba-ston-pod-vodstvom-drazena-laskaca-gostovala-na-danima-piva-u-karlovcu\/","name":"Glazba Ston pod vodstvom Dra\u017eena Laska\u010da gostovala na Danima piva u Karlovcu - likemetkovic.hr","isPartOf":{"@id":"https:\/\/likemetkovic.hr\/#website"},"primaryImageOfPage":{"@id":"https:\/\/likemetkovic.hr\/portal\/glazba-ston-pod-vodstvom-drazena-laskaca-gostovala-na-danima-piva-u-karlovcu\/#primaryimage"},"image":{"@id":"https:\/\/likemetkovic.hr\/portal\/glazba-ston-pod-vodstvom-drazena-laskaca-gostovala-na-danima-piva-u-karlovcu\/#primaryimage"},"thumbnailUrl":"https:\/\/likemetkovic.hr\/portal\/wp-content\/uploads\/2024\/09\/gradska-glazba-ston.jpg","datePublished":"2024-09-01T17:57:52+00:00","author":{"@id":"https:\/\/likemetkovic.hr\/#\/schema\/person\/0a8b4ebfdfe1ff01192dccda40c5da0c"},"breadcrumb":{"@id":"https:\/\/likemetkovic.hr\/portal\/glazba-ston-pod-vodstvom-drazena-laskaca-gostovala-na-danima-piva-u-karlovcu\/#breadcrumb"},"inLanguage":"hr","potentialAction":[{"@type":"ReadAction","target":["https:\/\/likemetkovic.hr\/portal\/glazba-ston-pod-vodstvom-drazena-laskaca-gostovala-na-danima-piva-u-karlovcu\/"]}]},{"@type":"ImageObject","inLanguage":"hr","@id":"https:\/\/likemetkovic.hr\/portal\/glazba-ston-pod-vodstvom-drazena-laskaca-gostovala-na-danima-piva-u-karlovcu\/#primaryimage","url":"https:\/\/likemetkovic.hr\/portal\/wp-content\/uploads\/2024\/09\/gradska-glazba-ston.jpg","contentUrl":"https:\/\/likemetkovic.hr\/portal\/wp-content\/uploads\/2024\/09\/gradska-glazba-ston.jpg","width":800,"height":533},{"@type":"BreadcrumbList","@id":"https:\/\/likemetkovic.hr\/portal\/glazba-ston-pod-vodstvom-drazena-laskaca-gostovala-na-danima-piva-u-karlovcu\/#breadcrumb","itemListElement":[{"@type":"ListItem","position":1,"name":"Po\u010detna stranica","item":"https:\/\/likemetkovic.hr\/portal\/"},{"@type":"ListItem","position":2,"name":"Glazba Ston pod vodstvom Dra\u017eena Laska\u010da gostovala na Danima piva u Karlovcu"}]},{"@type":"WebSite","@id":"https:\/\/likemetkovic.hr\/#website","url":"https:\/\/likemetkovic.hr\/","name":"likemetkovic.hr","description":"Misli pozitivno... \u010ditaj LIKE","potentialAction":[{"@type":"SearchAction","target":{"@type":"EntryPoint","urlTemplate":"https:\/\/likemetkovic.hr\/?s={search_term_string}"},"query-input":{"@type":"PropertyValueSpecification","valueRequired":true,"valueName":"search_term_string"}}],"inLanguage":"hr"},{"@type":"Person","@id":"https:\/\/likemetkovic.hr\/#\/schema\/person\/0a8b4ebfdfe1ff01192dccda40c5da0c","name":"K. J.","url":"https:\/\/likemetkovic.hr\/portal\/author\/likemetkovic\/"}]}},"_links":{"self":[{"href":"https:\/\/likemetkovic.hr\/portal\/wp-json\/wp\/v2\/posts\/158801","targetHints":{"allow":["GET"]}}],"collection":[{"href":"https:\/\/likemetkovic.hr\/portal\/wp-json\/wp\/v2\/posts"}],"about":[{"href":"https:\/\/likemetkovic.hr\/portal\/wp-json\/wp\/v2\/types\/post"}],"author":[{"embeddable":true,"href":"https:\/\/likemetkovic.hr\/portal\/wp-json\/wp\/v2\/users\/9"}],"replies":[{"embeddable":true,"href":"https:\/\/likemetkovic.hr\/portal\/wp-json\/wp\/v2\/comments?post=158801"}],"version-history":[{"count":1,"href":"https:\/\/likemetkovic.hr\/portal\/wp-json\/wp\/v2\/posts\/158801\/revisions"}],"predecessor-version":[{"id":158803,"href":"https:\/\/likemetkovic.hr\/portal\/wp-json\/wp\/v2\/posts\/158801\/revisions\/158803"}],"wp:featuredmedia":[{"embeddable":true,"href":"https:\/\/likemetkovic.hr\/portal\/wp-json\/wp\/v2\/media\/158802"}],"wp:attachment":[{"href":"https:\/\/likemetkovic.hr\/portal\/wp-json\/wp\/v2\/media?parent=158801"}],"wp:term":[{"taxonomy":"category","embeddable":true,"href":"https:\/\/likemetkovic.hr\/portal\/wp-json\/wp\/v2\/categories?post=158801"},{"taxonomy":"post_tag","embeddable":true,"href":"https:\/\/likemetkovic.hr\/portal\/wp-json\/wp\/v2\/tags?post=158801"}],"curies":[{"name":"wp","href":"https:\/\/api.w.org\/{rel}","templated":true}]}}