{"id":159088,"date":"2024-09-13T07:48:01","date_gmt":"2024-09-13T05:48:01","guid":{"rendered":"https:\/\/likemetkovic.hr\/portal\/?p=159088"},"modified":"2024-09-13T07:48:21","modified_gmt":"2024-09-13T05:48:21","slug":"bike-festival-u-subotu-poligon-za-djecu-na-trgu-a-u-nedjelju-xcp-stipe-camber-u-vidu","status":"publish","type":"post","link":"https:\/\/likemetkovic.hr\/portal\/bike-festival-u-subotu-poligon-za-djecu-na-trgu-a-u-nedjelju-xcp-stipe-camber-u-vidu\/","title":{"rendered":"BIKE FESTIVAL U subotu poligon za djecu na Trgu, a u nedjelju XCP &#8216;Stipe \u010damber&#8217; u Vidu"},"content":{"rendered":"<p>Nakon \u0161to je pro\u0161loga vikenda odr\u017ean prvi dio <strong><em>Bike Festivala Metkovi\u0107 2024.<\/em><\/strong> u Park \u0161umi Predolac slijede dva zavr\u0161na dana u Metkovi\u0107u i Vidu.<\/p>\n<p><strong>U subotu, 14. rujna na Trg u kralja Tomislava u Metkovi\u0107 9:00 do 15:00<\/strong> odr\u017eat \u0107e se manifestacija pod nazivom <strong><em>Pomozimo im poletjeti<\/em><\/strong>.<\/p>\n<p><em>&#8211; Pozivamo sve zainteresirane dje\u010dake i djevoj\u010dice na biciklisti\u010dki poligon koji \u0107e biti postavljen na trgu od 9:00 do 11:00, organizator je pripremio i poneka iznena\u0111enja, poligon se vozi rekreativno, bez natjecanja i uz stru\u010dnu pomo\u0107 \u010dlanova kluba<\/em>, poru\u010duju iz BK Metkovi\u0107.<\/p>\n<p>Program se nastavlja od 11:00 do14:00 vo\u017enjom posebnog <strong>tricikla<\/strong> koji \u0107e se voziti po poligonu namijenjenom djeci sa te\u0161ko\u0107ama u razvoju, te osobama sa invaliditetom, a uz stru\u010dnu pomo\u0107 \u010dlanova kluba.<\/p>\n<p>Na samom kraja tre\u0107eg dana festivala u Hotel Naroni od 14:00-15:00 odr\u017eat \u0107e se <strong>predavanja <\/strong>na teme:<\/p>\n<ul>\n<li><em>Integracija djece sa te\u0161ko\u0107ama u razvoju u dru\u0161tvo<\/em><\/li>\n<li><em>Biciklizam kao sport i rekreacija<\/em><\/li>\n<li><em>Zdravstveni problemi u sportu<\/em><\/li>\n<\/ul>\n<p><strong>U nedjelju, 15. rujna u Vidu <\/strong>odr\u017eat \u0107e se 9. po redu biciklisti\u010dke utrke <strong><em>XCP Stipe \u010damber<\/em><\/strong>. \u010cetvrti i zavr\u0161ni dan <strong><em>Bike Festivala<\/em><\/strong> namijenjen je za memorijalnu utrku, a koja se vozi u \u010dast Stipe \u010cambera.<\/p>\n<p>Od 11:30 do12:30 <strong>najmla\u0111e bicikliste<\/strong> do\u010dekati \u0107e pripremljen poligon ili utrka manje du\u017eine<strong>. U 13:00 startat \u0107e utrka brdskog biciklizma<\/strong>: start je u Vidu, pa preko Dragovije.<\/p>\n<p>Prijave su otvorene do samog starta utrke, najbolje o\u010dekuju medalje, a sve sudionike ru\u010dak i dru\u017eenje nakon utrke.<\/p>\n","protected":false},"excerpt":{"rendered":"<p>Nakon \u0161to je pro\u0161loga vikenda odr\u017ean prvi dio Bike Festivala Metkovi\u0107 2024. u Park \u0161umi Predolac slijede dva zavr\u0161na dana u Metkovi\u0107u i Vidu. U subotu, 14. rujna na Trg u kralja Tomislava u Metkovi\u0107 9:00 do 15:00 odr\u017eat \u0107e se manifestacija pod nazivom Pomozimo im poletjeti. &#8211; Pozivamo sve zainteresirane dje\u010dake i djevoj\u010dice na [&hellip;]<\/p>\n","protected":false},"author":9,"featured_media":158661,"comment_status":"open","ping_status":"open","sticky":false,"template":"","format":"standard","meta":{"footnotes":""},"categories":[296,34],"tags":[12708,1442],"class_list":{"0":"post-159088","1":"post","2":"type-post","3":"status-publish","4":"format-standard","5":"has-post-thumbnail","7":"category-ab","8":"category-biciklizam","9":"tag-bike-festival","10":"tag-bk-metkovic"},"yoast_head":"<!-- This site is optimized with the Yoast SEO plugin v25.2 - https:\/\/yoast.com\/wordpress\/plugins\/seo\/ -->\n<title>BIKE FESTIVAL U subotu poligon za djecu na Trgu, a u nedjelju XCP &#039;Stipe \u010damber&#039; u Vidu - likemetkovic.hr<\/title>\n<meta name=\"robots\" content=\"index, follow, max-snippet:-1, max-image-preview:large, max-video-preview:-1\" \/>\n<link rel=\"canonical\" href=\"https:\/\/likemetkovic.hr\/portal\/bike-festival-u-subotu-poligon-za-djecu-na-trgu-a-u-nedjelju-xcp-stipe-camber-u-vidu\/\" \/>\n<meta property=\"og:locale\" content=\"hr_HR\" \/>\n<meta property=\"og:type\" content=\"article\" \/>\n<meta property=\"og:title\" content=\"BIKE FESTIVAL U subotu poligon za djecu na Trgu, a u nedjelju XCP &#039;Stipe \u010damber&#039; u Vidu - likemetkovic.hr\" \/>\n<meta property=\"og:description\" content=\"Nakon \u0161to je pro\u0161loga vikenda odr\u017ean prvi dio Bike Festivala Metkovi\u0107 2024. u Park \u0161umi Predolac slijede dva zavr\u0161na dana u Metkovi\u0107u i Vidu. U subotu, 14. rujna na Trg u kralja Tomislava u Metkovi\u0107 9:00 do 15:00 odr\u017eat \u0107e se manifestacija pod nazivom Pomozimo im poletjeti. &#8211; Pozivamo sve zainteresirane dje\u010dake i djevoj\u010dice na [&hellip;]\" \/>\n<meta property=\"og:url\" content=\"https:\/\/likemetkovic.hr\/portal\/bike-festival-u-subotu-poligon-za-djecu-na-trgu-a-u-nedjelju-xcp-stipe-camber-u-vidu\/\" \/>\n<meta property=\"og:site_name\" content=\"likemetkovic.hr\" \/>\n<meta property=\"article:publisher\" content=\"https:\/\/www.facebook.com\/likemetkovic.hr\/\" \/>\n<meta property=\"article:published_time\" content=\"2024-09-13T05:48:01+00:00\" \/>\n<meta property=\"article:modified_time\" content=\"2024-09-13T05:48:21+00:00\" \/>\n<meta property=\"og:image\" content=\"https:\/\/likemetkovic.hr\/portal\/wp-content\/uploads\/2024\/08\/bike-fest.jpg\" \/>\n\t<meta property=\"og:image:width\" content=\"800\" \/>\n\t<meta property=\"og:image:height\" content=\"800\" \/>\n\t<meta property=\"og:image:type\" content=\"image\/jpeg\" \/>\n<meta name=\"author\" content=\"K. J.\" \/>\n<meta name=\"twitter:card\" content=\"summary_large_image\" \/>\n<meta name=\"twitter:label1\" content=\"Napisao\/la\" \/>\n\t<meta name=\"twitter:data1\" content=\"K. J.\" \/>\n\t<meta name=\"twitter:label2\" content=\"Procijenjeno vrijeme \u010ditanja\" \/>\n\t<meta name=\"twitter:data2\" content=\"2 minute\" \/>\n<script type=\"application\/ld+json\" class=\"yoast-schema-graph\">{\"@context\":\"https:\/\/schema.org\",\"@graph\":[{\"@type\":\"WebPage\",\"@id\":\"https:\/\/likemetkovic.hr\/portal\/bike-festival-u-subotu-poligon-za-djecu-na-trgu-a-u-nedjelju-xcp-stipe-camber-u-vidu\/\",\"url\":\"https:\/\/likemetkovic.hr\/portal\/bike-festival-u-subotu-poligon-za-djecu-na-trgu-a-u-nedjelju-xcp-stipe-camber-u-vidu\/\",\"name\":\"BIKE FESTIVAL U subotu poligon za djecu na Trgu, a u nedjelju XCP 'Stipe \u010damber' u Vidu - likemetkovic.hr\",\"isPartOf\":{\"@id\":\"https:\/\/likemetkovic.hr\/#website\"},\"primaryImageOfPage\":{\"@id\":\"https:\/\/likemetkovic.hr\/portal\/bike-festival-u-subotu-poligon-za-djecu-na-trgu-a-u-nedjelju-xcp-stipe-camber-u-vidu\/#primaryimage\"},\"image\":{\"@id\":\"https:\/\/likemetkovic.hr\/portal\/bike-festival-u-subotu-poligon-za-djecu-na-trgu-a-u-nedjelju-xcp-stipe-camber-u-vidu\/#primaryimage\"},\"thumbnailUrl\":\"https:\/\/likemetkovic.hr\/portal\/wp-content\/uploads\/2024\/08\/bike-fest.jpg\",\"datePublished\":\"2024-09-13T05:48:01+00:00\",\"dateModified\":\"2024-09-13T05:48:21+00:00\",\"author\":{\"@id\":\"https:\/\/likemetkovic.hr\/#\/schema\/person\/0a8b4ebfdfe1ff01192dccda40c5da0c\"},\"breadcrumb\":{\"@id\":\"https:\/\/likemetkovic.hr\/portal\/bike-festival-u-subotu-poligon-za-djecu-na-trgu-a-u-nedjelju-xcp-stipe-camber-u-vidu\/#breadcrumb\"},\"inLanguage\":\"hr\",\"potentialAction\":[{\"@type\":\"ReadAction\",\"target\":[\"https:\/\/likemetkovic.hr\/portal\/bike-festival-u-subotu-poligon-za-djecu-na-trgu-a-u-nedjelju-xcp-stipe-camber-u-vidu\/\"]}]},{\"@type\":\"ImageObject\",\"inLanguage\":\"hr\",\"@id\":\"https:\/\/likemetkovic.hr\/portal\/bike-festival-u-subotu-poligon-za-djecu-na-trgu-a-u-nedjelju-xcp-stipe-camber-u-vidu\/#primaryimage\",\"url\":\"https:\/\/likemetkovic.hr\/portal\/wp-content\/uploads\/2024\/08\/bike-fest.jpg\",\"contentUrl\":\"https:\/\/likemetkovic.hr\/portal\/wp-content\/uploads\/2024\/08\/bike-fest.jpg\",\"width\":800,\"height\":800},{\"@type\":\"BreadcrumbList\",\"@id\":\"https:\/\/likemetkovic.hr\/portal\/bike-festival-u-subotu-poligon-za-djecu-na-trgu-a-u-nedjelju-xcp-stipe-camber-u-vidu\/#breadcrumb\",\"itemListElement\":[{\"@type\":\"ListItem\",\"position\":1,\"name\":\"Po\u010detna stranica\",\"item\":\"https:\/\/likemetkovic.hr\/portal\/\"},{\"@type\":\"ListItem\",\"position\":2,\"name\":\"BIKE FESTIVAL U subotu poligon za djecu na Trgu, a u nedjelju XCP &#8216;Stipe \u010damber&#8217; u Vidu\"}]},{\"@type\":\"WebSite\",\"@id\":\"https:\/\/likemetkovic.hr\/#website\",\"url\":\"https:\/\/likemetkovic.hr\/\",\"name\":\"likemetkovic.hr\",\"description\":\"Misli pozitivno... \u010ditaj LIKE\",\"potentialAction\":[{\"@type\":\"SearchAction\",\"target\":{\"@type\":\"EntryPoint\",\"urlTemplate\":\"https:\/\/likemetkovic.hr\/?s={search_term_string}\"},\"query-input\":{\"@type\":\"PropertyValueSpecification\",\"valueRequired\":true,\"valueName\":\"search_term_string\"}}],\"inLanguage\":\"hr\"},{\"@type\":\"Person\",\"@id\":\"https:\/\/likemetkovic.hr\/#\/schema\/person\/0a8b4ebfdfe1ff01192dccda40c5da0c\",\"name\":\"K. J.\",\"url\":\"https:\/\/likemetkovic.hr\/portal\/author\/likemetkovic\/\"}]}<\/script>\n<!-- \/ Yoast SEO plugin. -->","yoast_head_json":{"title":"BIKE FESTIVAL U subotu poligon za djecu na Trgu, a u nedjelju XCP 'Stipe \u010damber' u Vidu - likemetkovic.hr","robots":{"index":"index","follow":"follow","max-snippet":"max-snippet:-1","max-image-preview":"max-image-preview:large","max-video-preview":"max-video-preview:-1"},"canonical":"https:\/\/likemetkovic.hr\/portal\/bike-festival-u-subotu-poligon-za-djecu-na-trgu-a-u-nedjelju-xcp-stipe-camber-u-vidu\/","og_locale":"hr_HR","og_type":"article","og_title":"BIKE FESTIVAL U subotu poligon za djecu na Trgu, a u nedjelju XCP 'Stipe \u010damber' u Vidu - likemetkovic.hr","og_description":"Nakon \u0161to je pro\u0161loga vikenda odr\u017ean prvi dio Bike Festivala Metkovi\u0107 2024. u Park \u0161umi Predolac slijede dva zavr\u0161na dana u Metkovi\u0107u i Vidu. U subotu, 14. rujna na Trg u kralja Tomislava u Metkovi\u0107 9:00 do 15:00 odr\u017eat \u0107e se manifestacija pod nazivom Pomozimo im poletjeti. &#8211; Pozivamo sve zainteresirane dje\u010dake i djevoj\u010dice na [&hellip;]","og_url":"https:\/\/likemetkovic.hr\/portal\/bike-festival-u-subotu-poligon-za-djecu-na-trgu-a-u-nedjelju-xcp-stipe-camber-u-vidu\/","og_site_name":"likemetkovic.hr","article_publisher":"https:\/\/www.facebook.com\/likemetkovic.hr\/","article_published_time":"2024-09-13T05:48:01+00:00","article_modified_time":"2024-09-13T05:48:21+00:00","og_image":[{"width":800,"height":800,"url":"https:\/\/likemetkovic.hr\/portal\/wp-content\/uploads\/2024\/08\/bike-fest.jpg","type":"image\/jpeg"}],"author":"K. J.","twitter_card":"summary_large_image","twitter_misc":{"Napisao\/la":"K. J.","Procijenjeno vrijeme \u010ditanja":"2 minute"},"schema":{"@context":"https:\/\/schema.org","@graph":[{"@type":"WebPage","@id":"https:\/\/likemetkovic.hr\/portal\/bike-festival-u-subotu-poligon-za-djecu-na-trgu-a-u-nedjelju-xcp-stipe-camber-u-vidu\/","url":"https:\/\/likemetkovic.hr\/portal\/bike-festival-u-subotu-poligon-za-djecu-na-trgu-a-u-nedjelju-xcp-stipe-camber-u-vidu\/","name":"BIKE FESTIVAL U subotu poligon za djecu na Trgu, a u nedjelju XCP 'Stipe \u010damber' u Vidu - likemetkovic.hr","isPartOf":{"@id":"https:\/\/likemetkovic.hr\/#website"},"primaryImageOfPage":{"@id":"https:\/\/likemetkovic.hr\/portal\/bike-festival-u-subotu-poligon-za-djecu-na-trgu-a-u-nedjelju-xcp-stipe-camber-u-vidu\/#primaryimage"},"image":{"@id":"https:\/\/likemetkovic.hr\/portal\/bike-festival-u-subotu-poligon-za-djecu-na-trgu-a-u-nedjelju-xcp-stipe-camber-u-vidu\/#primaryimage"},"thumbnailUrl":"https:\/\/likemetkovic.hr\/portal\/wp-content\/uploads\/2024\/08\/bike-fest.jpg","datePublished":"2024-09-13T05:48:01+00:00","dateModified":"2024-09-13T05:48:21+00:00","author":{"@id":"https:\/\/likemetkovic.hr\/#\/schema\/person\/0a8b4ebfdfe1ff01192dccda40c5da0c"},"breadcrumb":{"@id":"https:\/\/likemetkovic.hr\/portal\/bike-festival-u-subotu-poligon-za-djecu-na-trgu-a-u-nedjelju-xcp-stipe-camber-u-vidu\/#breadcrumb"},"inLanguage":"hr","potentialAction":[{"@type":"ReadAction","target":["https:\/\/likemetkovic.hr\/portal\/bike-festival-u-subotu-poligon-za-djecu-na-trgu-a-u-nedjelju-xcp-stipe-camber-u-vidu\/"]}]},{"@type":"ImageObject","inLanguage":"hr","@id":"https:\/\/likemetkovic.hr\/portal\/bike-festival-u-subotu-poligon-za-djecu-na-trgu-a-u-nedjelju-xcp-stipe-camber-u-vidu\/#primaryimage","url":"https:\/\/likemetkovic.hr\/portal\/wp-content\/uploads\/2024\/08\/bike-fest.jpg","contentUrl":"https:\/\/likemetkovic.hr\/portal\/wp-content\/uploads\/2024\/08\/bike-fest.jpg","width":800,"height":800},{"@type":"BreadcrumbList","@id":"https:\/\/likemetkovic.hr\/portal\/bike-festival-u-subotu-poligon-za-djecu-na-trgu-a-u-nedjelju-xcp-stipe-camber-u-vidu\/#breadcrumb","itemListElement":[{"@type":"ListItem","position":1,"name":"Po\u010detna stranica","item":"https:\/\/likemetkovic.hr\/portal\/"},{"@type":"ListItem","position":2,"name":"BIKE FESTIVAL U subotu poligon za djecu na Trgu, a u nedjelju XCP &#8216;Stipe \u010damber&#8217; u Vidu"}]},{"@type":"WebSite","@id":"https:\/\/likemetkovic.hr\/#website","url":"https:\/\/likemetkovic.hr\/","name":"likemetkovic.hr","description":"Misli pozitivno... \u010ditaj LIKE","potentialAction":[{"@type":"SearchAction","target":{"@type":"EntryPoint","urlTemplate":"https:\/\/likemetkovic.hr\/?s={search_term_string}"},"query-input":{"@type":"PropertyValueSpecification","valueRequired":true,"valueName":"search_term_string"}}],"inLanguage":"hr"},{"@type":"Person","@id":"https:\/\/likemetkovic.hr\/#\/schema\/person\/0a8b4ebfdfe1ff01192dccda40c5da0c","name":"K. J.","url":"https:\/\/likemetkovic.hr\/portal\/author\/likemetkovic\/"}]}},"_links":{"self":[{"href":"https:\/\/likemetkovic.hr\/portal\/wp-json\/wp\/v2\/posts\/159088","targetHints":{"allow":["GET"]}}],"collection":[{"href":"https:\/\/likemetkovic.hr\/portal\/wp-json\/wp\/v2\/posts"}],"about":[{"href":"https:\/\/likemetkovic.hr\/portal\/wp-json\/wp\/v2\/types\/post"}],"author":[{"embeddable":true,"href":"https:\/\/likemetkovic.hr\/portal\/wp-json\/wp\/v2\/users\/9"}],"replies":[{"embeddable":true,"href":"https:\/\/likemetkovic.hr\/portal\/wp-json\/wp\/v2\/comments?post=159088"}],"version-history":[{"count":2,"href":"https:\/\/likemetkovic.hr\/portal\/wp-json\/wp\/v2\/posts\/159088\/revisions"}],"predecessor-version":[{"id":159090,"href":"https:\/\/likemetkovic.hr\/portal\/wp-json\/wp\/v2\/posts\/159088\/revisions\/159090"}],"wp:featuredmedia":[{"embeddable":true,"href":"https:\/\/likemetkovic.hr\/portal\/wp-json\/wp\/v2\/media\/158661"}],"wp:attachment":[{"href":"https:\/\/likemetkovic.hr\/portal\/wp-json\/wp\/v2\/media?parent=159088"}],"wp:term":[{"taxonomy":"category","embeddable":true,"href":"https:\/\/likemetkovic.hr\/portal\/wp-json\/wp\/v2\/categories?post=159088"},{"taxonomy":"post_tag","embeddable":true,"href":"https:\/\/likemetkovic.hr\/portal\/wp-json\/wp\/v2\/tags?post=159088"}],"curies":[{"name":"wp","href":"https:\/\/api.w.org\/{rel}","templated":true}]}}