{"id":159998,"date":"2024-10-12T18:01:47","date_gmt":"2024-10-12T16:01:47","guid":{"rendered":"https:\/\/likemetkovic.hr\/portal\/?p=159998"},"modified":"2024-10-12T18:01:47","modified_gmt":"2024-10-12T16:01:47","slug":"roditelji-primaju-pozive-da-skolsku-djecu-ispisu-od-pedijatara-netko-zeli-pomaknuti-tu-granicu-na-sedam-godina-to-nece-ici","status":"publish","type":"post","link":"https:\/\/likemetkovic.hr\/portal\/roditelji-primaju-pozive-da-skolsku-djecu-ispisu-od-pedijatara-netko-zeli-pomaknuti-tu-granicu-na-sedam-godina-to-nece-ici\/","title":{"rendered":"Roditelji primaju pozive da \u0161kolsku djecu ispi\u0161u od pedijatara: \u2018Netko \u017eeli pomaknuti tu granicu na sedam godina? To ne\u0107e i\u0107i\u2018"},"content":{"rendered":"<p>Roditelji na svoje ku\u0107ne adrese ovih dana primaju dopise Hrvatskog zavoda za zdravstveno osiguranje u kojima ih se upu\u0107uje da djecu stariju od sedam godina upi\u0161u kod lije\u010dnika op\u0107e, odnosno obiteljske medicine. Kao razlog navode da se \u201edoktor specijalist pedijatar ugovara za provo\u0111enje zdravstvene za\u0161tite iz obveznog zdravstvenog osiguranja za djecu pred\u0161kolske dobi od 0 do 7 godina\u201d, pi\u0161e <a href=\"https:\/\/dubrovacki.slobodnadalmacija.hr\/dubrovnik\/zupanija\/dubrovnik\/roditelji-primaju-pozive-da-skolsku-djecu-ispisu-od-pedijatara-netko-zeli-pomaknuti-tu-granicu-na-sedam-godina-to-nece-ici-1425288\" target=\"_blank\" rel=\"noopener\">Dubrova\u010dki vjesnik<\/a>.<\/p>\n<p>\u201eIzuzetak od navedenog su djeca s pote\u0161ko\u0107ama u razvoju\u201d, navodi se u dopisu dubrova\u010dke podru\u010dne slu\u017ebe HZZO-a, jer je, u skladu s preporukama Saborskog odbora za zdravstvo i Pravobraniteljice za osobe s invaliditetom, \u201edana iznimna suglasnost da osigurane osobe koje su navr\u0161ile 18 godina \u017eivota, a koje su zbog svog zdravstvenog stanja u kontinuiranoj skrbi izabranog doktora specijalista pedijatra, potrebnu zdravstvenu za\u0161titu mogu nastaviti koristiti kod izabranog doktora u djelatnosti zdravstvene za\u0161tite pred\u0161kolske djece\u201d.<\/p>\n<p>Upravno vije\u0107e HZZO-a je u sije\u010dnju ove godine donijelo Pravilnik o na\u010dinu izbora doktora primarne zdravstvene za\u0161tite po kojem se, prilikom izbora odnosno promjene doktora, kod pedijatra mogu prijaviti samo djeca do sedme godine \u017eivota. Ako je dijete ve\u0107 prijavljeno kod nekog pedijatra, zna\u010di li to da mora dijete prebaciti kod lije\u010dnika obiteljske medicine?<\/p>\n<h4>Ne treba \u017euriti<\/h4>\n<p>&#8211; Dobro je da se roditelji koji prime takav dopis jave odabranom pedijatru. Po ugovoru kojega smo sklopili s Hrvatskim zavodom za zdravstveno osiguranje, i koji je jo\u0161 uvijek va\u017ee\u0107i, stoji da mo\u017eemo zbrinjavati dijete do 14. godine \u017eivota. Dakle, roditelj djeteta u dobi od sedme do 14. godine ne mora prijaviti dijete kod lije\u010dnika obiteljske medicine, osim ako \u017eivi na podru\u010dju gdje pedijatar nema mogu\u0107nost primiti nove osiguranike. Roditelji diljem Hrvatske primaju takve dopise i u tom slu\u010daju nazovu nas, pedijatre, s kojima se potom dogovore ostaju li upisani. Dakle, roditelji zasad ne moraju prebaciti dijete, ali informacije s terena ukazuju na to da se pitanje manjka pedijatara \u017eeli \u201erije\u0161iti\u201d na na\u010din da se ispi\u0161u \u0161kolska djeca. Na taj se na\u010din \u017eeli prikazati da ne treba toliko pedijatara. Nije to dobar put! Iako se iz godine u godinu ra\u0111a manje djece, potrebe za zdravstvenom za\u0161titom su sve ve\u0107e. Na to ukazuju brojke djece s odstupanjem u razvoju. Sve je vi\u0161e kroni\u010dnih bolesti, cijepljenja, administracije,&#8230; Sve je vi\u0161e posla. Nije presudan ni podatak o broju djece, nego koliko se njima bavimo. Su\u0161tina le\u017ei u \u010dinjenici da je pedijatar najbolji izbor za dijete \u2013 ka\u017ee Mirjana Kolarek Karaka\u0161, predsjednica Hrvatskog dru\u0161tva za preventivnu i socijalnu pedijatriju.<\/p>\n<p>Vi\u0161e o ovome pro\u010ditajte na portalu <strong><a href=\"https:\/\/dubrovacki.slobodnadalmacija.hr\/dubrovnik\/zupanija\/dubrovnik\/roditelji-primaju-pozive-da-skolsku-djecu-ispisu-od-pedijatara-netko-zeli-pomaknuti-tu-granicu-na-sedam-godina-to-nece-ici-1425288\" target=\"_blank\" rel=\"noopener\">Dubrova\u010dki vjesnik<\/a><\/strong>.<\/p>\n<p>Foto: <a href=\"https:\/\/unsplash.com\/@cdc?utm_content=creditCopyText&amp;utm_medium=referral&amp;utm_source=unsplash\">CDC<\/a> \/\u00a0<a href=\"https:\/\/unsplash.com\/photos\/girl-getting-vaccine-TDoPeUSOD1c?utm_content=creditCopyText&amp;utm_medium=referral&amp;utm_source=unsplash\">Unsplash<\/a><\/p>\n","protected":false},"excerpt":{"rendered":"<p>Roditelji na svoje ku\u0107ne adrese ovih dana primaju dopise Hrvatskog zavoda za zdravstveno osiguranje u kojima ih se upu\u0107uje da djecu stariju od sedam godina upi\u0161u kod lije\u010dnika op\u0107e, odnosno obiteljske medicine. Kao razlog navode da se \u201edoktor specijalist pedijatar ugovara za provo\u0111enje zdravstvene za\u0161tite iz obveznog zdravstvenog osiguranja za djecu pred\u0161kolske dobi od 0 [&hellip;]<\/p>\n","protected":false},"author":7,"featured_media":159999,"comment_status":"open","ping_status":"open","sticky":false,"template":"","format":"standard","meta":{"footnotes":""},"categories":[283,300],"tags":[12775,5225],"class_list":{"0":"post-159998","1":"post","2":"type-post","3":"status-publish","4":"format-standard","5":"has-post-thumbnail","7":"category-a","8":"category-zupanija","9":"tag-djeca-zdravstvena-skrb","10":"tag-pedijatar"},"yoast_head":"<!-- This site is optimized with the Yoast SEO plugin v25.2 - https:\/\/yoast.com\/wordpress\/plugins\/seo\/ -->\n<title>Roditelji primaju pozive da \u0161kolsku djecu ispi\u0161u od pedijatara: \u2018Netko \u017eeli pomaknuti tu granicu na sedam godina? To ne\u0107e i\u0107i\u2018 - likemetkovic.hr<\/title>\n<meta name=\"robots\" content=\"index, follow, max-snippet:-1, max-image-preview:large, max-video-preview:-1\" \/>\n<link rel=\"canonical\" href=\"https:\/\/likemetkovic.hr\/portal\/roditelji-primaju-pozive-da-skolsku-djecu-ispisu-od-pedijatara-netko-zeli-pomaknuti-tu-granicu-na-sedam-godina-to-nece-ici\/\" \/>\n<meta property=\"og:locale\" content=\"hr_HR\" \/>\n<meta property=\"og:type\" content=\"article\" \/>\n<meta property=\"og:title\" content=\"Roditelji primaju pozive da \u0161kolsku djecu ispi\u0161u od pedijatara: \u2018Netko \u017eeli pomaknuti tu granicu na sedam godina? To ne\u0107e i\u0107i\u2018 - likemetkovic.hr\" \/>\n<meta property=\"og:description\" content=\"Roditelji na svoje ku\u0107ne adrese ovih dana primaju dopise Hrvatskog zavoda za zdravstveno osiguranje u kojima ih se upu\u0107uje da djecu stariju od sedam godina upi\u0161u kod lije\u010dnika op\u0107e, odnosno obiteljske medicine. Kao razlog navode da se \u201edoktor specijalist pedijatar ugovara za provo\u0111enje zdravstvene za\u0161tite iz obveznog zdravstvenog osiguranja za djecu pred\u0161kolske dobi od 0 [&hellip;]\" \/>\n<meta property=\"og:url\" content=\"https:\/\/likemetkovic.hr\/portal\/roditelji-primaju-pozive-da-skolsku-djecu-ispisu-od-pedijatara-netko-zeli-pomaknuti-tu-granicu-na-sedam-godina-to-nece-ici\/\" \/>\n<meta property=\"og:site_name\" content=\"likemetkovic.hr\" \/>\n<meta property=\"article:publisher\" content=\"https:\/\/www.facebook.com\/likemetkovic.hr\/\" \/>\n<meta property=\"article:published_time\" content=\"2024-10-12T16:01:47+00:00\" \/>\n<meta property=\"og:image\" content=\"https:\/\/likemetkovic.hr\/portal\/wp-content\/uploads\/2024\/10\/dijete-lijecnik-unsplashfree.jpg\" \/>\n\t<meta property=\"og:image:width\" content=\"800\" \/>\n\t<meta property=\"og:image:height\" content=\"534\" \/>\n\t<meta property=\"og:image:type\" content=\"image\/jpeg\" \/>\n<meta name=\"author\" content=\"LIKEmetkovic.hr\" \/>\n<meta name=\"twitter:card\" content=\"summary_large_image\" \/>\n<meta name=\"twitter:label1\" content=\"Napisao\/la\" \/>\n\t<meta name=\"twitter:data1\" content=\"LIKEmetkovic.hr\" \/>\n\t<meta name=\"twitter:label2\" content=\"Procijenjeno vrijeme \u010ditanja\" \/>\n\t<meta name=\"twitter:data2\" content=\"3 minute\" \/>\n<script type=\"application\/ld+json\" class=\"yoast-schema-graph\">{\"@context\":\"https:\/\/schema.org\",\"@graph\":[{\"@type\":\"WebPage\",\"@id\":\"https:\/\/likemetkovic.hr\/portal\/roditelji-primaju-pozive-da-skolsku-djecu-ispisu-od-pedijatara-netko-zeli-pomaknuti-tu-granicu-na-sedam-godina-to-nece-ici\/\",\"url\":\"https:\/\/likemetkovic.hr\/portal\/roditelji-primaju-pozive-da-skolsku-djecu-ispisu-od-pedijatara-netko-zeli-pomaknuti-tu-granicu-na-sedam-godina-to-nece-ici\/\",\"name\":\"Roditelji primaju pozive da \u0161kolsku djecu ispi\u0161u od pedijatara: \u2018Netko \u017eeli pomaknuti tu granicu na sedam godina? To ne\u0107e i\u0107i\u2018 - likemetkovic.hr\",\"isPartOf\":{\"@id\":\"https:\/\/likemetkovic.hr\/#website\"},\"primaryImageOfPage\":{\"@id\":\"https:\/\/likemetkovic.hr\/portal\/roditelji-primaju-pozive-da-skolsku-djecu-ispisu-od-pedijatara-netko-zeli-pomaknuti-tu-granicu-na-sedam-godina-to-nece-ici\/#primaryimage\"},\"image\":{\"@id\":\"https:\/\/likemetkovic.hr\/portal\/roditelji-primaju-pozive-da-skolsku-djecu-ispisu-od-pedijatara-netko-zeli-pomaknuti-tu-granicu-na-sedam-godina-to-nece-ici\/#primaryimage\"},\"thumbnailUrl\":\"https:\/\/likemetkovic.hr\/portal\/wp-content\/uploads\/2024\/10\/dijete-lijecnik-unsplashfree.jpg\",\"datePublished\":\"2024-10-12T16:01:47+00:00\",\"author\":{\"@id\":\"https:\/\/likemetkovic.hr\/#\/schema\/person\/a42711f3385a0e2be6f7e0443bfb28f0\"},\"breadcrumb\":{\"@id\":\"https:\/\/likemetkovic.hr\/portal\/roditelji-primaju-pozive-da-skolsku-djecu-ispisu-od-pedijatara-netko-zeli-pomaknuti-tu-granicu-na-sedam-godina-to-nece-ici\/#breadcrumb\"},\"inLanguage\":\"hr\",\"potentialAction\":[{\"@type\":\"ReadAction\",\"target\":[\"https:\/\/likemetkovic.hr\/portal\/roditelji-primaju-pozive-da-skolsku-djecu-ispisu-od-pedijatara-netko-zeli-pomaknuti-tu-granicu-na-sedam-godina-to-nece-ici\/\"]}]},{\"@type\":\"ImageObject\",\"inLanguage\":\"hr\",\"@id\":\"https:\/\/likemetkovic.hr\/portal\/roditelji-primaju-pozive-da-skolsku-djecu-ispisu-od-pedijatara-netko-zeli-pomaknuti-tu-granicu-na-sedam-godina-to-nece-ici\/#primaryimage\",\"url\":\"https:\/\/likemetkovic.hr\/portal\/wp-content\/uploads\/2024\/10\/dijete-lijecnik-unsplashfree.jpg\",\"contentUrl\":\"https:\/\/likemetkovic.hr\/portal\/wp-content\/uploads\/2024\/10\/dijete-lijecnik-unsplashfree.jpg\",\"width\":800,\"height\":534},{\"@type\":\"BreadcrumbList\",\"@id\":\"https:\/\/likemetkovic.hr\/portal\/roditelji-primaju-pozive-da-skolsku-djecu-ispisu-od-pedijatara-netko-zeli-pomaknuti-tu-granicu-na-sedam-godina-to-nece-ici\/#breadcrumb\",\"itemListElement\":[{\"@type\":\"ListItem\",\"position\":1,\"name\":\"Po\u010detna stranica\",\"item\":\"https:\/\/likemetkovic.hr\/portal\/\"},{\"@type\":\"ListItem\",\"position\":2,\"name\":\"Roditelji primaju pozive da \u0161kolsku djecu ispi\u0161u od pedijatara: \u2018Netko \u017eeli pomaknuti tu granicu na sedam godina? To ne\u0107e i\u0107i\u2018\"}]},{\"@type\":\"WebSite\",\"@id\":\"https:\/\/likemetkovic.hr\/#website\",\"url\":\"https:\/\/likemetkovic.hr\/\",\"name\":\"likemetkovic.hr\",\"description\":\"Misli pozitivno... \u010ditaj LIKE\",\"potentialAction\":[{\"@type\":\"SearchAction\",\"target\":{\"@type\":\"EntryPoint\",\"urlTemplate\":\"https:\/\/likemetkovic.hr\/?s={search_term_string}\"},\"query-input\":{\"@type\":\"PropertyValueSpecification\",\"valueRequired\":true,\"valueName\":\"search_term_string\"}}],\"inLanguage\":\"hr\"},{\"@type\":\"Person\",\"@id\":\"https:\/\/likemetkovic.hr\/#\/schema\/person\/a42711f3385a0e2be6f7e0443bfb28f0\",\"name\":\"LIKEmetkovic.hr\",\"sameAs\":[\"http:\/\/likemetkovic.hr\"],\"url\":\"https:\/\/likemetkovic.hr\/portal\/author\/likemetkovic-hr\/\"}]}<\/script>\n<!-- \/ Yoast SEO plugin. -->","yoast_head_json":{"title":"Roditelji primaju pozive da \u0161kolsku djecu ispi\u0161u od pedijatara: \u2018Netko \u017eeli pomaknuti tu granicu na sedam godina? To ne\u0107e i\u0107i\u2018 - likemetkovic.hr","robots":{"index":"index","follow":"follow","max-snippet":"max-snippet:-1","max-image-preview":"max-image-preview:large","max-video-preview":"max-video-preview:-1"},"canonical":"https:\/\/likemetkovic.hr\/portal\/roditelji-primaju-pozive-da-skolsku-djecu-ispisu-od-pedijatara-netko-zeli-pomaknuti-tu-granicu-na-sedam-godina-to-nece-ici\/","og_locale":"hr_HR","og_type":"article","og_title":"Roditelji primaju pozive da \u0161kolsku djecu ispi\u0161u od pedijatara: \u2018Netko \u017eeli pomaknuti tu granicu na sedam godina? To ne\u0107e i\u0107i\u2018 - likemetkovic.hr","og_description":"Roditelji na svoje ku\u0107ne adrese ovih dana primaju dopise Hrvatskog zavoda za zdravstveno osiguranje u kojima ih se upu\u0107uje da djecu stariju od sedam godina upi\u0161u kod lije\u010dnika op\u0107e, odnosno obiteljske medicine. Kao razlog navode da se \u201edoktor specijalist pedijatar ugovara za provo\u0111enje zdravstvene za\u0161tite iz obveznog zdravstvenog osiguranja za djecu pred\u0161kolske dobi od 0 [&hellip;]","og_url":"https:\/\/likemetkovic.hr\/portal\/roditelji-primaju-pozive-da-skolsku-djecu-ispisu-od-pedijatara-netko-zeli-pomaknuti-tu-granicu-na-sedam-godina-to-nece-ici\/","og_site_name":"likemetkovic.hr","article_publisher":"https:\/\/www.facebook.com\/likemetkovic.hr\/","article_published_time":"2024-10-12T16:01:47+00:00","og_image":[{"width":800,"height":534,"url":"https:\/\/likemetkovic.hr\/portal\/wp-content\/uploads\/2024\/10\/dijete-lijecnik-unsplashfree.jpg","type":"image\/jpeg"}],"author":"LIKEmetkovic.hr","twitter_card":"summary_large_image","twitter_misc":{"Napisao\/la":"LIKEmetkovic.hr","Procijenjeno vrijeme \u010ditanja":"3 minute"},"schema":{"@context":"https:\/\/schema.org","@graph":[{"@type":"WebPage","@id":"https:\/\/likemetkovic.hr\/portal\/roditelji-primaju-pozive-da-skolsku-djecu-ispisu-od-pedijatara-netko-zeli-pomaknuti-tu-granicu-na-sedam-godina-to-nece-ici\/","url":"https:\/\/likemetkovic.hr\/portal\/roditelji-primaju-pozive-da-skolsku-djecu-ispisu-od-pedijatara-netko-zeli-pomaknuti-tu-granicu-na-sedam-godina-to-nece-ici\/","name":"Roditelji primaju pozive da \u0161kolsku djecu ispi\u0161u od pedijatara: \u2018Netko \u017eeli pomaknuti tu granicu na sedam godina? To ne\u0107e i\u0107i\u2018 - likemetkovic.hr","isPartOf":{"@id":"https:\/\/likemetkovic.hr\/#website"},"primaryImageOfPage":{"@id":"https:\/\/likemetkovic.hr\/portal\/roditelji-primaju-pozive-da-skolsku-djecu-ispisu-od-pedijatara-netko-zeli-pomaknuti-tu-granicu-na-sedam-godina-to-nece-ici\/#primaryimage"},"image":{"@id":"https:\/\/likemetkovic.hr\/portal\/roditelji-primaju-pozive-da-skolsku-djecu-ispisu-od-pedijatara-netko-zeli-pomaknuti-tu-granicu-na-sedam-godina-to-nece-ici\/#primaryimage"},"thumbnailUrl":"https:\/\/likemetkovic.hr\/portal\/wp-content\/uploads\/2024\/10\/dijete-lijecnik-unsplashfree.jpg","datePublished":"2024-10-12T16:01:47+00:00","author":{"@id":"https:\/\/likemetkovic.hr\/#\/schema\/person\/a42711f3385a0e2be6f7e0443bfb28f0"},"breadcrumb":{"@id":"https:\/\/likemetkovic.hr\/portal\/roditelji-primaju-pozive-da-skolsku-djecu-ispisu-od-pedijatara-netko-zeli-pomaknuti-tu-granicu-na-sedam-godina-to-nece-ici\/#breadcrumb"},"inLanguage":"hr","potentialAction":[{"@type":"ReadAction","target":["https:\/\/likemetkovic.hr\/portal\/roditelji-primaju-pozive-da-skolsku-djecu-ispisu-od-pedijatara-netko-zeli-pomaknuti-tu-granicu-na-sedam-godina-to-nece-ici\/"]}]},{"@type":"ImageObject","inLanguage":"hr","@id":"https:\/\/likemetkovic.hr\/portal\/roditelji-primaju-pozive-da-skolsku-djecu-ispisu-od-pedijatara-netko-zeli-pomaknuti-tu-granicu-na-sedam-godina-to-nece-ici\/#primaryimage","url":"https:\/\/likemetkovic.hr\/portal\/wp-content\/uploads\/2024\/10\/dijete-lijecnik-unsplashfree.jpg","contentUrl":"https:\/\/likemetkovic.hr\/portal\/wp-content\/uploads\/2024\/10\/dijete-lijecnik-unsplashfree.jpg","width":800,"height":534},{"@type":"BreadcrumbList","@id":"https:\/\/likemetkovic.hr\/portal\/roditelji-primaju-pozive-da-skolsku-djecu-ispisu-od-pedijatara-netko-zeli-pomaknuti-tu-granicu-na-sedam-godina-to-nece-ici\/#breadcrumb","itemListElement":[{"@type":"ListItem","position":1,"name":"Po\u010detna stranica","item":"https:\/\/likemetkovic.hr\/portal\/"},{"@type":"ListItem","position":2,"name":"Roditelji primaju pozive da \u0161kolsku djecu ispi\u0161u od pedijatara: \u2018Netko \u017eeli pomaknuti tu granicu na sedam godina? To ne\u0107e i\u0107i\u2018"}]},{"@type":"WebSite","@id":"https:\/\/likemetkovic.hr\/#website","url":"https:\/\/likemetkovic.hr\/","name":"likemetkovic.hr","description":"Misli pozitivno... \u010ditaj LIKE","potentialAction":[{"@type":"SearchAction","target":{"@type":"EntryPoint","urlTemplate":"https:\/\/likemetkovic.hr\/?s={search_term_string}"},"query-input":{"@type":"PropertyValueSpecification","valueRequired":true,"valueName":"search_term_string"}}],"inLanguage":"hr"},{"@type":"Person","@id":"https:\/\/likemetkovic.hr\/#\/schema\/person\/a42711f3385a0e2be6f7e0443bfb28f0","name":"LIKEmetkovic.hr","sameAs":["http:\/\/likemetkovic.hr"],"url":"https:\/\/likemetkovic.hr\/portal\/author\/likemetkovic-hr\/"}]}},"_links":{"self":[{"href":"https:\/\/likemetkovic.hr\/portal\/wp-json\/wp\/v2\/posts\/159998","targetHints":{"allow":["GET"]}}],"collection":[{"href":"https:\/\/likemetkovic.hr\/portal\/wp-json\/wp\/v2\/posts"}],"about":[{"href":"https:\/\/likemetkovic.hr\/portal\/wp-json\/wp\/v2\/types\/post"}],"author":[{"embeddable":true,"href":"https:\/\/likemetkovic.hr\/portal\/wp-json\/wp\/v2\/users\/7"}],"replies":[{"embeddable":true,"href":"https:\/\/likemetkovic.hr\/portal\/wp-json\/wp\/v2\/comments?post=159998"}],"version-history":[{"count":1,"href":"https:\/\/likemetkovic.hr\/portal\/wp-json\/wp\/v2\/posts\/159998\/revisions"}],"predecessor-version":[{"id":160000,"href":"https:\/\/likemetkovic.hr\/portal\/wp-json\/wp\/v2\/posts\/159998\/revisions\/160000"}],"wp:featuredmedia":[{"embeddable":true,"href":"https:\/\/likemetkovic.hr\/portal\/wp-json\/wp\/v2\/media\/159999"}],"wp:attachment":[{"href":"https:\/\/likemetkovic.hr\/portal\/wp-json\/wp\/v2\/media?parent=159998"}],"wp:term":[{"taxonomy":"category","embeddable":true,"href":"https:\/\/likemetkovic.hr\/portal\/wp-json\/wp\/v2\/categories?post=159998"},{"taxonomy":"post_tag","embeddable":true,"href":"https:\/\/likemetkovic.hr\/portal\/wp-json\/wp\/v2\/tags?post=159998"}],"curies":[{"name":"wp","href":"https:\/\/api.w.org\/{rel}","templated":true}]}}