{"id":162868,"date":"2025-01-28T12:15:50","date_gmt":"2025-01-28T11:15:50","guid":{"rendered":"https:\/\/likemetkovic.hr\/portal\/?p=162868"},"modified":"2025-01-28T12:15:50","modified_gmt":"2025-01-28T11:15:50","slug":"gradani-pozvani-da-u-petak-ne-trose-najavljen-i-bojkot-lidla-eurospina-i-dm-a-na-tjedan-dana","status":"publish","type":"post","link":"https:\/\/likemetkovic.hr\/portal\/gradani-pozvani-da-u-petak-ne-trose-najavljen-i-bojkot-lidla-eurospina-i-dm-a-na-tjedan-dana\/","title":{"rendered":"Gra\u0111ani pozvani da u petak ne tro\u0161e! Najavljen i bojkot Lidla, Eurospina i DM-a na tjedan dana"},"content":{"rendered":"<p>Organizator bojkota iz platforme &#8220;Halo, inspektore&#8221;\u00a0<strong>Josip Kelemen<\/strong> na konferenciji za novinare rekao je da \u0107e se <strong>u petak, 31. sije\u010dnja, odr\u017eati veliki bojkot<\/strong>, ve\u0107i od onoga 24. sije\u010dnja, objavio je<a href=\"https:\/\/vijesti.hrt.hr\/hrvatska\/novi-bojkot-trgovina-u-petak-31-sijecnja-11981582\" target=\"_blank\" rel=\"noopener\"> HRT<\/a>.<\/p>\n<h4>&#8216;U petak nemojte uop\u0107e tro\u0161iti&#8217;<\/h4>\n<p>&#8211; Bit \u0107e to bojkot svakog oblika kupnje. Pozivamo gra\u0111ane, potro\u0161a\u010de, da se suzdr\u017ee od bilo kakve kupnje. Zato \u0161to ovaj put glas potro\u0161a\u010da mora obuhvatiti i one koji su u petak malo eskivirali. Treba poslati poruku i onima koji su dijelom i uzrok divljanja cijena i inflacije. \u017delimo sna\u017enu poruku poslati bankama koje su pro\u0161le godine dignule naknade, a opet najavljuju njihovo podizanje. Svi znamo da kod nas nema poreza koji bi ih dodatno opteretio i smanjio iznos koji se iznosi iz RH. \u017delimo poslati poruku da se potro\u0161a\u010di ne sla\u017eu s time. Izbjegavajte telekomunikacijske usluge, ali i dostavlja\u010de. I oni su jedan od generatora koji su odr\u017eali potro\u0161nju koja bi bila znatno manja, rekao je.<\/p>\n<p>&#8211; Strani radnici nisu znali da se odr\u017eava bojkot. Sada pozivamo i njih da nam se pridru\u017ee. Pozivamo i one koji su odlazili u restorane ili kafi\u0107e da se suzdr\u017ee i da na taj dan ne potro\u0161e ni eurocent, istaknuo je.<\/p>\n<p>Pozvao je na suzdr\u017eanost i racionalnu potro\u0161nju.<\/p>\n<p>&#8211; Nemojte to\u010diti gorivo, nemojte kupovati karte, nemojte putovati i nemojte kupovati na internetskim platformama. Ovaj put idemo i prema drogerijama, nemojte i\u0107i u drogerije, rekao je.<\/p>\n<h4>Bojkot triju trgova\u010dkih lanaca na tjedan dana<\/h4>\n<p>Bojkot \u0107e ovaj put obuhvatiti tri trgova\u010dka lanca na tjedan dana, po\u010dev\u0161i od \u010detvrtka ujutro do srijede, 5. velja\u010de, nave\u010der. Usto ide bojkot triju proizvoda na tjedan dana.<\/p>\n<p>&#8211; Bojkot svakog oblika kupnje proizvoda i usluga, svega. To \u0107e biti sna\u017ean signal i otpor kupnji i pove\u0107anju cijena. Predla\u017eemo da se bojkotiraju tri trgova\u010dka lanca na tjedan dana, a to su<strong> Lidl, Eurospin i DM.<\/strong><\/p>\n<h4>Bojkot triju proizvoda na tjedan dana<\/h4>\n<p>&#8211; Od \u010detvrtka ne kupujte <strong>Coca-Colu i ostala gazirana i negazirana pi\u0107a<\/strong>. Pove\u0107anje cijene je bilo ve\u0107e od 20 posto.\u00a0Drugi proizvod je <strong>voda<\/strong>, koja je skuplja i od piva. Nedopustivo i neshvatljivo. Tre\u0107i proizvod je <strong>deterd\u017eent<\/strong>, rekao je, te dodao kako potro\u0161a\u010di smatraju da su to tri proizvoda koja treba bojkotirati.<\/p>\n<p>&#8211; U petak, 31. sije\u010dnja, kad se malo zagrijemo, pozivamo da nastane ti\u0161ina. Pozivamo da Hrvatska stane kako smo pokazali u petak. Ono \u0161to nam je imponiralo jest to da su potro\u0161a\u010di pokazali ne\u0161to nevjerojatno, da su na pasivan na\u010din gra\u0111ani RH poslali sna\u017enu poruku. \u017delimo da se glas potro\u0161a\u010da \u010duje i da ovaj put bude jo\u0161 glasniji jer su nam trgova\u010dki lanci u subotu pokazali srednji prst i rekli da nastavljaju dalje na isti na\u010din, rekao je Kelemen.<\/p>\n<p>&#8211; Ovo nije napad na trgova\u010dke lance, ali poru\u010dujemo njihovim menad\u017ementima da su krajnje cijene previsoke i neodr\u017eive, rekao je Kelemen.<\/p>\n<p>Zaposlene u trgovinama pozvao je da tijekom prosvjednih akcija uspore rad.<\/p>\n<p>&#8211; Nismo protiv vas, va\u0161eg statusa i primanja, poru\u010dio im je, a potro\u0161a\u010de je pozvao da kupuju od OPG-ova.<\/p>\n","protected":false},"excerpt":{"rendered":"<p>Organizator bojkota iz platforme &#8220;Halo, inspektore&#8221;\u00a0Josip Kelemen na konferenciji za novinare rekao je da \u0107e se u petak, 31. sije\u010dnja, odr\u017eati veliki bojkot, ve\u0107i od onoga 24. sije\u010dnja, objavio je HRT. &#8216;U petak nemojte uop\u0107e tro\u0161iti&#8217; &#8211; Bit \u0107e to bojkot svakog oblika kupnje. Pozivamo gra\u0111ane, potro\u0161a\u010de, da se suzdr\u017ee od bilo kakve kupnje. Zato [&hellip;]<\/p>\n","protected":false},"author":7,"featured_media":162748,"comment_status":"open","ping_status":"open","sticky":false,"template":"","format":"standard","meta":{"footnotes":""},"categories":[283,1027],"tags":[12911],"class_list":{"0":"post-162868","1":"post","2":"type-post","3":"status-publish","4":"format-standard","5":"has-post-thumbnail","7":"category-a","8":"category-hrvatska","9":"tag-bojkot-trgovina"},"yoast_head":"<!-- This site is optimized with the Yoast SEO plugin v25.2 - https:\/\/yoast.com\/wordpress\/plugins\/seo\/ -->\n<title>Gra\u0111ani pozvani da u petak ne tro\u0161e! Najavljen i bojkot Lidla, Eurospina i DM-a na tjedan dana - likemetkovic.hr<\/title>\n<meta name=\"robots\" content=\"index, follow, max-snippet:-1, max-image-preview:large, max-video-preview:-1\" \/>\n<link rel=\"canonical\" href=\"https:\/\/likemetkovic.hr\/portal\/gradani-pozvani-da-u-petak-ne-trose-najavljen-i-bojkot-lidla-eurospina-i-dm-a-na-tjedan-dana\/\" \/>\n<meta property=\"og:locale\" content=\"hr_HR\" \/>\n<meta property=\"og:type\" content=\"article\" \/>\n<meta property=\"og:title\" content=\"Gra\u0111ani pozvani da u petak ne tro\u0161e! Najavljen i bojkot Lidla, Eurospina i DM-a na tjedan dana - likemetkovic.hr\" \/>\n<meta property=\"og:description\" content=\"Organizator bojkota iz platforme &#8220;Halo, inspektore&#8221;\u00a0Josip Kelemen na konferenciji za novinare rekao je da \u0107e se u petak, 31. sije\u010dnja, odr\u017eati veliki bojkot, ve\u0107i od onoga 24. sije\u010dnja, objavio je HRT. &#8216;U petak nemojte uop\u0107e tro\u0161iti&#8217; &#8211; Bit \u0107e to bojkot svakog oblika kupnje. Pozivamo gra\u0111ane, potro\u0161a\u010de, da se suzdr\u017ee od bilo kakve kupnje. Zato [&hellip;]\" \/>\n<meta property=\"og:url\" content=\"https:\/\/likemetkovic.hr\/portal\/gradani-pozvani-da-u-petak-ne-trose-najavljen-i-bojkot-lidla-eurospina-i-dm-a-na-tjedan-dana\/\" \/>\n<meta property=\"og:site_name\" content=\"likemetkovic.hr\" \/>\n<meta property=\"article:publisher\" content=\"https:\/\/www.facebook.com\/likemetkovic.hr\/\" \/>\n<meta property=\"article:published_time\" content=\"2025-01-28T11:15:50+00:00\" \/>\n<meta property=\"og:image\" content=\"https:\/\/likemetkovic.hr\/portal\/wp-content\/uploads\/2025\/01\/lidl-metkovic-24-1-2025-1.jpg\" \/>\n\t<meta property=\"og:image:width\" content=\"800\" \/>\n\t<meta property=\"og:image:height\" content=\"600\" \/>\n\t<meta property=\"og:image:type\" content=\"image\/jpeg\" \/>\n<meta name=\"author\" content=\"LIKEmetkovic.hr\" \/>\n<meta name=\"twitter:card\" content=\"summary_large_image\" \/>\n<meta name=\"twitter:label1\" content=\"Napisao\/la\" \/>\n\t<meta name=\"twitter:data1\" content=\"LIKEmetkovic.hr\" \/>\n<script type=\"application\/ld+json\" class=\"yoast-schema-graph\">{\"@context\":\"https:\/\/schema.org\",\"@graph\":[{\"@type\":\"WebPage\",\"@id\":\"https:\/\/likemetkovic.hr\/portal\/gradani-pozvani-da-u-petak-ne-trose-najavljen-i-bojkot-lidla-eurospina-i-dm-a-na-tjedan-dana\/\",\"url\":\"https:\/\/likemetkovic.hr\/portal\/gradani-pozvani-da-u-petak-ne-trose-najavljen-i-bojkot-lidla-eurospina-i-dm-a-na-tjedan-dana\/\",\"name\":\"Gra\u0111ani pozvani da u petak ne tro\u0161e! Najavljen i bojkot Lidla, Eurospina i DM-a na tjedan dana - likemetkovic.hr\",\"isPartOf\":{\"@id\":\"https:\/\/likemetkovic.hr\/#website\"},\"primaryImageOfPage\":{\"@id\":\"https:\/\/likemetkovic.hr\/portal\/gradani-pozvani-da-u-petak-ne-trose-najavljen-i-bojkot-lidla-eurospina-i-dm-a-na-tjedan-dana\/#primaryimage\"},\"image\":{\"@id\":\"https:\/\/likemetkovic.hr\/portal\/gradani-pozvani-da-u-petak-ne-trose-najavljen-i-bojkot-lidla-eurospina-i-dm-a-na-tjedan-dana\/#primaryimage\"},\"thumbnailUrl\":\"https:\/\/likemetkovic.hr\/portal\/wp-content\/uploads\/2025\/01\/lidl-metkovic-24-1-2025-1.jpg\",\"datePublished\":\"2025-01-28T11:15:50+00:00\",\"author\":{\"@id\":\"https:\/\/likemetkovic.hr\/#\/schema\/person\/a42711f3385a0e2be6f7e0443bfb28f0\"},\"breadcrumb\":{\"@id\":\"https:\/\/likemetkovic.hr\/portal\/gradani-pozvani-da-u-petak-ne-trose-najavljen-i-bojkot-lidla-eurospina-i-dm-a-na-tjedan-dana\/#breadcrumb\"},\"inLanguage\":\"hr\",\"potentialAction\":[{\"@type\":\"ReadAction\",\"target\":[\"https:\/\/likemetkovic.hr\/portal\/gradani-pozvani-da-u-petak-ne-trose-najavljen-i-bojkot-lidla-eurospina-i-dm-a-na-tjedan-dana\/\"]}]},{\"@type\":\"ImageObject\",\"inLanguage\":\"hr\",\"@id\":\"https:\/\/likemetkovic.hr\/portal\/gradani-pozvani-da-u-petak-ne-trose-najavljen-i-bojkot-lidla-eurospina-i-dm-a-na-tjedan-dana\/#primaryimage\",\"url\":\"https:\/\/likemetkovic.hr\/portal\/wp-content\/uploads\/2025\/01\/lidl-metkovic-24-1-2025-1.jpg\",\"contentUrl\":\"https:\/\/likemetkovic.hr\/portal\/wp-content\/uploads\/2025\/01\/lidl-metkovic-24-1-2025-1.jpg\",\"width\":800,\"height\":600},{\"@type\":\"BreadcrumbList\",\"@id\":\"https:\/\/likemetkovic.hr\/portal\/gradani-pozvani-da-u-petak-ne-trose-najavljen-i-bojkot-lidla-eurospina-i-dm-a-na-tjedan-dana\/#breadcrumb\",\"itemListElement\":[{\"@type\":\"ListItem\",\"position\":1,\"name\":\"Po\u010detna stranica\",\"item\":\"https:\/\/likemetkovic.hr\/portal\/\"},{\"@type\":\"ListItem\",\"position\":2,\"name\":\"Gra\u0111ani pozvani da u petak ne tro\u0161e! Najavljen i bojkot Lidla, Eurospina i DM-a na tjedan dana\"}]},{\"@type\":\"WebSite\",\"@id\":\"https:\/\/likemetkovic.hr\/#website\",\"url\":\"https:\/\/likemetkovic.hr\/\",\"name\":\"likemetkovic.hr\",\"description\":\"Misli pozitivno... \u010ditaj LIKE\",\"potentialAction\":[{\"@type\":\"SearchAction\",\"target\":{\"@type\":\"EntryPoint\",\"urlTemplate\":\"https:\/\/likemetkovic.hr\/?s={search_term_string}\"},\"query-input\":{\"@type\":\"PropertyValueSpecification\",\"valueRequired\":true,\"valueName\":\"search_term_string\"}}],\"inLanguage\":\"hr\"},{\"@type\":\"Person\",\"@id\":\"https:\/\/likemetkovic.hr\/#\/schema\/person\/a42711f3385a0e2be6f7e0443bfb28f0\",\"name\":\"LIKEmetkovic.hr\",\"sameAs\":[\"http:\/\/likemetkovic.hr\"],\"url\":\"https:\/\/likemetkovic.hr\/portal\/author\/likemetkovic-hr\/\"}]}<\/script>\n<!-- \/ Yoast SEO plugin. -->","yoast_head_json":{"title":"Gra\u0111ani pozvani da u petak ne tro\u0161e! Najavljen i bojkot Lidla, Eurospina i DM-a na tjedan dana - likemetkovic.hr","robots":{"index":"index","follow":"follow","max-snippet":"max-snippet:-1","max-image-preview":"max-image-preview:large","max-video-preview":"max-video-preview:-1"},"canonical":"https:\/\/likemetkovic.hr\/portal\/gradani-pozvani-da-u-petak-ne-trose-najavljen-i-bojkot-lidla-eurospina-i-dm-a-na-tjedan-dana\/","og_locale":"hr_HR","og_type":"article","og_title":"Gra\u0111ani pozvani da u petak ne tro\u0161e! Najavljen i bojkot Lidla, Eurospina i DM-a na tjedan dana - likemetkovic.hr","og_description":"Organizator bojkota iz platforme &#8220;Halo, inspektore&#8221;\u00a0Josip Kelemen na konferenciji za novinare rekao je da \u0107e se u petak, 31. sije\u010dnja, odr\u017eati veliki bojkot, ve\u0107i od onoga 24. sije\u010dnja, objavio je HRT. &#8216;U petak nemojte uop\u0107e tro\u0161iti&#8217; &#8211; Bit \u0107e to bojkot svakog oblika kupnje. Pozivamo gra\u0111ane, potro\u0161a\u010de, da se suzdr\u017ee od bilo kakve kupnje. Zato [&hellip;]","og_url":"https:\/\/likemetkovic.hr\/portal\/gradani-pozvani-da-u-petak-ne-trose-najavljen-i-bojkot-lidla-eurospina-i-dm-a-na-tjedan-dana\/","og_site_name":"likemetkovic.hr","article_publisher":"https:\/\/www.facebook.com\/likemetkovic.hr\/","article_published_time":"2025-01-28T11:15:50+00:00","og_image":[{"width":800,"height":600,"url":"https:\/\/likemetkovic.hr\/portal\/wp-content\/uploads\/2025\/01\/lidl-metkovic-24-1-2025-1.jpg","type":"image\/jpeg"}],"author":"LIKEmetkovic.hr","twitter_card":"summary_large_image","twitter_misc":{"Napisao\/la":"LIKEmetkovic.hr"},"schema":{"@context":"https:\/\/schema.org","@graph":[{"@type":"WebPage","@id":"https:\/\/likemetkovic.hr\/portal\/gradani-pozvani-da-u-petak-ne-trose-najavljen-i-bojkot-lidla-eurospina-i-dm-a-na-tjedan-dana\/","url":"https:\/\/likemetkovic.hr\/portal\/gradani-pozvani-da-u-petak-ne-trose-najavljen-i-bojkot-lidla-eurospina-i-dm-a-na-tjedan-dana\/","name":"Gra\u0111ani pozvani da u petak ne tro\u0161e! Najavljen i bojkot Lidla, Eurospina i DM-a na tjedan dana - likemetkovic.hr","isPartOf":{"@id":"https:\/\/likemetkovic.hr\/#website"},"primaryImageOfPage":{"@id":"https:\/\/likemetkovic.hr\/portal\/gradani-pozvani-da-u-petak-ne-trose-najavljen-i-bojkot-lidla-eurospina-i-dm-a-na-tjedan-dana\/#primaryimage"},"image":{"@id":"https:\/\/likemetkovic.hr\/portal\/gradani-pozvani-da-u-petak-ne-trose-najavljen-i-bojkot-lidla-eurospina-i-dm-a-na-tjedan-dana\/#primaryimage"},"thumbnailUrl":"https:\/\/likemetkovic.hr\/portal\/wp-content\/uploads\/2025\/01\/lidl-metkovic-24-1-2025-1.jpg","datePublished":"2025-01-28T11:15:50+00:00","author":{"@id":"https:\/\/likemetkovic.hr\/#\/schema\/person\/a42711f3385a0e2be6f7e0443bfb28f0"},"breadcrumb":{"@id":"https:\/\/likemetkovic.hr\/portal\/gradani-pozvani-da-u-petak-ne-trose-najavljen-i-bojkot-lidla-eurospina-i-dm-a-na-tjedan-dana\/#breadcrumb"},"inLanguage":"hr","potentialAction":[{"@type":"ReadAction","target":["https:\/\/likemetkovic.hr\/portal\/gradani-pozvani-da-u-petak-ne-trose-najavljen-i-bojkot-lidla-eurospina-i-dm-a-na-tjedan-dana\/"]}]},{"@type":"ImageObject","inLanguage":"hr","@id":"https:\/\/likemetkovic.hr\/portal\/gradani-pozvani-da-u-petak-ne-trose-najavljen-i-bojkot-lidla-eurospina-i-dm-a-na-tjedan-dana\/#primaryimage","url":"https:\/\/likemetkovic.hr\/portal\/wp-content\/uploads\/2025\/01\/lidl-metkovic-24-1-2025-1.jpg","contentUrl":"https:\/\/likemetkovic.hr\/portal\/wp-content\/uploads\/2025\/01\/lidl-metkovic-24-1-2025-1.jpg","width":800,"height":600},{"@type":"BreadcrumbList","@id":"https:\/\/likemetkovic.hr\/portal\/gradani-pozvani-da-u-petak-ne-trose-najavljen-i-bojkot-lidla-eurospina-i-dm-a-na-tjedan-dana\/#breadcrumb","itemListElement":[{"@type":"ListItem","position":1,"name":"Po\u010detna stranica","item":"https:\/\/likemetkovic.hr\/portal\/"},{"@type":"ListItem","position":2,"name":"Gra\u0111ani pozvani da u petak ne tro\u0161e! Najavljen i bojkot Lidla, Eurospina i DM-a na tjedan dana"}]},{"@type":"WebSite","@id":"https:\/\/likemetkovic.hr\/#website","url":"https:\/\/likemetkovic.hr\/","name":"likemetkovic.hr","description":"Misli pozitivno... \u010ditaj LIKE","potentialAction":[{"@type":"SearchAction","target":{"@type":"EntryPoint","urlTemplate":"https:\/\/likemetkovic.hr\/?s={search_term_string}"},"query-input":{"@type":"PropertyValueSpecification","valueRequired":true,"valueName":"search_term_string"}}],"inLanguage":"hr"},{"@type":"Person","@id":"https:\/\/likemetkovic.hr\/#\/schema\/person\/a42711f3385a0e2be6f7e0443bfb28f0","name":"LIKEmetkovic.hr","sameAs":["http:\/\/likemetkovic.hr"],"url":"https:\/\/likemetkovic.hr\/portal\/author\/likemetkovic-hr\/"}]}},"_links":{"self":[{"href":"https:\/\/likemetkovic.hr\/portal\/wp-json\/wp\/v2\/posts\/162868","targetHints":{"allow":["GET"]}}],"collection":[{"href":"https:\/\/likemetkovic.hr\/portal\/wp-json\/wp\/v2\/posts"}],"about":[{"href":"https:\/\/likemetkovic.hr\/portal\/wp-json\/wp\/v2\/types\/post"}],"author":[{"embeddable":true,"href":"https:\/\/likemetkovic.hr\/portal\/wp-json\/wp\/v2\/users\/7"}],"replies":[{"embeddable":true,"href":"https:\/\/likemetkovic.hr\/portal\/wp-json\/wp\/v2\/comments?post=162868"}],"version-history":[{"count":1,"href":"https:\/\/likemetkovic.hr\/portal\/wp-json\/wp\/v2\/posts\/162868\/revisions"}],"predecessor-version":[{"id":162869,"href":"https:\/\/likemetkovic.hr\/portal\/wp-json\/wp\/v2\/posts\/162868\/revisions\/162869"}],"wp:featuredmedia":[{"embeddable":true,"href":"https:\/\/likemetkovic.hr\/portal\/wp-json\/wp\/v2\/media\/162748"}],"wp:attachment":[{"href":"https:\/\/likemetkovic.hr\/portal\/wp-json\/wp\/v2\/media?parent=162868"}],"wp:term":[{"taxonomy":"category","embeddable":true,"href":"https:\/\/likemetkovic.hr\/portal\/wp-json\/wp\/v2\/categories?post=162868"},{"taxonomy":"post_tag","embeddable":true,"href":"https:\/\/likemetkovic.hr\/portal\/wp-json\/wp\/v2\/tags?post=162868"}],"curies":[{"name":"wp","href":"https:\/\/api.w.org\/{rel}","templated":true}]}}