{"id":163936,"date":"2025-03-17T14:03:22","date_gmt":"2025-03-17T13:03:22","guid":{"rendered":"https:\/\/likemetkovic.hr\/portal\/?p=163936"},"modified":"2025-05-16T21:59:03","modified_gmt":"2025-05-16T19:59:03","slug":"lokalni-izbori-petrov-i-grmoja-o-problemu-priustivog-stanovanja-u-metkovicu-i-okolici","status":"publish","type":"post","link":"https:\/\/likemetkovic.hr\/portal\/lokalni-izbori-petrov-i-grmoja-o-problemu-priustivog-stanovanja-u-metkovicu-i-okolici\/","title":{"rendered":"LOKALNI IZBORI | Petrov i Grmoja o problemu priu\u0161tivog stanovanja u Metkovi\u0107u i okolici"},"content":{"rendered":"<p>Jutros u Ulici Ante Star\u010devi\u0107a (kod kru\u017enog toka) u Metkovi\u0107u konferenciju za medije odr\u017eali su Bo\u017eo Petrov, Mostov kandidat za \u017eupana Dubrova\u010dko-neretvanske \u017eupanije i Nikola Grmoja, Mostov kandidat za gradona\u010delnika Metkovi\u0107a.<\/p>\n<p>Petrov i Grmoja su govorili o problemu priu\u0161tivog stanovanja koji poga\u0111a sve ve\u0107i broj stanovnika Metkovi\u0107a i okolice. Evo \u0161to su kazali&#8230;<\/p>\n<p><iframe title=\"Bo\u017eo  Petrov i Nikola  Grmoja o stanogradnji\" width=\"696\" height=\"392\" src=\"https:\/\/www.youtube.com\/embed\/JkLg-1r5GmA?feature=oembed\" frameborder=\"0\" allow=\"accelerometer; autoplay; clipboard-write; encrypted-media; gyroscope; picture-in-picture; web-share\" referrerpolicy=\"strict-origin-when-cross-origin\" allowfullscreen><\/iframe><\/p>\n","protected":false},"excerpt":{"rendered":"<p>Jutros u Ulici Ante Star\u010devi\u0107a (kod kru\u017enog toka) u Metkovi\u0107u konferenciju za medije odr\u017eali su Bo\u017eo Petrov, Mostov kandidat za \u017eupana Dubrova\u010dko-neretvanske \u017eupanije i Nikola Grmoja, Mostov kandidat za gradona\u010delnika Metkovi\u0107a. Petrov i Grmoja su govorili o problemu priu\u0161tivog stanovanja koji poga\u0111a sve ve\u0107i broj stanovnika Metkovi\u0107a i okolice. Evo \u0161to su kazali&#8230;<\/p>\n","protected":false},"author":7,"featured_media":163937,"comment_status":"open","ping_status":"open","sticky":false,"template":"","format":"video","meta":{"footnotes":""},"categories":[11,290],"tags":[429,416,322,321,12988],"class_list":{"0":"post-163936","1":"post","2":"type-post","3":"status-publish","4":"format-video","5":"has-post-thumbnail","7":"category-metkovic-dolina","8":"category-politika","9":"tag-bozo-petrov","10":"tag-lokalni-izbori","11":"tag-most","12":"tag-nikola-grmoja","13":"tag-priustivo-stanovanje","14":"post_format-post-format-video"},"yoast_head":"<!-- This site is optimized with the Yoast SEO plugin v25.2 - https:\/\/yoast.com\/wordpress\/plugins\/seo\/ -->\n<title>LOKALNI IZBORI | Petrov i Grmoja o problemu priu\u0161tivog stanovanja u Metkovi\u0107u i okolici - likemetkovic.hr<\/title>\n<meta name=\"robots\" content=\"index, follow, max-snippet:-1, max-image-preview:large, max-video-preview:-1\" \/>\n<link rel=\"canonical\" href=\"https:\/\/likemetkovic.hr\/portal\/lokalni-izbori-petrov-i-grmoja-o-problemu-priustivog-stanovanja-u-metkovicu-i-okolici\/\" \/>\n<meta property=\"og:locale\" content=\"hr_HR\" \/>\n<meta property=\"og:type\" content=\"article\" \/>\n<meta property=\"og:title\" content=\"LOKALNI IZBORI | Petrov i Grmoja o problemu priu\u0161tivog stanovanja u Metkovi\u0107u i okolici - likemetkovic.hr\" \/>\n<meta property=\"og:description\" content=\"Jutros u Ulici Ante Star\u010devi\u0107a (kod kru\u017enog toka) u Metkovi\u0107u konferenciju za medije odr\u017eali su Bo\u017eo Petrov, Mostov kandidat za \u017eupana Dubrova\u010dko-neretvanske \u017eupanije i Nikola Grmoja, Mostov kandidat za gradona\u010delnika Metkovi\u0107a. Petrov i Grmoja su govorili o problemu priu\u0161tivog stanovanja koji poga\u0111a sve ve\u0107i broj stanovnika Metkovi\u0107a i okolice. Evo \u0161to su kazali&#8230;\" \/>\n<meta property=\"og:url\" content=\"https:\/\/likemetkovic.hr\/portal\/lokalni-izbori-petrov-i-grmoja-o-problemu-priustivog-stanovanja-u-metkovicu-i-okolici\/\" \/>\n<meta property=\"og:site_name\" content=\"likemetkovic.hr\" \/>\n<meta property=\"article:publisher\" content=\"https:\/\/www.facebook.com\/likemetkovic.hr\/\" \/>\n<meta property=\"article:published_time\" content=\"2025-03-17T13:03:22+00:00\" \/>\n<meta property=\"article:modified_time\" content=\"2025-05-16T19:59:03+00:00\" \/>\n<meta property=\"og:image\" content=\"https:\/\/likemetkovic.hr\/portal\/wp-content\/uploads\/2025\/03\/grmoja-petrov-stanogradnja-presica.jpg\" \/>\n\t<meta property=\"og:image:width\" content=\"800\" \/>\n\t<meta property=\"og:image:height\" content=\"448\" \/>\n\t<meta property=\"og:image:type\" content=\"image\/jpeg\" \/>\n<meta name=\"author\" content=\"LIKEmetkovic.hr\" \/>\n<meta name=\"twitter:card\" content=\"summary_large_image\" \/>\n<meta name=\"twitter:label1\" content=\"Napisao\/la\" \/>\n\t<meta name=\"twitter:data1\" content=\"LIKEmetkovic.hr\" \/>\n\t<meta name=\"twitter:label2\" content=\"Procijenjeno vrijeme \u010ditanja\" \/>\n\t<meta name=\"twitter:data2\" content=\"1 minuta\" \/>\n<script type=\"application\/ld+json\" class=\"yoast-schema-graph\">{\"@context\":\"https:\/\/schema.org\",\"@graph\":[{\"@type\":\"WebPage\",\"@id\":\"https:\/\/likemetkovic.hr\/portal\/lokalni-izbori-petrov-i-grmoja-o-problemu-priustivog-stanovanja-u-metkovicu-i-okolici\/\",\"url\":\"https:\/\/likemetkovic.hr\/portal\/lokalni-izbori-petrov-i-grmoja-o-problemu-priustivog-stanovanja-u-metkovicu-i-okolici\/\",\"name\":\"LOKALNI IZBORI | Petrov i Grmoja o problemu priu\u0161tivog stanovanja u Metkovi\u0107u i okolici - likemetkovic.hr\",\"isPartOf\":{\"@id\":\"https:\/\/likemetkovic.hr\/#website\"},\"primaryImageOfPage\":{\"@id\":\"https:\/\/likemetkovic.hr\/portal\/lokalni-izbori-petrov-i-grmoja-o-problemu-priustivog-stanovanja-u-metkovicu-i-okolici\/#primaryimage\"},\"image\":{\"@id\":\"https:\/\/likemetkovic.hr\/portal\/lokalni-izbori-petrov-i-grmoja-o-problemu-priustivog-stanovanja-u-metkovicu-i-okolici\/#primaryimage\"},\"thumbnailUrl\":\"https:\/\/likemetkovic.hr\/portal\/wp-content\/uploads\/2025\/03\/grmoja-petrov-stanogradnja-presica.jpg\",\"datePublished\":\"2025-03-17T13:03:22+00:00\",\"dateModified\":\"2025-05-16T19:59:03+00:00\",\"author\":{\"@id\":\"https:\/\/likemetkovic.hr\/#\/schema\/person\/a42711f3385a0e2be6f7e0443bfb28f0\"},\"breadcrumb\":{\"@id\":\"https:\/\/likemetkovic.hr\/portal\/lokalni-izbori-petrov-i-grmoja-o-problemu-priustivog-stanovanja-u-metkovicu-i-okolici\/#breadcrumb\"},\"inLanguage\":\"hr\",\"potentialAction\":[{\"@type\":\"ReadAction\",\"target\":[\"https:\/\/likemetkovic.hr\/portal\/lokalni-izbori-petrov-i-grmoja-o-problemu-priustivog-stanovanja-u-metkovicu-i-okolici\/\"]}]},{\"@type\":\"ImageObject\",\"inLanguage\":\"hr\",\"@id\":\"https:\/\/likemetkovic.hr\/portal\/lokalni-izbori-petrov-i-grmoja-o-problemu-priustivog-stanovanja-u-metkovicu-i-okolici\/#primaryimage\",\"url\":\"https:\/\/likemetkovic.hr\/portal\/wp-content\/uploads\/2025\/03\/grmoja-petrov-stanogradnja-presica.jpg\",\"contentUrl\":\"https:\/\/likemetkovic.hr\/portal\/wp-content\/uploads\/2025\/03\/grmoja-petrov-stanogradnja-presica.jpg\",\"width\":800,\"height\":448},{\"@type\":\"BreadcrumbList\",\"@id\":\"https:\/\/likemetkovic.hr\/portal\/lokalni-izbori-petrov-i-grmoja-o-problemu-priustivog-stanovanja-u-metkovicu-i-okolici\/#breadcrumb\",\"itemListElement\":[{\"@type\":\"ListItem\",\"position\":1,\"name\":\"Po\u010detna stranica\",\"item\":\"https:\/\/likemetkovic.hr\/portal\/\"},{\"@type\":\"ListItem\",\"position\":2,\"name\":\"LOKALNI IZBORI | Petrov i Grmoja o problemu priu\u0161tivog stanovanja u Metkovi\u0107u i okolici\"}]},{\"@type\":\"WebSite\",\"@id\":\"https:\/\/likemetkovic.hr\/#website\",\"url\":\"https:\/\/likemetkovic.hr\/\",\"name\":\"likemetkovic.hr\",\"description\":\"Misli pozitivno... \u010ditaj LIKE\",\"potentialAction\":[{\"@type\":\"SearchAction\",\"target\":{\"@type\":\"EntryPoint\",\"urlTemplate\":\"https:\/\/likemetkovic.hr\/?s={search_term_string}\"},\"query-input\":{\"@type\":\"PropertyValueSpecification\",\"valueRequired\":true,\"valueName\":\"search_term_string\"}}],\"inLanguage\":\"hr\"},{\"@type\":\"Person\",\"@id\":\"https:\/\/likemetkovic.hr\/#\/schema\/person\/a42711f3385a0e2be6f7e0443bfb28f0\",\"name\":\"LIKEmetkovic.hr\",\"sameAs\":[\"http:\/\/likemetkovic.hr\"],\"url\":\"https:\/\/likemetkovic.hr\/portal\/author\/likemetkovic-hr\/\"}]}<\/script>\n<!-- \/ Yoast SEO plugin. -->","yoast_head_json":{"title":"LOKALNI IZBORI | Petrov i Grmoja o problemu priu\u0161tivog stanovanja u Metkovi\u0107u i okolici - likemetkovic.hr","robots":{"index":"index","follow":"follow","max-snippet":"max-snippet:-1","max-image-preview":"max-image-preview:large","max-video-preview":"max-video-preview:-1"},"canonical":"https:\/\/likemetkovic.hr\/portal\/lokalni-izbori-petrov-i-grmoja-o-problemu-priustivog-stanovanja-u-metkovicu-i-okolici\/","og_locale":"hr_HR","og_type":"article","og_title":"LOKALNI IZBORI | Petrov i Grmoja o problemu priu\u0161tivog stanovanja u Metkovi\u0107u i okolici - likemetkovic.hr","og_description":"Jutros u Ulici Ante Star\u010devi\u0107a (kod kru\u017enog toka) u Metkovi\u0107u konferenciju za medije odr\u017eali su Bo\u017eo Petrov, Mostov kandidat za \u017eupana Dubrova\u010dko-neretvanske \u017eupanije i Nikola Grmoja, Mostov kandidat za gradona\u010delnika Metkovi\u0107a. Petrov i Grmoja su govorili o problemu priu\u0161tivog stanovanja koji poga\u0111a sve ve\u0107i broj stanovnika Metkovi\u0107a i okolice. Evo \u0161to su kazali&#8230;","og_url":"https:\/\/likemetkovic.hr\/portal\/lokalni-izbori-petrov-i-grmoja-o-problemu-priustivog-stanovanja-u-metkovicu-i-okolici\/","og_site_name":"likemetkovic.hr","article_publisher":"https:\/\/www.facebook.com\/likemetkovic.hr\/","article_published_time":"2025-03-17T13:03:22+00:00","article_modified_time":"2025-05-16T19:59:03+00:00","og_image":[{"width":800,"height":448,"url":"https:\/\/likemetkovic.hr\/portal\/wp-content\/uploads\/2025\/03\/grmoja-petrov-stanogradnja-presica.jpg","type":"image\/jpeg"}],"author":"LIKEmetkovic.hr","twitter_card":"summary_large_image","twitter_misc":{"Napisao\/la":"LIKEmetkovic.hr","Procijenjeno vrijeme \u010ditanja":"1 minuta"},"schema":{"@context":"https:\/\/schema.org","@graph":[{"@type":"WebPage","@id":"https:\/\/likemetkovic.hr\/portal\/lokalni-izbori-petrov-i-grmoja-o-problemu-priustivog-stanovanja-u-metkovicu-i-okolici\/","url":"https:\/\/likemetkovic.hr\/portal\/lokalni-izbori-petrov-i-grmoja-o-problemu-priustivog-stanovanja-u-metkovicu-i-okolici\/","name":"LOKALNI IZBORI | Petrov i Grmoja o problemu priu\u0161tivog stanovanja u Metkovi\u0107u i okolici - likemetkovic.hr","isPartOf":{"@id":"https:\/\/likemetkovic.hr\/#website"},"primaryImageOfPage":{"@id":"https:\/\/likemetkovic.hr\/portal\/lokalni-izbori-petrov-i-grmoja-o-problemu-priustivog-stanovanja-u-metkovicu-i-okolici\/#primaryimage"},"image":{"@id":"https:\/\/likemetkovic.hr\/portal\/lokalni-izbori-petrov-i-grmoja-o-problemu-priustivog-stanovanja-u-metkovicu-i-okolici\/#primaryimage"},"thumbnailUrl":"https:\/\/likemetkovic.hr\/portal\/wp-content\/uploads\/2025\/03\/grmoja-petrov-stanogradnja-presica.jpg","datePublished":"2025-03-17T13:03:22+00:00","dateModified":"2025-05-16T19:59:03+00:00","author":{"@id":"https:\/\/likemetkovic.hr\/#\/schema\/person\/a42711f3385a0e2be6f7e0443bfb28f0"},"breadcrumb":{"@id":"https:\/\/likemetkovic.hr\/portal\/lokalni-izbori-petrov-i-grmoja-o-problemu-priustivog-stanovanja-u-metkovicu-i-okolici\/#breadcrumb"},"inLanguage":"hr","potentialAction":[{"@type":"ReadAction","target":["https:\/\/likemetkovic.hr\/portal\/lokalni-izbori-petrov-i-grmoja-o-problemu-priustivog-stanovanja-u-metkovicu-i-okolici\/"]}]},{"@type":"ImageObject","inLanguage":"hr","@id":"https:\/\/likemetkovic.hr\/portal\/lokalni-izbori-petrov-i-grmoja-o-problemu-priustivog-stanovanja-u-metkovicu-i-okolici\/#primaryimage","url":"https:\/\/likemetkovic.hr\/portal\/wp-content\/uploads\/2025\/03\/grmoja-petrov-stanogradnja-presica.jpg","contentUrl":"https:\/\/likemetkovic.hr\/portal\/wp-content\/uploads\/2025\/03\/grmoja-petrov-stanogradnja-presica.jpg","width":800,"height":448},{"@type":"BreadcrumbList","@id":"https:\/\/likemetkovic.hr\/portal\/lokalni-izbori-petrov-i-grmoja-o-problemu-priustivog-stanovanja-u-metkovicu-i-okolici\/#breadcrumb","itemListElement":[{"@type":"ListItem","position":1,"name":"Po\u010detna stranica","item":"https:\/\/likemetkovic.hr\/portal\/"},{"@type":"ListItem","position":2,"name":"LOKALNI IZBORI | Petrov i Grmoja o problemu priu\u0161tivog stanovanja u Metkovi\u0107u i okolici"}]},{"@type":"WebSite","@id":"https:\/\/likemetkovic.hr\/#website","url":"https:\/\/likemetkovic.hr\/","name":"likemetkovic.hr","description":"Misli pozitivno... \u010ditaj LIKE","potentialAction":[{"@type":"SearchAction","target":{"@type":"EntryPoint","urlTemplate":"https:\/\/likemetkovic.hr\/?s={search_term_string}"},"query-input":{"@type":"PropertyValueSpecification","valueRequired":true,"valueName":"search_term_string"}}],"inLanguage":"hr"},{"@type":"Person","@id":"https:\/\/likemetkovic.hr\/#\/schema\/person\/a42711f3385a0e2be6f7e0443bfb28f0","name":"LIKEmetkovic.hr","sameAs":["http:\/\/likemetkovic.hr"],"url":"https:\/\/likemetkovic.hr\/portal\/author\/likemetkovic-hr\/"}]}},"_links":{"self":[{"href":"https:\/\/likemetkovic.hr\/portal\/wp-json\/wp\/v2\/posts\/163936","targetHints":{"allow":["GET"]}}],"collection":[{"href":"https:\/\/likemetkovic.hr\/portal\/wp-json\/wp\/v2\/posts"}],"about":[{"href":"https:\/\/likemetkovic.hr\/portal\/wp-json\/wp\/v2\/types\/post"}],"author":[{"embeddable":true,"href":"https:\/\/likemetkovic.hr\/portal\/wp-json\/wp\/v2\/users\/7"}],"replies":[{"embeddable":true,"href":"https:\/\/likemetkovic.hr\/portal\/wp-json\/wp\/v2\/comments?post=163936"}],"version-history":[{"count":2,"href":"https:\/\/likemetkovic.hr\/portal\/wp-json\/wp\/v2\/posts\/163936\/revisions"}],"predecessor-version":[{"id":163950,"href":"https:\/\/likemetkovic.hr\/portal\/wp-json\/wp\/v2\/posts\/163936\/revisions\/163950"}],"wp:featuredmedia":[{"embeddable":true,"href":"https:\/\/likemetkovic.hr\/portal\/wp-json\/wp\/v2\/media\/163937"}],"wp:attachment":[{"href":"https:\/\/likemetkovic.hr\/portal\/wp-json\/wp\/v2\/media?parent=163936"}],"wp:term":[{"taxonomy":"category","embeddable":true,"href":"https:\/\/likemetkovic.hr\/portal\/wp-json\/wp\/v2\/categories?post=163936"},{"taxonomy":"post_tag","embeddable":true,"href":"https:\/\/likemetkovic.hr\/portal\/wp-json\/wp\/v2\/tags?post=163936"}],"curies":[{"name":"wp","href":"https:\/\/api.w.org\/{rel}","templated":true}]}}