{"id":164000,"date":"2025-03-21T08:34:25","date_gmt":"2025-03-21T07:34:25","guid":{"rendered":"https:\/\/likemetkovic.hr\/portal\/?p=164000"},"modified":"2025-03-21T08:34:25","modified_gmt":"2025-03-21T07:34:25","slug":"neretvanska-lada-krenula-na-put-iz-metkovica-za-new-york","status":"publish","type":"post","link":"https:\/\/likemetkovic.hr\/portal\/neretvanska-lada-krenula-na-put-iz-metkovica-za-new-york\/","title":{"rendered":"Neretvanska la\u0111a krenula na put iz Metkovi\u0107a za New York"},"content":{"rendered":"<p>Neretvanska la\u0111a ukrcana je jutros u metkovskoj luci u kontejner kojim \u0107e preko luke Plo\u010de biti prevezena u New York.<\/p>\n<p>Kako nas je izvijestio predsjednik udruge <em>Ba\u0161tina Neretve<\/em> iz Opuzena,<strong> Milojko Glasovi\u0107<\/strong>, s ciljem promocije neretvanske la\u0111e i ba\u0161tine i obilje\u017eavanja 33. godi\u0161njice ulaska Republike Hrvbatske u Ujedinjene narode (22. 5. 1992.) u svibnju ove godine realizirat \u0107e se projekt pod nazivom <strong><em>La\u0111a u New Yorku<\/em><\/strong><em>.<\/em> Osim Udruge u ovom projektu su anga\u017eirani<strong> Thierry Paul<\/strong>\u00a0i\u00a0<strong>Pavo Jerkovi\u0107<\/strong>, prijatelji iz hrvatske zajednice u New Yorku, hrvatsko veleposlanstvo u SAD-u, te Hrvatsko \u0161umarsko dru\u0161tvo &#8211; podru\u017enica Bjelovar.<\/p>\n<p>Na\u0161i vesla\u010di i vesla\u010dice veslati \u0107e tre\u0107ega dana projekta oko Manhattana i \u0161estoga dana oko Otoka slobode. Vesla\u010dka ruta oko Manhattana bit \u0107e duga pribli\u017eno 51 kilometar (32 milje) i simbolizirat \u0107e slobodu i neovisnost. Cilj je povezati povijest Hrvatske s Kipom slobode i otokom Ellis kamo su mnogi hrvatski imigranti prvi put stigli u Ameriku. Veslanjem oko Otoka slobode la\u0111ari i la\u0111arice \u0107e pre\u0107i udaljenost od 11 kilometara, nude\u0107i tako simboli\u010dnu i slikovitu turu oko Kipa slobode.<\/p>\n<p><img decoding=\"async\" class=\"alignnone size-full wp-image-164004\" src=\"https:\/\/likemetkovic.hr\/portal\/wp-content\/uploads\/2025\/03\/neretvanska-lada-1.jpg\" alt=\"\" width=\"800\" height=\"600\" srcset=\"https:\/\/likemetkovic.hr\/portal\/wp-content\/uploads\/2025\/03\/neretvanska-lada-1.jpg 800w, https:\/\/likemetkovic.hr\/portal\/wp-content\/uploads\/2025\/03\/neretvanska-lada-1-768x576.jpg 768w, https:\/\/likemetkovic.hr\/portal\/wp-content\/uploads\/2025\/03\/neretvanska-lada-1-560x420.jpg 560w, https:\/\/likemetkovic.hr\/portal\/wp-content\/uploads\/2025\/03\/neretvanska-lada-1-80x60.jpg 80w, https:\/\/likemetkovic.hr\/portal\/wp-content\/uploads\/2025\/03\/neretvanska-lada-1-150x113.jpg 150w, https:\/\/likemetkovic.hr\/portal\/wp-content\/uploads\/2025\/03\/neretvanska-lada-1-300x225.jpg 300w, https:\/\/likemetkovic.hr\/portal\/wp-content\/uploads\/2025\/03\/neretvanska-lada-1-696x522.jpg 696w, https:\/\/likemetkovic.hr\/portal\/wp-content\/uploads\/2025\/03\/neretvanska-lada-1-265x198.jpg 265w\" sizes=\"(max-width: 800px) 100vw, 800px\" \/><\/p>\n<p>Hrvatska zajednica u New Yorku pru\u017eit \u0107e podr\u0161ku za kulturne doga\u0111aje, uklju\u010duju\u0107i nastupe, hranu i obrazovne aktivnosti. \u0160estodnevna proslava uklju\u010divat \u0107e kulturne izvedbe, predstavljanje hrvatske kuhinje i edukativne radionice te \u0107e doga\u0111aj biti kulturni i dru\u0161tveni festival koji slavi povezanost hrvatske povijesti i ameri\u010dkog puta slobodi.<\/p>\n<p>O <strong><em>La\u0111i u New Yorku<\/em><\/strong> bit \u0107e snimljan i dokumentarni film koji \u0107e bit \u0107e distribuiran putem razli\u010ditih platformi i medija. La\u0111a \u0107e ostati trajno u New Yorku.<\/p>\n<p><img decoding=\"async\" class=\"alignnone size-full wp-image-164003\" src=\"https:\/\/likemetkovic.hr\/portal\/wp-content\/uploads\/2025\/03\/neretvanska-lada-3.jpg\" alt=\"\" width=\"800\" height=\"600\" srcset=\"https:\/\/likemetkovic.hr\/portal\/wp-content\/uploads\/2025\/03\/neretvanska-lada-3.jpg 800w, https:\/\/likemetkovic.hr\/portal\/wp-content\/uploads\/2025\/03\/neretvanska-lada-3-768x576.jpg 768w, https:\/\/likemetkovic.hr\/portal\/wp-content\/uploads\/2025\/03\/neretvanska-lada-3-560x420.jpg 560w, https:\/\/likemetkovic.hr\/portal\/wp-content\/uploads\/2025\/03\/neretvanska-lada-3-80x60.jpg 80w, https:\/\/likemetkovic.hr\/portal\/wp-content\/uploads\/2025\/03\/neretvanska-lada-3-150x113.jpg 150w, https:\/\/likemetkovic.hr\/portal\/wp-content\/uploads\/2025\/03\/neretvanska-lada-3-300x225.jpg 300w, https:\/\/likemetkovic.hr\/portal\/wp-content\/uploads\/2025\/03\/neretvanska-lada-3-696x522.jpg 696w, https:\/\/likemetkovic.hr\/portal\/wp-content\/uploads\/2025\/03\/neretvanska-lada-3-265x198.jpg 265w\" sizes=\"(max-width: 800px) 100vw, 800px\" \/><\/p>\n<p><strong>Koordinator<\/strong> za la\u0111are i vo\u017enju u New Yorku:<\/p>\n<p>DALIBOR HORVAT &#8211; DABO<br \/>\npartner u projektu ispred Hrvatskog \u0161umarskog dru\u0161tva &#8211; Bjelovar<br \/>\nOrganizator La\u0111arskog kupa Lipik<br \/>\n+385959050261<br \/>\nE-mail: dabolini@gmail.com<\/p>\n","protected":false},"excerpt":{"rendered":"<p>Neretvanska la\u0111a ukrcana je jutros u metkovskoj luci u kontejner kojim \u0107e preko luke Plo\u010de biti prevezena u New York. Kako nas je izvijestio predsjednik udruge Ba\u0161tina Neretve iz Opuzena, Milojko Glasovi\u0107, s ciljem promocije neretvanske la\u0111e i ba\u0161tine i obilje\u017eavanja 33. godi\u0161njice ulaska Republike Hrvbatske u Ujedinjene narode (22. 5. 1992.) u svibnju ove [&hellip;]<\/p>\n","protected":false},"author":9,"featured_media":164003,"comment_status":"open","ping_status":"open","sticky":false,"template":"","format":"standard","meta":{"footnotes":""},"categories":[283,11],"tags":[12994,1359],"class_list":{"0":"post-164000","1":"post","2":"type-post","3":"status-publish","4":"format-standard","5":"has-post-thumbnail","7":"category-a","8":"category-metkovic-dolina","9":"tag-lada-u-new-yorku","10":"tag-neretvanska-lada"},"yoast_head":"<!-- This site is optimized with the Yoast SEO plugin v25.2 - https:\/\/yoast.com\/wordpress\/plugins\/seo\/ -->\n<title>Neretvanska la\u0111a krenula na put iz Metkovi\u0107a za New York - likemetkovic.hr<\/title>\n<meta name=\"robots\" content=\"index, follow, max-snippet:-1, max-image-preview:large, max-video-preview:-1\" \/>\n<link rel=\"canonical\" href=\"https:\/\/likemetkovic.hr\/portal\/neretvanska-lada-krenula-na-put-iz-metkovica-za-new-york\/\" \/>\n<meta property=\"og:locale\" content=\"hr_HR\" \/>\n<meta property=\"og:type\" content=\"article\" \/>\n<meta property=\"og:title\" content=\"Neretvanska la\u0111a krenula na put iz Metkovi\u0107a za New York - likemetkovic.hr\" \/>\n<meta property=\"og:description\" content=\"Neretvanska la\u0111a ukrcana je jutros u metkovskoj luci u kontejner kojim \u0107e preko luke Plo\u010de biti prevezena u New York. Kako nas je izvijestio predsjednik udruge Ba\u0161tina Neretve iz Opuzena, Milojko Glasovi\u0107, s ciljem promocije neretvanske la\u0111e i ba\u0161tine i obilje\u017eavanja 33. godi\u0161njice ulaska Republike Hrvbatske u Ujedinjene narode (22. 5. 1992.) u svibnju ove [&hellip;]\" \/>\n<meta property=\"og:url\" content=\"https:\/\/likemetkovic.hr\/portal\/neretvanska-lada-krenula-na-put-iz-metkovica-za-new-york\/\" \/>\n<meta property=\"og:site_name\" content=\"likemetkovic.hr\" \/>\n<meta property=\"article:publisher\" content=\"https:\/\/www.facebook.com\/likemetkovic.hr\/\" \/>\n<meta property=\"article:published_time\" content=\"2025-03-21T07:34:25+00:00\" \/>\n<meta property=\"og:image\" content=\"https:\/\/likemetkovic.hr\/portal\/wp-content\/uploads\/2025\/03\/neretvanska-lada-3.jpg\" \/>\n\t<meta property=\"og:image:width\" content=\"800\" \/>\n\t<meta property=\"og:image:height\" content=\"600\" \/>\n\t<meta property=\"og:image:type\" content=\"image\/jpeg\" \/>\n<meta name=\"author\" content=\"K. J.\" \/>\n<meta name=\"twitter:card\" content=\"summary_large_image\" \/>\n<meta name=\"twitter:label1\" content=\"Napisao\/la\" \/>\n\t<meta name=\"twitter:data1\" content=\"K. J.\" \/>\n\t<meta name=\"twitter:label2\" content=\"Procijenjeno vrijeme \u010ditanja\" \/>\n\t<meta name=\"twitter:data2\" content=\"3 minute\" \/>\n<script type=\"application\/ld+json\" class=\"yoast-schema-graph\">{\"@context\":\"https:\/\/schema.org\",\"@graph\":[{\"@type\":\"WebPage\",\"@id\":\"https:\/\/likemetkovic.hr\/portal\/neretvanska-lada-krenula-na-put-iz-metkovica-za-new-york\/\",\"url\":\"https:\/\/likemetkovic.hr\/portal\/neretvanska-lada-krenula-na-put-iz-metkovica-za-new-york\/\",\"name\":\"Neretvanska la\u0111a krenula na put iz Metkovi\u0107a za New York - likemetkovic.hr\",\"isPartOf\":{\"@id\":\"https:\/\/likemetkovic.hr\/#website\"},\"primaryImageOfPage\":{\"@id\":\"https:\/\/likemetkovic.hr\/portal\/neretvanska-lada-krenula-na-put-iz-metkovica-za-new-york\/#primaryimage\"},\"image\":{\"@id\":\"https:\/\/likemetkovic.hr\/portal\/neretvanska-lada-krenula-na-put-iz-metkovica-za-new-york\/#primaryimage\"},\"thumbnailUrl\":\"https:\/\/likemetkovic.hr\/portal\/wp-content\/uploads\/2025\/03\/neretvanska-lada-3.jpg\",\"datePublished\":\"2025-03-21T07:34:25+00:00\",\"author\":{\"@id\":\"https:\/\/likemetkovic.hr\/#\/schema\/person\/0a8b4ebfdfe1ff01192dccda40c5da0c\"},\"breadcrumb\":{\"@id\":\"https:\/\/likemetkovic.hr\/portal\/neretvanska-lada-krenula-na-put-iz-metkovica-za-new-york\/#breadcrumb\"},\"inLanguage\":\"hr\",\"potentialAction\":[{\"@type\":\"ReadAction\",\"target\":[\"https:\/\/likemetkovic.hr\/portal\/neretvanska-lada-krenula-na-put-iz-metkovica-za-new-york\/\"]}]},{\"@type\":\"ImageObject\",\"inLanguage\":\"hr\",\"@id\":\"https:\/\/likemetkovic.hr\/portal\/neretvanska-lada-krenula-na-put-iz-metkovica-za-new-york\/#primaryimage\",\"url\":\"https:\/\/likemetkovic.hr\/portal\/wp-content\/uploads\/2025\/03\/neretvanska-lada-3.jpg\",\"contentUrl\":\"https:\/\/likemetkovic.hr\/portal\/wp-content\/uploads\/2025\/03\/neretvanska-lada-3.jpg\",\"width\":800,\"height\":600},{\"@type\":\"BreadcrumbList\",\"@id\":\"https:\/\/likemetkovic.hr\/portal\/neretvanska-lada-krenula-na-put-iz-metkovica-za-new-york\/#breadcrumb\",\"itemListElement\":[{\"@type\":\"ListItem\",\"position\":1,\"name\":\"Po\u010detna stranica\",\"item\":\"https:\/\/likemetkovic.hr\/portal\/\"},{\"@type\":\"ListItem\",\"position\":2,\"name\":\"Neretvanska la\u0111a krenula na put iz Metkovi\u0107a za New York\"}]},{\"@type\":\"WebSite\",\"@id\":\"https:\/\/likemetkovic.hr\/#website\",\"url\":\"https:\/\/likemetkovic.hr\/\",\"name\":\"likemetkovic.hr\",\"description\":\"Misli pozitivno... \u010ditaj LIKE\",\"potentialAction\":[{\"@type\":\"SearchAction\",\"target\":{\"@type\":\"EntryPoint\",\"urlTemplate\":\"https:\/\/likemetkovic.hr\/?s={search_term_string}\"},\"query-input\":{\"@type\":\"PropertyValueSpecification\",\"valueRequired\":true,\"valueName\":\"search_term_string\"}}],\"inLanguage\":\"hr\"},{\"@type\":\"Person\",\"@id\":\"https:\/\/likemetkovic.hr\/#\/schema\/person\/0a8b4ebfdfe1ff01192dccda40c5da0c\",\"name\":\"K. J.\",\"url\":\"https:\/\/likemetkovic.hr\/portal\/author\/likemetkovic\/\"}]}<\/script>\n<!-- \/ Yoast SEO plugin. -->","yoast_head_json":{"title":"Neretvanska la\u0111a krenula na put iz Metkovi\u0107a za New York - likemetkovic.hr","robots":{"index":"index","follow":"follow","max-snippet":"max-snippet:-1","max-image-preview":"max-image-preview:large","max-video-preview":"max-video-preview:-1"},"canonical":"https:\/\/likemetkovic.hr\/portal\/neretvanska-lada-krenula-na-put-iz-metkovica-za-new-york\/","og_locale":"hr_HR","og_type":"article","og_title":"Neretvanska la\u0111a krenula na put iz Metkovi\u0107a za New York - likemetkovic.hr","og_description":"Neretvanska la\u0111a ukrcana je jutros u metkovskoj luci u kontejner kojim \u0107e preko luke Plo\u010de biti prevezena u New York. Kako nas je izvijestio predsjednik udruge Ba\u0161tina Neretve iz Opuzena, Milojko Glasovi\u0107, s ciljem promocije neretvanske la\u0111e i ba\u0161tine i obilje\u017eavanja 33. godi\u0161njice ulaska Republike Hrvbatske u Ujedinjene narode (22. 5. 1992.) u svibnju ove [&hellip;]","og_url":"https:\/\/likemetkovic.hr\/portal\/neretvanska-lada-krenula-na-put-iz-metkovica-za-new-york\/","og_site_name":"likemetkovic.hr","article_publisher":"https:\/\/www.facebook.com\/likemetkovic.hr\/","article_published_time":"2025-03-21T07:34:25+00:00","og_image":[{"width":800,"height":600,"url":"https:\/\/likemetkovic.hr\/portal\/wp-content\/uploads\/2025\/03\/neretvanska-lada-3.jpg","type":"image\/jpeg"}],"author":"K. J.","twitter_card":"summary_large_image","twitter_misc":{"Napisao\/la":"K. J.","Procijenjeno vrijeme \u010ditanja":"3 minute"},"schema":{"@context":"https:\/\/schema.org","@graph":[{"@type":"WebPage","@id":"https:\/\/likemetkovic.hr\/portal\/neretvanska-lada-krenula-na-put-iz-metkovica-za-new-york\/","url":"https:\/\/likemetkovic.hr\/portal\/neretvanska-lada-krenula-na-put-iz-metkovica-za-new-york\/","name":"Neretvanska la\u0111a krenula na put iz Metkovi\u0107a za New York - likemetkovic.hr","isPartOf":{"@id":"https:\/\/likemetkovic.hr\/#website"},"primaryImageOfPage":{"@id":"https:\/\/likemetkovic.hr\/portal\/neretvanska-lada-krenula-na-put-iz-metkovica-za-new-york\/#primaryimage"},"image":{"@id":"https:\/\/likemetkovic.hr\/portal\/neretvanska-lada-krenula-na-put-iz-metkovica-za-new-york\/#primaryimage"},"thumbnailUrl":"https:\/\/likemetkovic.hr\/portal\/wp-content\/uploads\/2025\/03\/neretvanska-lada-3.jpg","datePublished":"2025-03-21T07:34:25+00:00","author":{"@id":"https:\/\/likemetkovic.hr\/#\/schema\/person\/0a8b4ebfdfe1ff01192dccda40c5da0c"},"breadcrumb":{"@id":"https:\/\/likemetkovic.hr\/portal\/neretvanska-lada-krenula-na-put-iz-metkovica-za-new-york\/#breadcrumb"},"inLanguage":"hr","potentialAction":[{"@type":"ReadAction","target":["https:\/\/likemetkovic.hr\/portal\/neretvanska-lada-krenula-na-put-iz-metkovica-za-new-york\/"]}]},{"@type":"ImageObject","inLanguage":"hr","@id":"https:\/\/likemetkovic.hr\/portal\/neretvanska-lada-krenula-na-put-iz-metkovica-za-new-york\/#primaryimage","url":"https:\/\/likemetkovic.hr\/portal\/wp-content\/uploads\/2025\/03\/neretvanska-lada-3.jpg","contentUrl":"https:\/\/likemetkovic.hr\/portal\/wp-content\/uploads\/2025\/03\/neretvanska-lada-3.jpg","width":800,"height":600},{"@type":"BreadcrumbList","@id":"https:\/\/likemetkovic.hr\/portal\/neretvanska-lada-krenula-na-put-iz-metkovica-za-new-york\/#breadcrumb","itemListElement":[{"@type":"ListItem","position":1,"name":"Po\u010detna stranica","item":"https:\/\/likemetkovic.hr\/portal\/"},{"@type":"ListItem","position":2,"name":"Neretvanska la\u0111a krenula na put iz Metkovi\u0107a za New York"}]},{"@type":"WebSite","@id":"https:\/\/likemetkovic.hr\/#website","url":"https:\/\/likemetkovic.hr\/","name":"likemetkovic.hr","description":"Misli pozitivno... \u010ditaj LIKE","potentialAction":[{"@type":"SearchAction","target":{"@type":"EntryPoint","urlTemplate":"https:\/\/likemetkovic.hr\/?s={search_term_string}"},"query-input":{"@type":"PropertyValueSpecification","valueRequired":true,"valueName":"search_term_string"}}],"inLanguage":"hr"},{"@type":"Person","@id":"https:\/\/likemetkovic.hr\/#\/schema\/person\/0a8b4ebfdfe1ff01192dccda40c5da0c","name":"K. J.","url":"https:\/\/likemetkovic.hr\/portal\/author\/likemetkovic\/"}]}},"_links":{"self":[{"href":"https:\/\/likemetkovic.hr\/portal\/wp-json\/wp\/v2\/posts\/164000","targetHints":{"allow":["GET"]}}],"collection":[{"href":"https:\/\/likemetkovic.hr\/portal\/wp-json\/wp\/v2\/posts"}],"about":[{"href":"https:\/\/likemetkovic.hr\/portal\/wp-json\/wp\/v2\/types\/post"}],"author":[{"embeddable":true,"href":"https:\/\/likemetkovic.hr\/portal\/wp-json\/wp\/v2\/users\/9"}],"replies":[{"embeddable":true,"href":"https:\/\/likemetkovic.hr\/portal\/wp-json\/wp\/v2\/comments?post=164000"}],"version-history":[{"count":2,"href":"https:\/\/likemetkovic.hr\/portal\/wp-json\/wp\/v2\/posts\/164000\/revisions"}],"predecessor-version":[{"id":166005,"href":"https:\/\/likemetkovic.hr\/portal\/wp-json\/wp\/v2\/posts\/164000\/revisions\/166005"}],"wp:featuredmedia":[{"embeddable":true,"href":"https:\/\/likemetkovic.hr\/portal\/wp-json\/wp\/v2\/media\/164003"}],"wp:attachment":[{"href":"https:\/\/likemetkovic.hr\/portal\/wp-json\/wp\/v2\/media?parent=164000"}],"wp:term":[{"taxonomy":"category","embeddable":true,"href":"https:\/\/likemetkovic.hr\/portal\/wp-json\/wp\/v2\/categories?post=164000"},{"taxonomy":"post_tag","embeddable":true,"href":"https:\/\/likemetkovic.hr\/portal\/wp-json\/wp\/v2\/tags?post=164000"}],"curies":[{"name":"wp","href":"https:\/\/api.w.org\/{rel}","templated":true}]}}