{"id":164045,"date":"2025-03-22T14:56:31","date_gmt":"2025-03-22T13:56:31","guid":{"rendered":"https:\/\/likemetkovic.hr\/portal\/?p=164045"},"modified":"2025-05-16T21:58:53","modified_gmt":"2025-05-16T19:58:53","slug":"lokalni-izbori-kresimir-kuran-kanididat-za-zamjenika-zupana-ispred-koalicije-snaga-juga-sdp-srd-je-grad-mozemo","status":"publish","type":"post","link":"https:\/\/likemetkovic.hr\/portal\/lokalni-izbori-kresimir-kuran-kanididat-za-zamjenika-zupana-ispred-koalicije-snaga-juga-sdp-srd-je-grad-mozemo\/","title":{"rendered":"LOKALNI IZBORI Kre\u0161imir Kuran kanididat za zamjenika \u017eupana ispred koalicije &#8220;Snaga juga&#8221; (SDP\/Sr\u0111 je Grad\/Mo\u017eemo)"},"content":{"rendered":"<p><strong>Koalicija <em>Snaga juga<\/em> (SDP\/Sr\u0111 je Grad\/Mo\u017eemo) <\/strong>predstavila je ove subote u Plo\u010dama kandidata za<strong> zamjenika \u017eupana Kre\u0161imira Kurana<\/strong> i jasno poru\u010dila kako na predstoje\u0107im izborima o\u010dekuju pobjedu na izborima i kako je to tim koji predstavlja istinsku snagu za promjenu u Dubrova\u010dko \u2013 neretvanskoj \u017eupaniji.<\/p>\n<p>Na tiskovnoj konferenciji su govorili saborski zastupnik Mi\u0161o Krsti\u010devi\u0107, kandidat za \u017eupana Marko Gilja\u010da i i kandidat za zamjenika Kre\u0161imir Kuran.<\/p>\n<p><strong><img decoding=\"async\" class=\"alignnone size-full wp-image-164046\" src=\"https:\/\/likemetkovic.hr\/portal\/wp-content\/uploads\/2025\/03\/kresimir-kuran-lokalniizbori2025.jpg\" alt=\"\" width=\"800\" height=\"600\" srcset=\"https:\/\/likemetkovic.hr\/portal\/wp-content\/uploads\/2025\/03\/kresimir-kuran-lokalniizbori2025.jpg 800w, https:\/\/likemetkovic.hr\/portal\/wp-content\/uploads\/2025\/03\/kresimir-kuran-lokalniizbori2025-768x576.jpg 768w, https:\/\/likemetkovic.hr\/portal\/wp-content\/uploads\/2025\/03\/kresimir-kuran-lokalniizbori2025-560x420.jpg 560w, https:\/\/likemetkovic.hr\/portal\/wp-content\/uploads\/2025\/03\/kresimir-kuran-lokalniizbori2025-80x60.jpg 80w, https:\/\/likemetkovic.hr\/portal\/wp-content\/uploads\/2025\/03\/kresimir-kuran-lokalniizbori2025-150x113.jpg 150w, https:\/\/likemetkovic.hr\/portal\/wp-content\/uploads\/2025\/03\/kresimir-kuran-lokalniizbori2025-300x225.jpg 300w, https:\/\/likemetkovic.hr\/portal\/wp-content\/uploads\/2025\/03\/kresimir-kuran-lokalniizbori2025-696x522.jpg 696w, https:\/\/likemetkovic.hr\/portal\/wp-content\/uploads\/2025\/03\/kresimir-kuran-lokalniizbori2025-265x198.jpg 265w\" sizes=\"(max-width: 800px) 100vw, 800px\" \/><\/strong><\/p>\n<p><strong>JEDINA ISTINSKA PROMJENA \u2013 DRUGIMA NE MO\u017dEMO VJEROVATI<\/strong><\/p>\n<p>Nismo slu\u010dajno izabrali dana\u0161nji datum za predstavljanje u Neretvi drugog \u010dlana na\u0161eg tima koji \u0107e najbolje upravljati Dubrova\u010dko \u2013 neretvanskom \u017eupanijom. Danas je Svjetski dan za\u0161tite voda, a upravo je to jedno krucijalno pitanje budu\u0107nosti ovog kraja na\u0161e \u017eupanije. Ljudi ovdje \u017eive zahvaljuju\u0107i tome \u0161to imamo more, \u0161to imamo rijeku i plodnu dolinu, \u0161to je ukorijenjeno u na\u0161u tradiciju. Glavno pitanje koje ti\u0161ti sve njene stanovnike je: \u0160to \u0107e biti s na\u0161om dolinom? I dok se u Metkovi\u0107u predstavljaju svi dr\u017eavni projekti i investicije u neretvansku vodoprivredu, po strani se ostavlja glavni problem, pitanje dotoka vode u Neretvu. Upravo su Marko Gilja\u010da i Kre\u0161imir Kuran ljudi koji su garancija da \u0107e to pitanje u budu\u0107nosti biti prioritet u radu, a ne sve politike koje smo gledali i s njima \u017eivjeli posljednjih 16 godina. Mo\u017eemo li vjerovati onima koji nas uvjeravaju da su oni ta alternativa HDZ-u, a djelima su pokazali da su ve\u0107 dva puta podr\u017eali i doveli taj isti HDZ na vlast? Ja mislim da ne mo\u017eemo! Zato su jedina istinska snaga, snaga juga, snaga promjene, ova dvojica ljudi i svi na\u0161i kandidati diljem \u017eupanije \u2013 istaknuo je Krsti\u010devi\u0107.<\/p>\n<p>Kandidat za zamjenika \u017eupana Kre\u0161imir Kuran zahvalio je na podr\u0161ci kolegama iz \u017dupanijskog odbora SDP-a, koji su ga jednoglasno podr\u017eali i istaknuo kako je sretan biti zamjenik kandidatu koji je dokazani borac za javni interes.<\/p>\n<p>S Markom Gilja\u010dom sam uspje\u0161no sura\u0111ivao u \u017dupanijskoj skup\u0161tini. Rije\u010d je o nekada\u0161njem istaknutom aktivistu i najaktivnijem \u017eupanijskom vije\u0107niku koji je prepoznat kao pravi sr\u0111evac, borac za javno pomorsko dobro, odgovorno gospodarenje otpadom, prirodnim resursima i za\u0161titi okoli\u0161a. Prijatelji me pitaju \u0161to to tebi i Marku treba, \u0161to vam treba napadanje, prozivanje, podmetanje od vladaju\u0107ih u \u017eupaniji odgovorio sam im parafraziranom pri\u010dom od dva goluba koja su promatrala kako jednom \u010dovjeku gori ku\u0107a. Jedan je golub odlu\u010dio iz rijeke uzeti u kljun vode i stao ju bacati na vatru, nakon nekoliko puta upita ga ovaj drugi: zar ti stvarno misli\u0161 da \u0107e to ugasiti vatru. Odgovori mu prvi golub mo\u017eda ne\u0107e, ali ho\u0107u da se zna na \u010dijoj sam bio strani &#8211; kazao je Kre\u0161imir Kuran i isttaknuo:<\/p>\n<p><strong>MI SMO NA STRANI GRA\u0110ANA I RAZVOJA<\/strong><\/p>\n<p>Mi smo na strani onih koji \u017eele ispostavu \u017dupanijske lu\u010dke uprave u Plo\u010dama, mi smo na strani onih koji \u017eele ure\u0111enje lu\u010dice u Plo\u010dama za koju znamo da grad ve\u0107 ima pripremljenu dokumentaciju.<\/p>\n<p>Mi smo na strani onih koji \u017eele rije\u0161iti svoje stambeno pitanje (ili kvalitetne stambene politike).<\/p>\n<p>Mi smo na strani onih koji \u017eele bolje uvjete u zdravstvu i \u0161kolstvu.<\/p>\n<p>Mi smo na strani onih u tre\u0107oj dobi koji \u017eele vi\u0161e domova za umirovljenika.<\/p>\n<p>Mi smo na strani onih koji \u017eele bolje uvjete poljoprivredi i otvaranje poljoprivrednog inkubatora.<\/p>\n<p>Mi smo na strani onih koji \u017eele spasiti deltu Neretve od zaslanjenja.<\/p>\n<p>Mi smo na strani onih jedinica lokalne samouprave koji \u017eele da im \u017dupanija bude majka (partner) , a ne ma\u0107eha.<\/p>\n<p>Mi smo na strani onih koji \u017eele o\u010duvati prirodnu i kulturnu ba\u0161tinu.<\/p>\n<p>Mi smo na strani onih gra\u0111ana koji \u017eele brzu, u\u010dinkovitu i kvalitetnu \u017dupaniju.<\/p>\n<p>Mi smo na strani onih koji \u017eele \u017dupaniju sa vizijom, mi smo Snaga juga, Snaga promjene.<\/p>\n<p><strong>VRIJEME JE ZA BOLJI \u017dIVOT SVIH NAS NA JUGU<\/strong><\/p>\n<p>Ne krijemo i jasno smo rekli na prvom predstavljanju u Dubrovniku: na ove izbore izlazimo s jasnom namjerom da pobijedimo i donesemo novi smjer u upravljanju i razvoju Dubrova\u010dko &#8211; neretvanske \u017eupanije. \u017delimo i znamo kako i imamo jasnu viziju kako ustrojiti efikasniju \u017eupanijsku upravu na korist svih njenih stanovnika. Klju\u010dno je pritom da gra\u0111ani prepoznaju \u010demu slu\u017ei \u017eupanija? \u017dupanija je ta koja boljim radom i te kako mo\u017ee donijeti ve\u0107u kvalitetu \u017eivota na jugu. Vrijeme je da prepoznamo da upravo \u017dupanija ima nadle\u017enost nad klju\u010dnim uslugama koje nam trebaju i olak\u0161avaju svakodnevni \u017eivot; od zdravstva i \u0161kolstva, preko skrbi za starije, do prometne povezanosti i svakodnevnih administrativnih usluga. Vrijeme je da razumijemo da kada govorimo o na\u0161im dobrima koje ba\u0161tinimo, \u017dupanija je ta koja skrbi o na\u0161oj kulturnoj i prirodnoj ba\u0161tini, javnom pomorskom dobru, I klju\u010dni alat koji je u rukama \u017eupana i \u017dupanijske skup\u0161tine, vrijeme je za novi Prostorni plan kojim \u0107emo odrediti razvoj u narednih dvadeset godina, omogu\u0107iti prilike razvoju gospodarstva, poljoprivrede, stanovanja s ciljem o\u010duvanja na\u0161eg mediteranskog na\u010dina \u017eivota i boljeg \u017eivota svih ljudi s juga \u2013 zaklju\u010dio je Marko Gilja\u010da, kandidat za \u017eupana koalicije Snaga juga.<\/p>\n","protected":false},"excerpt":{"rendered":"<p>Koalicija Snaga juga (SDP\/Sr\u0111 je Grad\/Mo\u017eemo) predstavila je ove subote u Plo\u010dama kandidata za zamjenika \u017eupana Kre\u0161imira Kurana i jasno poru\u010dila kako na predstoje\u0107im izborima o\u010dekuju pobjedu na izborima i kako je to tim koji predstavlja istinsku snagu za promjenu u Dubrova\u010dko \u2013 neretvanskoj \u017eupaniji. Na tiskovnoj konferenciji su govorili saborski zastupnik Mi\u0161o Krsti\u010devi\u0107, kandidat [&hellip;]<\/p>\n","protected":false},"author":9,"featured_media":164046,"comment_status":"open","ping_status":"open","sticky":false,"template":"","format":"standard","meta":{"footnotes":""},"categories":[300],"tags":[12997,363,12921],"class_list":{"0":"post-164045","1":"post","2":"type-post","3":"status-publish","4":"format-standard","5":"has-post-thumbnail","7":"category-zupanija","8":"tag-koalicija-snaga-juga","9":"tag-kresimir-kuran","10":"tag-lokalni-izbori-2025"},"yoast_head":"<!-- This site is optimized with the Yoast SEO plugin v25.2 - https:\/\/yoast.com\/wordpress\/plugins\/seo\/ -->\n<title>LOKALNI IZBORI Kre\u0161imir Kuran kanididat za zamjenika \u017eupana ispred koalicije &quot;Snaga juga&quot; (SDP\/Sr\u0111 je Grad\/Mo\u017eemo) - likemetkovic.hr<\/title>\n<meta name=\"robots\" content=\"index, follow, max-snippet:-1, max-image-preview:large, max-video-preview:-1\" \/>\n<link rel=\"canonical\" href=\"https:\/\/likemetkovic.hr\/portal\/lokalni-izbori-kresimir-kuran-kanididat-za-zamjenika-zupana-ispred-koalicije-snaga-juga-sdp-srd-je-grad-mozemo\/\" \/>\n<meta property=\"og:locale\" content=\"hr_HR\" \/>\n<meta property=\"og:type\" content=\"article\" \/>\n<meta property=\"og:title\" content=\"LOKALNI IZBORI Kre\u0161imir Kuran kanididat za zamjenika \u017eupana ispred koalicije &quot;Snaga juga&quot; (SDP\/Sr\u0111 je Grad\/Mo\u017eemo) - likemetkovic.hr\" \/>\n<meta property=\"og:description\" content=\"Koalicija Snaga juga (SDP\/Sr\u0111 je Grad\/Mo\u017eemo) predstavila je ove subote u Plo\u010dama kandidata za zamjenika \u017eupana Kre\u0161imira Kurana i jasno poru\u010dila kako na predstoje\u0107im izborima o\u010dekuju pobjedu na izborima i kako je to tim koji predstavlja istinsku snagu za promjenu u Dubrova\u010dko \u2013 neretvanskoj \u017eupaniji. Na tiskovnoj konferenciji su govorili saborski zastupnik Mi\u0161o Krsti\u010devi\u0107, kandidat [&hellip;]\" \/>\n<meta property=\"og:url\" content=\"https:\/\/likemetkovic.hr\/portal\/lokalni-izbori-kresimir-kuran-kanididat-za-zamjenika-zupana-ispred-koalicije-snaga-juga-sdp-srd-je-grad-mozemo\/\" \/>\n<meta property=\"og:site_name\" content=\"likemetkovic.hr\" \/>\n<meta property=\"article:publisher\" content=\"https:\/\/www.facebook.com\/likemetkovic.hr\/\" \/>\n<meta property=\"article:published_time\" content=\"2025-03-22T13:56:31+00:00\" \/>\n<meta property=\"article:modified_time\" content=\"2025-05-16T19:58:53+00:00\" \/>\n<meta property=\"og:image\" content=\"https:\/\/likemetkovic.hr\/portal\/wp-content\/uploads\/2025\/03\/kresimir-kuran-lokalniizbori2025.jpg\" \/>\n\t<meta property=\"og:image:width\" content=\"800\" \/>\n\t<meta property=\"og:image:height\" content=\"600\" \/>\n\t<meta property=\"og:image:type\" content=\"image\/jpeg\" \/>\n<meta name=\"author\" content=\"K. J.\" \/>\n<meta name=\"twitter:card\" content=\"summary_large_image\" \/>\n<meta name=\"twitter:label1\" content=\"Napisao\/la\" \/>\n\t<meta name=\"twitter:data1\" content=\"K. J.\" \/>\n\t<meta name=\"twitter:label2\" content=\"Procijenjeno vrijeme \u010ditanja\" \/>\n\t<meta name=\"twitter:data2\" content=\"5 minuta\" \/>\n<script type=\"application\/ld+json\" class=\"yoast-schema-graph\">{\"@context\":\"https:\/\/schema.org\",\"@graph\":[{\"@type\":\"WebPage\",\"@id\":\"https:\/\/likemetkovic.hr\/portal\/lokalni-izbori-kresimir-kuran-kanididat-za-zamjenika-zupana-ispred-koalicije-snaga-juga-sdp-srd-je-grad-mozemo\/\",\"url\":\"https:\/\/likemetkovic.hr\/portal\/lokalni-izbori-kresimir-kuran-kanididat-za-zamjenika-zupana-ispred-koalicije-snaga-juga-sdp-srd-je-grad-mozemo\/\",\"name\":\"LOKALNI IZBORI Kre\u0161imir Kuran kanididat za zamjenika \u017eupana ispred koalicije \\\"Snaga juga\\\" (SDP\/Sr\u0111 je Grad\/Mo\u017eemo) - likemetkovic.hr\",\"isPartOf\":{\"@id\":\"https:\/\/likemetkovic.hr\/#website\"},\"primaryImageOfPage\":{\"@id\":\"https:\/\/likemetkovic.hr\/portal\/lokalni-izbori-kresimir-kuran-kanididat-za-zamjenika-zupana-ispred-koalicije-snaga-juga-sdp-srd-je-grad-mozemo\/#primaryimage\"},\"image\":{\"@id\":\"https:\/\/likemetkovic.hr\/portal\/lokalni-izbori-kresimir-kuran-kanididat-za-zamjenika-zupana-ispred-koalicije-snaga-juga-sdp-srd-je-grad-mozemo\/#primaryimage\"},\"thumbnailUrl\":\"https:\/\/likemetkovic.hr\/portal\/wp-content\/uploads\/2025\/03\/kresimir-kuran-lokalniizbori2025.jpg\",\"datePublished\":\"2025-03-22T13:56:31+00:00\",\"dateModified\":\"2025-05-16T19:58:53+00:00\",\"author\":{\"@id\":\"https:\/\/likemetkovic.hr\/#\/schema\/person\/0a8b4ebfdfe1ff01192dccda40c5da0c\"},\"breadcrumb\":{\"@id\":\"https:\/\/likemetkovic.hr\/portal\/lokalni-izbori-kresimir-kuran-kanididat-za-zamjenika-zupana-ispred-koalicije-snaga-juga-sdp-srd-je-grad-mozemo\/#breadcrumb\"},\"inLanguage\":\"hr\",\"potentialAction\":[{\"@type\":\"ReadAction\",\"target\":[\"https:\/\/likemetkovic.hr\/portal\/lokalni-izbori-kresimir-kuran-kanididat-za-zamjenika-zupana-ispred-koalicije-snaga-juga-sdp-srd-je-grad-mozemo\/\"]}]},{\"@type\":\"ImageObject\",\"inLanguage\":\"hr\",\"@id\":\"https:\/\/likemetkovic.hr\/portal\/lokalni-izbori-kresimir-kuran-kanididat-za-zamjenika-zupana-ispred-koalicije-snaga-juga-sdp-srd-je-grad-mozemo\/#primaryimage\",\"url\":\"https:\/\/likemetkovic.hr\/portal\/wp-content\/uploads\/2025\/03\/kresimir-kuran-lokalniizbori2025.jpg\",\"contentUrl\":\"https:\/\/likemetkovic.hr\/portal\/wp-content\/uploads\/2025\/03\/kresimir-kuran-lokalniizbori2025.jpg\",\"width\":800,\"height\":600},{\"@type\":\"BreadcrumbList\",\"@id\":\"https:\/\/likemetkovic.hr\/portal\/lokalni-izbori-kresimir-kuran-kanididat-za-zamjenika-zupana-ispred-koalicije-snaga-juga-sdp-srd-je-grad-mozemo\/#breadcrumb\",\"itemListElement\":[{\"@type\":\"ListItem\",\"position\":1,\"name\":\"Po\u010detna stranica\",\"item\":\"https:\/\/likemetkovic.hr\/portal\/\"},{\"@type\":\"ListItem\",\"position\":2,\"name\":\"LOKALNI IZBORI Kre\u0161imir Kuran kanididat za zamjenika \u017eupana ispred koalicije &#8220;Snaga juga&#8221; (SDP\/Sr\u0111 je Grad\/Mo\u017eemo)\"}]},{\"@type\":\"WebSite\",\"@id\":\"https:\/\/likemetkovic.hr\/#website\",\"url\":\"https:\/\/likemetkovic.hr\/\",\"name\":\"likemetkovic.hr\",\"description\":\"Misli pozitivno... \u010ditaj LIKE\",\"potentialAction\":[{\"@type\":\"SearchAction\",\"target\":{\"@type\":\"EntryPoint\",\"urlTemplate\":\"https:\/\/likemetkovic.hr\/?s={search_term_string}\"},\"query-input\":{\"@type\":\"PropertyValueSpecification\",\"valueRequired\":true,\"valueName\":\"search_term_string\"}}],\"inLanguage\":\"hr\"},{\"@type\":\"Person\",\"@id\":\"https:\/\/likemetkovic.hr\/#\/schema\/person\/0a8b4ebfdfe1ff01192dccda40c5da0c\",\"name\":\"K. J.\",\"url\":\"https:\/\/likemetkovic.hr\/portal\/author\/likemetkovic\/\"}]}<\/script>\n<!-- \/ Yoast SEO plugin. -->","yoast_head_json":{"title":"LOKALNI IZBORI Kre\u0161imir Kuran kanididat za zamjenika \u017eupana ispred koalicije \"Snaga juga\" (SDP\/Sr\u0111 je Grad\/Mo\u017eemo) - likemetkovic.hr","robots":{"index":"index","follow":"follow","max-snippet":"max-snippet:-1","max-image-preview":"max-image-preview:large","max-video-preview":"max-video-preview:-1"},"canonical":"https:\/\/likemetkovic.hr\/portal\/lokalni-izbori-kresimir-kuran-kanididat-za-zamjenika-zupana-ispred-koalicije-snaga-juga-sdp-srd-je-grad-mozemo\/","og_locale":"hr_HR","og_type":"article","og_title":"LOKALNI IZBORI Kre\u0161imir Kuran kanididat za zamjenika \u017eupana ispred koalicije \"Snaga juga\" (SDP\/Sr\u0111 je Grad\/Mo\u017eemo) - likemetkovic.hr","og_description":"Koalicija Snaga juga (SDP\/Sr\u0111 je Grad\/Mo\u017eemo) predstavila je ove subote u Plo\u010dama kandidata za zamjenika \u017eupana Kre\u0161imira Kurana i jasno poru\u010dila kako na predstoje\u0107im izborima o\u010dekuju pobjedu na izborima i kako je to tim koji predstavlja istinsku snagu za promjenu u Dubrova\u010dko \u2013 neretvanskoj \u017eupaniji. Na tiskovnoj konferenciji su govorili saborski zastupnik Mi\u0161o Krsti\u010devi\u0107, kandidat [&hellip;]","og_url":"https:\/\/likemetkovic.hr\/portal\/lokalni-izbori-kresimir-kuran-kanididat-za-zamjenika-zupana-ispred-koalicije-snaga-juga-sdp-srd-je-grad-mozemo\/","og_site_name":"likemetkovic.hr","article_publisher":"https:\/\/www.facebook.com\/likemetkovic.hr\/","article_published_time":"2025-03-22T13:56:31+00:00","article_modified_time":"2025-05-16T19:58:53+00:00","og_image":[{"width":800,"height":600,"url":"https:\/\/likemetkovic.hr\/portal\/wp-content\/uploads\/2025\/03\/kresimir-kuran-lokalniizbori2025.jpg","type":"image\/jpeg"}],"author":"K. J.","twitter_card":"summary_large_image","twitter_misc":{"Napisao\/la":"K. J.","Procijenjeno vrijeme \u010ditanja":"5 minuta"},"schema":{"@context":"https:\/\/schema.org","@graph":[{"@type":"WebPage","@id":"https:\/\/likemetkovic.hr\/portal\/lokalni-izbori-kresimir-kuran-kanididat-za-zamjenika-zupana-ispred-koalicije-snaga-juga-sdp-srd-je-grad-mozemo\/","url":"https:\/\/likemetkovic.hr\/portal\/lokalni-izbori-kresimir-kuran-kanididat-za-zamjenika-zupana-ispred-koalicije-snaga-juga-sdp-srd-je-grad-mozemo\/","name":"LOKALNI IZBORI Kre\u0161imir Kuran kanididat za zamjenika \u017eupana ispred koalicije \"Snaga juga\" (SDP\/Sr\u0111 je Grad\/Mo\u017eemo) - likemetkovic.hr","isPartOf":{"@id":"https:\/\/likemetkovic.hr\/#website"},"primaryImageOfPage":{"@id":"https:\/\/likemetkovic.hr\/portal\/lokalni-izbori-kresimir-kuran-kanididat-za-zamjenika-zupana-ispred-koalicije-snaga-juga-sdp-srd-je-grad-mozemo\/#primaryimage"},"image":{"@id":"https:\/\/likemetkovic.hr\/portal\/lokalni-izbori-kresimir-kuran-kanididat-za-zamjenika-zupana-ispred-koalicije-snaga-juga-sdp-srd-je-grad-mozemo\/#primaryimage"},"thumbnailUrl":"https:\/\/likemetkovic.hr\/portal\/wp-content\/uploads\/2025\/03\/kresimir-kuran-lokalniizbori2025.jpg","datePublished":"2025-03-22T13:56:31+00:00","dateModified":"2025-05-16T19:58:53+00:00","author":{"@id":"https:\/\/likemetkovic.hr\/#\/schema\/person\/0a8b4ebfdfe1ff01192dccda40c5da0c"},"breadcrumb":{"@id":"https:\/\/likemetkovic.hr\/portal\/lokalni-izbori-kresimir-kuran-kanididat-za-zamjenika-zupana-ispred-koalicije-snaga-juga-sdp-srd-je-grad-mozemo\/#breadcrumb"},"inLanguage":"hr","potentialAction":[{"@type":"ReadAction","target":["https:\/\/likemetkovic.hr\/portal\/lokalni-izbori-kresimir-kuran-kanididat-za-zamjenika-zupana-ispred-koalicije-snaga-juga-sdp-srd-je-grad-mozemo\/"]}]},{"@type":"ImageObject","inLanguage":"hr","@id":"https:\/\/likemetkovic.hr\/portal\/lokalni-izbori-kresimir-kuran-kanididat-za-zamjenika-zupana-ispred-koalicije-snaga-juga-sdp-srd-je-grad-mozemo\/#primaryimage","url":"https:\/\/likemetkovic.hr\/portal\/wp-content\/uploads\/2025\/03\/kresimir-kuran-lokalniizbori2025.jpg","contentUrl":"https:\/\/likemetkovic.hr\/portal\/wp-content\/uploads\/2025\/03\/kresimir-kuran-lokalniizbori2025.jpg","width":800,"height":600},{"@type":"BreadcrumbList","@id":"https:\/\/likemetkovic.hr\/portal\/lokalni-izbori-kresimir-kuran-kanididat-za-zamjenika-zupana-ispred-koalicije-snaga-juga-sdp-srd-je-grad-mozemo\/#breadcrumb","itemListElement":[{"@type":"ListItem","position":1,"name":"Po\u010detna stranica","item":"https:\/\/likemetkovic.hr\/portal\/"},{"@type":"ListItem","position":2,"name":"LOKALNI IZBORI Kre\u0161imir Kuran kanididat za zamjenika \u017eupana ispred koalicije &#8220;Snaga juga&#8221; (SDP\/Sr\u0111 je Grad\/Mo\u017eemo)"}]},{"@type":"WebSite","@id":"https:\/\/likemetkovic.hr\/#website","url":"https:\/\/likemetkovic.hr\/","name":"likemetkovic.hr","description":"Misli pozitivno... \u010ditaj LIKE","potentialAction":[{"@type":"SearchAction","target":{"@type":"EntryPoint","urlTemplate":"https:\/\/likemetkovic.hr\/?s={search_term_string}"},"query-input":{"@type":"PropertyValueSpecification","valueRequired":true,"valueName":"search_term_string"}}],"inLanguage":"hr"},{"@type":"Person","@id":"https:\/\/likemetkovic.hr\/#\/schema\/person\/0a8b4ebfdfe1ff01192dccda40c5da0c","name":"K. J.","url":"https:\/\/likemetkovic.hr\/portal\/author\/likemetkovic\/"}]}},"_links":{"self":[{"href":"https:\/\/likemetkovic.hr\/portal\/wp-json\/wp\/v2\/posts\/164045","targetHints":{"allow":["GET"]}}],"collection":[{"href":"https:\/\/likemetkovic.hr\/portal\/wp-json\/wp\/v2\/posts"}],"about":[{"href":"https:\/\/likemetkovic.hr\/portal\/wp-json\/wp\/v2\/types\/post"}],"author":[{"embeddable":true,"href":"https:\/\/likemetkovic.hr\/portal\/wp-json\/wp\/v2\/users\/9"}],"replies":[{"embeddable":true,"href":"https:\/\/likemetkovic.hr\/portal\/wp-json\/wp\/v2\/comments?post=164045"}],"version-history":[{"count":1,"href":"https:\/\/likemetkovic.hr\/portal\/wp-json\/wp\/v2\/posts\/164045\/revisions"}],"predecessor-version":[{"id":164047,"href":"https:\/\/likemetkovic.hr\/portal\/wp-json\/wp\/v2\/posts\/164045\/revisions\/164047"}],"wp:featuredmedia":[{"embeddable":true,"href":"https:\/\/likemetkovic.hr\/portal\/wp-json\/wp\/v2\/media\/164046"}],"wp:attachment":[{"href":"https:\/\/likemetkovic.hr\/portal\/wp-json\/wp\/v2\/media?parent=164045"}],"wp:term":[{"taxonomy":"category","embeddable":true,"href":"https:\/\/likemetkovic.hr\/portal\/wp-json\/wp\/v2\/categories?post=164045"},{"taxonomy":"post_tag","embeddable":true,"href":"https:\/\/likemetkovic.hr\/portal\/wp-json\/wp\/v2\/tags?post=164045"}],"curies":[{"name":"wp","href":"https:\/\/api.w.org\/{rel}","templated":true}]}}