{"id":164691,"date":"2025-04-15T07:29:37","date_gmt":"2025-04-15T05:29:37","guid":{"rendered":"https:\/\/likemetkovic.hr\/portal\/?p=164691"},"modified":"2025-04-15T07:30:06","modified_gmt":"2025-04-15T05:30:06","slug":"ministrica-nina-obuljen-korzinek-obisla-radove-na-izgradnji-lapidarija-narona-u-vidu","status":"publish","type":"post","link":"https:\/\/likemetkovic.hr\/portal\/ministrica-nina-obuljen-korzinek-obisla-radove-na-izgradnji-lapidarija-narona-u-vidu\/","title":{"rendered":"Ministrica Nina Obuljen Kor\u017einek obi\u0161la radove na izgradnji Lapidarija Narona u Vidu"},"content":{"rendered":"<p>Ministrica kulture i medija<strong> Nina Obuljen Kor\u017einek obi\u0161la je u ponedjeljak<\/strong>, 14. travnja 2025., u dru\u0161tvu gradona\u010delnika Dalibora Milana radove na izgradnji <strong>Lapidarija Narona <\/strong>u Vidu, objavio je <a href=\"https:\/\/www.metkovic.hr\/2025\/04\/14\/ministrica-nina-obuljen-korzinek-u-drustvu-gradonacelnika-dalibora-milana-obisla-radove-na-izgradnji-lapidarija-narona-u-vidu\/\" target=\"_blank\" rel=\"noopener\">metkovic.hr<\/a>.<\/p>\n<p>Rije\u010d je o projektu izgradnje nove zgrade Arheolo\u0161koga muzeja Narona, vrijednome vi\u0161e oko 7,5 milijuna eura koji \u0107e prezentacijski, ali i u cijelosti zaokru\u017eiti muzeolo\u0161ki koncept vrijednoga nalazi\u0161ta u Vidu. Ideja za Lapidarij postoji otkako je Muzej 2007. otvoren, a preduvjeti za gra\u0111enje stvoreni su 2018. godine, kada je Grad Metkovi\u0107 financirao izradu idejnoga projekta te kada je izmjenama i dopunama prostornoga plana ure\u0111enja napravljena prenamjena prostora na lokaciji.<\/p>\n<p>\u201eGrad Metkovi\u0107 je jo\u0161 ranije prepoznao va\u017enost nove zgrade AM Narona te smo poduzeli korake kojima smo omogu\u0107ili gradnju. Metkovi\u0107 polako, ali sigurno brendiramo kao Grad muzeja! Uz jedan od najopremljenijih Prirodoslovnih muzeja u RH, Etno ku\u0107u Ili\u0107 i Edukativni centar Congeria, otvorenje Lapidarija, kao zaokru\u017eene cjeline AM Narona, itekako \u0107e tome pridonijeti\u201c, istaknuo je gradona\u010delnik Metkovi\u0107a Dalibor Milan.<\/p>\n<p><img decoding=\"async\" class=\"alignnone size-full wp-image-164692\" src=\"https:\/\/likemetkovic.hr\/portal\/wp-content\/uploads\/2025\/04\/Lapidarij-12.jpg\" alt=\"\" width=\"800\" height=\"534\" srcset=\"https:\/\/likemetkovic.hr\/portal\/wp-content\/uploads\/2025\/04\/Lapidarij-12.jpg 800w, https:\/\/likemetkovic.hr\/portal\/wp-content\/uploads\/2025\/04\/Lapidarij-12-768x513.jpg 768w, https:\/\/likemetkovic.hr\/portal\/wp-content\/uploads\/2025\/04\/Lapidarij-12-629x420.jpg 629w, https:\/\/likemetkovic.hr\/portal\/wp-content\/uploads\/2025\/04\/Lapidarij-12-150x100.jpg 150w, https:\/\/likemetkovic.hr\/portal\/wp-content\/uploads\/2025\/04\/Lapidarij-12-300x200.jpg 300w, https:\/\/likemetkovic.hr\/portal\/wp-content\/uploads\/2025\/04\/Lapidarij-12-696x465.jpg 696w\" sizes=\"(max-width: 800px) 100vw, 800px\" \/><\/p>\n<p>Uz prostor za posjetitelje, Lapidarij \u0107e imati prostor za djelatnike i stru\u010dne suradnike, a stalni postav bit \u0107e podijeljen u sedam tematskih cjelina. Osim novoga sadr\u017eaja pomo\u0107u kojega \u0107e posjetitelji mo\u0107i do\u017eivjeti Naronu onakvu kakva je neko\u0107 bila, Lapidarij \u0107e omogu\u0107iti i dodatne znanstvene studije te bogatiju turisti\u010dku ponudu.<\/p>\n<p>\u201eO ovome projektu razgovaralo se jo\u0161 od samoga otvorenja Arheolo\u0161koga muzeja Narona. Mi smo donijeli odluku o nastavku razvoja Muzeja jer bogato arheolo\u0161ko naslije\u0111e koje nam prezentira, zaslu\u017euje biti zaokru\u017eeno. Osim toga, AM Narona je jedan od najuspje\u0161nijih arheolo\u0161kih muzeja koji je dobio brojne nagrade i pohvale te je zaslu\u017eio novi prostor koji \u0107e slu\u017eiti za stalni i povremeni prostor, izlo\u017ebe, pohrane i prezentaciju, a koji \u0107e omogu\u0107iti kustosima i posjetiteljima da u punini spoznaju bogatstvo ba\u0161tine koja se ovdje prezentira\u201c, naglasila je ministrica Obuljen Kor\u017einek.<\/p>\n<p><img decoding=\"async\" class=\"alignnone size-full wp-image-164693\" src=\"https:\/\/likemetkovic.hr\/portal\/wp-content\/uploads\/2025\/04\/Lapidarij-2.jpg\" alt=\"\" width=\"800\" height=\"534\" srcset=\"https:\/\/likemetkovic.hr\/portal\/wp-content\/uploads\/2025\/04\/Lapidarij-2.jpg 800w, https:\/\/likemetkovic.hr\/portal\/wp-content\/uploads\/2025\/04\/Lapidarij-2-768x513.jpg 768w, https:\/\/likemetkovic.hr\/portal\/wp-content\/uploads\/2025\/04\/Lapidarij-2-629x420.jpg 629w, https:\/\/likemetkovic.hr\/portal\/wp-content\/uploads\/2025\/04\/Lapidarij-2-150x100.jpg 150w, https:\/\/likemetkovic.hr\/portal\/wp-content\/uploads\/2025\/04\/Lapidarij-2-300x200.jpg 300w, https:\/\/likemetkovic.hr\/portal\/wp-content\/uploads\/2025\/04\/Lapidarij-2-696x465.jpg 696w\" sizes=\"(max-width: 800px) 100vw, 800px\" \/><\/p>\n<p>Okupljene je kroz novu zgradu proveo ravnatelj AM Narona u Vidu Toni Glu\u010dina, a prije samoga obilaska odr\u017eana je i prezentacija projekta.<\/p>\n<p>Foto: metkovic.hr<\/p>\n","protected":false},"excerpt":{"rendered":"<p>Ministrica kulture i medija Nina Obuljen Kor\u017einek obi\u0161la je u ponedjeljak, 14. travnja 2025., u dru\u0161tvu gradona\u010delnika Dalibora Milana radove na izgradnji Lapidarija Narona u Vidu, objavio je metkovic.hr. Rije\u010d je o projektu izgradnje nove zgrade Arheolo\u0161koga muzeja Narona, vrijednome vi\u0161e oko 7,5 milijuna eura koji \u0107e prezentacijski, ali i u cijelosti zaokru\u017eiti muzeolo\u0161ki koncept [&hellip;]<\/p>\n","protected":false},"author":7,"featured_media":164693,"comment_status":"open","ping_status":"open","sticky":false,"template":"","format":"standard","meta":{"footnotes":""},"categories":[283,11],"tags":[4465,8444,5863],"class_list":{"0":"post-164691","1":"post","2":"type-post","3":"status-publish","4":"format-standard","5":"has-post-thumbnail","7":"category-a","8":"category-metkovic-dolina","9":"tag-am-narona","10":"tag-lapidarij","11":"tag-nina-obuljen-korzinek"},"yoast_head":"<!-- This site is optimized with the Yoast SEO plugin v25.2 - https:\/\/yoast.com\/wordpress\/plugins\/seo\/ -->\n<title>Ministrica Nina Obuljen Kor\u017einek obi\u0161la radove na izgradnji Lapidarija Narona u Vidu - likemetkovic.hr<\/title>\n<meta name=\"robots\" content=\"index, follow, max-snippet:-1, max-image-preview:large, max-video-preview:-1\" \/>\n<link rel=\"canonical\" href=\"https:\/\/likemetkovic.hr\/portal\/ministrica-nina-obuljen-korzinek-obisla-radove-na-izgradnji-lapidarija-narona-u-vidu\/\" \/>\n<meta property=\"og:locale\" content=\"hr_HR\" \/>\n<meta property=\"og:type\" content=\"article\" \/>\n<meta property=\"og:title\" content=\"Ministrica Nina Obuljen Kor\u017einek obi\u0161la radove na izgradnji Lapidarija Narona u Vidu - likemetkovic.hr\" \/>\n<meta property=\"og:description\" content=\"Ministrica kulture i medija Nina Obuljen Kor\u017einek obi\u0161la je u ponedjeljak, 14. travnja 2025., u dru\u0161tvu gradona\u010delnika Dalibora Milana radove na izgradnji Lapidarija Narona u Vidu, objavio je metkovic.hr. Rije\u010d je o projektu izgradnje nove zgrade Arheolo\u0161koga muzeja Narona, vrijednome vi\u0161e oko 7,5 milijuna eura koji \u0107e prezentacijski, ali i u cijelosti zaokru\u017eiti muzeolo\u0161ki koncept [&hellip;]\" \/>\n<meta property=\"og:url\" content=\"https:\/\/likemetkovic.hr\/portal\/ministrica-nina-obuljen-korzinek-obisla-radove-na-izgradnji-lapidarija-narona-u-vidu\/\" \/>\n<meta property=\"og:site_name\" content=\"likemetkovic.hr\" \/>\n<meta property=\"article:publisher\" content=\"https:\/\/www.facebook.com\/likemetkovic.hr\/\" \/>\n<meta property=\"article:published_time\" content=\"2025-04-15T05:29:37+00:00\" \/>\n<meta property=\"article:modified_time\" content=\"2025-04-15T05:30:06+00:00\" \/>\n<meta property=\"og:image\" content=\"https:\/\/likemetkovic.hr\/portal\/wp-content\/uploads\/2025\/04\/Lapidarij-2.jpg\" \/>\n\t<meta property=\"og:image:width\" content=\"800\" \/>\n\t<meta property=\"og:image:height\" content=\"534\" \/>\n\t<meta property=\"og:image:type\" content=\"image\/jpeg\" \/>\n<meta name=\"author\" content=\"LIKEmetkovic.hr\" \/>\n<meta name=\"twitter:card\" content=\"summary_large_image\" \/>\n<meta name=\"twitter:label1\" content=\"Napisao\/la\" \/>\n\t<meta name=\"twitter:data1\" content=\"LIKEmetkovic.hr\" \/>\n\t<meta name=\"twitter:label2\" content=\"Procijenjeno vrijeme \u010ditanja\" \/>\n\t<meta name=\"twitter:data2\" content=\"3 minute\" \/>\n<script type=\"application\/ld+json\" class=\"yoast-schema-graph\">{\"@context\":\"https:\/\/schema.org\",\"@graph\":[{\"@type\":\"WebPage\",\"@id\":\"https:\/\/likemetkovic.hr\/portal\/ministrica-nina-obuljen-korzinek-obisla-radove-na-izgradnji-lapidarija-narona-u-vidu\/\",\"url\":\"https:\/\/likemetkovic.hr\/portal\/ministrica-nina-obuljen-korzinek-obisla-radove-na-izgradnji-lapidarija-narona-u-vidu\/\",\"name\":\"Ministrica Nina Obuljen Kor\u017einek obi\u0161la radove na izgradnji Lapidarija Narona u Vidu - likemetkovic.hr\",\"isPartOf\":{\"@id\":\"https:\/\/likemetkovic.hr\/#website\"},\"primaryImageOfPage\":{\"@id\":\"https:\/\/likemetkovic.hr\/portal\/ministrica-nina-obuljen-korzinek-obisla-radove-na-izgradnji-lapidarija-narona-u-vidu\/#primaryimage\"},\"image\":{\"@id\":\"https:\/\/likemetkovic.hr\/portal\/ministrica-nina-obuljen-korzinek-obisla-radove-na-izgradnji-lapidarija-narona-u-vidu\/#primaryimage\"},\"thumbnailUrl\":\"https:\/\/likemetkovic.hr\/portal\/wp-content\/uploads\/2025\/04\/Lapidarij-2.jpg\",\"datePublished\":\"2025-04-15T05:29:37+00:00\",\"dateModified\":\"2025-04-15T05:30:06+00:00\",\"author\":{\"@id\":\"https:\/\/likemetkovic.hr\/#\/schema\/person\/a42711f3385a0e2be6f7e0443bfb28f0\"},\"breadcrumb\":{\"@id\":\"https:\/\/likemetkovic.hr\/portal\/ministrica-nina-obuljen-korzinek-obisla-radove-na-izgradnji-lapidarija-narona-u-vidu\/#breadcrumb\"},\"inLanguage\":\"hr\",\"potentialAction\":[{\"@type\":\"ReadAction\",\"target\":[\"https:\/\/likemetkovic.hr\/portal\/ministrica-nina-obuljen-korzinek-obisla-radove-na-izgradnji-lapidarija-narona-u-vidu\/\"]}]},{\"@type\":\"ImageObject\",\"inLanguage\":\"hr\",\"@id\":\"https:\/\/likemetkovic.hr\/portal\/ministrica-nina-obuljen-korzinek-obisla-radove-na-izgradnji-lapidarija-narona-u-vidu\/#primaryimage\",\"url\":\"https:\/\/likemetkovic.hr\/portal\/wp-content\/uploads\/2025\/04\/Lapidarij-2.jpg\",\"contentUrl\":\"https:\/\/likemetkovic.hr\/portal\/wp-content\/uploads\/2025\/04\/Lapidarij-2.jpg\",\"width\":800,\"height\":534},{\"@type\":\"BreadcrumbList\",\"@id\":\"https:\/\/likemetkovic.hr\/portal\/ministrica-nina-obuljen-korzinek-obisla-radove-na-izgradnji-lapidarija-narona-u-vidu\/#breadcrumb\",\"itemListElement\":[{\"@type\":\"ListItem\",\"position\":1,\"name\":\"Po\u010detna stranica\",\"item\":\"https:\/\/likemetkovic.hr\/portal\/\"},{\"@type\":\"ListItem\",\"position\":2,\"name\":\"Ministrica Nina Obuljen Kor\u017einek obi\u0161la radove na izgradnji Lapidarija Narona u Vidu\"}]},{\"@type\":\"WebSite\",\"@id\":\"https:\/\/likemetkovic.hr\/#website\",\"url\":\"https:\/\/likemetkovic.hr\/\",\"name\":\"likemetkovic.hr\",\"description\":\"Misli pozitivno... \u010ditaj LIKE\",\"potentialAction\":[{\"@type\":\"SearchAction\",\"target\":{\"@type\":\"EntryPoint\",\"urlTemplate\":\"https:\/\/likemetkovic.hr\/?s={search_term_string}\"},\"query-input\":{\"@type\":\"PropertyValueSpecification\",\"valueRequired\":true,\"valueName\":\"search_term_string\"}}],\"inLanguage\":\"hr\"},{\"@type\":\"Person\",\"@id\":\"https:\/\/likemetkovic.hr\/#\/schema\/person\/a42711f3385a0e2be6f7e0443bfb28f0\",\"name\":\"LIKEmetkovic.hr\",\"sameAs\":[\"http:\/\/likemetkovic.hr\"],\"url\":\"https:\/\/likemetkovic.hr\/portal\/author\/likemetkovic-hr\/\"}]}<\/script>\n<!-- \/ Yoast SEO plugin. -->","yoast_head_json":{"title":"Ministrica Nina Obuljen Kor\u017einek obi\u0161la radove na izgradnji Lapidarija Narona u Vidu - likemetkovic.hr","robots":{"index":"index","follow":"follow","max-snippet":"max-snippet:-1","max-image-preview":"max-image-preview:large","max-video-preview":"max-video-preview:-1"},"canonical":"https:\/\/likemetkovic.hr\/portal\/ministrica-nina-obuljen-korzinek-obisla-radove-na-izgradnji-lapidarija-narona-u-vidu\/","og_locale":"hr_HR","og_type":"article","og_title":"Ministrica Nina Obuljen Kor\u017einek obi\u0161la radove na izgradnji Lapidarija Narona u Vidu - likemetkovic.hr","og_description":"Ministrica kulture i medija Nina Obuljen Kor\u017einek obi\u0161la je u ponedjeljak, 14. travnja 2025., u dru\u0161tvu gradona\u010delnika Dalibora Milana radove na izgradnji Lapidarija Narona u Vidu, objavio je metkovic.hr. Rije\u010d je o projektu izgradnje nove zgrade Arheolo\u0161koga muzeja Narona, vrijednome vi\u0161e oko 7,5 milijuna eura koji \u0107e prezentacijski, ali i u cijelosti zaokru\u017eiti muzeolo\u0161ki koncept [&hellip;]","og_url":"https:\/\/likemetkovic.hr\/portal\/ministrica-nina-obuljen-korzinek-obisla-radove-na-izgradnji-lapidarija-narona-u-vidu\/","og_site_name":"likemetkovic.hr","article_publisher":"https:\/\/www.facebook.com\/likemetkovic.hr\/","article_published_time":"2025-04-15T05:29:37+00:00","article_modified_time":"2025-04-15T05:30:06+00:00","og_image":[{"width":800,"height":534,"url":"https:\/\/likemetkovic.hr\/portal\/wp-content\/uploads\/2025\/04\/Lapidarij-2.jpg","type":"image\/jpeg"}],"author":"LIKEmetkovic.hr","twitter_card":"summary_large_image","twitter_misc":{"Napisao\/la":"LIKEmetkovic.hr","Procijenjeno vrijeme \u010ditanja":"3 minute"},"schema":{"@context":"https:\/\/schema.org","@graph":[{"@type":"WebPage","@id":"https:\/\/likemetkovic.hr\/portal\/ministrica-nina-obuljen-korzinek-obisla-radove-na-izgradnji-lapidarija-narona-u-vidu\/","url":"https:\/\/likemetkovic.hr\/portal\/ministrica-nina-obuljen-korzinek-obisla-radove-na-izgradnji-lapidarija-narona-u-vidu\/","name":"Ministrica Nina Obuljen Kor\u017einek obi\u0161la radove na izgradnji Lapidarija Narona u Vidu - likemetkovic.hr","isPartOf":{"@id":"https:\/\/likemetkovic.hr\/#website"},"primaryImageOfPage":{"@id":"https:\/\/likemetkovic.hr\/portal\/ministrica-nina-obuljen-korzinek-obisla-radove-na-izgradnji-lapidarija-narona-u-vidu\/#primaryimage"},"image":{"@id":"https:\/\/likemetkovic.hr\/portal\/ministrica-nina-obuljen-korzinek-obisla-radove-na-izgradnji-lapidarija-narona-u-vidu\/#primaryimage"},"thumbnailUrl":"https:\/\/likemetkovic.hr\/portal\/wp-content\/uploads\/2025\/04\/Lapidarij-2.jpg","datePublished":"2025-04-15T05:29:37+00:00","dateModified":"2025-04-15T05:30:06+00:00","author":{"@id":"https:\/\/likemetkovic.hr\/#\/schema\/person\/a42711f3385a0e2be6f7e0443bfb28f0"},"breadcrumb":{"@id":"https:\/\/likemetkovic.hr\/portal\/ministrica-nina-obuljen-korzinek-obisla-radove-na-izgradnji-lapidarija-narona-u-vidu\/#breadcrumb"},"inLanguage":"hr","potentialAction":[{"@type":"ReadAction","target":["https:\/\/likemetkovic.hr\/portal\/ministrica-nina-obuljen-korzinek-obisla-radove-na-izgradnji-lapidarija-narona-u-vidu\/"]}]},{"@type":"ImageObject","inLanguage":"hr","@id":"https:\/\/likemetkovic.hr\/portal\/ministrica-nina-obuljen-korzinek-obisla-radove-na-izgradnji-lapidarija-narona-u-vidu\/#primaryimage","url":"https:\/\/likemetkovic.hr\/portal\/wp-content\/uploads\/2025\/04\/Lapidarij-2.jpg","contentUrl":"https:\/\/likemetkovic.hr\/portal\/wp-content\/uploads\/2025\/04\/Lapidarij-2.jpg","width":800,"height":534},{"@type":"BreadcrumbList","@id":"https:\/\/likemetkovic.hr\/portal\/ministrica-nina-obuljen-korzinek-obisla-radove-na-izgradnji-lapidarija-narona-u-vidu\/#breadcrumb","itemListElement":[{"@type":"ListItem","position":1,"name":"Po\u010detna stranica","item":"https:\/\/likemetkovic.hr\/portal\/"},{"@type":"ListItem","position":2,"name":"Ministrica Nina Obuljen Kor\u017einek obi\u0161la radove na izgradnji Lapidarija Narona u Vidu"}]},{"@type":"WebSite","@id":"https:\/\/likemetkovic.hr\/#website","url":"https:\/\/likemetkovic.hr\/","name":"likemetkovic.hr","description":"Misli pozitivno... \u010ditaj LIKE","potentialAction":[{"@type":"SearchAction","target":{"@type":"EntryPoint","urlTemplate":"https:\/\/likemetkovic.hr\/?s={search_term_string}"},"query-input":{"@type":"PropertyValueSpecification","valueRequired":true,"valueName":"search_term_string"}}],"inLanguage":"hr"},{"@type":"Person","@id":"https:\/\/likemetkovic.hr\/#\/schema\/person\/a42711f3385a0e2be6f7e0443bfb28f0","name":"LIKEmetkovic.hr","sameAs":["http:\/\/likemetkovic.hr"],"url":"https:\/\/likemetkovic.hr\/portal\/author\/likemetkovic-hr\/"}]}},"_links":{"self":[{"href":"https:\/\/likemetkovic.hr\/portal\/wp-json\/wp\/v2\/posts\/164691","targetHints":{"allow":["GET"]}}],"collection":[{"href":"https:\/\/likemetkovic.hr\/portal\/wp-json\/wp\/v2\/posts"}],"about":[{"href":"https:\/\/likemetkovic.hr\/portal\/wp-json\/wp\/v2\/types\/post"}],"author":[{"embeddable":true,"href":"https:\/\/likemetkovic.hr\/portal\/wp-json\/wp\/v2\/users\/7"}],"replies":[{"embeddable":true,"href":"https:\/\/likemetkovic.hr\/portal\/wp-json\/wp\/v2\/comments?post=164691"}],"version-history":[{"count":2,"href":"https:\/\/likemetkovic.hr\/portal\/wp-json\/wp\/v2\/posts\/164691\/revisions"}],"predecessor-version":[{"id":164695,"href":"https:\/\/likemetkovic.hr\/portal\/wp-json\/wp\/v2\/posts\/164691\/revisions\/164695"}],"wp:featuredmedia":[{"embeddable":true,"href":"https:\/\/likemetkovic.hr\/portal\/wp-json\/wp\/v2\/media\/164693"}],"wp:attachment":[{"href":"https:\/\/likemetkovic.hr\/portal\/wp-json\/wp\/v2\/media?parent=164691"}],"wp:term":[{"taxonomy":"category","embeddable":true,"href":"https:\/\/likemetkovic.hr\/portal\/wp-json\/wp\/v2\/categories?post=164691"},{"taxonomy":"post_tag","embeddable":true,"href":"https:\/\/likemetkovic.hr\/portal\/wp-json\/wp\/v2\/tags?post=164691"}],"curies":[{"name":"wp","href":"https:\/\/api.w.org\/{rel}","templated":true}]}}