{"id":165036,"date":"2026-04-25T08:05:56","date_gmt":"2026-04-25T06:05:56","guid":{"rendered":"https:\/\/likemetkovic.hr\/portal\/?p=165036"},"modified":"2026-04-26T20:28:32","modified_gmt":"2026-04-26T18:28:32","slug":"najava-8-memorijalni-biciklisticki-maraton-navik-on-zivi-ki-zgine-posteno-prevlaka-vukovar-ilok-2025","status":"publish","type":"post","link":"https:\/\/likemetkovic.hr\/portal\/najava-8-memorijalni-biciklisticki-maraton-navik-on-zivi-ki-zgine-posteno-prevlaka-vukovar-ilok-2025\/","title":{"rendered":"NAJAVA! 9. memorijalni biciklisti\u010dki maraton &#8220;Navik on \u017eivi ki zgine po\u0161teno&#8221; Prevlaka- Vukovar-Ilok 2026."},"content":{"rendered":"<p style=\"font-weight: 400;\">BK Metkovi\u0107 organizira <strong>9. memorijalni biciklisti\u010dki maraton &#8220;Navik on \u017eivi ki zgine po\u0161teno&#8221; Prevlaka- Vukovar-Ilok 2026.<\/strong> u spomen na 12 ubijenih redarstvenika u Borovu Selu. U 6 dana (<strong>od 26. travnja do 2. svibnja 2026.<\/strong>) biciklisti\u010dka karavana prije\u0107i \u0107e 1000 km od rta O\u0161tro na Prevlaci do Iloka, te na taj na\u010din simboli\u010dno spojiti krajnji jug i istok Hrvatske.<\/p>\n<p><img decoding=\"async\" class=\"alignnone size-medium wp-image-174120\" src=\"https:\/\/likemetkovic.hr\/portal\/wp-content\/uploads\/2025\/04\/maarton.navik-on-zivi-565x800.jpg\" alt=\"\" width=\"565\" height=\"800\" srcset=\"https:\/\/likemetkovic.hr\/portal\/wp-content\/uploads\/2025\/04\/maarton.navik-on-zivi-565x800.jpg 565w, https:\/\/likemetkovic.hr\/portal\/wp-content\/uploads\/2025\/04\/maarton.navik-on-zivi-768x1087.jpg 768w, https:\/\/likemetkovic.hr\/portal\/wp-content\/uploads\/2025\/04\/maarton.navik-on-zivi-297x420.jpg 297w, https:\/\/likemetkovic.hr\/portal\/wp-content\/uploads\/2025\/04\/maarton.navik-on-zivi-150x212.jpg 150w, https:\/\/likemetkovic.hr\/portal\/wp-content\/uploads\/2025\/04\/maarton.navik-on-zivi-300x425.jpg 300w, https:\/\/likemetkovic.hr\/portal\/wp-content\/uploads\/2025\/04\/maarton.navik-on-zivi-696x985.jpg 696w, https:\/\/likemetkovic.hr\/portal\/wp-content\/uploads\/2025\/04\/maarton.navik-on-zivi.jpg 800w\" sizes=\"(max-width: 565px) 100vw, 565px\" \/><\/p>\n","protected":false},"excerpt":{"rendered":"<p>BK Metkovi\u0107 organizira 9. memorijalni biciklisti\u010dki maraton &#8220;Navik on \u017eivi ki zgine po\u0161teno&#8221; Prevlaka- Vukovar-Ilok 2026. u spomen na 12 ubijenih redarstvenika u Borovu Selu. U 6 dana (od 26. travnja do 2. svibnja 2026.) biciklisti\u010dka karavana prije\u0107i \u0107e 1000 km od rta O\u0161tro na Prevlaci do Iloka, te na taj na\u010din simboli\u010dno spojiti krajnji [&hellip;]<\/p>\n","protected":false},"author":9,"featured_media":154672,"comment_status":"open","ping_status":"open","sticky":false,"template":"","format":"standard","meta":{"footnotes":""},"categories":[296,11],"tags":[13076,1442],"class_list":{"0":"post-165036","1":"post","2":"type-post","3":"status-publish","4":"format-standard","5":"has-post-thumbnail","7":"category-ab","8":"category-metkovic-dolina","9":"tag-biciklisticki-maraton-prevlaka-ilok","10":"tag-bk-metkovic"},"yoast_head":"<!-- This site is optimized with the Yoast SEO plugin v25.2 - https:\/\/yoast.com\/wordpress\/plugins\/seo\/ -->\n<title>NAJAVA! 9. memorijalni biciklisti\u010dki maraton &quot;Navik on \u017eivi ki zgine po\u0161teno&quot; Prevlaka- Vukovar-Ilok 2026. - likemetkovic.hr<\/title>\n<meta name=\"robots\" content=\"index, follow, max-snippet:-1, max-image-preview:large, max-video-preview:-1\" \/>\n<link rel=\"canonical\" href=\"https:\/\/likemetkovic.hr\/portal\/najava-8-memorijalni-biciklisticki-maraton-navik-on-zivi-ki-zgine-posteno-prevlaka-vukovar-ilok-2025\/\" \/>\n<meta property=\"og:locale\" content=\"hr_HR\" \/>\n<meta property=\"og:type\" content=\"article\" \/>\n<meta property=\"og:title\" content=\"NAJAVA! 9. memorijalni biciklisti\u010dki maraton &quot;Navik on \u017eivi ki zgine po\u0161teno&quot; Prevlaka- Vukovar-Ilok 2026. - likemetkovic.hr\" \/>\n<meta property=\"og:description\" content=\"BK Metkovi\u0107 organizira 9. memorijalni biciklisti\u010dki maraton &#8220;Navik on \u017eivi ki zgine po\u0161teno&#8221; Prevlaka- Vukovar-Ilok 2026. u spomen na 12 ubijenih redarstvenika u Borovu Selu. U 6 dana (od 26. travnja do 2. svibnja 2026.) biciklisti\u010dka karavana prije\u0107i \u0107e 1000 km od rta O\u0161tro na Prevlaci do Iloka, te na taj na\u010din simboli\u010dno spojiti krajnji [&hellip;]\" \/>\n<meta property=\"og:url\" content=\"https:\/\/likemetkovic.hr\/portal\/najava-8-memorijalni-biciklisticki-maraton-navik-on-zivi-ki-zgine-posteno-prevlaka-vukovar-ilok-2025\/\" \/>\n<meta property=\"og:site_name\" content=\"likemetkovic.hr\" \/>\n<meta property=\"article:publisher\" content=\"https:\/\/www.facebook.com\/likemetkovic.hr\/\" \/>\n<meta property=\"article:published_time\" content=\"2026-04-25T06:05:56+00:00\" \/>\n<meta property=\"article:modified_time\" content=\"2026-04-26T18:28:32+00:00\" \/>\n<meta property=\"og:image\" content=\"https:\/\/likemetkovic.hr\/portal\/wp-content\/uploads\/2024\/05\/memorijalni-biciklisticki-maraton-prevlaka-vukovar.jpg\" \/>\n\t<meta property=\"og:image:width\" content=\"800\" \/>\n\t<meta property=\"og:image:height\" content=\"360\" \/>\n\t<meta property=\"og:image:type\" content=\"image\/jpeg\" \/>\n<meta name=\"author\" content=\"K. J.\" \/>\n<meta name=\"twitter:card\" content=\"summary_large_image\" \/>\n<meta name=\"twitter:label1\" content=\"Napisao\/la\" \/>\n\t<meta name=\"twitter:data1\" content=\"K. J.\" \/>\n\t<meta name=\"twitter:label2\" content=\"Procijenjeno vrijeme \u010ditanja\" \/>\n\t<meta name=\"twitter:data2\" content=\"1 minuta\" \/>\n<script type=\"application\/ld+json\" class=\"yoast-schema-graph\">{\"@context\":\"https:\/\/schema.org\",\"@graph\":[{\"@type\":\"WebPage\",\"@id\":\"https:\/\/likemetkovic.hr\/portal\/najava-8-memorijalni-biciklisticki-maraton-navik-on-zivi-ki-zgine-posteno-prevlaka-vukovar-ilok-2025\/\",\"url\":\"https:\/\/likemetkovic.hr\/portal\/najava-8-memorijalni-biciklisticki-maraton-navik-on-zivi-ki-zgine-posteno-prevlaka-vukovar-ilok-2025\/\",\"name\":\"NAJAVA! 9. memorijalni biciklisti\u010dki maraton \\\"Navik on \u017eivi ki zgine po\u0161teno\\\" Prevlaka- Vukovar-Ilok 2026. - likemetkovic.hr\",\"isPartOf\":{\"@id\":\"https:\/\/likemetkovic.hr\/#website\"},\"primaryImageOfPage\":{\"@id\":\"https:\/\/likemetkovic.hr\/portal\/najava-8-memorijalni-biciklisticki-maraton-navik-on-zivi-ki-zgine-posteno-prevlaka-vukovar-ilok-2025\/#primaryimage\"},\"image\":{\"@id\":\"https:\/\/likemetkovic.hr\/portal\/najava-8-memorijalni-biciklisticki-maraton-navik-on-zivi-ki-zgine-posteno-prevlaka-vukovar-ilok-2025\/#primaryimage\"},\"thumbnailUrl\":\"https:\/\/likemetkovic.hr\/portal\/wp-content\/uploads\/2024\/05\/memorijalni-biciklisticki-maraton-prevlaka-vukovar.jpg\",\"datePublished\":\"2026-04-25T06:05:56+00:00\",\"dateModified\":\"2026-04-26T18:28:32+00:00\",\"author\":{\"@id\":\"https:\/\/likemetkovic.hr\/#\/schema\/person\/0a8b4ebfdfe1ff01192dccda40c5da0c\"},\"breadcrumb\":{\"@id\":\"https:\/\/likemetkovic.hr\/portal\/najava-8-memorijalni-biciklisticki-maraton-navik-on-zivi-ki-zgine-posteno-prevlaka-vukovar-ilok-2025\/#breadcrumb\"},\"inLanguage\":\"hr\",\"potentialAction\":[{\"@type\":\"ReadAction\",\"target\":[\"https:\/\/likemetkovic.hr\/portal\/najava-8-memorijalni-biciklisticki-maraton-navik-on-zivi-ki-zgine-posteno-prevlaka-vukovar-ilok-2025\/\"]}]},{\"@type\":\"ImageObject\",\"inLanguage\":\"hr\",\"@id\":\"https:\/\/likemetkovic.hr\/portal\/najava-8-memorijalni-biciklisticki-maraton-navik-on-zivi-ki-zgine-posteno-prevlaka-vukovar-ilok-2025\/#primaryimage\",\"url\":\"https:\/\/likemetkovic.hr\/portal\/wp-content\/uploads\/2024\/05\/memorijalni-biciklisticki-maraton-prevlaka-vukovar.jpg\",\"contentUrl\":\"https:\/\/likemetkovic.hr\/portal\/wp-content\/uploads\/2024\/05\/memorijalni-biciklisticki-maraton-prevlaka-vukovar.jpg\",\"width\":800,\"height\":360},{\"@type\":\"BreadcrumbList\",\"@id\":\"https:\/\/likemetkovic.hr\/portal\/najava-8-memorijalni-biciklisticki-maraton-navik-on-zivi-ki-zgine-posteno-prevlaka-vukovar-ilok-2025\/#breadcrumb\",\"itemListElement\":[{\"@type\":\"ListItem\",\"position\":1,\"name\":\"Po\u010detna stranica\",\"item\":\"https:\/\/likemetkovic.hr\/portal\/\"},{\"@type\":\"ListItem\",\"position\":2,\"name\":\"NAJAVA! 9. memorijalni biciklisti\u010dki maraton &#8220;Navik on \u017eivi ki zgine po\u0161teno&#8221; Prevlaka- Vukovar-Ilok 2026.\"}]},{\"@type\":\"WebSite\",\"@id\":\"https:\/\/likemetkovic.hr\/#website\",\"url\":\"https:\/\/likemetkovic.hr\/\",\"name\":\"likemetkovic.hr\",\"description\":\"Misli pozitivno... \u010ditaj LIKE\",\"potentialAction\":[{\"@type\":\"SearchAction\",\"target\":{\"@type\":\"EntryPoint\",\"urlTemplate\":\"https:\/\/likemetkovic.hr\/?s={search_term_string}\"},\"query-input\":{\"@type\":\"PropertyValueSpecification\",\"valueRequired\":true,\"valueName\":\"search_term_string\"}}],\"inLanguage\":\"hr\"},{\"@type\":\"Person\",\"@id\":\"https:\/\/likemetkovic.hr\/#\/schema\/person\/0a8b4ebfdfe1ff01192dccda40c5da0c\",\"name\":\"K. J.\",\"url\":\"https:\/\/likemetkovic.hr\/portal\/author\/likemetkovic\/\"}]}<\/script>\n<!-- \/ Yoast SEO plugin. -->","yoast_head_json":{"title":"NAJAVA! 9. memorijalni biciklisti\u010dki maraton \"Navik on \u017eivi ki zgine po\u0161teno\" Prevlaka- Vukovar-Ilok 2026. - likemetkovic.hr","robots":{"index":"index","follow":"follow","max-snippet":"max-snippet:-1","max-image-preview":"max-image-preview:large","max-video-preview":"max-video-preview:-1"},"canonical":"https:\/\/likemetkovic.hr\/portal\/najava-8-memorijalni-biciklisticki-maraton-navik-on-zivi-ki-zgine-posteno-prevlaka-vukovar-ilok-2025\/","og_locale":"hr_HR","og_type":"article","og_title":"NAJAVA! 9. memorijalni biciklisti\u010dki maraton \"Navik on \u017eivi ki zgine po\u0161teno\" Prevlaka- Vukovar-Ilok 2026. - likemetkovic.hr","og_description":"BK Metkovi\u0107 organizira 9. memorijalni biciklisti\u010dki maraton &#8220;Navik on \u017eivi ki zgine po\u0161teno&#8221; Prevlaka- Vukovar-Ilok 2026. u spomen na 12 ubijenih redarstvenika u Borovu Selu. U 6 dana (od 26. travnja do 2. svibnja 2026.) biciklisti\u010dka karavana prije\u0107i \u0107e 1000 km od rta O\u0161tro na Prevlaci do Iloka, te na taj na\u010din simboli\u010dno spojiti krajnji [&hellip;]","og_url":"https:\/\/likemetkovic.hr\/portal\/najava-8-memorijalni-biciklisticki-maraton-navik-on-zivi-ki-zgine-posteno-prevlaka-vukovar-ilok-2025\/","og_site_name":"likemetkovic.hr","article_publisher":"https:\/\/www.facebook.com\/likemetkovic.hr\/","article_published_time":"2026-04-25T06:05:56+00:00","article_modified_time":"2026-04-26T18:28:32+00:00","og_image":[{"width":800,"height":360,"url":"https:\/\/likemetkovic.hr\/portal\/wp-content\/uploads\/2024\/05\/memorijalni-biciklisticki-maraton-prevlaka-vukovar.jpg","type":"image\/jpeg"}],"author":"K. J.","twitter_card":"summary_large_image","twitter_misc":{"Napisao\/la":"K. J.","Procijenjeno vrijeme \u010ditanja":"1 minuta"},"schema":{"@context":"https:\/\/schema.org","@graph":[{"@type":"WebPage","@id":"https:\/\/likemetkovic.hr\/portal\/najava-8-memorijalni-biciklisticki-maraton-navik-on-zivi-ki-zgine-posteno-prevlaka-vukovar-ilok-2025\/","url":"https:\/\/likemetkovic.hr\/portal\/najava-8-memorijalni-biciklisticki-maraton-navik-on-zivi-ki-zgine-posteno-prevlaka-vukovar-ilok-2025\/","name":"NAJAVA! 9. memorijalni biciklisti\u010dki maraton \"Navik on \u017eivi ki zgine po\u0161teno\" Prevlaka- Vukovar-Ilok 2026. - likemetkovic.hr","isPartOf":{"@id":"https:\/\/likemetkovic.hr\/#website"},"primaryImageOfPage":{"@id":"https:\/\/likemetkovic.hr\/portal\/najava-8-memorijalni-biciklisticki-maraton-navik-on-zivi-ki-zgine-posteno-prevlaka-vukovar-ilok-2025\/#primaryimage"},"image":{"@id":"https:\/\/likemetkovic.hr\/portal\/najava-8-memorijalni-biciklisticki-maraton-navik-on-zivi-ki-zgine-posteno-prevlaka-vukovar-ilok-2025\/#primaryimage"},"thumbnailUrl":"https:\/\/likemetkovic.hr\/portal\/wp-content\/uploads\/2024\/05\/memorijalni-biciklisticki-maraton-prevlaka-vukovar.jpg","datePublished":"2026-04-25T06:05:56+00:00","dateModified":"2026-04-26T18:28:32+00:00","author":{"@id":"https:\/\/likemetkovic.hr\/#\/schema\/person\/0a8b4ebfdfe1ff01192dccda40c5da0c"},"breadcrumb":{"@id":"https:\/\/likemetkovic.hr\/portal\/najava-8-memorijalni-biciklisticki-maraton-navik-on-zivi-ki-zgine-posteno-prevlaka-vukovar-ilok-2025\/#breadcrumb"},"inLanguage":"hr","potentialAction":[{"@type":"ReadAction","target":["https:\/\/likemetkovic.hr\/portal\/najava-8-memorijalni-biciklisticki-maraton-navik-on-zivi-ki-zgine-posteno-prevlaka-vukovar-ilok-2025\/"]}]},{"@type":"ImageObject","inLanguage":"hr","@id":"https:\/\/likemetkovic.hr\/portal\/najava-8-memorijalni-biciklisticki-maraton-navik-on-zivi-ki-zgine-posteno-prevlaka-vukovar-ilok-2025\/#primaryimage","url":"https:\/\/likemetkovic.hr\/portal\/wp-content\/uploads\/2024\/05\/memorijalni-biciklisticki-maraton-prevlaka-vukovar.jpg","contentUrl":"https:\/\/likemetkovic.hr\/portal\/wp-content\/uploads\/2024\/05\/memorijalni-biciklisticki-maraton-prevlaka-vukovar.jpg","width":800,"height":360},{"@type":"BreadcrumbList","@id":"https:\/\/likemetkovic.hr\/portal\/najava-8-memorijalni-biciklisticki-maraton-navik-on-zivi-ki-zgine-posteno-prevlaka-vukovar-ilok-2025\/#breadcrumb","itemListElement":[{"@type":"ListItem","position":1,"name":"Po\u010detna stranica","item":"https:\/\/likemetkovic.hr\/portal\/"},{"@type":"ListItem","position":2,"name":"NAJAVA! 9. memorijalni biciklisti\u010dki maraton &#8220;Navik on \u017eivi ki zgine po\u0161teno&#8221; Prevlaka- Vukovar-Ilok 2026."}]},{"@type":"WebSite","@id":"https:\/\/likemetkovic.hr\/#website","url":"https:\/\/likemetkovic.hr\/","name":"likemetkovic.hr","description":"Misli pozitivno... \u010ditaj LIKE","potentialAction":[{"@type":"SearchAction","target":{"@type":"EntryPoint","urlTemplate":"https:\/\/likemetkovic.hr\/?s={search_term_string}"},"query-input":{"@type":"PropertyValueSpecification","valueRequired":true,"valueName":"search_term_string"}}],"inLanguage":"hr"},{"@type":"Person","@id":"https:\/\/likemetkovic.hr\/#\/schema\/person\/0a8b4ebfdfe1ff01192dccda40c5da0c","name":"K. J.","url":"https:\/\/likemetkovic.hr\/portal\/author\/likemetkovic\/"}]}},"_links":{"self":[{"href":"https:\/\/likemetkovic.hr\/portal\/wp-json\/wp\/v2\/posts\/165036","targetHints":{"allow":["GET"]}}],"collection":[{"href":"https:\/\/likemetkovic.hr\/portal\/wp-json\/wp\/v2\/posts"}],"about":[{"href":"https:\/\/likemetkovic.hr\/portal\/wp-json\/wp\/v2\/types\/post"}],"author":[{"embeddable":true,"href":"https:\/\/likemetkovic.hr\/portal\/wp-json\/wp\/v2\/users\/9"}],"replies":[{"embeddable":true,"href":"https:\/\/likemetkovic.hr\/portal\/wp-json\/wp\/v2\/comments?post=165036"}],"version-history":[{"count":4,"href":"https:\/\/likemetkovic.hr\/portal\/wp-json\/wp\/v2\/posts\/165036\/revisions"}],"predecessor-version":[{"id":174123,"href":"https:\/\/likemetkovic.hr\/portal\/wp-json\/wp\/v2\/posts\/165036\/revisions\/174123"}],"wp:featuredmedia":[{"embeddable":true,"href":"https:\/\/likemetkovic.hr\/portal\/wp-json\/wp\/v2\/media\/154672"}],"wp:attachment":[{"href":"https:\/\/likemetkovic.hr\/portal\/wp-json\/wp\/v2\/media?parent=165036"}],"wp:term":[{"taxonomy":"category","embeddable":true,"href":"https:\/\/likemetkovic.hr\/portal\/wp-json\/wp\/v2\/categories?post=165036"},{"taxonomy":"post_tag","embeddable":true,"href":"https:\/\/likemetkovic.hr\/portal\/wp-json\/wp\/v2\/tags?post=165036"}],"curies":[{"name":"wp","href":"https:\/\/api.w.org\/{rel}","templated":true}]}}