{"id":165335,"date":"2025-05-06T14:25:36","date_gmt":"2025-05-06T12:25:36","guid":{"rendered":"https:\/\/likemetkovic.hr\/portal\/?p=165335"},"modified":"2025-05-06T14:25:36","modified_gmt":"2025-05-06T12:25:36","slug":"opuzen-nakon-100-godina-konacno-krece-obnova-starog-mosta","status":"publish","type":"post","link":"https:\/\/likemetkovic.hr\/portal\/opuzen-nakon-100-godina-konacno-krece-obnova-starog-mosta\/","title":{"rendered":"Opuzen: Nakon 100 godina kona\u010dno kre\u0107e obnova Starog mosta"},"content":{"rendered":"<p>Opuzenski Stari most jedan je od najpoznatijih i najstarijih simbola neretvanskog kraja i jedan od rijetkih na\u0161ih \u017eeljeznih mostova koji je i nakon 138 godina u upotrebi. Nakon \u0161to je postao za\u0161ti\u0107eno kulturno dobro Republike Hrvatske, uskoro \u0107e krenuti u zaslu\u017eenu obnovu na koju \u010deka vi\u0161e od stolje\u0107a, javlja\u00a0<a href=\"https:\/\/vijesti.hrt.hr\/hrvatska\/opuzen-nakon-100-godina-konacno-krece-obnova-starog-mosta-12141882\">HRT<\/a>.<\/p>\n<div class=\"p-0 mb-12 w-full xl:w-85 text-lg articleText\">\n<p>Kruna nad Malom Neretvom, cestovna poveznica nekad otoka, a danas grada, Stari most je Opuzencima ono \u0161to je Eiffelov toranj Pari\u017eanima.<\/p>\n<p>\u2013 Novi materijali, industrijska revolucija, \u010delik i zakovice koji su tada u Parizu i Opuzenu krenuli u isto vrijeme. Sada mo\u017eete zamisliti koliko je austro-ugarsko carstvo bilo napredno i koliko se promi\u0161ljalo da se pomogne ljudima da se ide naprijed, rekao je stanovnik Opuzena Ivan Ani\u010di\u0107.<\/p>\n<p>Zato ga zovu arhitektonskim \u010dudom za koje je nedavno gradu Opuzenu od Austrijskog dr\u017eavnog arhiva stiglo upozorenje o hitnoj sanaciji. \u010ceka se izrada projektne dokumentacije da bi se krenulo u obnovu, a most je nedavno dobio i novi va\u017ean status.<\/p>\n<p>\u2013 Ima izuzetnu veliku i dru\u0161tvenu vrijednost za cijelu dolinu Neretve, tako da smo sretni da je Konzervatorski odjel u Imotskom pripremio dokumentaciju i da je Povjerenstvo za za\u0161titu kulturne ba\u0161tine proglasilo Stari most kulturnim dobrom Republike Hrvatske, dodala je\u00a0<strong>Nikolina Luketi\u0107 Delija<\/strong>\u00a0iz Konzervatorskog odjela Imotski.<\/p>\n<p>Most susreta, most zabave, poznata je vizura dok se \u010deka cilj \u017eenskog veslanja i utrka za startne pozicije poznatog Maratona la\u0111a.<\/p>\n<p>\u2013 Tako\u0111er i svjetsko prvenstvo u bacanju \u0107ikara, tako da osim estetske vrijednosti ima i kulturnu, kazao je Ani\u010di\u0107.<\/p>\n<p>Zanimljiv podatak je da Opuzen ima tek nepune tri tisu\u0107e stanovnika, a gotovo jednak broj na Starom mostu je i \u0161alica za kavu, koje ka\u017eu stanovnici, predstavljaju po jednu obitelj iz ovoga mjesta.<\/p>\n<p>Gra\u0111ani ga ve\u0107 vide u skorom novom ruhu, a do tada ostaje kulturni identitet i uz poljoprivredna polja, najpoznatija razglednica doline Neretve.<\/p>\n<\/div>\n","protected":false},"excerpt":{"rendered":"<p>Opuzenski Stari most jedan je od najpoznatijih i najstarijih simbola neretvanskog kraja i jedan od rijetkih na\u0161ih \u017eeljeznih mostova koji je i nakon 138 godina u upotrebi. Nakon \u0161to je postao za\u0161ti\u0107eno kulturno dobro Republike Hrvatske, uskoro \u0107e krenuti u zaslu\u017eenu obnovu na koju \u010deka vi\u0161e od stolje\u0107a, javlja\u00a0HRT. Kruna nad Malom Neretvom, cestovna poveznica [&hellip;]<\/p>\n","protected":false},"author":7,"featured_media":152130,"comment_status":"open","ping_status":"open","sticky":false,"template":"","format":"standard","meta":{"footnotes":""},"categories":[296,11],"tags":[577,8011],"class_list":{"0":"post-165335","1":"post","2":"type-post","3":"status-publish","4":"format-standard","5":"has-post-thumbnail","7":"category-ab","8":"category-metkovic-dolina","9":"tag-opuzen","10":"tag-stari-most"},"yoast_head":"<!-- This site is optimized with the Yoast SEO plugin v25.2 - https:\/\/yoast.com\/wordpress\/plugins\/seo\/ -->\n<title>Opuzen: Nakon 100 godina kona\u010dno kre\u0107e obnova Starog mosta - likemetkovic.hr<\/title>\n<meta name=\"robots\" content=\"index, follow, max-snippet:-1, max-image-preview:large, max-video-preview:-1\" \/>\n<link rel=\"canonical\" href=\"https:\/\/likemetkovic.hr\/portal\/opuzen-nakon-100-godina-konacno-krece-obnova-starog-mosta\/\" \/>\n<meta property=\"og:locale\" content=\"hr_HR\" \/>\n<meta property=\"og:type\" content=\"article\" \/>\n<meta property=\"og:title\" content=\"Opuzen: Nakon 100 godina kona\u010dno kre\u0107e obnova Starog mosta - likemetkovic.hr\" \/>\n<meta property=\"og:description\" content=\"Opuzenski Stari most jedan je od najpoznatijih i najstarijih simbola neretvanskog kraja i jedan od rijetkih na\u0161ih \u017eeljeznih mostova koji je i nakon 138 godina u upotrebi. Nakon \u0161to je postao za\u0161ti\u0107eno kulturno dobro Republike Hrvatske, uskoro \u0107e krenuti u zaslu\u017eenu obnovu na koju \u010deka vi\u0161e od stolje\u0107a, javlja\u00a0HRT. Kruna nad Malom Neretvom, cestovna poveznica [&hellip;]\" \/>\n<meta property=\"og:url\" content=\"https:\/\/likemetkovic.hr\/portal\/opuzen-nakon-100-godina-konacno-krece-obnova-starog-mosta\/\" \/>\n<meta property=\"og:site_name\" content=\"likemetkovic.hr\" \/>\n<meta property=\"article:publisher\" content=\"https:\/\/www.facebook.com\/likemetkovic.hr\/\" \/>\n<meta property=\"article:published_time\" content=\"2025-05-06T12:25:36+00:00\" \/>\n<meta property=\"og:image\" content=\"https:\/\/likemetkovic.hr\/portal\/wp-content\/uploads\/2024\/02\/opuzen-marin-veraja.jpg\" \/>\n\t<meta property=\"og:image:width\" content=\"800\" \/>\n\t<meta property=\"og:image:height\" content=\"533\" \/>\n\t<meta property=\"og:image:type\" content=\"image\/jpeg\" \/>\n<meta name=\"author\" content=\"LIKEmetkovic.hr\" \/>\n<meta name=\"twitter:card\" content=\"summary_large_image\" \/>\n<meta name=\"twitter:label1\" content=\"Napisao\/la\" \/>\n\t<meta name=\"twitter:data1\" content=\"LIKEmetkovic.hr\" \/>\n\t<meta name=\"twitter:label2\" content=\"Procijenjeno vrijeme \u010ditanja\" \/>\n\t<meta name=\"twitter:data2\" content=\"2 minute\" \/>\n<script type=\"application\/ld+json\" class=\"yoast-schema-graph\">{\"@context\":\"https:\/\/schema.org\",\"@graph\":[{\"@type\":\"WebPage\",\"@id\":\"https:\/\/likemetkovic.hr\/portal\/opuzen-nakon-100-godina-konacno-krece-obnova-starog-mosta\/\",\"url\":\"https:\/\/likemetkovic.hr\/portal\/opuzen-nakon-100-godina-konacno-krece-obnova-starog-mosta\/\",\"name\":\"Opuzen: Nakon 100 godina kona\u010dno kre\u0107e obnova Starog mosta - likemetkovic.hr\",\"isPartOf\":{\"@id\":\"https:\/\/likemetkovic.hr\/#website\"},\"primaryImageOfPage\":{\"@id\":\"https:\/\/likemetkovic.hr\/portal\/opuzen-nakon-100-godina-konacno-krece-obnova-starog-mosta\/#primaryimage\"},\"image\":{\"@id\":\"https:\/\/likemetkovic.hr\/portal\/opuzen-nakon-100-godina-konacno-krece-obnova-starog-mosta\/#primaryimage\"},\"thumbnailUrl\":\"https:\/\/likemetkovic.hr\/portal\/wp-content\/uploads\/2024\/02\/opuzen-marin-veraja.jpg\",\"datePublished\":\"2025-05-06T12:25:36+00:00\",\"author\":{\"@id\":\"https:\/\/likemetkovic.hr\/#\/schema\/person\/a42711f3385a0e2be6f7e0443bfb28f0\"},\"breadcrumb\":{\"@id\":\"https:\/\/likemetkovic.hr\/portal\/opuzen-nakon-100-godina-konacno-krece-obnova-starog-mosta\/#breadcrumb\"},\"inLanguage\":\"hr\",\"potentialAction\":[{\"@type\":\"ReadAction\",\"target\":[\"https:\/\/likemetkovic.hr\/portal\/opuzen-nakon-100-godina-konacno-krece-obnova-starog-mosta\/\"]}]},{\"@type\":\"ImageObject\",\"inLanguage\":\"hr\",\"@id\":\"https:\/\/likemetkovic.hr\/portal\/opuzen-nakon-100-godina-konacno-krece-obnova-starog-mosta\/#primaryimage\",\"url\":\"https:\/\/likemetkovic.hr\/portal\/wp-content\/uploads\/2024\/02\/opuzen-marin-veraja.jpg\",\"contentUrl\":\"https:\/\/likemetkovic.hr\/portal\/wp-content\/uploads\/2024\/02\/opuzen-marin-veraja.jpg\",\"width\":800,\"height\":533},{\"@type\":\"BreadcrumbList\",\"@id\":\"https:\/\/likemetkovic.hr\/portal\/opuzen-nakon-100-godina-konacno-krece-obnova-starog-mosta\/#breadcrumb\",\"itemListElement\":[{\"@type\":\"ListItem\",\"position\":1,\"name\":\"Po\u010detna stranica\",\"item\":\"https:\/\/likemetkovic.hr\/portal\/\"},{\"@type\":\"ListItem\",\"position\":2,\"name\":\"Opuzen: Nakon 100 godina kona\u010dno kre\u0107e obnova Starog mosta\"}]},{\"@type\":\"WebSite\",\"@id\":\"https:\/\/likemetkovic.hr\/#website\",\"url\":\"https:\/\/likemetkovic.hr\/\",\"name\":\"likemetkovic.hr\",\"description\":\"Misli pozitivno... \u010ditaj LIKE\",\"potentialAction\":[{\"@type\":\"SearchAction\",\"target\":{\"@type\":\"EntryPoint\",\"urlTemplate\":\"https:\/\/likemetkovic.hr\/?s={search_term_string}\"},\"query-input\":{\"@type\":\"PropertyValueSpecification\",\"valueRequired\":true,\"valueName\":\"search_term_string\"}}],\"inLanguage\":\"hr\"},{\"@type\":\"Person\",\"@id\":\"https:\/\/likemetkovic.hr\/#\/schema\/person\/a42711f3385a0e2be6f7e0443bfb28f0\",\"name\":\"LIKEmetkovic.hr\",\"sameAs\":[\"http:\/\/likemetkovic.hr\"],\"url\":\"https:\/\/likemetkovic.hr\/portal\/author\/likemetkovic-hr\/\"}]}<\/script>\n<!-- \/ Yoast SEO plugin. -->","yoast_head_json":{"title":"Opuzen: Nakon 100 godina kona\u010dno kre\u0107e obnova Starog mosta - likemetkovic.hr","robots":{"index":"index","follow":"follow","max-snippet":"max-snippet:-1","max-image-preview":"max-image-preview:large","max-video-preview":"max-video-preview:-1"},"canonical":"https:\/\/likemetkovic.hr\/portal\/opuzen-nakon-100-godina-konacno-krece-obnova-starog-mosta\/","og_locale":"hr_HR","og_type":"article","og_title":"Opuzen: Nakon 100 godina kona\u010dno kre\u0107e obnova Starog mosta - likemetkovic.hr","og_description":"Opuzenski Stari most jedan je od najpoznatijih i najstarijih simbola neretvanskog kraja i jedan od rijetkih na\u0161ih \u017eeljeznih mostova koji je i nakon 138 godina u upotrebi. Nakon \u0161to je postao za\u0161ti\u0107eno kulturno dobro Republike Hrvatske, uskoro \u0107e krenuti u zaslu\u017eenu obnovu na koju \u010deka vi\u0161e od stolje\u0107a, javlja\u00a0HRT. Kruna nad Malom Neretvom, cestovna poveznica [&hellip;]","og_url":"https:\/\/likemetkovic.hr\/portal\/opuzen-nakon-100-godina-konacno-krece-obnova-starog-mosta\/","og_site_name":"likemetkovic.hr","article_publisher":"https:\/\/www.facebook.com\/likemetkovic.hr\/","article_published_time":"2025-05-06T12:25:36+00:00","og_image":[{"width":800,"height":533,"url":"https:\/\/likemetkovic.hr\/portal\/wp-content\/uploads\/2024\/02\/opuzen-marin-veraja.jpg","type":"image\/jpeg"}],"author":"LIKEmetkovic.hr","twitter_card":"summary_large_image","twitter_misc":{"Napisao\/la":"LIKEmetkovic.hr","Procijenjeno vrijeme \u010ditanja":"2 minute"},"schema":{"@context":"https:\/\/schema.org","@graph":[{"@type":"WebPage","@id":"https:\/\/likemetkovic.hr\/portal\/opuzen-nakon-100-godina-konacno-krece-obnova-starog-mosta\/","url":"https:\/\/likemetkovic.hr\/portal\/opuzen-nakon-100-godina-konacno-krece-obnova-starog-mosta\/","name":"Opuzen: Nakon 100 godina kona\u010dno kre\u0107e obnova Starog mosta - likemetkovic.hr","isPartOf":{"@id":"https:\/\/likemetkovic.hr\/#website"},"primaryImageOfPage":{"@id":"https:\/\/likemetkovic.hr\/portal\/opuzen-nakon-100-godina-konacno-krece-obnova-starog-mosta\/#primaryimage"},"image":{"@id":"https:\/\/likemetkovic.hr\/portal\/opuzen-nakon-100-godina-konacno-krece-obnova-starog-mosta\/#primaryimage"},"thumbnailUrl":"https:\/\/likemetkovic.hr\/portal\/wp-content\/uploads\/2024\/02\/opuzen-marin-veraja.jpg","datePublished":"2025-05-06T12:25:36+00:00","author":{"@id":"https:\/\/likemetkovic.hr\/#\/schema\/person\/a42711f3385a0e2be6f7e0443bfb28f0"},"breadcrumb":{"@id":"https:\/\/likemetkovic.hr\/portal\/opuzen-nakon-100-godina-konacno-krece-obnova-starog-mosta\/#breadcrumb"},"inLanguage":"hr","potentialAction":[{"@type":"ReadAction","target":["https:\/\/likemetkovic.hr\/portal\/opuzen-nakon-100-godina-konacno-krece-obnova-starog-mosta\/"]}]},{"@type":"ImageObject","inLanguage":"hr","@id":"https:\/\/likemetkovic.hr\/portal\/opuzen-nakon-100-godina-konacno-krece-obnova-starog-mosta\/#primaryimage","url":"https:\/\/likemetkovic.hr\/portal\/wp-content\/uploads\/2024\/02\/opuzen-marin-veraja.jpg","contentUrl":"https:\/\/likemetkovic.hr\/portal\/wp-content\/uploads\/2024\/02\/opuzen-marin-veraja.jpg","width":800,"height":533},{"@type":"BreadcrumbList","@id":"https:\/\/likemetkovic.hr\/portal\/opuzen-nakon-100-godina-konacno-krece-obnova-starog-mosta\/#breadcrumb","itemListElement":[{"@type":"ListItem","position":1,"name":"Po\u010detna stranica","item":"https:\/\/likemetkovic.hr\/portal\/"},{"@type":"ListItem","position":2,"name":"Opuzen: Nakon 100 godina kona\u010dno kre\u0107e obnova Starog mosta"}]},{"@type":"WebSite","@id":"https:\/\/likemetkovic.hr\/#website","url":"https:\/\/likemetkovic.hr\/","name":"likemetkovic.hr","description":"Misli pozitivno... \u010ditaj LIKE","potentialAction":[{"@type":"SearchAction","target":{"@type":"EntryPoint","urlTemplate":"https:\/\/likemetkovic.hr\/?s={search_term_string}"},"query-input":{"@type":"PropertyValueSpecification","valueRequired":true,"valueName":"search_term_string"}}],"inLanguage":"hr"},{"@type":"Person","@id":"https:\/\/likemetkovic.hr\/#\/schema\/person\/a42711f3385a0e2be6f7e0443bfb28f0","name":"LIKEmetkovic.hr","sameAs":["http:\/\/likemetkovic.hr"],"url":"https:\/\/likemetkovic.hr\/portal\/author\/likemetkovic-hr\/"}]}},"_links":{"self":[{"href":"https:\/\/likemetkovic.hr\/portal\/wp-json\/wp\/v2\/posts\/165335","targetHints":{"allow":["GET"]}}],"collection":[{"href":"https:\/\/likemetkovic.hr\/portal\/wp-json\/wp\/v2\/posts"}],"about":[{"href":"https:\/\/likemetkovic.hr\/portal\/wp-json\/wp\/v2\/types\/post"}],"author":[{"embeddable":true,"href":"https:\/\/likemetkovic.hr\/portal\/wp-json\/wp\/v2\/users\/7"}],"replies":[{"embeddable":true,"href":"https:\/\/likemetkovic.hr\/portal\/wp-json\/wp\/v2\/comments?post=165335"}],"version-history":[{"count":1,"href":"https:\/\/likemetkovic.hr\/portal\/wp-json\/wp\/v2\/posts\/165335\/revisions"}],"predecessor-version":[{"id":165336,"href":"https:\/\/likemetkovic.hr\/portal\/wp-json\/wp\/v2\/posts\/165335\/revisions\/165336"}],"wp:featuredmedia":[{"embeddable":true,"href":"https:\/\/likemetkovic.hr\/portal\/wp-json\/wp\/v2\/media\/152130"}],"wp:attachment":[{"href":"https:\/\/likemetkovic.hr\/portal\/wp-json\/wp\/v2\/media?parent=165335"}],"wp:term":[{"taxonomy":"category","embeddable":true,"href":"https:\/\/likemetkovic.hr\/portal\/wp-json\/wp\/v2\/categories?post=165335"},{"taxonomy":"post_tag","embeddable":true,"href":"https:\/\/likemetkovic.hr\/portal\/wp-json\/wp\/v2\/tags?post=165335"}],"curies":[{"name":"wp","href":"https:\/\/api.w.org\/{rel}","templated":true}]}}