{"id":165523,"date":"2025-05-08T17:06:54","date_gmt":"2025-05-08T15:06:54","guid":{"rendered":"https:\/\/likemetkovic.hr\/portal\/?p=165523"},"modified":"2025-05-16T21:57:10","modified_gmt":"2025-05-16T19:57:10","slug":"lokalni-izbori-petrov-hajvaz-i-ramic-omogucit-cemo-nasim-ljudima-da-se-mogu-lijeciti-u-metkovicu","status":"publish","type":"post","link":"https:\/\/likemetkovic.hr\/portal\/lokalni-izbori-petrov-hajvaz-i-ramic-omogucit-cemo-nasim-ljudima-da-se-mogu-lijeciti-u-metkovicu\/","title":{"rendered":"LOKALNI IZBORI Petrov, Hajvaz i Rami\u0107: &#8220;Omogu\u0107it \u0107emo na\u0161im ljudima da se mogu lije\u010diti u Metkovi\u0107u&#8221;"},"content":{"rendered":"<p>Na probleme zdravstvene skrbi u Metkovi\u0107u na dana\u0161njoj konferenciji za novinare osvrnula su se \u010dak tri lije\u010dnika, Bo\u017eo Petrov, Nikica Hajvaz i Tomislava Rami\u0107 koji godinama upozoravaju i nude niz kvalitetnih rje\u0161enja kako pomo\u0107i Metkovcima da napokon u svome gradu dobiju mogu\u0107nost zdravstvene skrbi.<\/p>\n<p>Kandidat za gradona\u010delnika Metkovi\u0107a Nikola Grmoja istaknuo je kako u svom timu i na kandidacijskoj listi ima dvoje lije\u010dnika, dr. Rami\u0107 i dr. Hajvaza, a predsjednik Mosta Petrov je lije\u010dnik i kandidat za \u017eupana Dubrova\u010dko-neretvanske \u017eupanije i kao takav itekako ima u svome programu zastupljeno zdravstvo i probleme zdravstvene skrbi u Metkovi\u0107u.<\/p>\n<p>\u201eVa\u017eno je imati stru\u010dnjake za va\u017ena podru\u010dja koja su u interesu gra\u0111ana, jer nitko ne mo\u017ee i ne mora sve znati, ve\u0107 prepoznati problem i na\u0107i stru\u010dnjaka za njegovo rje\u0161enje. Zato \u0107e lije\u010dnici Petrov, Rami\u0107 i Hajvaz govoriti o ovoj va\u017enoj temi\u201c, rekao je Grmoja.<\/p>\n<p>Dr. Rami\u0107 istaknula je problem nepostojanja programa slanja mladih lije\u010dnika na specijalizacije, te napomenula kako bi se manje tro\u0161ilo kada bi Metkovi\u0107 dodijelio specijalizacije mladim lije\u010dnicima koji bi ostajali u svome gradu, lije\u010dili ljude, a ne da pacijenti moraju i\u0107i u druge bolnice, prili\u010dno udaljene od Metkovi\u0107a.<\/p>\n<p>\u201eStipendiranje i poticanje mladih lije\u010dnika da ostanu u svojoj sredini. \u017dalosno je da se Stru\u010dno vije\u0107e Doma zdravlja nije dvije godine sastalo, a trebalo bi jednom mjese\u010dno\u201c, rekla je Rami\u0107.<\/p>\n<p>Dr. Hajvaz se osvrnuo na Dnevnu bolnicu u Metkovi\u0107u kojom se sada\u0161nji gradona\u010delnik hvali, a nema veze s njezinim osnivanjem jer dr\u017eava o tome vodi brigu, a ne grad, a osim toga su jo\u0161 2016. mostovci \u0160prlje, Ujdur i Grmoja izborili dobivanje zgrade za njeno osnivanje.<\/p>\n<p>\u201ePet godina je zgrada adaptirana i danas funkcionira dobro zahvaljuju\u0107i anga\u017emanu kolega iz dubrova\u010dke bolnice ali i dalje se odlazi u Dubrovnik, a prijevoz nije rije\u0161en. Dom zdravlja na \u010delu ima \u010dovjeka koji nema veze sa zdravstvom, ravnatelj je njihov \u010dovjek, na klju\u010dnim pozicijama je H. Bebi\u0107 pa se problemi poput pokvarenog rendgena ne rje\u0161avaju, a \u017eupanija vodi ma\u0107ehinsku politiku prema Domu zdravlja.<\/p>\n<p>Petrov je naglasio kako svaka osoba zaslu\u017euje kvalitetnu skrb, a u Metkovi\u0107u to ljudi ne mogu dobiti.<\/p>\n<p>\u201eI kada bi gledali samo financije, bez ljudskog elementa, to nema smisla i na gubitku su. Potrebne su nam dodatne specijalizacije, jer se hladni pregledi, kontrole itekako mogu u Metkovi\u0107u obaviti i za\u0161to se to ne bi moglo realizirati?! Za\u0161to Metkovi\u0107 ne bi imao tehni\u010dku opremu kada je to itekako mogu\u0107e, a ne da moramo u druge laboratorije slati uzorke. Kada postanem \u017eupan u sve \u0107emo to ulagati, jer je zdravstvo na prvom mjestu i na\u0161i ljudi to zaslu\u017euju!&#8221;, rekao je Petrov.<\/p>\n","protected":false},"excerpt":{"rendered":"<p>Na probleme zdravstvene skrbi u Metkovi\u0107u na dana\u0161njoj konferenciji za novinare osvrnula su se \u010dak tri lije\u010dnika, Bo\u017eo Petrov, Nikica Hajvaz i Tomislava Rami\u0107 koji godinama upozoravaju i nude niz kvalitetnih rje\u0161enja kako pomo\u0107i Metkovcima da napokon u svome gradu dobiju mogu\u0107nost zdravstvene skrbi. Kandidat za gradona\u010delnika Metkovi\u0107a Nikola Grmoja istaknuo je kako u svom [&hellip;]<\/p>\n","protected":false},"author":7,"featured_media":165524,"comment_status":"open","ping_status":"open","sticky":false,"template":"","format":"standard","meta":{"footnotes":""},"categories":[290],"tags":[12921,322,4285],"class_list":{"0":"post-165523","1":"post","2":"type-post","3":"status-publish","4":"format-standard","5":"has-post-thumbnail","7":"category-politika","8":"tag-lokalni-izbori-2025","9":"tag-most","10":"tag-zdravstvo"},"yoast_head":"<!-- This site is optimized with the Yoast SEO plugin v25.2 - https:\/\/yoast.com\/wordpress\/plugins\/seo\/ -->\n<title>LOKALNI IZBORI Petrov, Hajvaz i Rami\u0107: &quot;Omogu\u0107it \u0107emo na\u0161im ljudima da se mogu lije\u010diti u Metkovi\u0107u&quot; - likemetkovic.hr<\/title>\n<meta name=\"robots\" content=\"index, follow, max-snippet:-1, max-image-preview:large, max-video-preview:-1\" \/>\n<link rel=\"canonical\" href=\"https:\/\/likemetkovic.hr\/portal\/lokalni-izbori-petrov-hajvaz-i-ramic-omogucit-cemo-nasim-ljudima-da-se-mogu-lijeciti-u-metkovicu\/\" \/>\n<meta property=\"og:locale\" content=\"hr_HR\" \/>\n<meta property=\"og:type\" content=\"article\" \/>\n<meta property=\"og:title\" content=\"LOKALNI IZBORI Petrov, Hajvaz i Rami\u0107: &quot;Omogu\u0107it \u0107emo na\u0161im ljudima da se mogu lije\u010diti u Metkovi\u0107u&quot; - likemetkovic.hr\" \/>\n<meta property=\"og:description\" content=\"Na probleme zdravstvene skrbi u Metkovi\u0107u na dana\u0161njoj konferenciji za novinare osvrnula su se \u010dak tri lije\u010dnika, Bo\u017eo Petrov, Nikica Hajvaz i Tomislava Rami\u0107 koji godinama upozoravaju i nude niz kvalitetnih rje\u0161enja kako pomo\u0107i Metkovcima da napokon u svome gradu dobiju mogu\u0107nost zdravstvene skrbi. Kandidat za gradona\u010delnika Metkovi\u0107a Nikola Grmoja istaknuo je kako u svom [&hellip;]\" \/>\n<meta property=\"og:url\" content=\"https:\/\/likemetkovic.hr\/portal\/lokalni-izbori-petrov-hajvaz-i-ramic-omogucit-cemo-nasim-ljudima-da-se-mogu-lijeciti-u-metkovicu\/\" \/>\n<meta property=\"og:site_name\" content=\"likemetkovic.hr\" \/>\n<meta property=\"article:publisher\" content=\"https:\/\/www.facebook.com\/likemetkovic.hr\/\" \/>\n<meta property=\"article:published_time\" content=\"2025-05-08T15:06:54+00:00\" \/>\n<meta property=\"article:modified_time\" content=\"2025-05-16T19:57:10+00:00\" \/>\n<meta property=\"og:image\" content=\"https:\/\/likemetkovic.hr\/portal\/wp-content\/uploads\/2025\/05\/HAJVAZ-RAMIC-PETROV-GRMOJA-izbori2025.jpg\" \/>\n\t<meta property=\"og:image:width\" content=\"800\" \/>\n\t<meta property=\"og:image:height\" content=\"532\" \/>\n\t<meta property=\"og:image:type\" content=\"image\/jpeg\" \/>\n<meta name=\"author\" content=\"LIKEmetkovic.hr\" \/>\n<meta name=\"twitter:card\" content=\"summary_large_image\" \/>\n<meta name=\"twitter:label1\" content=\"Napisao\/la\" \/>\n\t<meta name=\"twitter:data1\" content=\"LIKEmetkovic.hr\" \/>\n\t<meta name=\"twitter:label2\" content=\"Procijenjeno vrijeme \u010ditanja\" \/>\n\t<meta name=\"twitter:data2\" content=\"3 minute\" \/>\n<script type=\"application\/ld+json\" class=\"yoast-schema-graph\">{\"@context\":\"https:\/\/schema.org\",\"@graph\":[{\"@type\":\"WebPage\",\"@id\":\"https:\/\/likemetkovic.hr\/portal\/lokalni-izbori-petrov-hajvaz-i-ramic-omogucit-cemo-nasim-ljudima-da-se-mogu-lijeciti-u-metkovicu\/\",\"url\":\"https:\/\/likemetkovic.hr\/portal\/lokalni-izbori-petrov-hajvaz-i-ramic-omogucit-cemo-nasim-ljudima-da-se-mogu-lijeciti-u-metkovicu\/\",\"name\":\"LOKALNI IZBORI Petrov, Hajvaz i Rami\u0107: \\\"Omogu\u0107it \u0107emo na\u0161im ljudima da se mogu lije\u010diti u Metkovi\u0107u\\\" - likemetkovic.hr\",\"isPartOf\":{\"@id\":\"https:\/\/likemetkovic.hr\/#website\"},\"primaryImageOfPage\":{\"@id\":\"https:\/\/likemetkovic.hr\/portal\/lokalni-izbori-petrov-hajvaz-i-ramic-omogucit-cemo-nasim-ljudima-da-se-mogu-lijeciti-u-metkovicu\/#primaryimage\"},\"image\":{\"@id\":\"https:\/\/likemetkovic.hr\/portal\/lokalni-izbori-petrov-hajvaz-i-ramic-omogucit-cemo-nasim-ljudima-da-se-mogu-lijeciti-u-metkovicu\/#primaryimage\"},\"thumbnailUrl\":\"https:\/\/likemetkovic.hr\/portal\/wp-content\/uploads\/2025\/05\/HAJVAZ-RAMIC-PETROV-GRMOJA-izbori2025.jpg\",\"datePublished\":\"2025-05-08T15:06:54+00:00\",\"dateModified\":\"2025-05-16T19:57:10+00:00\",\"author\":{\"@id\":\"https:\/\/likemetkovic.hr\/#\/schema\/person\/a42711f3385a0e2be6f7e0443bfb28f0\"},\"breadcrumb\":{\"@id\":\"https:\/\/likemetkovic.hr\/portal\/lokalni-izbori-petrov-hajvaz-i-ramic-omogucit-cemo-nasim-ljudima-da-se-mogu-lijeciti-u-metkovicu\/#breadcrumb\"},\"inLanguage\":\"hr\",\"potentialAction\":[{\"@type\":\"ReadAction\",\"target\":[\"https:\/\/likemetkovic.hr\/portal\/lokalni-izbori-petrov-hajvaz-i-ramic-omogucit-cemo-nasim-ljudima-da-se-mogu-lijeciti-u-metkovicu\/\"]}]},{\"@type\":\"ImageObject\",\"inLanguage\":\"hr\",\"@id\":\"https:\/\/likemetkovic.hr\/portal\/lokalni-izbori-petrov-hajvaz-i-ramic-omogucit-cemo-nasim-ljudima-da-se-mogu-lijeciti-u-metkovicu\/#primaryimage\",\"url\":\"https:\/\/likemetkovic.hr\/portal\/wp-content\/uploads\/2025\/05\/HAJVAZ-RAMIC-PETROV-GRMOJA-izbori2025.jpg\",\"contentUrl\":\"https:\/\/likemetkovic.hr\/portal\/wp-content\/uploads\/2025\/05\/HAJVAZ-RAMIC-PETROV-GRMOJA-izbori2025.jpg\",\"width\":800,\"height\":532},{\"@type\":\"BreadcrumbList\",\"@id\":\"https:\/\/likemetkovic.hr\/portal\/lokalni-izbori-petrov-hajvaz-i-ramic-omogucit-cemo-nasim-ljudima-da-se-mogu-lijeciti-u-metkovicu\/#breadcrumb\",\"itemListElement\":[{\"@type\":\"ListItem\",\"position\":1,\"name\":\"Po\u010detna stranica\",\"item\":\"https:\/\/likemetkovic.hr\/portal\/\"},{\"@type\":\"ListItem\",\"position\":2,\"name\":\"LOKALNI IZBORI Petrov, Hajvaz i Rami\u0107: &#8220;Omogu\u0107it \u0107emo na\u0161im ljudima da se mogu lije\u010diti u Metkovi\u0107u&#8221;\"}]},{\"@type\":\"WebSite\",\"@id\":\"https:\/\/likemetkovic.hr\/#website\",\"url\":\"https:\/\/likemetkovic.hr\/\",\"name\":\"likemetkovic.hr\",\"description\":\"Misli pozitivno... \u010ditaj LIKE\",\"potentialAction\":[{\"@type\":\"SearchAction\",\"target\":{\"@type\":\"EntryPoint\",\"urlTemplate\":\"https:\/\/likemetkovic.hr\/?s={search_term_string}\"},\"query-input\":{\"@type\":\"PropertyValueSpecification\",\"valueRequired\":true,\"valueName\":\"search_term_string\"}}],\"inLanguage\":\"hr\"},{\"@type\":\"Person\",\"@id\":\"https:\/\/likemetkovic.hr\/#\/schema\/person\/a42711f3385a0e2be6f7e0443bfb28f0\",\"name\":\"LIKEmetkovic.hr\",\"sameAs\":[\"http:\/\/likemetkovic.hr\"],\"url\":\"https:\/\/likemetkovic.hr\/portal\/author\/likemetkovic-hr\/\"}]}<\/script>\n<!-- \/ Yoast SEO plugin. -->","yoast_head_json":{"title":"LOKALNI IZBORI Petrov, Hajvaz i Rami\u0107: \"Omogu\u0107it \u0107emo na\u0161im ljudima da se mogu lije\u010diti u Metkovi\u0107u\" - likemetkovic.hr","robots":{"index":"index","follow":"follow","max-snippet":"max-snippet:-1","max-image-preview":"max-image-preview:large","max-video-preview":"max-video-preview:-1"},"canonical":"https:\/\/likemetkovic.hr\/portal\/lokalni-izbori-petrov-hajvaz-i-ramic-omogucit-cemo-nasim-ljudima-da-se-mogu-lijeciti-u-metkovicu\/","og_locale":"hr_HR","og_type":"article","og_title":"LOKALNI IZBORI Petrov, Hajvaz i Rami\u0107: \"Omogu\u0107it \u0107emo na\u0161im ljudima da se mogu lije\u010diti u Metkovi\u0107u\" - likemetkovic.hr","og_description":"Na probleme zdravstvene skrbi u Metkovi\u0107u na dana\u0161njoj konferenciji za novinare osvrnula su se \u010dak tri lije\u010dnika, Bo\u017eo Petrov, Nikica Hajvaz i Tomislava Rami\u0107 koji godinama upozoravaju i nude niz kvalitetnih rje\u0161enja kako pomo\u0107i Metkovcima da napokon u svome gradu dobiju mogu\u0107nost zdravstvene skrbi. Kandidat za gradona\u010delnika Metkovi\u0107a Nikola Grmoja istaknuo je kako u svom [&hellip;]","og_url":"https:\/\/likemetkovic.hr\/portal\/lokalni-izbori-petrov-hajvaz-i-ramic-omogucit-cemo-nasim-ljudima-da-se-mogu-lijeciti-u-metkovicu\/","og_site_name":"likemetkovic.hr","article_publisher":"https:\/\/www.facebook.com\/likemetkovic.hr\/","article_published_time":"2025-05-08T15:06:54+00:00","article_modified_time":"2025-05-16T19:57:10+00:00","og_image":[{"width":800,"height":532,"url":"https:\/\/likemetkovic.hr\/portal\/wp-content\/uploads\/2025\/05\/HAJVAZ-RAMIC-PETROV-GRMOJA-izbori2025.jpg","type":"image\/jpeg"}],"author":"LIKEmetkovic.hr","twitter_card":"summary_large_image","twitter_misc":{"Napisao\/la":"LIKEmetkovic.hr","Procijenjeno vrijeme \u010ditanja":"3 minute"},"schema":{"@context":"https:\/\/schema.org","@graph":[{"@type":"WebPage","@id":"https:\/\/likemetkovic.hr\/portal\/lokalni-izbori-petrov-hajvaz-i-ramic-omogucit-cemo-nasim-ljudima-da-se-mogu-lijeciti-u-metkovicu\/","url":"https:\/\/likemetkovic.hr\/portal\/lokalni-izbori-petrov-hajvaz-i-ramic-omogucit-cemo-nasim-ljudima-da-se-mogu-lijeciti-u-metkovicu\/","name":"LOKALNI IZBORI Petrov, Hajvaz i Rami\u0107: \"Omogu\u0107it \u0107emo na\u0161im ljudima da se mogu lije\u010diti u Metkovi\u0107u\" - likemetkovic.hr","isPartOf":{"@id":"https:\/\/likemetkovic.hr\/#website"},"primaryImageOfPage":{"@id":"https:\/\/likemetkovic.hr\/portal\/lokalni-izbori-petrov-hajvaz-i-ramic-omogucit-cemo-nasim-ljudima-da-se-mogu-lijeciti-u-metkovicu\/#primaryimage"},"image":{"@id":"https:\/\/likemetkovic.hr\/portal\/lokalni-izbori-petrov-hajvaz-i-ramic-omogucit-cemo-nasim-ljudima-da-se-mogu-lijeciti-u-metkovicu\/#primaryimage"},"thumbnailUrl":"https:\/\/likemetkovic.hr\/portal\/wp-content\/uploads\/2025\/05\/HAJVAZ-RAMIC-PETROV-GRMOJA-izbori2025.jpg","datePublished":"2025-05-08T15:06:54+00:00","dateModified":"2025-05-16T19:57:10+00:00","author":{"@id":"https:\/\/likemetkovic.hr\/#\/schema\/person\/a42711f3385a0e2be6f7e0443bfb28f0"},"breadcrumb":{"@id":"https:\/\/likemetkovic.hr\/portal\/lokalni-izbori-petrov-hajvaz-i-ramic-omogucit-cemo-nasim-ljudima-da-se-mogu-lijeciti-u-metkovicu\/#breadcrumb"},"inLanguage":"hr","potentialAction":[{"@type":"ReadAction","target":["https:\/\/likemetkovic.hr\/portal\/lokalni-izbori-petrov-hajvaz-i-ramic-omogucit-cemo-nasim-ljudima-da-se-mogu-lijeciti-u-metkovicu\/"]}]},{"@type":"ImageObject","inLanguage":"hr","@id":"https:\/\/likemetkovic.hr\/portal\/lokalni-izbori-petrov-hajvaz-i-ramic-omogucit-cemo-nasim-ljudima-da-se-mogu-lijeciti-u-metkovicu\/#primaryimage","url":"https:\/\/likemetkovic.hr\/portal\/wp-content\/uploads\/2025\/05\/HAJVAZ-RAMIC-PETROV-GRMOJA-izbori2025.jpg","contentUrl":"https:\/\/likemetkovic.hr\/portal\/wp-content\/uploads\/2025\/05\/HAJVAZ-RAMIC-PETROV-GRMOJA-izbori2025.jpg","width":800,"height":532},{"@type":"BreadcrumbList","@id":"https:\/\/likemetkovic.hr\/portal\/lokalni-izbori-petrov-hajvaz-i-ramic-omogucit-cemo-nasim-ljudima-da-se-mogu-lijeciti-u-metkovicu\/#breadcrumb","itemListElement":[{"@type":"ListItem","position":1,"name":"Po\u010detna stranica","item":"https:\/\/likemetkovic.hr\/portal\/"},{"@type":"ListItem","position":2,"name":"LOKALNI IZBORI Petrov, Hajvaz i Rami\u0107: &#8220;Omogu\u0107it \u0107emo na\u0161im ljudima da se mogu lije\u010diti u Metkovi\u0107u&#8221;"}]},{"@type":"WebSite","@id":"https:\/\/likemetkovic.hr\/#website","url":"https:\/\/likemetkovic.hr\/","name":"likemetkovic.hr","description":"Misli pozitivno... \u010ditaj LIKE","potentialAction":[{"@type":"SearchAction","target":{"@type":"EntryPoint","urlTemplate":"https:\/\/likemetkovic.hr\/?s={search_term_string}"},"query-input":{"@type":"PropertyValueSpecification","valueRequired":true,"valueName":"search_term_string"}}],"inLanguage":"hr"},{"@type":"Person","@id":"https:\/\/likemetkovic.hr\/#\/schema\/person\/a42711f3385a0e2be6f7e0443bfb28f0","name":"LIKEmetkovic.hr","sameAs":["http:\/\/likemetkovic.hr"],"url":"https:\/\/likemetkovic.hr\/portal\/author\/likemetkovic-hr\/"}]}},"_links":{"self":[{"href":"https:\/\/likemetkovic.hr\/portal\/wp-json\/wp\/v2\/posts\/165523","targetHints":{"allow":["GET"]}}],"collection":[{"href":"https:\/\/likemetkovic.hr\/portal\/wp-json\/wp\/v2\/posts"}],"about":[{"href":"https:\/\/likemetkovic.hr\/portal\/wp-json\/wp\/v2\/types\/post"}],"author":[{"embeddable":true,"href":"https:\/\/likemetkovic.hr\/portal\/wp-json\/wp\/v2\/users\/7"}],"replies":[{"embeddable":true,"href":"https:\/\/likemetkovic.hr\/portal\/wp-json\/wp\/v2\/comments?post=165523"}],"version-history":[{"count":2,"href":"https:\/\/likemetkovic.hr\/portal\/wp-json\/wp\/v2\/posts\/165523\/revisions"}],"predecessor-version":[{"id":165535,"href":"https:\/\/likemetkovic.hr\/portal\/wp-json\/wp\/v2\/posts\/165523\/revisions\/165535"}],"wp:featuredmedia":[{"embeddable":true,"href":"https:\/\/likemetkovic.hr\/portal\/wp-json\/wp\/v2\/media\/165524"}],"wp:attachment":[{"href":"https:\/\/likemetkovic.hr\/portal\/wp-json\/wp\/v2\/media?parent=165523"}],"wp:term":[{"taxonomy":"category","embeddable":true,"href":"https:\/\/likemetkovic.hr\/portal\/wp-json\/wp\/v2\/categories?post=165523"},{"taxonomy":"post_tag","embeddable":true,"href":"https:\/\/likemetkovic.hr\/portal\/wp-json\/wp\/v2\/tags?post=165523"}],"curies":[{"name":"wp","href":"https:\/\/api.w.org\/{rel}","templated":true}]}}