{"id":165682,"date":"2025-05-13T10:29:57","date_gmt":"2025-05-13T08:29:57","guid":{"rendered":"https:\/\/likemetkovic.hr\/portal\/?p=165682"},"modified":"2025-05-13T10:29:57","modified_gmt":"2025-05-13T08:29:57","slug":"dan-zupanije-metkovskom-amaterskom-kazalistu-dodjeljena-godisnja-nagrada-dnz-a","status":"publish","type":"post","link":"https:\/\/likemetkovic.hr\/portal\/dan-zupanije-metkovskom-amaterskom-kazalistu-dodjeljena-godisnja-nagrada-dnz-a\/","title":{"rendered":"DAN \u017dUPANIJE | Metkovskom amaterskom kazali\u0161tu dodjeljena godi\u0161nja nagrada DN\u017d-a"},"content":{"rendered":"<p>U ponedjeljak je odr\u017eana Sve\u010dana akademija povodom<strong> blagdana sv. Leopolda Bogdana Mandi\u0107a i Dana Dubrova\u010dko-neretvanske \u017eupanije<\/strong>, a ovom prilikom dodijeljena su priznanja ovogodi\u0161njim laureatima izabranim na posljednjoj redovnoj sjednici \u017dupanijske skup\u0161tine u ovom mandatu.<\/p>\n<p>Sjednici su nazo\u010dili predsjednik Vlade RH Andrej Plenkovi\u0107, izaslanik Hrvatskog sabora i gradona\u010delnik Dubrovnika Mato Frankovi\u0107, potpredsjednik Vlade i ministar prostornog ure\u0111enja, graditeljstva i dr\u017eavne imovine Branko Ba\u010di\u0107, Europska povjernica za Mediteran Dubravka \u0160uica, saborski zastupnici Dalibor Milan, Bo\u017eo Petrov, Mi\u0161o Krsti\u010devi\u0107, \u017eupan Nikola Dobroslavi\u0107 sa zamjenikom Jo\u0161kom Cebalom i suradnicima, dr\u017eavna tajnica koja upravlja Ministarstvom regionalnog razvoja i fondova EU, dr\u017eavni tajnici Frano Matu\u0161i\u0107 i Branko Hrg, predsjednik Vlade \u017dupanije Zapadnohercegova\u010dke Predrag \u010covi\u0107 te drugi uzvanici.<\/p>\n<p>U svom pozdravnom govoru \u017eupan Dobroslavi\u0107 \u010destitao je svima Dan \u017eupanije i blagdan sv. Leopolda Bogdana Mandi\u0107a.<\/p>\n<p>Sve\u010danoj akademiji u Kazali\u0161tu Marina Dr\u017ei\u0107a u Dubrovniku prethodilo je polaganje vijenaca na dubrova\u010dkom groblju Boninovo, kao i sveta misa u crkvi Gospe od Milosr\u0111a na Gorici sv. Vlaha.<\/p>\n<p><strong><img decoding=\"async\" class=\"alignnone size-full wp-image-165683\" src=\"https:\/\/likemetkovic.hr\/portal\/wp-content\/uploads\/2025\/05\/1000105109-1536x1024-1.jpg\" alt=\"\" width=\"800\" height=\"533\" srcset=\"https:\/\/likemetkovic.hr\/portal\/wp-content\/uploads\/2025\/05\/1000105109-1536x1024-1.jpg 800w, https:\/\/likemetkovic.hr\/portal\/wp-content\/uploads\/2025\/05\/1000105109-1536x1024-1-768x512.jpg 768w, https:\/\/likemetkovic.hr\/portal\/wp-content\/uploads\/2025\/05\/1000105109-1536x1024-1-630x420.jpg 630w, https:\/\/likemetkovic.hr\/portal\/wp-content\/uploads\/2025\/05\/1000105109-1536x1024-1-150x100.jpg 150w, https:\/\/likemetkovic.hr\/portal\/wp-content\/uploads\/2025\/05\/1000105109-1536x1024-1-300x200.jpg 300w, https:\/\/likemetkovic.hr\/portal\/wp-content\/uploads\/2025\/05\/1000105109-1536x1024-1-696x464.jpg 696w\" sizes=\"(max-width: 800px) 100vw, 800px\" \/><\/strong><\/p>\n<p><strong>Na Akademiji su dodijeljene i nagrade ovogodi\u0161njim laureatima.<\/strong><\/p>\n<p>Odlukom vije\u0107nika \u017dupanijske skup\u0161tine Nagrada za \u017eivotno djelo Dubrova\u010dko-neretvanske \u017eupanije dodijeljena je posmrtno akademiku Luku Paljetku, Nagrada za iznimna postignu\u0107a u proteklom jednogodi\u0161njem razdoblju Dubrova\u010dkom simfonijskom orkestru, Folklornom ansamblu Lin\u0111o te trgova\u010dkom dru\u0161tvu RADE\u017d d.d. dok je Nagrada za doprinos ugledu i promociji Dubrova\u010dko-neretvanske \u017eupanije u zemlji i svijetu u proteklom jednogodi\u0161njem razdoblju dodijeljena Javnoj ustanovi Nacionalni park Mljet kao i\u00a0<strong>Metkovskom amaterskom kazali\u0161tu.\u00a0<\/strong><\/p>\n<p><strong><em>Metkovsko amatersko kazali\u0161te<\/em><\/strong><\/p>\n<p><em>Kultura grada Metkovi\u0107a ove je godine oboga\u0107ena jednom velikom obljetnicom. U velja\u010di je obilje\u017eeno 150 godina kazali\u0161nog \u017eivota Metkovi\u0107a. Danas je kazali\u0161ni amaterizam u na\u0161em gradu i dalje uspje\u0161an zahvaljuju\u0107i Metkovskom amaterskom kazali\u0161tu (MAK-u). Davne 1875. godine osnovana je kazali\u0161na sekcija \u010dijim osnivanjem zapo\u010dinje djelovanje kazali\u0161nih amatera u na\u0161em gradu. I tako se od 1875. i osnutka kazali\u0161ne sekcije koja je djelovala tijekom povijesti unutar Hrvatskog kulturnog dru\u0161tva Napredak, Narodnog kazali\u0161ta Biokovsko-neretvanskog, Kulturno-umjetni\u010dkog dru\u0161tva koje je osnovano 1977. godine i imalo je kazali\u0161nu, glazbenu, pjeva\u010dku i folklornu sekciju te fotosekciju, djelovanje kazali\u0161taraca nastavilo djelovanjem Metkovskog amaterskog kazali\u0161ta (MAK-a) i Metkovske teatarske scene. Sve do danas, 2025. godine, djeluje MAK koji nastavlja tradiciju amaterizma s odraslim glumcima i s djecom u Malom MAK-u. Metkovsko amatersko kazali\u0161te i danas nastoji u\u010dinkovito pridonijeti kulturi svoga grada predstavama koje izvodi samostalno i u suradnji s kolegama glumcima, a ujedno i \u010dlanovima MAK-a, iz doline Neretve. MAK se prvi put promovirao predstavom Kratki kurs dugog propadanja 1992. i otada su izvodili klasi\u010dne i suvremene komade: od Arabala preko Bre\u0161ana, Budaka, Cankara, Dr\u017ei\u0107a, Gogolja do Supeka, Vojnovi\u0107a te sura\u0111ivali s renomiranim redateljima Dra\u017eenom Feren\u010dinom, Radovanom Mar\u010di\u0107em, Jolandom Tudor, Tonijem Peharom, Matkom Brljevi\u0107em, Vasjom Kova\u010di\u0107, Borisom Mati\u0107em i ostalim redateljima amaterima. Metkovski kazali\u0161ni amaterizam razvija se svakim danom, svakom novom predstavom u koju glumci amateri ula\u017eu velik dio sebe i svoga \u017eivota da bi metkovsko kazali\u0161te opstalo.<\/em>\u00a0<em>Metkovsko amatersko kazali\u0161te svojim u\u010dinkovitim radom i dobrom voljom koju imaju glumci amateri daje \u010dvrste temelje nastavku kazali\u0161nog \u017eivota u Metkovi\u0107u koje ima bogatu tradiciju i vrijednost ve\u0107 150 godina. Metkovci su ponosni na svoj kazali\u0161ni \u017eivot, na svoje glumce, starije i mla\u0111e, koji nas uvode u svijet kazali\u0161ne umjetnosti, od glumaca amatera do profesionalnih glumaca koji su svoje prve gluma\u010dke sposobnosti pokazali na metkovskim daskama. Svi ti glumci amateri, danas \u010dlanovi MAK-a, zaslu\u017euju priznanje i nagradu za o\u010duvanje kazali\u0161nog \u017eivota u Metkovi\u0107u.<\/em><\/p>\n<p>Foto i tekst: <strong><a href=\"https:\/\/www.dnz.hr\/svecana-akademija-povodom-dana-zupanije-dobroslavic-ovaj-dan-docekujemo-u-ozracju-sigurnosti-stabilnosti-i-realiziranih-projekata\/\" target=\"_blank\" rel=\"noopener\">DN\u017d<\/a><\/strong><\/p>\n","protected":false},"excerpt":{"rendered":"<p>U ponedjeljak je odr\u017eana Sve\u010dana akademija povodom blagdana sv. Leopolda Bogdana Mandi\u0107a i Dana Dubrova\u010dko-neretvanske \u017eupanije, a ovom prilikom dodijeljena su priznanja ovogodi\u0161njim laureatima izabranim na posljednjoj redovnoj sjednici \u017dupanijske skup\u0161tine u ovom mandatu. Sjednici su nazo\u010dili predsjednik Vlade RH Andrej Plenkovi\u0107, izaslanik Hrvatskog sabora i gradona\u010delnik Dubrovnika Mato Frankovi\u0107, potpredsjednik Vlade i ministar prostornog [&hellip;]<\/p>\n","protected":false},"author":7,"featured_media":165683,"comment_status":"open","ping_status":"open","sticky":false,"template":"","format":"standard","meta":{"footnotes":""},"categories":[296,300],"tags":[5153,2211],"class_list":{"0":"post-165682","1":"post","2":"type-post","3":"status-publish","4":"format-standard","5":"has-post-thumbnail","7":"category-ab","8":"category-zupanija","9":"tag-dan-zupanije","10":"tag-metkovsko-amatersko-kazaliste"},"yoast_head":"<!-- This site is optimized with the Yoast SEO plugin v25.2 - https:\/\/yoast.com\/wordpress\/plugins\/seo\/ -->\n<title>DAN \u017dUPANIJE | Metkovskom amaterskom kazali\u0161tu dodjeljena godi\u0161nja nagrada DN\u017d-a - likemetkovic.hr<\/title>\n<meta name=\"robots\" content=\"index, follow, max-snippet:-1, max-image-preview:large, max-video-preview:-1\" \/>\n<link rel=\"canonical\" href=\"https:\/\/likemetkovic.hr\/portal\/dan-zupanije-metkovskom-amaterskom-kazalistu-dodjeljena-godisnja-nagrada-dnz-a\/\" \/>\n<meta property=\"og:locale\" content=\"hr_HR\" \/>\n<meta property=\"og:type\" content=\"article\" \/>\n<meta property=\"og:title\" content=\"DAN \u017dUPANIJE | Metkovskom amaterskom kazali\u0161tu dodjeljena godi\u0161nja nagrada DN\u017d-a - likemetkovic.hr\" \/>\n<meta property=\"og:description\" content=\"U ponedjeljak je odr\u017eana Sve\u010dana akademija povodom blagdana sv. Leopolda Bogdana Mandi\u0107a i Dana Dubrova\u010dko-neretvanske \u017eupanije, a ovom prilikom dodijeljena su priznanja ovogodi\u0161njim laureatima izabranim na posljednjoj redovnoj sjednici \u017dupanijske skup\u0161tine u ovom mandatu. Sjednici su nazo\u010dili predsjednik Vlade RH Andrej Plenkovi\u0107, izaslanik Hrvatskog sabora i gradona\u010delnik Dubrovnika Mato Frankovi\u0107, potpredsjednik Vlade i ministar prostornog [&hellip;]\" \/>\n<meta property=\"og:url\" content=\"https:\/\/likemetkovic.hr\/portal\/dan-zupanije-metkovskom-amaterskom-kazalistu-dodjeljena-godisnja-nagrada-dnz-a\/\" \/>\n<meta property=\"og:site_name\" content=\"likemetkovic.hr\" \/>\n<meta property=\"article:publisher\" content=\"https:\/\/www.facebook.com\/likemetkovic.hr\/\" \/>\n<meta property=\"article:published_time\" content=\"2025-05-13T08:29:57+00:00\" \/>\n<meta property=\"og:image\" content=\"https:\/\/likemetkovic.hr\/portal\/wp-content\/uploads\/2025\/05\/1000105109-1536x1024-1.jpg\" \/>\n\t<meta property=\"og:image:width\" content=\"800\" \/>\n\t<meta property=\"og:image:height\" content=\"533\" \/>\n\t<meta property=\"og:image:type\" content=\"image\/jpeg\" \/>\n<meta name=\"author\" content=\"LIKEmetkovic.hr\" \/>\n<meta name=\"twitter:card\" content=\"summary_large_image\" \/>\n<meta name=\"twitter:label1\" content=\"Napisao\/la\" \/>\n\t<meta name=\"twitter:data1\" content=\"LIKEmetkovic.hr\" \/>\n\t<meta name=\"twitter:label2\" content=\"Procijenjeno vrijeme \u010ditanja\" \/>\n\t<meta name=\"twitter:data2\" content=\"4 minute\" \/>\n<script type=\"application\/ld+json\" class=\"yoast-schema-graph\">{\"@context\":\"https:\/\/schema.org\",\"@graph\":[{\"@type\":\"WebPage\",\"@id\":\"https:\/\/likemetkovic.hr\/portal\/dan-zupanije-metkovskom-amaterskom-kazalistu-dodjeljena-godisnja-nagrada-dnz-a\/\",\"url\":\"https:\/\/likemetkovic.hr\/portal\/dan-zupanije-metkovskom-amaterskom-kazalistu-dodjeljena-godisnja-nagrada-dnz-a\/\",\"name\":\"DAN \u017dUPANIJE | Metkovskom amaterskom kazali\u0161tu dodjeljena godi\u0161nja nagrada DN\u017d-a - likemetkovic.hr\",\"isPartOf\":{\"@id\":\"https:\/\/likemetkovic.hr\/#website\"},\"primaryImageOfPage\":{\"@id\":\"https:\/\/likemetkovic.hr\/portal\/dan-zupanije-metkovskom-amaterskom-kazalistu-dodjeljena-godisnja-nagrada-dnz-a\/#primaryimage\"},\"image\":{\"@id\":\"https:\/\/likemetkovic.hr\/portal\/dan-zupanije-metkovskom-amaterskom-kazalistu-dodjeljena-godisnja-nagrada-dnz-a\/#primaryimage\"},\"thumbnailUrl\":\"https:\/\/likemetkovic.hr\/portal\/wp-content\/uploads\/2025\/05\/1000105109-1536x1024-1.jpg\",\"datePublished\":\"2025-05-13T08:29:57+00:00\",\"author\":{\"@id\":\"https:\/\/likemetkovic.hr\/#\/schema\/person\/a42711f3385a0e2be6f7e0443bfb28f0\"},\"breadcrumb\":{\"@id\":\"https:\/\/likemetkovic.hr\/portal\/dan-zupanije-metkovskom-amaterskom-kazalistu-dodjeljena-godisnja-nagrada-dnz-a\/#breadcrumb\"},\"inLanguage\":\"hr\",\"potentialAction\":[{\"@type\":\"ReadAction\",\"target\":[\"https:\/\/likemetkovic.hr\/portal\/dan-zupanije-metkovskom-amaterskom-kazalistu-dodjeljena-godisnja-nagrada-dnz-a\/\"]}]},{\"@type\":\"ImageObject\",\"inLanguage\":\"hr\",\"@id\":\"https:\/\/likemetkovic.hr\/portal\/dan-zupanije-metkovskom-amaterskom-kazalistu-dodjeljena-godisnja-nagrada-dnz-a\/#primaryimage\",\"url\":\"https:\/\/likemetkovic.hr\/portal\/wp-content\/uploads\/2025\/05\/1000105109-1536x1024-1.jpg\",\"contentUrl\":\"https:\/\/likemetkovic.hr\/portal\/wp-content\/uploads\/2025\/05\/1000105109-1536x1024-1.jpg\",\"width\":800,\"height\":533},{\"@type\":\"BreadcrumbList\",\"@id\":\"https:\/\/likemetkovic.hr\/portal\/dan-zupanije-metkovskom-amaterskom-kazalistu-dodjeljena-godisnja-nagrada-dnz-a\/#breadcrumb\",\"itemListElement\":[{\"@type\":\"ListItem\",\"position\":1,\"name\":\"Po\u010detna stranica\",\"item\":\"https:\/\/likemetkovic.hr\/portal\/\"},{\"@type\":\"ListItem\",\"position\":2,\"name\":\"DAN \u017dUPANIJE | Metkovskom amaterskom kazali\u0161tu dodjeljena godi\u0161nja nagrada DN\u017d-a\"}]},{\"@type\":\"WebSite\",\"@id\":\"https:\/\/likemetkovic.hr\/#website\",\"url\":\"https:\/\/likemetkovic.hr\/\",\"name\":\"likemetkovic.hr\",\"description\":\"Misli pozitivno... \u010ditaj LIKE\",\"potentialAction\":[{\"@type\":\"SearchAction\",\"target\":{\"@type\":\"EntryPoint\",\"urlTemplate\":\"https:\/\/likemetkovic.hr\/?s={search_term_string}\"},\"query-input\":{\"@type\":\"PropertyValueSpecification\",\"valueRequired\":true,\"valueName\":\"search_term_string\"}}],\"inLanguage\":\"hr\"},{\"@type\":\"Person\",\"@id\":\"https:\/\/likemetkovic.hr\/#\/schema\/person\/a42711f3385a0e2be6f7e0443bfb28f0\",\"name\":\"LIKEmetkovic.hr\",\"sameAs\":[\"http:\/\/likemetkovic.hr\"],\"url\":\"https:\/\/likemetkovic.hr\/portal\/author\/likemetkovic-hr\/\"}]}<\/script>\n<!-- \/ Yoast SEO plugin. -->","yoast_head_json":{"title":"DAN \u017dUPANIJE | Metkovskom amaterskom kazali\u0161tu dodjeljena godi\u0161nja nagrada DN\u017d-a - likemetkovic.hr","robots":{"index":"index","follow":"follow","max-snippet":"max-snippet:-1","max-image-preview":"max-image-preview:large","max-video-preview":"max-video-preview:-1"},"canonical":"https:\/\/likemetkovic.hr\/portal\/dan-zupanije-metkovskom-amaterskom-kazalistu-dodjeljena-godisnja-nagrada-dnz-a\/","og_locale":"hr_HR","og_type":"article","og_title":"DAN \u017dUPANIJE | Metkovskom amaterskom kazali\u0161tu dodjeljena godi\u0161nja nagrada DN\u017d-a - likemetkovic.hr","og_description":"U ponedjeljak je odr\u017eana Sve\u010dana akademija povodom blagdana sv. Leopolda Bogdana Mandi\u0107a i Dana Dubrova\u010dko-neretvanske \u017eupanije, a ovom prilikom dodijeljena su priznanja ovogodi\u0161njim laureatima izabranim na posljednjoj redovnoj sjednici \u017dupanijske skup\u0161tine u ovom mandatu. Sjednici su nazo\u010dili predsjednik Vlade RH Andrej Plenkovi\u0107, izaslanik Hrvatskog sabora i gradona\u010delnik Dubrovnika Mato Frankovi\u0107, potpredsjednik Vlade i ministar prostornog [&hellip;]","og_url":"https:\/\/likemetkovic.hr\/portal\/dan-zupanije-metkovskom-amaterskom-kazalistu-dodjeljena-godisnja-nagrada-dnz-a\/","og_site_name":"likemetkovic.hr","article_publisher":"https:\/\/www.facebook.com\/likemetkovic.hr\/","article_published_time":"2025-05-13T08:29:57+00:00","og_image":[{"width":800,"height":533,"url":"https:\/\/likemetkovic.hr\/portal\/wp-content\/uploads\/2025\/05\/1000105109-1536x1024-1.jpg","type":"image\/jpeg"}],"author":"LIKEmetkovic.hr","twitter_card":"summary_large_image","twitter_misc":{"Napisao\/la":"LIKEmetkovic.hr","Procijenjeno vrijeme \u010ditanja":"4 minute"},"schema":{"@context":"https:\/\/schema.org","@graph":[{"@type":"WebPage","@id":"https:\/\/likemetkovic.hr\/portal\/dan-zupanije-metkovskom-amaterskom-kazalistu-dodjeljena-godisnja-nagrada-dnz-a\/","url":"https:\/\/likemetkovic.hr\/portal\/dan-zupanije-metkovskom-amaterskom-kazalistu-dodjeljena-godisnja-nagrada-dnz-a\/","name":"DAN \u017dUPANIJE | Metkovskom amaterskom kazali\u0161tu dodjeljena godi\u0161nja nagrada DN\u017d-a - likemetkovic.hr","isPartOf":{"@id":"https:\/\/likemetkovic.hr\/#website"},"primaryImageOfPage":{"@id":"https:\/\/likemetkovic.hr\/portal\/dan-zupanije-metkovskom-amaterskom-kazalistu-dodjeljena-godisnja-nagrada-dnz-a\/#primaryimage"},"image":{"@id":"https:\/\/likemetkovic.hr\/portal\/dan-zupanije-metkovskom-amaterskom-kazalistu-dodjeljena-godisnja-nagrada-dnz-a\/#primaryimage"},"thumbnailUrl":"https:\/\/likemetkovic.hr\/portal\/wp-content\/uploads\/2025\/05\/1000105109-1536x1024-1.jpg","datePublished":"2025-05-13T08:29:57+00:00","author":{"@id":"https:\/\/likemetkovic.hr\/#\/schema\/person\/a42711f3385a0e2be6f7e0443bfb28f0"},"breadcrumb":{"@id":"https:\/\/likemetkovic.hr\/portal\/dan-zupanije-metkovskom-amaterskom-kazalistu-dodjeljena-godisnja-nagrada-dnz-a\/#breadcrumb"},"inLanguage":"hr","potentialAction":[{"@type":"ReadAction","target":["https:\/\/likemetkovic.hr\/portal\/dan-zupanije-metkovskom-amaterskom-kazalistu-dodjeljena-godisnja-nagrada-dnz-a\/"]}]},{"@type":"ImageObject","inLanguage":"hr","@id":"https:\/\/likemetkovic.hr\/portal\/dan-zupanije-metkovskom-amaterskom-kazalistu-dodjeljena-godisnja-nagrada-dnz-a\/#primaryimage","url":"https:\/\/likemetkovic.hr\/portal\/wp-content\/uploads\/2025\/05\/1000105109-1536x1024-1.jpg","contentUrl":"https:\/\/likemetkovic.hr\/portal\/wp-content\/uploads\/2025\/05\/1000105109-1536x1024-1.jpg","width":800,"height":533},{"@type":"BreadcrumbList","@id":"https:\/\/likemetkovic.hr\/portal\/dan-zupanije-metkovskom-amaterskom-kazalistu-dodjeljena-godisnja-nagrada-dnz-a\/#breadcrumb","itemListElement":[{"@type":"ListItem","position":1,"name":"Po\u010detna stranica","item":"https:\/\/likemetkovic.hr\/portal\/"},{"@type":"ListItem","position":2,"name":"DAN \u017dUPANIJE | Metkovskom amaterskom kazali\u0161tu dodjeljena godi\u0161nja nagrada DN\u017d-a"}]},{"@type":"WebSite","@id":"https:\/\/likemetkovic.hr\/#website","url":"https:\/\/likemetkovic.hr\/","name":"likemetkovic.hr","description":"Misli pozitivno... \u010ditaj LIKE","potentialAction":[{"@type":"SearchAction","target":{"@type":"EntryPoint","urlTemplate":"https:\/\/likemetkovic.hr\/?s={search_term_string}"},"query-input":{"@type":"PropertyValueSpecification","valueRequired":true,"valueName":"search_term_string"}}],"inLanguage":"hr"},{"@type":"Person","@id":"https:\/\/likemetkovic.hr\/#\/schema\/person\/a42711f3385a0e2be6f7e0443bfb28f0","name":"LIKEmetkovic.hr","sameAs":["http:\/\/likemetkovic.hr"],"url":"https:\/\/likemetkovic.hr\/portal\/author\/likemetkovic-hr\/"}]}},"_links":{"self":[{"href":"https:\/\/likemetkovic.hr\/portal\/wp-json\/wp\/v2\/posts\/165682","targetHints":{"allow":["GET"]}}],"collection":[{"href":"https:\/\/likemetkovic.hr\/portal\/wp-json\/wp\/v2\/posts"}],"about":[{"href":"https:\/\/likemetkovic.hr\/portal\/wp-json\/wp\/v2\/types\/post"}],"author":[{"embeddable":true,"href":"https:\/\/likemetkovic.hr\/portal\/wp-json\/wp\/v2\/users\/7"}],"replies":[{"embeddable":true,"href":"https:\/\/likemetkovic.hr\/portal\/wp-json\/wp\/v2\/comments?post=165682"}],"version-history":[{"count":1,"href":"https:\/\/likemetkovic.hr\/portal\/wp-json\/wp\/v2\/posts\/165682\/revisions"}],"predecessor-version":[{"id":165684,"href":"https:\/\/likemetkovic.hr\/portal\/wp-json\/wp\/v2\/posts\/165682\/revisions\/165684"}],"wp:featuredmedia":[{"embeddable":true,"href":"https:\/\/likemetkovic.hr\/portal\/wp-json\/wp\/v2\/media\/165683"}],"wp:attachment":[{"href":"https:\/\/likemetkovic.hr\/portal\/wp-json\/wp\/v2\/media?parent=165682"}],"wp:term":[{"taxonomy":"category","embeddable":true,"href":"https:\/\/likemetkovic.hr\/portal\/wp-json\/wp\/v2\/categories?post=165682"},{"taxonomy":"post_tag","embeddable":true,"href":"https:\/\/likemetkovic.hr\/portal\/wp-json\/wp\/v2\/tags?post=165682"}],"curies":[{"name":"wp","href":"https:\/\/api.w.org\/{rel}","templated":true}]}}